	{"id":15556,"date":"2020-03-16T15:10:00","date_gmt":"2020-03-16T15:10:00","guid":{"rendered":"https:\/\/lavostrallar.hilldevelop.com\/?p=15556"},"modified":"2022-02-11T15:30:17","modified_gmt":"2022-02-11T15:30:17","slug":"families-us-volem-donar-les-gracies-2","status":"publish","type":"post","link":"https:\/\/lavostrallar.com\/noticias\/ca\/families-us-volem-donar-les-gracies-2\/","title":{"rendered":"Fam\u00edlies, us volem donar les gr\u00e0cies"},"content":{"rendered":"<p>Benvolguts\/Benvolgudes:<\/p>\n\n\n\n<p>Des de la Direcci\u00f3 de La Vostra Llar, <strong>us volem donar les gr\u00e0cies<\/strong> per la serenitat i confian\u00e7a demostrada envers les mesures de prevenci\u00f3 que ens hem vist obligats a posar en marxa per a la protecci\u00f3 dels nostres residents, i que us hem vingut comunicant des del passat dilluns dia 9.<\/p>\n\n\n\n<p>Per respondre a la evoluci\u00f3 de la situaci\u00f3, comptem amb la elevada professionalitat i estat d\u2019alerta de tots els treballadors i treballadores de La Vostra Llar i les instruccions que rebem peri\u00f2dicament del Departament de Salut i de la Associaci\u00f3 de Centres d\u2019Asistencia a la Gent Gran de Catalunya, que ens va guiant respecte dels passos a seguir en cada moment.<\/p>\n\n\n\n<p>Tot l\u2019equip de La Vostra Llar estem permanentment en alerta per tal de poder fer front immediatament a qualsevol necessitat de protecci\u00f3 dels nostres residents.<\/p>\n\n\n\n<p>Teniu el nostre comprom\u00eds de mantenir-vos informats sobre qualsevol canvi que \u00e9s produeixi en la situaci\u00f3, no obstant davant qualsevol dubte, us recordem que podeu posar-vos en contacte amb la Direcci\u00f3 del centre a trav\u00e9s dels canals habituals.<\/p>\n\n\n\n<p>Us agra\u00efm poder continuar comptant amb la vostra compressi\u00f3 i suport.<\/p>\n\n\n\n<p>Cordialment,<\/p>\n\n\n\n<p>La Direcci\u00f3 de La Vostra Llar<\/p>","protected":false},"excerpt":{"rendered":"<p>Benvolguts\/Benvolgudes: Des de la Direcci\u00f3 de La Vostra Llar, us volem donar les gr\u00e0cies per la serenitat i confian\u00e7a demostrada envers les mesures de prevenci\u00f3 que ens hem vist obligats a posar en marxa per a la protecci\u00f3 dels nostres residents, i que us hem vingut comunicant des del passat dilluns dia 9. Per respondre [&hellip;]<\/p>","protected":false},"author":1,"featured_media":0,"comment_status":"closed","ping_status":"closed","sticky":false,"template":"","format":"standard","meta":{"content-type":"","footnotes":""},"categories":[16],"tags":[33],"class_list":["post-15556","post","type-post","status-publish","format-standard","hentry","category-noticias-reig","tag-catalan"],"yoast_head":"<!-- This site is optimized with the Yoast SEO plugin v26.0 - https:\/\/yoast.com\/wordpress\/plugins\/seo\/ -->\n<title>Fam\u00edlies, us volem donar les gr\u00e0cies - Noticias La Vostra Llar<\/title>\n<meta name=\"robots\" content=\"index, follow, max-snippet:-1, max-image-preview:large, max-video-preview:-1\" \/>\n<link rel=\"canonical\" href=\"https:\/\/lavostrallar.com\/noticias\/ca\/families-us-volem-donar-les-gracies-2\/\" \/>\n<meta property=\"og:locale\" content=\"ca_ES\" \/>\n<meta property=\"og:type\" content=\"article\" \/>\n<meta property=\"og:title\" content=\"Fam\u00edlies, us volem donar les gr\u00e0cies - Noticias La Vostra Llar\" \/>\n<meta property=\"og:description\" content=\"Benvolguts\/Benvolgudes: Des de la Direcci\u00f3 de La Vostra Llar, us volem donar les gr\u00e0cies per la serenitat i confian\u00e7a demostrada envers les mesures de prevenci\u00f3 que ens hem vist obligats a posar en marxa per a la protecci\u00f3 dels nostres residents, i que us hem vingut comunicant des del passat dilluns dia 9. Per respondre [&hellip;]\" \/>\n<meta property=\"og:url\" content=\"https:\/\/lavostrallar.com\/noticias\/ca\/families-us-volem-donar-les-gracies-2\/\" \/>\n<meta property=\"og:site_name\" content=\"Noticias La Vostra Llar\" \/>\n<meta property=\"article:publisher\" content=\"https:\/\/www.facebook.com\/lavostra.llar\" \/>\n<meta property=\"article:published_time\" content=\"2020-03-16T15:10:00+00:00\" \/>\n<meta property=\"article:modified_time\" content=\"2022-02-11T15:30:17+00:00\" \/>\n<meta name=\"author\" content=\"admin\" \/>\n<meta name=\"twitter:card\" content=\"summary_large_image\" \/>\n<meta name=\"twitter:creator\" content=\"@lavostrallar\" \/>\n<meta name=\"twitter:site\" content=\"@lavostrallar\" \/>\n<meta name=\"twitter:label1\" content=\"Escrit per\" \/>\n\t<meta name=\"twitter:data1\" content=\"admin\" \/>\n\t<meta name=\"twitter:label2\" content=\"Temps estimat de lectura\" \/>\n\t<meta name=\"twitter:data2\" content=\"1 minut\" \/>\n<script type=\"application\/ld+json\" class=\"yoast-schema-graph\">{\"@context\":\"https:\/\/schema.org\",\"@graph\":[{\"@type\":\"Article\",\"@id\":\"https:\/\/lavostrallar.com\/noticias\/ca\/families-us-volem-donar-les-gracies-2\/#article\",\"isPartOf\":{\"@id\":\"https:\/\/lavostrallar.com\/noticias\/ca\/families-us-volem-donar-les-gracies-2\/\"},\"author\":{\"name\":\"admin\",\"@id\":\"https:\/\/lavostrallar.com\/noticias\/#\/schema\/person\/39e704b801e0c519c963d9a376e561e5\"},\"headline\":\"Fam\u00edlies, us volem donar les gr\u00e0cies\",\"datePublished\":\"2020-03-16T15:10:00+00:00\",\"dateModified\":\"2022-02-11T15:30:17+00:00\",\"mainEntityOfPage\":{\"@id\":\"https:\/\/lavostrallar.com\/noticias\/ca\/families-us-volem-donar-les-gracies-2\/\"},\"wordCount\":212,\"publisher\":{\"@id\":\"https:\/\/lavostrallar.com\/noticias\/#organization\"},\"keywords\":[\"Catal\u00e1n\"],\"articleSection\":[\"Noticias Reig\"],\"inLanguage\":\"ca\"},{\"@type\":\"WebPage\",\"@id\":\"https:\/\/lavostrallar.com\/noticias\/ca\/families-us-volem-donar-les-gracies-2\/\",\"url\":\"https:\/\/lavostrallar.com\/noticias\/ca\/families-us-volem-donar-les-gracies-2\/\",\"name\":\"Fam\u00edlies, us volem donar les gr\u00e0cies - Noticias La Vostra Llar\",\"isPartOf\":{\"@id\":\"https:\/\/lavostrallar.com\/noticias\/#website\"},\"datePublished\":\"2020-03-16T15:10:00+00:00\",\"dateModified\":\"2022-02-11T15:30:17+00:00\",\"breadcrumb\":{\"@id\":\"https:\/\/lavostrallar.com\/noticias\/ca\/families-us-volem-donar-les-gracies-2\/#breadcrumb\"},\"inLanguage\":\"ca\",\"potentialAction\":[{\"@type\":\"ReadAction\",\"target\":[\"https:\/\/lavostrallar.com\/noticias\/ca\/families-us-volem-donar-les-gracies-2\/\"]}]},{\"@type\":\"BreadcrumbList\",\"@id\":\"https:\/\/lavostrallar.com\/noticias\/ca\/families-us-volem-donar-les-gracies-2\/#breadcrumb\",\"itemListElement\":[{\"@type\":\"ListItem\",\"position\":1,\"name\":\"Portada\",\"item\":\"https:\/\/lavostrallar.com\/noticias\/\"},{\"@type\":\"ListItem\",\"position\":2,\"name\":\"Fam\u00edlies, us volem donar les gr\u00e0cies\"}]},{\"@type\":\"WebSite\",\"@id\":\"https:\/\/lavostrallar.com\/noticias\/#website\",\"url\":\"https:\/\/lavostrallar.com\/noticias\/\",\"name\":\"La Vostra Llar\",\"description\":\"La Vostra Llar gestiona resid\u00e8ncies geri\u00e0triques des de 1987 amb la missi\u00f3 d\u2019oferir assist\u00e8ncia personalitzada per estimular, acollir i atendre les persones grans amb qualsevol grau de depend\u00e8ncia.\",\"publisher\":{\"@id\":\"https:\/\/lavostrallar.com\/noticias\/#organization\"},\"potentialAction\":[{\"@type\":\"SearchAction\",\"target\":{\"@type\":\"EntryPoint\",\"urlTemplate\":\"https:\/\/lavostrallar.com\/noticias\/?s={search_term_string}\"},\"query-input\":{\"@type\":\"PropertyValueSpecification\",\"valueRequired\":true,\"valueName\":\"search_term_string\"}}],\"inLanguage\":\"ca\"},{\"@type\":\"Organization\",\"@id\":\"https:\/\/lavostrallar.com\/noticias\/#organization\",\"name\":\"La Vostra Llar\",\"url\":\"https:\/\/lavostrallar.com\/noticias\/\",\"logo\":{\"@type\":\"ImageObject\",\"inLanguage\":\"ca\",\"@id\":\"https:\/\/lavostrallar.com\/noticias\/#\/schema\/logo\/image\/\",\"url\":\"https:\/\/lavostrallar.com\/noticias\/wp-content\/uploads\/2021\/12\/logo_lavostrallar.png\",\"contentUrl\":\"https:\/\/lavostrallar.com\/noticias\/wp-content\/uploads\/2021\/12\/logo_lavostrallar.png\",\"width\":217,\"height\":109,\"caption\":\"La Vostra Llar\"},\"image\":{\"@id\":\"https:\/\/lavostrallar.com\/noticias\/#\/schema\/logo\/image\/\"},\"sameAs\":[\"https:\/\/www.facebook.com\/lavostra.llar\",\"https:\/\/x.com\/lavostrallar\",\"https:\/\/www.instagram.com\/lavostrallar\/\"]},{\"@type\":\"Person\",\"@id\":\"https:\/\/lavostrallar.com\/noticias\/#\/schema\/person\/39e704b801e0c519c963d9a376e561e5\",\"name\":\"admin\",\"image\":{\"@type\":\"ImageObject\",\"inLanguage\":\"ca\",\"@id\":\"https:\/\/lavostrallar.com\/noticias\/#\/schema\/person\/image\/\",\"url\":\"https:\/\/secure.gravatar.com\/avatar\/9d4580a48cd1910cc51e0dfd3fd063c0caadea953e64fb47c872043d240ffeab?s=96&d=mm&r=g\",\"contentUrl\":\"https:\/\/secure.gravatar.com\/avatar\/9d4580a48cd1910cc51e0dfd3fd063c0caadea953e64fb47c872043d240ffeab?s=96&d=mm&r=g\",\"caption\":\"admin\"},\"sameAs\":[\"https:\/\/lavostrallar.com\"],\"url\":\"https:\/\/lavostrallar.com\/noticias\/ca\/author\/lavostrallar\/\"}]}<\/script>\n<!-- \/ Yoast SEO plugin. -->","yoast_head_json":{"title":"Fam\u00edlies, us volem donar les gr\u00e0cies - Noticias La Vostra Llar","robots":{"index":"index","follow":"follow","max-snippet":"max-snippet:-1","max-image-preview":"max-image-preview:large","max-video-preview":"max-video-preview:-1"},"canonical":"https:\/\/lavostrallar.com\/noticias\/ca\/families-us-volem-donar-les-gracies-2\/","og_locale":"ca_ES","og_type":"article","og_title":"Fam\u00edlies, us volem donar les gr\u00e0cies - Noticias La Vostra Llar","og_description":"Benvolguts\/Benvolgudes: Des de la Direcci\u00f3 de La Vostra Llar, us volem donar les gr\u00e0cies per la serenitat i confian\u00e7a demostrada envers les mesures de prevenci\u00f3 que ens hem vist obligats a posar en marxa per a la protecci\u00f3 dels nostres residents, i que us hem vingut comunicant des del passat dilluns dia 9. Per respondre [&hellip;]","og_url":"https:\/\/lavostrallar.com\/noticias\/ca\/families-us-volem-donar-les-gracies-2\/","og_site_name":"Noticias La Vostra Llar","article_publisher":"https:\/\/www.facebook.com\/lavostra.llar","article_published_time":"2020-03-16T15:10:00+00:00","article_modified_time":"2022-02-11T15:30:17+00:00","author":"admin","twitter_card":"summary_large_image","twitter_creator":"@lavostrallar","twitter_site":"@lavostrallar","twitter_misc":{"Escrit per":"admin","Temps estimat de lectura":"1 minut"},"schema":{"@context":"https:\/\/schema.org","@graph":[{"@type":"Article","@id":"https:\/\/lavostrallar.com\/noticias\/ca\/families-us-volem-donar-les-gracies-2\/#article","isPartOf":{"@id":"https:\/\/lavostrallar.com\/noticias\/ca\/families-us-volem-donar-les-gracies-2\/"},"author":{"name":"admin","@id":"https:\/\/lavostrallar.com\/noticias\/#\/schema\/person\/39e704b801e0c519c963d9a376e561e5"},"headline":"Fam\u00edlies, us volem donar les gr\u00e0cies","datePublished":"2020-03-16T15:10:00+00:00","dateModified":"2022-02-11T15:30:17+00:00","mainEntityOfPage":{"@id":"https:\/\/lavostrallar.com\/noticias\/ca\/families-us-volem-donar-les-gracies-2\/"},"wordCount":212,"publisher":{"@id":"https:\/\/lavostrallar.com\/noticias\/#organization"},"keywords":["Catal\u00e1n"],"articleSection":["Noticias Reig"],"inLanguage":"ca"},{"@type":"WebPage","@id":"https:\/\/lavostrallar.com\/noticias\/ca\/families-us-volem-donar-les-gracies-2\/","url":"https:\/\/lavostrallar.com\/noticias\/ca\/families-us-volem-donar-les-gracies-2\/","name":"Fam\u00edlies, us volem donar les gr\u00e0cies - Noticias La Vostra Llar","isPartOf":{"@id":"https:\/\/lavostrallar.com\/noticias\/#website"},"datePublished":"2020-03-16T15:10:00+00:00","dateModified":"2022-02-11T15:30:17+00:00","breadcrumb":{"@id":"https:\/\/lavostrallar.com\/noticias\/ca\/families-us-volem-donar-les-gracies-2\/#breadcrumb"},"inLanguage":"ca","potentialAction":[{"@type":"ReadAction","target":["https:\/\/lavostrallar.com\/noticias\/ca\/families-us-volem-donar-les-gracies-2\/"]}]},{"@type":"BreadcrumbList","@id":"https:\/\/lavostrallar.com\/noticias\/ca\/families-us-volem-donar-les-gracies-2\/#breadcrumb","itemListElement":[{"@type":"ListItem","position":1,"name":"Portada","item":"https:\/\/lavostrallar.com\/noticias\/"},{"@type":"ListItem","position":2,"name":"Fam\u00edlies, us volem donar les gr\u00e0cies"}]},{"@type":"WebSite","@id":"https:\/\/lavostrallar.com\/noticias\/#website","url":"https:\/\/lavostrallar.com\/noticias\/","name":"La Vostra Llar","description":"La Vostra Llar gestiona resid\u00e8ncies geri\u00e0triques des de 1987 amb la missi\u00f3 d\u2019oferir assist\u00e8ncia personalitzada per estimular, acollir i atendre les persones grans amb qualsevol grau de depend\u00e8ncia.","publisher":{"@id":"https:\/\/lavostrallar.com\/noticias\/#organization"},"potentialAction":[{"@type":"SearchAction","target":{"@type":"EntryPoint","urlTemplate":"https:\/\/lavostrallar.com\/noticias\/?s={search_term_string}"},"query-input":{"@type":"PropertyValueSpecification","valueRequired":true,"valueName":"search_term_string"}}],"inLanguage":"ca"},{"@type":"Organization","@id":"https:\/\/lavostrallar.com\/noticias\/#organization","name":"La Vostra Llar","url":"https:\/\/lavostrallar.com\/noticias\/","logo":{"@type":"ImageObject","inLanguage":"ca","@id":"https:\/\/lavostrallar.com\/noticias\/#\/schema\/logo\/image\/","url":"https:\/\/lavostrallar.com\/noticias\/wp-content\/uploads\/2021\/12\/logo_lavostrallar.png","contentUrl":"https:\/\/lavostrallar.com\/noticias\/wp-content\/uploads\/2021\/12\/logo_lavostrallar.png","width":217,"height":109,"caption":"La Vostra Llar"},"image":{"@id":"https:\/\/lavostrallar.com\/noticias\/#\/schema\/logo\/image\/"},"sameAs":["https:\/\/www.facebook.com\/lavostra.llar","https:\/\/x.com\/lavostrallar","https:\/\/www.instagram.com\/lavostrallar\/"]},{"@type":"Person","@id":"https:\/\/lavostrallar.com\/noticias\/#\/schema\/person\/39e704b801e0c519c963d9a376e561e5","name":"admin","image":{"@type":"ImageObject","inLanguage":"ca","@id":"https:\/\/lavostrallar.com\/noticias\/#\/schema\/person\/image\/","url":"https:\/\/secure.gravatar.com\/avatar\/9d4580a48cd1910cc51e0dfd3fd063c0caadea953e64fb47c872043d240ffeab?s=96&d=mm&r=g","contentUrl":"https:\/\/secure.gravatar.com\/avatar\/9d4580a48cd1910cc51e0dfd3fd063c0caadea953e64fb47c872043d240ffeab?s=96&d=mm&r=g","caption":"admin"},"sameAs":["https:\/\/lavostrallar.com"],"url":"https:\/\/lavostrallar.com\/noticias\/ca\/author\/lavostrallar\/"}]}},"_links":{"self":[{"href":"https:\/\/lavostrallar.com\/noticias\/ca\/wp-json\/wp\/v2\/posts\/15556","targetHints":{"allow":["GET"]}}],"collection":[{"href":"https:\/\/lavostrallar.com\/noticias\/ca\/wp-json\/wp\/v2\/posts"}],"about":[{"href":"https:\/\/lavostrallar.com\/noticias\/ca\/wp-json\/wp\/v2\/types\/post"}],"author":[{"embeddable":true,"href":"https:\/\/lavostrallar.com\/noticias\/ca\/wp-json\/wp\/v2\/users\/1"}],"replies":[{"embeddable":true,"href":"https:\/\/lavostrallar.com\/noticias\/ca\/wp-json\/wp\/v2\/comments?post=15556"}],"version-history":[{"count":1,"href":"https:\/\/lavostrallar.com\/noticias\/ca\/wp-json\/wp\/v2\/posts\/15556\/revisions"}],"predecessor-version":[{"id":15557,"href":"https:\/\/lavostrallar.com\/noticias\/ca\/wp-json\/wp\/v2\/posts\/15556\/revisions\/15557"}],"wp:attachment":[{"href":"https:\/\/lavostrallar.com\/noticias\/ca\/wp-json\/wp\/v2\/media?parent=15556"}],"wp:term":[{"taxonomy":"category","embeddable":true,"href":"https:\/\/lavostrallar.com\/noticias\/ca\/wp-json\/wp\/v2\/categories?post=15556"},{"taxonomy":"post_tag","embeddable":true,"href":"https:\/\/lavostrallar.com\/noticias\/ca\/wp-json\/wp\/v2\/tags?post=15556"}],"curies":[{"name":"wp","href":"https:\/\/api.w.org\/{rel}","templated":true}]}}