	{"id":15558,"date":"2020-04-29T15:11:00","date_gmt":"2020-04-29T15:11:00","guid":{"rendered":"https:\/\/lavostrallar.hilldevelop.com\/?p=15558"},"modified":"2022-02-08T14:54:14","modified_gmt":"2022-02-08T14:54:14","slug":"videotrucades-dels-familiars-inyeccio-denergia","status":"publish","type":"post","link":"https:\/\/lavostrallar.com\/noticias\/ca\/videotrucades-dels-familiars-inyeccio-denergia\/","title":{"rendered":"Videotrucades dels familiars, inyecci\u00f3 d&#8217;energia"},"content":{"rendered":"<div class=\"wp-block-image\"><figure class=\"alignright size-large is-resized\"><img fetchpriority=\"high\" decoding=\"async\" src=\"https:\/\/lavostrallar.com\/wp-content\/uploads\/2022\/01\/73364266_2782695915179889_1144977060649762816_o-768x1024.jpg\" alt=\"\" class=\"wp-image-15559\" width=\"228\" height=\"305\" srcset=\"https:\/\/lavostrallar.com\/noticias\/wp-content\/uploads\/2022\/01\/73364266_2782695915179889_1144977060649762816_o-768x1024.jpg 768w, https:\/\/lavostrallar.com\/noticias\/wp-content\/uploads\/2022\/01\/73364266_2782695915179889_1144977060649762816_o-225x300.jpg 225w, https:\/\/lavostrallar.com\/noticias\/wp-content\/uploads\/2022\/01\/73364266_2782695915179889_1144977060649762816_o-1152x1536.jpg 1152w, https:\/\/lavostrallar.com\/noticias\/wp-content\/uploads\/2022\/01\/73364266_2782695915179889_1144977060649762816_o.jpg 1536w\" sizes=\"(max-width: 228px) 100vw, 228px\" \/><\/figure><\/div>\n\n\n\n<p>Gr\u00e0cies a la tecnologia en els centres La Vostra Llar <strong>podem estar en contacte amb els familiars<\/strong>. Una injecci\u00f3 d&#8217;energia pels nostres residents que \u00e9s posen molt contents al veure als seus essers estimats.&nbsp;Moltes gr\u00e0cies fam\u00edlies per fer que la nostra tasca sigui m\u00e9s f\u00e0cil.<\/p>\n\n\n\n<p>Tamb\u00e9, durant el confinament al centre geri\u00e0tric La Vostra Llar Reig de La Garriga, continuem molt actius i aquestes s\u00f3n algunes de les activitats i tallers que estem realizant:<\/p>\n\n\n\n<p><strong>Activitats de psicomotricitat fina.<\/strong><\/p>\n\n\n\n<p><strong>Sessions amb la psic\u00f2loga i el fisioterapeuta<\/strong><\/p>\n\n\n\n<p><strong>Treballs amb&nbsp;trencaclosques.<\/strong><\/p>\n\n\n\n<p><strong>Taller de lectura i poesia.<\/strong><\/p>\n\n\n\n<p><strong>Taller de collarets i manipulaci\u00f3 de cabdells de llana.<\/strong><\/p>\n\n\n\n<div class=\"wp-block-image\"><figure class=\"alignright size-large is-resized\"><img decoding=\"async\" src=\"https:\/\/lavostrallar.com\/wp-content\/uploads\/2022\/01\/94206971_2830892227026924_5671099612484599808_o-768x1024.jpg\" alt=\"\" class=\"wp-image-15560\" width=\"306\" height=\"408\" srcset=\"https:\/\/lavostrallar.com\/noticias\/wp-content\/uploads\/2022\/01\/94206971_2830892227026924_5671099612484599808_o-768x1023.jpg 768w, https:\/\/lavostrallar.com\/noticias\/wp-content\/uploads\/2022\/01\/94206971_2830892227026924_5671099612484599808_o-225x300.jpg 225w, https:\/\/lavostrallar.com\/noticias\/wp-content\/uploads\/2022\/01\/94206971_2830892227026924_5671099612484599808_o-1153x1536.jpg 1153w, https:\/\/lavostrallar.com\/noticias\/wp-content\/uploads\/2022\/01\/94206971_2830892227026924_5671099612484599808_o.jpg 1200w\" sizes=\"(max-width: 306px) 100vw, 306px\" \/><\/figure><\/div>\n\n\n\n<p><strong>Manualitats.<\/strong><\/p>\n\n\n\n<p><strong>Sessi\u00f3 de bitlles.<\/strong><\/p>\n\n\n\n<figure class=\"wp-block-image size-full is-resized\"><img decoding=\"async\" src=\"https:\/\/lavostrallar.com\/wp-content\/uploads\/2022\/01\/93373254_2815052485277565_5736040742065799168_n.jpg\" alt=\"\" class=\"wp-image-15561\" width=\"423\" height=\"317\" srcset=\"https:\/\/lavostrallar.com\/noticias\/wp-content\/uploads\/2022\/01\/93373254_2815052485277565_5736040742065799168_n.jpg 960w, https:\/\/lavostrallar.com\/noticias\/wp-content\/uploads\/2022\/01\/93373254_2815052485277565_5736040742065799168_n-300x225.jpg 300w, https:\/\/lavostrallar.com\/noticias\/wp-content\/uploads\/2022\/01\/93373254_2815052485277565_5736040742065799168_n-768x576.jpg 768w\" sizes=\"(max-width: 423px) 100vw, 423px\" \/><\/figure>","protected":false},"excerpt":{"rendered":"<p>Gr\u00e0cies a la tecnologia en els centres La Vostra Llar podem estar en contacte amb els familiars. Una injecci\u00f3 d&#8217;energia pels nostres residents que \u00e9s posen molt contents al veure als seus essers estimats.&nbsp;Moltes gr\u00e0cies fam\u00edlies per fer que la nostra tasca sigui m\u00e9s f\u00e0cil. Tamb\u00e9, durant el confinament al centre geri\u00e0tric La Vostra Llar [&hellip;]<\/p>","protected":false},"author":1,"featured_media":0,"comment_status":"closed","ping_status":"closed","sticky":false,"template":"","format":"standard","meta":{"content-type":"","footnotes":""},"categories":[16],"tags":[33],"class_list":["post-15558","post","type-post","status-publish","format-standard","hentry","category-noticias-reig","tag-catalan"],"yoast_head":"<!-- This site is optimized with the Yoast SEO plugin v26.0 - https:\/\/yoast.com\/wordpress\/plugins\/seo\/ -->\n<title>Videotrucades dels familiars, inyecci\u00f3 d&#039;energia - Noticias La Vostra Llar<\/title>\n<meta name=\"robots\" content=\"index, follow, max-snippet:-1, max-image-preview:large, max-video-preview:-1\" \/>\n<link rel=\"canonical\" href=\"https:\/\/lavostrallar.com\/noticias\/ca\/videotrucades-dels-familiars-inyeccio-denergia\/\" \/>\n<meta property=\"og:locale\" content=\"ca_ES\" \/>\n<meta property=\"og:type\" content=\"article\" \/>\n<meta property=\"og:title\" content=\"Videotrucades dels familiars, inyecci\u00f3 d&#039;energia - Noticias La Vostra Llar\" \/>\n<meta property=\"og:description\" content=\"Gr\u00e0cies a la tecnologia en els centres La Vostra Llar podem estar en contacte amb els familiars. Una injecci\u00f3 d&#8217;energia pels nostres residents que \u00e9s posen molt contents al veure als seus essers estimats.&nbsp;Moltes gr\u00e0cies fam\u00edlies per fer que la nostra tasca sigui m\u00e9s f\u00e0cil. Tamb\u00e9, durant el confinament al centre geri\u00e0tric La Vostra Llar [&hellip;]\" \/>\n<meta property=\"og:url\" content=\"https:\/\/lavostrallar.com\/noticias\/ca\/videotrucades-dels-familiars-inyeccio-denergia\/\" \/>\n<meta property=\"og:site_name\" content=\"Noticias La Vostra Llar\" \/>\n<meta property=\"article:publisher\" content=\"https:\/\/www.facebook.com\/lavostra.llar\" \/>\n<meta property=\"article:published_time\" content=\"2020-04-29T15:11:00+00:00\" \/>\n<meta property=\"article:modified_time\" content=\"2022-02-08T14:54:14+00:00\" \/>\n<meta property=\"og:image\" content=\"https:\/\/lavostrallar.com\/wp-content\/uploads\/2022\/01\/73364266_2782695915179889_1144977060649762816_o-768x1024.jpg\" \/>\n<meta name=\"author\" content=\"admin\" \/>\n<meta name=\"twitter:card\" content=\"summary_large_image\" \/>\n<meta name=\"twitter:creator\" content=\"@lavostrallar\" \/>\n<meta name=\"twitter:site\" content=\"@lavostrallar\" \/>\n<meta name=\"twitter:label1\" content=\"Escrit per\" \/>\n\t<meta name=\"twitter:data1\" content=\"admin\" \/>\n\t<meta name=\"twitter:label2\" content=\"Temps estimat de lectura\" \/>\n\t<meta name=\"twitter:data2\" content=\"2 minuts\" \/>\n<script type=\"application\/ld+json\" class=\"yoast-schema-graph\">{\"@context\":\"https:\/\/schema.org\",\"@graph\":[{\"@type\":\"Article\",\"@id\":\"https:\/\/lavostrallar.com\/noticias\/videotrucades-dels-familiars-inyeccio-denergia\/#article\",\"isPartOf\":{\"@id\":\"https:\/\/lavostrallar.com\/noticias\/videotrucades-dels-familiars-inyeccio-denergia\/\"},\"author\":{\"name\":\"admin\",\"@id\":\"https:\/\/lavostrallar.com\/noticias\/#\/schema\/person\/39e704b801e0c519c963d9a376e561e5\"},\"headline\":\"Videotrucades dels familiars, inyecci\u00f3 d&#8217;energia\",\"datePublished\":\"2020-04-29T15:11:00+00:00\",\"dateModified\":\"2022-02-08T14:54:14+00:00\",\"mainEntityOfPage\":{\"@id\":\"https:\/\/lavostrallar.com\/noticias\/videotrucades-dels-familiars-inyeccio-denergia\/\"},\"wordCount\":124,\"publisher\":{\"@id\":\"https:\/\/lavostrallar.com\/noticias\/#organization\"},\"image\":{\"@id\":\"https:\/\/lavostrallar.com\/noticias\/videotrucades-dels-familiars-inyeccio-denergia\/#primaryimage\"},\"thumbnailUrl\":\"https:\/\/lavostrallar.com\/wp-content\/uploads\/2022\/01\/73364266_2782695915179889_1144977060649762816_o-768x1024.jpg\",\"keywords\":[\"Catal\u00e1n\"],\"articleSection\":[\"Noticias Reig\"],\"inLanguage\":\"ca\"},{\"@type\":\"WebPage\",\"@id\":\"https:\/\/lavostrallar.com\/noticias\/videotrucades-dels-familiars-inyeccio-denergia\/\",\"url\":\"https:\/\/lavostrallar.com\/noticias\/videotrucades-dels-familiars-inyeccio-denergia\/\",\"name\":\"Videotrucades dels familiars, inyecci\u00f3 d'energia - Noticias La Vostra Llar\",\"isPartOf\":{\"@id\":\"https:\/\/lavostrallar.com\/noticias\/#website\"},\"primaryImageOfPage\":{\"@id\":\"https:\/\/lavostrallar.com\/noticias\/videotrucades-dels-familiars-inyeccio-denergia\/#primaryimage\"},\"image\":{\"@id\":\"https:\/\/lavostrallar.com\/noticias\/videotrucades-dels-familiars-inyeccio-denergia\/#primaryimage\"},\"thumbnailUrl\":\"https:\/\/lavostrallar.com\/wp-content\/uploads\/2022\/01\/73364266_2782695915179889_1144977060649762816_o-768x1024.jpg\",\"datePublished\":\"2020-04-29T15:11:00+00:00\",\"dateModified\":\"2022-02-08T14:54:14+00:00\",\"breadcrumb\":{\"@id\":\"https:\/\/lavostrallar.com\/noticias\/videotrucades-dels-familiars-inyeccio-denergia\/#breadcrumb\"},\"inLanguage\":\"ca\",\"potentialAction\":[{\"@type\":\"ReadAction\",\"target\":[\"https:\/\/lavostrallar.com\/noticias\/videotrucades-dels-familiars-inyeccio-denergia\/\"]}]},{\"@type\":\"ImageObject\",\"inLanguage\":\"ca\",\"@id\":\"https:\/\/lavostrallar.com\/noticias\/videotrucades-dels-familiars-inyeccio-denergia\/#primaryimage\",\"url\":\"https:\/\/lavostrallar.com\/wp-content\/uploads\/2022\/01\/73364266_2782695915179889_1144977060649762816_o-768x1024.jpg\",\"contentUrl\":\"https:\/\/lavostrallar.com\/wp-content\/uploads\/2022\/01\/73364266_2782695915179889_1144977060649762816_o-768x1024.jpg\"},{\"@type\":\"BreadcrumbList\",\"@id\":\"https:\/\/lavostrallar.com\/noticias\/videotrucades-dels-familiars-inyeccio-denergia\/#breadcrumb\",\"itemListElement\":[{\"@type\":\"ListItem\",\"position\":1,\"name\":\"Portada\",\"item\":\"https:\/\/lavostrallar.com\/noticias\/\"},{\"@type\":\"ListItem\",\"position\":2,\"name\":\"Videotrucades dels familiars, inyecci\u00f3 d&#8217;energia\"}]},{\"@type\":\"WebSite\",\"@id\":\"https:\/\/lavostrallar.com\/noticias\/#website\",\"url\":\"https:\/\/lavostrallar.com\/noticias\/\",\"name\":\"La Vostra Llar\",\"description\":\"La Vostra Llar gestiona resid\u00e8ncies geri\u00e0triques des de 1987 amb la missi\u00f3 d\u2019oferir assist\u00e8ncia personalitzada per estimular, acollir i atendre les persones grans amb qualsevol grau de depend\u00e8ncia.\",\"publisher\":{\"@id\":\"https:\/\/lavostrallar.com\/noticias\/#organization\"},\"potentialAction\":[{\"@type\":\"SearchAction\",\"target\":{\"@type\":\"EntryPoint\",\"urlTemplate\":\"https:\/\/lavostrallar.com\/noticias\/?s={search_term_string}\"},\"query-input\":{\"@type\":\"PropertyValueSpecification\",\"valueRequired\":true,\"valueName\":\"search_term_string\"}}],\"inLanguage\":\"ca\"},{\"@type\":\"Organization\",\"@id\":\"https:\/\/lavostrallar.com\/noticias\/#organization\",\"name\":\"La Vostra Llar\",\"url\":\"https:\/\/lavostrallar.com\/noticias\/\",\"logo\":{\"@type\":\"ImageObject\",\"inLanguage\":\"ca\",\"@id\":\"https:\/\/lavostrallar.com\/noticias\/#\/schema\/logo\/image\/\",\"url\":\"https:\/\/lavostrallar.com\/noticias\/wp-content\/uploads\/2021\/12\/logo_lavostrallar.png\",\"contentUrl\":\"https:\/\/lavostrallar.com\/noticias\/wp-content\/uploads\/2021\/12\/logo_lavostrallar.png\",\"width\":217,\"height\":109,\"caption\":\"La Vostra Llar\"},\"image\":{\"@id\":\"https:\/\/lavostrallar.com\/noticias\/#\/schema\/logo\/image\/\"},\"sameAs\":[\"https:\/\/www.facebook.com\/lavostra.llar\",\"https:\/\/x.com\/lavostrallar\",\"https:\/\/www.instagram.com\/lavostrallar\/\"]},{\"@type\":\"Person\",\"@id\":\"https:\/\/lavostrallar.com\/noticias\/#\/schema\/person\/39e704b801e0c519c963d9a376e561e5\",\"name\":\"admin\",\"image\":{\"@type\":\"ImageObject\",\"inLanguage\":\"ca\",\"@id\":\"https:\/\/lavostrallar.com\/noticias\/#\/schema\/person\/image\/\",\"url\":\"https:\/\/secure.gravatar.com\/avatar\/9d4580a48cd1910cc51e0dfd3fd063c0caadea953e64fb47c872043d240ffeab?s=96&d=mm&r=g\",\"contentUrl\":\"https:\/\/secure.gravatar.com\/avatar\/9d4580a48cd1910cc51e0dfd3fd063c0caadea953e64fb47c872043d240ffeab?s=96&d=mm&r=g\",\"caption\":\"admin\"},\"sameAs\":[\"https:\/\/lavostrallar.com\"],\"url\":\"https:\/\/lavostrallar.com\/noticias\/ca\/author\/lavostrallar\/\"}]}<\/script>\n<!-- \/ Yoast SEO plugin. -->","yoast_head_json":{"title":"Videotrucades dels familiars, inyecci\u00f3 d'energia - Noticias La Vostra Llar","robots":{"index":"index","follow":"follow","max-snippet":"max-snippet:-1","max-image-preview":"max-image-preview:large","max-video-preview":"max-video-preview:-1"},"canonical":"https:\/\/lavostrallar.com\/noticias\/ca\/videotrucades-dels-familiars-inyeccio-denergia\/","og_locale":"ca_ES","og_type":"article","og_title":"Videotrucades dels familiars, inyecci\u00f3 d'energia - Noticias La Vostra Llar","og_description":"Gr\u00e0cies a la tecnologia en els centres La Vostra Llar podem estar en contacte amb els familiars. Una injecci\u00f3 d&#8217;energia pels nostres residents que \u00e9s posen molt contents al veure als seus essers estimats.&nbsp;Moltes gr\u00e0cies fam\u00edlies per fer que la nostra tasca sigui m\u00e9s f\u00e0cil. Tamb\u00e9, durant el confinament al centre geri\u00e0tric La Vostra Llar [&hellip;]","og_url":"https:\/\/lavostrallar.com\/noticias\/ca\/videotrucades-dels-familiars-inyeccio-denergia\/","og_site_name":"Noticias La Vostra Llar","article_publisher":"https:\/\/www.facebook.com\/lavostra.llar","article_published_time":"2020-04-29T15:11:00+00:00","article_modified_time":"2022-02-08T14:54:14+00:00","og_image":[{"url":"https:\/\/lavostrallar.com\/wp-content\/uploads\/2022\/01\/73364266_2782695915179889_1144977060649762816_o-768x1024.jpg","type":"","width":"","height":""}],"author":"admin","twitter_card":"summary_large_image","twitter_creator":"@lavostrallar","twitter_site":"@lavostrallar","twitter_misc":{"Escrit per":"admin","Temps estimat de lectura":"2 minuts"},"schema":{"@context":"https:\/\/schema.org","@graph":[{"@type":"Article","@id":"https:\/\/lavostrallar.com\/noticias\/videotrucades-dels-familiars-inyeccio-denergia\/#article","isPartOf":{"@id":"https:\/\/lavostrallar.com\/noticias\/videotrucades-dels-familiars-inyeccio-denergia\/"},"author":{"name":"admin","@id":"https:\/\/lavostrallar.com\/noticias\/#\/schema\/person\/39e704b801e0c519c963d9a376e561e5"},"headline":"Videotrucades dels familiars, inyecci\u00f3 d&#8217;energia","datePublished":"2020-04-29T15:11:00+00:00","dateModified":"2022-02-08T14:54:14+00:00","mainEntityOfPage":{"@id":"https:\/\/lavostrallar.com\/noticias\/videotrucades-dels-familiars-inyeccio-denergia\/"},"wordCount":124,"publisher":{"@id":"https:\/\/lavostrallar.com\/noticias\/#organization"},"image":{"@id":"https:\/\/lavostrallar.com\/noticias\/videotrucades-dels-familiars-inyeccio-denergia\/#primaryimage"},"thumbnailUrl":"https:\/\/lavostrallar.com\/wp-content\/uploads\/2022\/01\/73364266_2782695915179889_1144977060649762816_o-768x1024.jpg","keywords":["Catal\u00e1n"],"articleSection":["Noticias Reig"],"inLanguage":"ca"},{"@type":"WebPage","@id":"https:\/\/lavostrallar.com\/noticias\/videotrucades-dels-familiars-inyeccio-denergia\/","url":"https:\/\/lavostrallar.com\/noticias\/videotrucades-dels-familiars-inyeccio-denergia\/","name":"Videotrucades dels familiars, inyecci\u00f3 d'energia - Noticias La Vostra Llar","isPartOf":{"@id":"https:\/\/lavostrallar.com\/noticias\/#website"},"primaryImageOfPage":{"@id":"https:\/\/lavostrallar.com\/noticias\/videotrucades-dels-familiars-inyeccio-denergia\/#primaryimage"},"image":{"@id":"https:\/\/lavostrallar.com\/noticias\/videotrucades-dels-familiars-inyeccio-denergia\/#primaryimage"},"thumbnailUrl":"https:\/\/lavostrallar.com\/wp-content\/uploads\/2022\/01\/73364266_2782695915179889_1144977060649762816_o-768x1024.jpg","datePublished":"2020-04-29T15:11:00+00:00","dateModified":"2022-02-08T14:54:14+00:00","breadcrumb":{"@id":"https:\/\/lavostrallar.com\/noticias\/videotrucades-dels-familiars-inyeccio-denergia\/#breadcrumb"},"inLanguage":"ca","potentialAction":[{"@type":"ReadAction","target":["https:\/\/lavostrallar.com\/noticias\/videotrucades-dels-familiars-inyeccio-denergia\/"]}]},{"@type":"ImageObject","inLanguage":"ca","@id":"https:\/\/lavostrallar.com\/noticias\/videotrucades-dels-familiars-inyeccio-denergia\/#primaryimage","url":"https:\/\/lavostrallar.com\/wp-content\/uploads\/2022\/01\/73364266_2782695915179889_1144977060649762816_o-768x1024.jpg","contentUrl":"https:\/\/lavostrallar.com\/wp-content\/uploads\/2022\/01\/73364266_2782695915179889_1144977060649762816_o-768x1024.jpg"},{"@type":"BreadcrumbList","@id":"https:\/\/lavostrallar.com\/noticias\/videotrucades-dels-familiars-inyeccio-denergia\/#breadcrumb","itemListElement":[{"@type":"ListItem","position":1,"name":"Portada","item":"https:\/\/lavostrallar.com\/noticias\/"},{"@type":"ListItem","position":2,"name":"Videotrucades dels familiars, inyecci\u00f3 d&#8217;energia"}]},{"@type":"WebSite","@id":"https:\/\/lavostrallar.com\/noticias\/#website","url":"https:\/\/lavostrallar.com\/noticias\/","name":"La Vostra Llar","description":"La Vostra Llar gestiona resid\u00e8ncies geri\u00e0triques des de 1987 amb la missi\u00f3 d\u2019oferir assist\u00e8ncia personalitzada per estimular, acollir i atendre les persones grans amb qualsevol grau de depend\u00e8ncia.","publisher":{"@id":"https:\/\/lavostrallar.com\/noticias\/#organization"},"potentialAction":[{"@type":"SearchAction","target":{"@type":"EntryPoint","urlTemplate":"https:\/\/lavostrallar.com\/noticias\/?s={search_term_string}"},"query-input":{"@type":"PropertyValueSpecification","valueRequired":true,"valueName":"search_term_string"}}],"inLanguage":"ca"},{"@type":"Organization","@id":"https:\/\/lavostrallar.com\/noticias\/#organization","name":"La Vostra Llar","url":"https:\/\/lavostrallar.com\/noticias\/","logo":{"@type":"ImageObject","inLanguage":"ca","@id":"https:\/\/lavostrallar.com\/noticias\/#\/schema\/logo\/image\/","url":"https:\/\/lavostrallar.com\/noticias\/wp-content\/uploads\/2021\/12\/logo_lavostrallar.png","contentUrl":"https:\/\/lavostrallar.com\/noticias\/wp-content\/uploads\/2021\/12\/logo_lavostrallar.png","width":217,"height":109,"caption":"La Vostra Llar"},"image":{"@id":"https:\/\/lavostrallar.com\/noticias\/#\/schema\/logo\/image\/"},"sameAs":["https:\/\/www.facebook.com\/lavostra.llar","https:\/\/x.com\/lavostrallar","https:\/\/www.instagram.com\/lavostrallar\/"]},{"@type":"Person","@id":"https:\/\/lavostrallar.com\/noticias\/#\/schema\/person\/39e704b801e0c519c963d9a376e561e5","name":"admin","image":{"@type":"ImageObject","inLanguage":"ca","@id":"https:\/\/lavostrallar.com\/noticias\/#\/schema\/person\/image\/","url":"https:\/\/secure.gravatar.com\/avatar\/9d4580a48cd1910cc51e0dfd3fd063c0caadea953e64fb47c872043d240ffeab?s=96&d=mm&r=g","contentUrl":"https:\/\/secure.gravatar.com\/avatar\/9d4580a48cd1910cc51e0dfd3fd063c0caadea953e64fb47c872043d240ffeab?s=96&d=mm&r=g","caption":"admin"},"sameAs":["https:\/\/lavostrallar.com"],"url":"https:\/\/lavostrallar.com\/noticias\/ca\/author\/lavostrallar\/"}]}},"_links":{"self":[{"href":"https:\/\/lavostrallar.com\/noticias\/ca\/wp-json\/wp\/v2\/posts\/15558","targetHints":{"allow":["GET"]}}],"collection":[{"href":"https:\/\/lavostrallar.com\/noticias\/ca\/wp-json\/wp\/v2\/posts"}],"about":[{"href":"https:\/\/lavostrallar.com\/noticias\/ca\/wp-json\/wp\/v2\/types\/post"}],"author":[{"embeddable":true,"href":"https:\/\/lavostrallar.com\/noticias\/ca\/wp-json\/wp\/v2\/users\/1"}],"replies":[{"embeddable":true,"href":"https:\/\/lavostrallar.com\/noticias\/ca\/wp-json\/wp\/v2\/comments?post=15558"}],"version-history":[{"count":1,"href":"https:\/\/lavostrallar.com\/noticias\/ca\/wp-json\/wp\/v2\/posts\/15558\/revisions"}],"predecessor-version":[{"id":15562,"href":"https:\/\/lavostrallar.com\/noticias\/ca\/wp-json\/wp\/v2\/posts\/15558\/revisions\/15562"}],"wp:attachment":[{"href":"https:\/\/lavostrallar.com\/noticias\/ca\/wp-json\/wp\/v2\/media?parent=15558"}],"wp:term":[{"taxonomy":"category","embeddable":true,"href":"https:\/\/lavostrallar.com\/noticias\/ca\/wp-json\/wp\/v2\/categories?post=15558"},{"taxonomy":"post_tag","embeddable":true,"href":"https:\/\/lavostrallar.com\/noticias\/ca\/wp-json\/wp\/v2\/tags?post=15558"}],"curies":[{"name":"wp","href":"https:\/\/api.w.org\/{rel}","templated":true}]}}