	{"id":15569,"date":"2021-12-23T15:25:00","date_gmt":"2021-12-23T15:25:00","guid":{"rendered":"https:\/\/lavostrallar.hilldevelop.com\/?p=15569"},"modified":"2022-02-08T14:04:54","modified_gmt":"2022-02-08T14:04:54","slug":"atencio-personalitzada","status":"publish","type":"post","link":"https:\/\/lavostrallar.com\/noticias\/ca\/atencio-personalitzada\/","title":{"rendered":"Atenci\u00f3 personalitzada"},"content":{"rendered":"<p>A la resid\u00e8ncia i centre de dia&nbsp;<strong>La Vostra Llar Les D\u00e0lies de la ciutat de Barcelona<\/strong>&nbsp;trobar\u00e0s un personal capacitat i disposat a atorgar als residents una&nbsp;<strong>atenci\u00f3 integral<\/strong>&nbsp;en tots els aspectes.<\/p>\n\n\n\n<p>Els nostres treballadors saben la import\u00e0ncia d\u2019una&nbsp;<strong>atenci\u00f3 cont\u00ednua i directa<\/strong>, personalitzada, pensada per garantir la felicitat dels<br>avis i \u00e0vies. L\u2019atenci\u00f3 individual i humana garanteix el&nbsp;<strong>benestar&nbsp;<\/strong>i la&nbsp;<strong>satisfacci\u00f3<\/strong>&nbsp;dels residents, amb els quals realitzem nombroses activitats adaptades a les seves necessitats i interessos.<\/p>\n\n\n\n<p>El&nbsp;<strong>di\u00e0leg<\/strong>&nbsp;\u00e9s un pilar fonamental ja que no nom\u00e9s es tracta d\u2019establir un pla per detectar les necessitats de cures i establir mesures per pal\u00b7liar-les, sin\u00f3 que es tracta de con\u00e8ixer el resident en tots els aspectes:&nbsp;<strong>potencialitats, desitjos i prefer\u00e8ncies<\/strong>, per aix\u00ed poder assolir la m\u00e0xima autonomia possible.<\/p>","protected":false},"excerpt":{"rendered":"<p>A la resid\u00e8ncia i centre de dia&nbsp;La Vostra Llar Les D\u00e0lies de la ciutat de Barcelona&nbsp;trobar\u00e0s un personal capacitat i disposat a atorgar als residents una&nbsp;atenci\u00f3 integral&nbsp;en tots els aspectes. Els nostres treballadors saben la import\u00e0ncia d\u2019una&nbsp;atenci\u00f3 cont\u00ednua i directa, personalitzada, pensada per garantir la felicitat delsavis i \u00e0vies. L\u2019atenci\u00f3 individual i humana garanteix el&nbsp;benestar&nbsp;i [&hellip;]<\/p>","protected":false},"author":1,"featured_media":15570,"comment_status":"closed","ping_status":"closed","sticky":false,"template":"","format":"standard","meta":{"content-type":"","footnotes":""},"categories":[13],"tags":[33],"class_list":["post-15569","post","type-post","status-publish","format-standard","has-post-thumbnail","hentry","category-noticias-les-dalies","tag-catalan"],"yoast_head":"<!-- This site is optimized with the Yoast SEO plugin v26.0 - https:\/\/yoast.com\/wordpress\/plugins\/seo\/ -->\n<title>Atenci\u00f3 personalitzada - Noticias La Vostra Llar<\/title>\n<meta name=\"robots\" content=\"index, follow, max-snippet:-1, max-image-preview:large, max-video-preview:-1\" \/>\n<link rel=\"canonical\" href=\"https:\/\/lavostrallar.com\/noticias\/ca\/atencio-personalitzada\/\" \/>\n<meta property=\"og:locale\" content=\"ca_ES\" \/>\n<meta property=\"og:type\" content=\"article\" \/>\n<meta property=\"og:title\" content=\"Atenci\u00f3 personalitzada - Noticias La Vostra Llar\" \/>\n<meta property=\"og:description\" content=\"A la resid\u00e8ncia i centre de dia&nbsp;La Vostra Llar Les D\u00e0lies de la ciutat de Barcelona&nbsp;trobar\u00e0s un personal capacitat i disposat a atorgar als residents una&nbsp;atenci\u00f3 integral&nbsp;en tots els aspectes. Els nostres treballadors saben la import\u00e0ncia d\u2019una&nbsp;atenci\u00f3 cont\u00ednua i directa, personalitzada, pensada per garantir la felicitat delsavis i \u00e0vies. L\u2019atenci\u00f3 individual i humana garanteix el&nbsp;benestar&nbsp;i [&hellip;]\" \/>\n<meta property=\"og:url\" content=\"https:\/\/lavostrallar.com\/noticias\/ca\/atencio-personalitzada\/\" \/>\n<meta property=\"og:site_name\" content=\"Noticias La Vostra Llar\" \/>\n<meta property=\"article:publisher\" content=\"https:\/\/www.facebook.com\/lavostra.llar\" \/>\n<meta property=\"article:published_time\" content=\"2021-12-23T15:25:00+00:00\" \/>\n<meta property=\"article:modified_time\" content=\"2022-02-08T14:04:54+00:00\" \/>\n<meta property=\"og:image\" content=\"https:\/\/lavostrallar.com\/noticias\/wp-content\/uploads\/2022\/01\/266350134_4344356402341116_6797225599534146893_n-768x577-1.jpg\" \/>\n\t<meta property=\"og:image:width\" content=\"768\" \/>\n\t<meta property=\"og:image:height\" content=\"577\" \/>\n\t<meta property=\"og:image:type\" content=\"image\/jpeg\" \/>\n<meta name=\"author\" content=\"admin\" \/>\n<meta name=\"twitter:card\" content=\"summary_large_image\" \/>\n<meta name=\"twitter:creator\" content=\"@lavostrallar\" \/>\n<meta name=\"twitter:site\" content=\"@lavostrallar\" \/>\n<meta name=\"twitter:label1\" content=\"Escrit per\" \/>\n\t<meta name=\"twitter:data1\" content=\"admin\" \/>\n\t<meta name=\"twitter:label2\" content=\"Temps estimat de lectura\" \/>\n\t<meta name=\"twitter:data2\" content=\"1 minut\" \/>\n<script type=\"application\/ld+json\" class=\"yoast-schema-graph\">{\"@context\":\"https:\/\/schema.org\",\"@graph\":[{\"@type\":\"Article\",\"@id\":\"https:\/\/lavostrallar.com\/noticias\/ca\/atencio-personalitzada\/#article\",\"isPartOf\":{\"@id\":\"https:\/\/lavostrallar.com\/noticias\/ca\/atencio-personalitzada\/\"},\"author\":{\"name\":\"admin\",\"@id\":\"https:\/\/lavostrallar.com\/noticias\/#\/schema\/person\/39e704b801e0c519c963d9a376e561e5\"},\"headline\":\"Atenci\u00f3 personalitzada\",\"datePublished\":\"2021-12-23T15:25:00+00:00\",\"dateModified\":\"2022-02-08T14:04:54+00:00\",\"mainEntityOfPage\":{\"@id\":\"https:\/\/lavostrallar.com\/noticias\/ca\/atencio-personalitzada\/\"},\"wordCount\":157,\"publisher\":{\"@id\":\"https:\/\/lavostrallar.com\/noticias\/#organization\"},\"image\":{\"@id\":\"https:\/\/lavostrallar.com\/noticias\/ca\/atencio-personalitzada\/#primaryimage\"},\"thumbnailUrl\":\"https:\/\/lavostrallar.com\/noticias\/wp-content\/uploads\/2022\/01\/266350134_4344356402341116_6797225599534146893_n-768x577-1.jpg\",\"keywords\":[\"Catal\u00e1n\"],\"articleSection\":[\"Noticias Les D\u00e0lies\"],\"inLanguage\":\"ca\"},{\"@type\":\"WebPage\",\"@id\":\"https:\/\/lavostrallar.com\/noticias\/ca\/atencio-personalitzada\/\",\"url\":\"https:\/\/lavostrallar.com\/noticias\/ca\/atencio-personalitzada\/\",\"name\":\"Atenci\u00f3 personalitzada - Noticias La Vostra Llar\",\"isPartOf\":{\"@id\":\"https:\/\/lavostrallar.com\/noticias\/#website\"},\"primaryImageOfPage\":{\"@id\":\"https:\/\/lavostrallar.com\/noticias\/ca\/atencio-personalitzada\/#primaryimage\"},\"image\":{\"@id\":\"https:\/\/lavostrallar.com\/noticias\/ca\/atencio-personalitzada\/#primaryimage\"},\"thumbnailUrl\":\"https:\/\/lavostrallar.com\/noticias\/wp-content\/uploads\/2022\/01\/266350134_4344356402341116_6797225599534146893_n-768x577-1.jpg\",\"datePublished\":\"2021-12-23T15:25:00+00:00\",\"dateModified\":\"2022-02-08T14:04:54+00:00\",\"breadcrumb\":{\"@id\":\"https:\/\/lavostrallar.com\/noticias\/ca\/atencio-personalitzada\/#breadcrumb\"},\"inLanguage\":\"ca\",\"potentialAction\":[{\"@type\":\"ReadAction\",\"target\":[\"https:\/\/lavostrallar.com\/noticias\/ca\/atencio-personalitzada\/\"]}]},{\"@type\":\"ImageObject\",\"inLanguage\":\"ca\",\"@id\":\"https:\/\/lavostrallar.com\/noticias\/ca\/atencio-personalitzada\/#primaryimage\",\"url\":\"https:\/\/lavostrallar.com\/noticias\/wp-content\/uploads\/2022\/01\/266350134_4344356402341116_6797225599534146893_n-768x577-1.jpg\",\"contentUrl\":\"https:\/\/lavostrallar.com\/noticias\/wp-content\/uploads\/2022\/01\/266350134_4344356402341116_6797225599534146893_n-768x577-1.jpg\",\"width\":768,\"height\":577},{\"@type\":\"BreadcrumbList\",\"@id\":\"https:\/\/lavostrallar.com\/noticias\/ca\/atencio-personalitzada\/#breadcrumb\",\"itemListElement\":[{\"@type\":\"ListItem\",\"position\":1,\"name\":\"Portada\",\"item\":\"https:\/\/lavostrallar.com\/noticias\/\"},{\"@type\":\"ListItem\",\"position\":2,\"name\":\"Atenci\u00f3 personalitzada\"}]},{\"@type\":\"WebSite\",\"@id\":\"https:\/\/lavostrallar.com\/noticias\/#website\",\"url\":\"https:\/\/lavostrallar.com\/noticias\/\",\"name\":\"La Vostra Llar\",\"description\":\"La Vostra Llar gestiona resid\u00e8ncies geri\u00e0triques des de 1987 amb la missi\u00f3 d\u2019oferir assist\u00e8ncia personalitzada per estimular, acollir i atendre les persones grans amb qualsevol grau de depend\u00e8ncia.\",\"publisher\":{\"@id\":\"https:\/\/lavostrallar.com\/noticias\/#organization\"},\"potentialAction\":[{\"@type\":\"SearchAction\",\"target\":{\"@type\":\"EntryPoint\",\"urlTemplate\":\"https:\/\/lavostrallar.com\/noticias\/?s={search_term_string}\"},\"query-input\":{\"@type\":\"PropertyValueSpecification\",\"valueRequired\":true,\"valueName\":\"search_term_string\"}}],\"inLanguage\":\"ca\"},{\"@type\":\"Organization\",\"@id\":\"https:\/\/lavostrallar.com\/noticias\/#organization\",\"name\":\"La Vostra Llar\",\"url\":\"https:\/\/lavostrallar.com\/noticias\/\",\"logo\":{\"@type\":\"ImageObject\",\"inLanguage\":\"ca\",\"@id\":\"https:\/\/lavostrallar.com\/noticias\/#\/schema\/logo\/image\/\",\"url\":\"https:\/\/lavostrallar.com\/noticias\/wp-content\/uploads\/2021\/12\/logo_lavostrallar.png\",\"contentUrl\":\"https:\/\/lavostrallar.com\/noticias\/wp-content\/uploads\/2021\/12\/logo_lavostrallar.png\",\"width\":217,\"height\":109,\"caption\":\"La Vostra Llar\"},\"image\":{\"@id\":\"https:\/\/lavostrallar.com\/noticias\/#\/schema\/logo\/image\/\"},\"sameAs\":[\"https:\/\/www.facebook.com\/lavostra.llar\",\"https:\/\/x.com\/lavostrallar\",\"https:\/\/www.instagram.com\/lavostrallar\/\"]},{\"@type\":\"Person\",\"@id\":\"https:\/\/lavostrallar.com\/noticias\/#\/schema\/person\/39e704b801e0c519c963d9a376e561e5\",\"name\":\"admin\",\"image\":{\"@type\":\"ImageObject\",\"inLanguage\":\"ca\",\"@id\":\"https:\/\/lavostrallar.com\/noticias\/#\/schema\/person\/image\/\",\"url\":\"https:\/\/secure.gravatar.com\/avatar\/9d4580a48cd1910cc51e0dfd3fd063c0caadea953e64fb47c872043d240ffeab?s=96&d=mm&r=g\",\"contentUrl\":\"https:\/\/secure.gravatar.com\/avatar\/9d4580a48cd1910cc51e0dfd3fd063c0caadea953e64fb47c872043d240ffeab?s=96&d=mm&r=g\",\"caption\":\"admin\"},\"sameAs\":[\"https:\/\/lavostrallar.com\"],\"url\":\"https:\/\/lavostrallar.com\/noticias\/ca\/author\/lavostrallar\/\"}]}<\/script>\n<!-- \/ Yoast SEO plugin. -->","yoast_head_json":{"title":"Atenci\u00f3 personalitzada - Noticias La Vostra Llar","robots":{"index":"index","follow":"follow","max-snippet":"max-snippet:-1","max-image-preview":"max-image-preview:large","max-video-preview":"max-video-preview:-1"},"canonical":"https:\/\/lavostrallar.com\/noticias\/ca\/atencio-personalitzada\/","og_locale":"ca_ES","og_type":"article","og_title":"Atenci\u00f3 personalitzada - Noticias La Vostra Llar","og_description":"A la resid\u00e8ncia i centre de dia&nbsp;La Vostra Llar Les D\u00e0lies de la ciutat de Barcelona&nbsp;trobar\u00e0s un personal capacitat i disposat a atorgar als residents una&nbsp;atenci\u00f3 integral&nbsp;en tots els aspectes. Els nostres treballadors saben la import\u00e0ncia d\u2019una&nbsp;atenci\u00f3 cont\u00ednua i directa, personalitzada, pensada per garantir la felicitat delsavis i \u00e0vies. L\u2019atenci\u00f3 individual i humana garanteix el&nbsp;benestar&nbsp;i [&hellip;]","og_url":"https:\/\/lavostrallar.com\/noticias\/ca\/atencio-personalitzada\/","og_site_name":"Noticias La Vostra Llar","article_publisher":"https:\/\/www.facebook.com\/lavostra.llar","article_published_time":"2021-12-23T15:25:00+00:00","article_modified_time":"2022-02-08T14:04:54+00:00","og_image":[{"width":768,"height":577,"url":"https:\/\/lavostrallar.com\/noticias\/wp-content\/uploads\/2022\/01\/266350134_4344356402341116_6797225599534146893_n-768x577-1.jpg","type":"image\/jpeg"}],"author":"admin","twitter_card":"summary_large_image","twitter_creator":"@lavostrallar","twitter_site":"@lavostrallar","twitter_misc":{"Escrit per":"admin","Temps estimat de lectura":"1 minut"},"schema":{"@context":"https:\/\/schema.org","@graph":[{"@type":"Article","@id":"https:\/\/lavostrallar.com\/noticias\/ca\/atencio-personalitzada\/#article","isPartOf":{"@id":"https:\/\/lavostrallar.com\/noticias\/ca\/atencio-personalitzada\/"},"author":{"name":"admin","@id":"https:\/\/lavostrallar.com\/noticias\/#\/schema\/person\/39e704b801e0c519c963d9a376e561e5"},"headline":"Atenci\u00f3 personalitzada","datePublished":"2021-12-23T15:25:00+00:00","dateModified":"2022-02-08T14:04:54+00:00","mainEntityOfPage":{"@id":"https:\/\/lavostrallar.com\/noticias\/ca\/atencio-personalitzada\/"},"wordCount":157,"publisher":{"@id":"https:\/\/lavostrallar.com\/noticias\/#organization"},"image":{"@id":"https:\/\/lavostrallar.com\/noticias\/ca\/atencio-personalitzada\/#primaryimage"},"thumbnailUrl":"https:\/\/lavostrallar.com\/noticias\/wp-content\/uploads\/2022\/01\/266350134_4344356402341116_6797225599534146893_n-768x577-1.jpg","keywords":["Catal\u00e1n"],"articleSection":["Noticias Les D\u00e0lies"],"inLanguage":"ca"},{"@type":"WebPage","@id":"https:\/\/lavostrallar.com\/noticias\/ca\/atencio-personalitzada\/","url":"https:\/\/lavostrallar.com\/noticias\/ca\/atencio-personalitzada\/","name":"Atenci\u00f3 personalitzada - Noticias La Vostra Llar","isPartOf":{"@id":"https:\/\/lavostrallar.com\/noticias\/#website"},"primaryImageOfPage":{"@id":"https:\/\/lavostrallar.com\/noticias\/ca\/atencio-personalitzada\/#primaryimage"},"image":{"@id":"https:\/\/lavostrallar.com\/noticias\/ca\/atencio-personalitzada\/#primaryimage"},"thumbnailUrl":"https:\/\/lavostrallar.com\/noticias\/wp-content\/uploads\/2022\/01\/266350134_4344356402341116_6797225599534146893_n-768x577-1.jpg","datePublished":"2021-12-23T15:25:00+00:00","dateModified":"2022-02-08T14:04:54+00:00","breadcrumb":{"@id":"https:\/\/lavostrallar.com\/noticias\/ca\/atencio-personalitzada\/#breadcrumb"},"inLanguage":"ca","potentialAction":[{"@type":"ReadAction","target":["https:\/\/lavostrallar.com\/noticias\/ca\/atencio-personalitzada\/"]}]},{"@type":"ImageObject","inLanguage":"ca","@id":"https:\/\/lavostrallar.com\/noticias\/ca\/atencio-personalitzada\/#primaryimage","url":"https:\/\/lavostrallar.com\/noticias\/wp-content\/uploads\/2022\/01\/266350134_4344356402341116_6797225599534146893_n-768x577-1.jpg","contentUrl":"https:\/\/lavostrallar.com\/noticias\/wp-content\/uploads\/2022\/01\/266350134_4344356402341116_6797225599534146893_n-768x577-1.jpg","width":768,"height":577},{"@type":"BreadcrumbList","@id":"https:\/\/lavostrallar.com\/noticias\/ca\/atencio-personalitzada\/#breadcrumb","itemListElement":[{"@type":"ListItem","position":1,"name":"Portada","item":"https:\/\/lavostrallar.com\/noticias\/"},{"@type":"ListItem","position":2,"name":"Atenci\u00f3 personalitzada"}]},{"@type":"WebSite","@id":"https:\/\/lavostrallar.com\/noticias\/#website","url":"https:\/\/lavostrallar.com\/noticias\/","name":"La Vostra Llar","description":"La Vostra Llar gestiona resid\u00e8ncies geri\u00e0triques des de 1987 amb la missi\u00f3 d\u2019oferir assist\u00e8ncia personalitzada per estimular, acollir i atendre les persones grans amb qualsevol grau de depend\u00e8ncia.","publisher":{"@id":"https:\/\/lavostrallar.com\/noticias\/#organization"},"potentialAction":[{"@type":"SearchAction","target":{"@type":"EntryPoint","urlTemplate":"https:\/\/lavostrallar.com\/noticias\/?s={search_term_string}"},"query-input":{"@type":"PropertyValueSpecification","valueRequired":true,"valueName":"search_term_string"}}],"inLanguage":"ca"},{"@type":"Organization","@id":"https:\/\/lavostrallar.com\/noticias\/#organization","name":"La Vostra Llar","url":"https:\/\/lavostrallar.com\/noticias\/","logo":{"@type":"ImageObject","inLanguage":"ca","@id":"https:\/\/lavostrallar.com\/noticias\/#\/schema\/logo\/image\/","url":"https:\/\/lavostrallar.com\/noticias\/wp-content\/uploads\/2021\/12\/logo_lavostrallar.png","contentUrl":"https:\/\/lavostrallar.com\/noticias\/wp-content\/uploads\/2021\/12\/logo_lavostrallar.png","width":217,"height":109,"caption":"La Vostra Llar"},"image":{"@id":"https:\/\/lavostrallar.com\/noticias\/#\/schema\/logo\/image\/"},"sameAs":["https:\/\/www.facebook.com\/lavostra.llar","https:\/\/x.com\/lavostrallar","https:\/\/www.instagram.com\/lavostrallar\/"]},{"@type":"Person","@id":"https:\/\/lavostrallar.com\/noticias\/#\/schema\/person\/39e704b801e0c519c963d9a376e561e5","name":"admin","image":{"@type":"ImageObject","inLanguage":"ca","@id":"https:\/\/lavostrallar.com\/noticias\/#\/schema\/person\/image\/","url":"https:\/\/secure.gravatar.com\/avatar\/9d4580a48cd1910cc51e0dfd3fd063c0caadea953e64fb47c872043d240ffeab?s=96&d=mm&r=g","contentUrl":"https:\/\/secure.gravatar.com\/avatar\/9d4580a48cd1910cc51e0dfd3fd063c0caadea953e64fb47c872043d240ffeab?s=96&d=mm&r=g","caption":"admin"},"sameAs":["https:\/\/lavostrallar.com"],"url":"https:\/\/lavostrallar.com\/noticias\/ca\/author\/lavostrallar\/"}]}},"_links":{"self":[{"href":"https:\/\/lavostrallar.com\/noticias\/ca\/wp-json\/wp\/v2\/posts\/15569","targetHints":{"allow":["GET"]}}],"collection":[{"href":"https:\/\/lavostrallar.com\/noticias\/ca\/wp-json\/wp\/v2\/posts"}],"about":[{"href":"https:\/\/lavostrallar.com\/noticias\/ca\/wp-json\/wp\/v2\/types\/post"}],"author":[{"embeddable":true,"href":"https:\/\/lavostrallar.com\/noticias\/ca\/wp-json\/wp\/v2\/users\/1"}],"replies":[{"embeddable":true,"href":"https:\/\/lavostrallar.com\/noticias\/ca\/wp-json\/wp\/v2\/comments?post=15569"}],"version-history":[{"count":1,"href":"https:\/\/lavostrallar.com\/noticias\/ca\/wp-json\/wp\/v2\/posts\/15569\/revisions"}],"predecessor-version":[{"id":15571,"href":"https:\/\/lavostrallar.com\/noticias\/ca\/wp-json\/wp\/v2\/posts\/15569\/revisions\/15571"}],"wp:featuredmedia":[{"embeddable":true,"href":"https:\/\/lavostrallar.com\/noticias\/ca\/wp-json\/wp\/v2\/media\/15570"}],"wp:attachment":[{"href":"https:\/\/lavostrallar.com\/noticias\/ca\/wp-json\/wp\/v2\/media?parent=15569"}],"wp:term":[{"taxonomy":"category","embeddable":true,"href":"https:\/\/lavostrallar.com\/noticias\/ca\/wp-json\/wp\/v2\/categories?post=15569"},{"taxonomy":"post_tag","embeddable":true,"href":"https:\/\/lavostrallar.com\/noticias\/ca\/wp-json\/wp\/v2\/tags?post=15569"}],"curies":[{"name":"wp","href":"https:\/\/api.w.org\/{rel}","templated":true}]}}