	{"id":15734,"date":"2021-06-11T11:31:00","date_gmt":"2021-06-11T11:31:00","guid":{"rendered":"https:\/\/lavostrallar.hilldevelop.com\/?p=15734"},"modified":"2022-02-08T14:34:38","modified_gmt":"2022-02-08T14:34:38","slug":"mantenim-el-que-hem-apres","status":"publish","type":"post","link":"https:\/\/lavostrallar.com\/noticias\/ca\/mantenim-el-que-hem-apres\/","title":{"rendered":"Mantenim el que hem apr\u00e8s"},"content":{"rendered":"<p>Quan parlem d\u2019envelliment fem refer\u00e8ncia a una etapa m\u00e9s del cicle vital d\u2019una persona que comporta canvis a diferents nivells: f\u00edsic, cognitiu, social&#8230; L\u2019acceptaci\u00f3, l\u2019autoconcepte i l\u2019autoestima, entre d\u2019altres, seran elements claus per enfrontar-nos a la vellesa d\u2019una manera positiva.<\/p>\n\n\n\n<p>Un dels canvis que tamb\u00e9 es poden donar en aquesta etapa \u00e9s el canvi del domicili familiar a un centre residencial. Sigui en un \u00e0mbit o en un altre, un element clau de la vellesa \u00e9s el manteniment de les habilitats apreses al llarg de la vida, amb la finalitat de mantenir o recuperar un bon nivell de l\u2019autoestima i de l\u2019autonomia de les persones.<\/p>\n\n\n\n<p>En aquest cas, des de la resid\u00e8ncia La Vostra Llar Reig estem treballant el manteniment de l\u2019habilitat lecto-escriptora dels nostres residents que fa aproximadament m\u00e9s de 60 anys que van aprendre a llegir i escriure. Ho treballem a trav\u00e9s de relacionar imatges amb la paraula que hi correspon, elaboraci\u00f3 de paraules, etc. Quan els residents duen a terme aquest tipus d\u2019activitats, accionen la seva capacitat de concentraci\u00f3, la qual els preserva en certa mesura d\u2019episodis de desorientaci\u00f3 i distracci\u00f3. Tamb\u00e9 observem canvis en el seu estat an\u00edmic, sentin-se m\u00e9s feli\u00e7os, orgullosos, capa\u00e7os i v\u00e0lids per realitzar activitats.<\/p>\n\n\n\n<p>En conclusi\u00f3, potenciar l\u2019activitat lecto-escriptora en l\u2019etapa de la vellesa aporta m\u00faltiples beneficis a nivell cognitiu, mantenint capacitat d\u2019atenci\u00f3, mem\u00f2ria, reconeixement de les lletres, etc., per\u00f2, per altra banda, existeix tot un seguit de beneficis emocionals relacionats amb l\u2019autopercepci\u00f3 que, en conjunt, recauen en un augment de la qualitat de vida de la persona que, per sobre de tot, \u00e9s el nostre objectiu, el seu benestar global.<\/p>\n\n\n\n<p><\/p>\n\n\n\n<div class=\"wp-block-image\"><figure class=\"aligncenter size-full\"><img fetchpriority=\"high\" decoding=\"async\" width=\"225\" height=\"300\" src=\"https:\/\/lavostrallar.com\/wp-content\/uploads\/2022\/01\/Lectoescriptura-225x300-1.jpg\" alt=\"\" class=\"wp-image-15735\"\/><\/figure><\/div>","protected":false},"excerpt":{"rendered":"<p>Quan parlem d\u2019envelliment fem refer\u00e8ncia a una etapa m\u00e9s del cicle vital d\u2019una persona que comporta canvis a diferents nivells: f\u00edsic, cognitiu, social&#8230; L\u2019acceptaci\u00f3, l\u2019autoconcepte i l\u2019autoestima, entre d\u2019altres, seran elements claus per enfrontar-nos a la vellesa d\u2019una manera positiva. Un dels canvis que tamb\u00e9 es poden donar en aquesta etapa \u00e9s el canvi del [&hellip;]<\/p>","protected":false},"author":1,"featured_media":0,"comment_status":"closed","ping_status":"closed","sticky":false,"template":"","format":"standard","meta":{"content-type":"","footnotes":""},"categories":[16],"tags":[33],"class_list":["post-15734","post","type-post","status-publish","format-standard","hentry","category-noticias-reig","tag-catalan"],"yoast_head":"<!-- This site is optimized with the Yoast SEO plugin v26.0 - https:\/\/yoast.com\/wordpress\/plugins\/seo\/ -->\n<title>Mantenim el que hem apr\u00e8s - Noticias La Vostra Llar<\/title>\n<meta name=\"robots\" content=\"index, follow, max-snippet:-1, max-image-preview:large, max-video-preview:-1\" \/>\n<link rel=\"canonical\" href=\"https:\/\/lavostrallar.com\/noticias\/ca\/mantenim-el-que-hem-apres\/\" \/>\n<meta property=\"og:locale\" content=\"ca_ES\" \/>\n<meta property=\"og:type\" content=\"article\" \/>\n<meta property=\"og:title\" content=\"Mantenim el que hem apr\u00e8s - Noticias La Vostra Llar\" \/>\n<meta property=\"og:description\" content=\"Quan parlem d\u2019envelliment fem refer\u00e8ncia a una etapa m\u00e9s del cicle vital d\u2019una persona que comporta canvis a diferents nivells: f\u00edsic, cognitiu, social&#8230; L\u2019acceptaci\u00f3, l\u2019autoconcepte i l\u2019autoestima, entre d\u2019altres, seran elements claus per enfrontar-nos a la vellesa d\u2019una manera positiva. Un dels canvis que tamb\u00e9 es poden donar en aquesta etapa \u00e9s el canvi del [&hellip;]\" \/>\n<meta property=\"og:url\" content=\"https:\/\/lavostrallar.com\/noticias\/ca\/mantenim-el-que-hem-apres\/\" \/>\n<meta property=\"og:site_name\" content=\"Noticias La Vostra Llar\" \/>\n<meta property=\"article:publisher\" content=\"https:\/\/www.facebook.com\/lavostra.llar\" \/>\n<meta property=\"article:published_time\" content=\"2021-06-11T11:31:00+00:00\" \/>\n<meta property=\"article:modified_time\" content=\"2022-02-08T14:34:38+00:00\" \/>\n<meta property=\"og:image\" content=\"https:\/\/lavostrallar.com\/wp-content\/uploads\/2022\/01\/Lectoescriptura-225x300-1.jpg\" \/>\n<meta name=\"author\" content=\"admin\" \/>\n<meta name=\"twitter:card\" content=\"summary_large_image\" \/>\n<meta name=\"twitter:creator\" content=\"@lavostrallar\" \/>\n<meta name=\"twitter:site\" content=\"@lavostrallar\" \/>\n<meta name=\"twitter:label1\" content=\"Escrit per\" \/>\n\t<meta name=\"twitter:data1\" content=\"admin\" \/>\n\t<meta name=\"twitter:label2\" content=\"Temps estimat de lectura\" \/>\n\t<meta name=\"twitter:data2\" content=\"2 minuts\" \/>\n<script type=\"application\/ld+json\" class=\"yoast-schema-graph\">{\"@context\":\"https:\/\/schema.org\",\"@graph\":[{\"@type\":\"Article\",\"@id\":\"https:\/\/lavostrallar.com\/noticias\/ca\/mantenim-el-que-hem-apres\/#article\",\"isPartOf\":{\"@id\":\"https:\/\/lavostrallar.com\/noticias\/ca\/mantenim-el-que-hem-apres\/\"},\"author\":{\"name\":\"admin\",\"@id\":\"https:\/\/lavostrallar.com\/noticias\/#\/schema\/person\/39e704b801e0c519c963d9a376e561e5\"},\"headline\":\"Mantenim el que hem apr\u00e8s\",\"datePublished\":\"2021-06-11T11:31:00+00:00\",\"dateModified\":\"2022-02-08T14:34:38+00:00\",\"mainEntityOfPage\":{\"@id\":\"https:\/\/lavostrallar.com\/noticias\/ca\/mantenim-el-que-hem-apres\/\"},\"wordCount\":303,\"publisher\":{\"@id\":\"https:\/\/lavostrallar.com\/noticias\/#organization\"},\"image\":{\"@id\":\"https:\/\/lavostrallar.com\/noticias\/ca\/mantenim-el-que-hem-apres\/#primaryimage\"},\"thumbnailUrl\":\"https:\/\/lavostrallar.com\/wp-content\/uploads\/2022\/01\/Lectoescriptura-225x300-1.jpg\",\"keywords\":[\"Catal\u00e1n\"],\"articleSection\":[\"Noticias Reig\"],\"inLanguage\":\"ca\"},{\"@type\":\"WebPage\",\"@id\":\"https:\/\/lavostrallar.com\/noticias\/ca\/mantenim-el-que-hem-apres\/\",\"url\":\"https:\/\/lavostrallar.com\/noticias\/ca\/mantenim-el-que-hem-apres\/\",\"name\":\"Mantenim el que hem apr\u00e8s - Noticias La Vostra Llar\",\"isPartOf\":{\"@id\":\"https:\/\/lavostrallar.com\/noticias\/#website\"},\"primaryImageOfPage\":{\"@id\":\"https:\/\/lavostrallar.com\/noticias\/ca\/mantenim-el-que-hem-apres\/#primaryimage\"},\"image\":{\"@id\":\"https:\/\/lavostrallar.com\/noticias\/ca\/mantenim-el-que-hem-apres\/#primaryimage\"},\"thumbnailUrl\":\"https:\/\/lavostrallar.com\/wp-content\/uploads\/2022\/01\/Lectoescriptura-225x300-1.jpg\",\"datePublished\":\"2021-06-11T11:31:00+00:00\",\"dateModified\":\"2022-02-08T14:34:38+00:00\",\"breadcrumb\":{\"@id\":\"https:\/\/lavostrallar.com\/noticias\/ca\/mantenim-el-que-hem-apres\/#breadcrumb\"},\"inLanguage\":\"ca\",\"potentialAction\":[{\"@type\":\"ReadAction\",\"target\":[\"https:\/\/lavostrallar.com\/noticias\/ca\/mantenim-el-que-hem-apres\/\"]}]},{\"@type\":\"ImageObject\",\"inLanguage\":\"ca\",\"@id\":\"https:\/\/lavostrallar.com\/noticias\/ca\/mantenim-el-que-hem-apres\/#primaryimage\",\"url\":\"https:\/\/lavostrallar.com\/wp-content\/uploads\/2022\/01\/Lectoescriptura-225x300-1.jpg\",\"contentUrl\":\"https:\/\/lavostrallar.com\/wp-content\/uploads\/2022\/01\/Lectoescriptura-225x300-1.jpg\"},{\"@type\":\"BreadcrumbList\",\"@id\":\"https:\/\/lavostrallar.com\/noticias\/ca\/mantenim-el-que-hem-apres\/#breadcrumb\",\"itemListElement\":[{\"@type\":\"ListItem\",\"position\":1,\"name\":\"Portada\",\"item\":\"https:\/\/lavostrallar.com\/noticias\/\"},{\"@type\":\"ListItem\",\"position\":2,\"name\":\"Mantenim el que hem apr\u00e8s\"}]},{\"@type\":\"WebSite\",\"@id\":\"https:\/\/lavostrallar.com\/noticias\/#website\",\"url\":\"https:\/\/lavostrallar.com\/noticias\/\",\"name\":\"La Vostra Llar\",\"description\":\"La Vostra Llar gestiona resid\u00e8ncies geri\u00e0triques des de 1987 amb la missi\u00f3 d\u2019oferir assist\u00e8ncia personalitzada per estimular, acollir i atendre les persones grans amb qualsevol grau de depend\u00e8ncia.\",\"publisher\":{\"@id\":\"https:\/\/lavostrallar.com\/noticias\/#organization\"},\"potentialAction\":[{\"@type\":\"SearchAction\",\"target\":{\"@type\":\"EntryPoint\",\"urlTemplate\":\"https:\/\/lavostrallar.com\/noticias\/?s={search_term_string}\"},\"query-input\":{\"@type\":\"PropertyValueSpecification\",\"valueRequired\":true,\"valueName\":\"search_term_string\"}}],\"inLanguage\":\"ca\"},{\"@type\":\"Organization\",\"@id\":\"https:\/\/lavostrallar.com\/noticias\/#organization\",\"name\":\"La Vostra Llar\",\"url\":\"https:\/\/lavostrallar.com\/noticias\/\",\"logo\":{\"@type\":\"ImageObject\",\"inLanguage\":\"ca\",\"@id\":\"https:\/\/lavostrallar.com\/noticias\/#\/schema\/logo\/image\/\",\"url\":\"https:\/\/lavostrallar.com\/noticias\/wp-content\/uploads\/2021\/12\/logo_lavostrallar.png\",\"contentUrl\":\"https:\/\/lavostrallar.com\/noticias\/wp-content\/uploads\/2021\/12\/logo_lavostrallar.png\",\"width\":217,\"height\":109,\"caption\":\"La Vostra Llar\"},\"image\":{\"@id\":\"https:\/\/lavostrallar.com\/noticias\/#\/schema\/logo\/image\/\"},\"sameAs\":[\"https:\/\/www.facebook.com\/lavostra.llar\",\"https:\/\/x.com\/lavostrallar\",\"https:\/\/www.instagram.com\/lavostrallar\/\"]},{\"@type\":\"Person\",\"@id\":\"https:\/\/lavostrallar.com\/noticias\/#\/schema\/person\/39e704b801e0c519c963d9a376e561e5\",\"name\":\"admin\",\"image\":{\"@type\":\"ImageObject\",\"inLanguage\":\"ca\",\"@id\":\"https:\/\/lavostrallar.com\/noticias\/#\/schema\/person\/image\/\",\"url\":\"https:\/\/secure.gravatar.com\/avatar\/9d4580a48cd1910cc51e0dfd3fd063c0caadea953e64fb47c872043d240ffeab?s=96&d=mm&r=g\",\"contentUrl\":\"https:\/\/secure.gravatar.com\/avatar\/9d4580a48cd1910cc51e0dfd3fd063c0caadea953e64fb47c872043d240ffeab?s=96&d=mm&r=g\",\"caption\":\"admin\"},\"sameAs\":[\"https:\/\/lavostrallar.com\"],\"url\":\"https:\/\/lavostrallar.com\/noticias\/ca\/author\/lavostrallar\/\"}]}<\/script>\n<!-- \/ Yoast SEO plugin. -->","yoast_head_json":{"title":"Mantenim el que hem apr\u00e8s - Noticias La Vostra Llar","robots":{"index":"index","follow":"follow","max-snippet":"max-snippet:-1","max-image-preview":"max-image-preview:large","max-video-preview":"max-video-preview:-1"},"canonical":"https:\/\/lavostrallar.com\/noticias\/ca\/mantenim-el-que-hem-apres\/","og_locale":"ca_ES","og_type":"article","og_title":"Mantenim el que hem apr\u00e8s - Noticias La Vostra Llar","og_description":"Quan parlem d\u2019envelliment fem refer\u00e8ncia a una etapa m\u00e9s del cicle vital d\u2019una persona que comporta canvis a diferents nivells: f\u00edsic, cognitiu, social&#8230; L\u2019acceptaci\u00f3, l\u2019autoconcepte i l\u2019autoestima, entre d\u2019altres, seran elements claus per enfrontar-nos a la vellesa d\u2019una manera positiva. Un dels canvis que tamb\u00e9 es poden donar en aquesta etapa \u00e9s el canvi del [&hellip;]","og_url":"https:\/\/lavostrallar.com\/noticias\/ca\/mantenim-el-que-hem-apres\/","og_site_name":"Noticias La Vostra Llar","article_publisher":"https:\/\/www.facebook.com\/lavostra.llar","article_published_time":"2021-06-11T11:31:00+00:00","article_modified_time":"2022-02-08T14:34:38+00:00","og_image":[{"url":"https:\/\/lavostrallar.com\/wp-content\/uploads\/2022\/01\/Lectoescriptura-225x300-1.jpg","type":"","width":"","height":""}],"author":"admin","twitter_card":"summary_large_image","twitter_creator":"@lavostrallar","twitter_site":"@lavostrallar","twitter_misc":{"Escrit per":"admin","Temps estimat de lectura":"2 minuts"},"schema":{"@context":"https:\/\/schema.org","@graph":[{"@type":"Article","@id":"https:\/\/lavostrallar.com\/noticias\/ca\/mantenim-el-que-hem-apres\/#article","isPartOf":{"@id":"https:\/\/lavostrallar.com\/noticias\/ca\/mantenim-el-que-hem-apres\/"},"author":{"name":"admin","@id":"https:\/\/lavostrallar.com\/noticias\/#\/schema\/person\/39e704b801e0c519c963d9a376e561e5"},"headline":"Mantenim el que hem apr\u00e8s","datePublished":"2021-06-11T11:31:00+00:00","dateModified":"2022-02-08T14:34:38+00:00","mainEntityOfPage":{"@id":"https:\/\/lavostrallar.com\/noticias\/ca\/mantenim-el-que-hem-apres\/"},"wordCount":303,"publisher":{"@id":"https:\/\/lavostrallar.com\/noticias\/#organization"},"image":{"@id":"https:\/\/lavostrallar.com\/noticias\/ca\/mantenim-el-que-hem-apres\/#primaryimage"},"thumbnailUrl":"https:\/\/lavostrallar.com\/wp-content\/uploads\/2022\/01\/Lectoescriptura-225x300-1.jpg","keywords":["Catal\u00e1n"],"articleSection":["Noticias Reig"],"inLanguage":"ca"},{"@type":"WebPage","@id":"https:\/\/lavostrallar.com\/noticias\/ca\/mantenim-el-que-hem-apres\/","url":"https:\/\/lavostrallar.com\/noticias\/ca\/mantenim-el-que-hem-apres\/","name":"Mantenim el que hem apr\u00e8s - Noticias La Vostra Llar","isPartOf":{"@id":"https:\/\/lavostrallar.com\/noticias\/#website"},"primaryImageOfPage":{"@id":"https:\/\/lavostrallar.com\/noticias\/ca\/mantenim-el-que-hem-apres\/#primaryimage"},"image":{"@id":"https:\/\/lavostrallar.com\/noticias\/ca\/mantenim-el-que-hem-apres\/#primaryimage"},"thumbnailUrl":"https:\/\/lavostrallar.com\/wp-content\/uploads\/2022\/01\/Lectoescriptura-225x300-1.jpg","datePublished":"2021-06-11T11:31:00+00:00","dateModified":"2022-02-08T14:34:38+00:00","breadcrumb":{"@id":"https:\/\/lavostrallar.com\/noticias\/ca\/mantenim-el-que-hem-apres\/#breadcrumb"},"inLanguage":"ca","potentialAction":[{"@type":"ReadAction","target":["https:\/\/lavostrallar.com\/noticias\/ca\/mantenim-el-que-hem-apres\/"]}]},{"@type":"ImageObject","inLanguage":"ca","@id":"https:\/\/lavostrallar.com\/noticias\/ca\/mantenim-el-que-hem-apres\/#primaryimage","url":"https:\/\/lavostrallar.com\/wp-content\/uploads\/2022\/01\/Lectoescriptura-225x300-1.jpg","contentUrl":"https:\/\/lavostrallar.com\/wp-content\/uploads\/2022\/01\/Lectoescriptura-225x300-1.jpg"},{"@type":"BreadcrumbList","@id":"https:\/\/lavostrallar.com\/noticias\/ca\/mantenim-el-que-hem-apres\/#breadcrumb","itemListElement":[{"@type":"ListItem","position":1,"name":"Portada","item":"https:\/\/lavostrallar.com\/noticias\/"},{"@type":"ListItem","position":2,"name":"Mantenim el que hem apr\u00e8s"}]},{"@type":"WebSite","@id":"https:\/\/lavostrallar.com\/noticias\/#website","url":"https:\/\/lavostrallar.com\/noticias\/","name":"La Vostra Llar","description":"La Vostra Llar gestiona resid\u00e8ncies geri\u00e0triques des de 1987 amb la missi\u00f3 d\u2019oferir assist\u00e8ncia personalitzada per estimular, acollir i atendre les persones grans amb qualsevol grau de depend\u00e8ncia.","publisher":{"@id":"https:\/\/lavostrallar.com\/noticias\/#organization"},"potentialAction":[{"@type":"SearchAction","target":{"@type":"EntryPoint","urlTemplate":"https:\/\/lavostrallar.com\/noticias\/?s={search_term_string}"},"query-input":{"@type":"PropertyValueSpecification","valueRequired":true,"valueName":"search_term_string"}}],"inLanguage":"ca"},{"@type":"Organization","@id":"https:\/\/lavostrallar.com\/noticias\/#organization","name":"La Vostra Llar","url":"https:\/\/lavostrallar.com\/noticias\/","logo":{"@type":"ImageObject","inLanguage":"ca","@id":"https:\/\/lavostrallar.com\/noticias\/#\/schema\/logo\/image\/","url":"https:\/\/lavostrallar.com\/noticias\/wp-content\/uploads\/2021\/12\/logo_lavostrallar.png","contentUrl":"https:\/\/lavostrallar.com\/noticias\/wp-content\/uploads\/2021\/12\/logo_lavostrallar.png","width":217,"height":109,"caption":"La Vostra Llar"},"image":{"@id":"https:\/\/lavostrallar.com\/noticias\/#\/schema\/logo\/image\/"},"sameAs":["https:\/\/www.facebook.com\/lavostra.llar","https:\/\/x.com\/lavostrallar","https:\/\/www.instagram.com\/lavostrallar\/"]},{"@type":"Person","@id":"https:\/\/lavostrallar.com\/noticias\/#\/schema\/person\/39e704b801e0c519c963d9a376e561e5","name":"admin","image":{"@type":"ImageObject","inLanguage":"ca","@id":"https:\/\/lavostrallar.com\/noticias\/#\/schema\/person\/image\/","url":"https:\/\/secure.gravatar.com\/avatar\/9d4580a48cd1910cc51e0dfd3fd063c0caadea953e64fb47c872043d240ffeab?s=96&d=mm&r=g","contentUrl":"https:\/\/secure.gravatar.com\/avatar\/9d4580a48cd1910cc51e0dfd3fd063c0caadea953e64fb47c872043d240ffeab?s=96&d=mm&r=g","caption":"admin"},"sameAs":["https:\/\/lavostrallar.com"],"url":"https:\/\/lavostrallar.com\/noticias\/ca\/author\/lavostrallar\/"}]}},"_links":{"self":[{"href":"https:\/\/lavostrallar.com\/noticias\/ca\/wp-json\/wp\/v2\/posts\/15734","targetHints":{"allow":["GET"]}}],"collection":[{"href":"https:\/\/lavostrallar.com\/noticias\/ca\/wp-json\/wp\/v2\/posts"}],"about":[{"href":"https:\/\/lavostrallar.com\/noticias\/ca\/wp-json\/wp\/v2\/types\/post"}],"author":[{"embeddable":true,"href":"https:\/\/lavostrallar.com\/noticias\/ca\/wp-json\/wp\/v2\/users\/1"}],"replies":[{"embeddable":true,"href":"https:\/\/lavostrallar.com\/noticias\/ca\/wp-json\/wp\/v2\/comments?post=15734"}],"version-history":[{"count":1,"href":"https:\/\/lavostrallar.com\/noticias\/ca\/wp-json\/wp\/v2\/posts\/15734\/revisions"}],"predecessor-version":[{"id":15736,"href":"https:\/\/lavostrallar.com\/noticias\/ca\/wp-json\/wp\/v2\/posts\/15734\/revisions\/15736"}],"wp:attachment":[{"href":"https:\/\/lavostrallar.com\/noticias\/ca\/wp-json\/wp\/v2\/media?parent=15734"}],"wp:term":[{"taxonomy":"category","embeddable":true,"href":"https:\/\/lavostrallar.com\/noticias\/ca\/wp-json\/wp\/v2\/categories?post=15734"},{"taxonomy":"post_tag","embeddable":true,"href":"https:\/\/lavostrallar.com\/noticias\/ca\/wp-json\/wp\/v2\/tags?post=15734"}],"curies":[{"name":"wp","href":"https:\/\/api.w.org\/{rel}","templated":true}]}}