	{"id":15757,"date":"2021-09-20T11:48:00","date_gmt":"2021-09-20T11:48:00","guid":{"rendered":"https:\/\/lavostrallar.hilldevelop.com\/?p=15757"},"modified":"2022-02-08T14:23:31","modified_gmt":"2022-02-08T14:23:31","slug":"estem-al-dia","status":"publish","type":"post","link":"https:\/\/lavostrallar.com\/noticias\/ca\/estem-al-dia\/","title":{"rendered":"Estem al dia!"},"content":{"rendered":"<div class=\"wp-block-image\"><figure class=\"alignright size-full\"><img fetchpriority=\"high\" decoding=\"async\" width=\"233\" height=\"300\" src=\"https:\/\/lavostrallar.com\/wp-content\/uploads\/2022\/01\/IMG_7132-233x300-1.jpg\" alt=\"\" class=\"wp-image-15760\"\/><\/figure><\/div>\n\n\n\n<p>Durant aquest mes de setembre hem pogut reprendre una costum que ens ajudava a mantenir-nos al dia de l&#8217;actualitat general, ens permetia desenvolupar <strong>tert\u00falies en grup<\/strong> i sobretot passar bones estones.<\/p>\n\n\n\n<p>Us es tem parlant de la <strong>lectura di\u00e0ria del diari<\/strong> La Vanguardia!<\/p>\n\n\n\n<p>Per als nostres residents \u00e9s important sentir-se integrats en la societat, percebre que coneixen el qu\u00e8 passa al m\u00f3n, poder aportar viv\u00e8ncies personals relacionades amb not\u00edcies d&#8217;actualitat, elaborar <strong>discursos per explicar i descriure imatges i mantenir l&#8217;atenci\u00f3 en una lectura<\/strong>.<\/p>\n\n\n\n<div class=\"wp-block-image\"><figure class=\"alignleft size-full\"><img decoding=\"async\" width=\"225\" height=\"300\" src=\"https:\/\/lavostrallar.com\/wp-content\/uploads\/2022\/01\/IMG_7135-225x300-1.jpg\" alt=\"\" class=\"wp-image-15759\"\/><\/figure><\/div>\n\n\n\n<p>El fet de rebre el diari cada dia ens ajuda a establir una rutina, a comen\u00e7ar la jornada <strong>actius cognitivament<\/strong> i a donar contingut de qualitat i inclusiu a la sessi\u00f3.<\/p>\n\n\n\n<p>L&#8217;estona de lectura del diari dura aproximadament entre uns 30 i 40 minuts, durant els quals es fa un rep\u00e0s de les not\u00edcies d&#8217;actualitat que s&#8217;adequen als <strong>interessos i prefer\u00e8ncies generals dels residents<\/strong>. En alguns casos la professional \u00e9s qui fa la lectura\/resum de la not\u00edcia, mostrant les fotos, etc., i, en altres ocasions, si hi ha algun resident que s&#8217;ofereix per llegir-ho ho fa ell mateix. A partir d&#8217;aqu\u00ed, s&#8217;obre un espai lliure de comentaris en qu\u00e8 els avis i \u00e0vies diuen la seva envers la not\u00edcia llegida.<\/p>\n\n\n\n<p><\/p>","protected":false},"excerpt":{"rendered":"<p>Durant aquest mes de setembre hem pogut reprendre una costum que ens ajudava a mantenir-nos al dia de l&#8217;actualitat general, ens permetia desenvolupar tert\u00falies en grup i sobretot passar bones estones. Us es tem parlant de la lectura di\u00e0ria del diari La Vanguardia! Per als nostres residents \u00e9s important sentir-se integrats en la societat, percebre [&hellip;]<\/p>","protected":false},"author":1,"featured_media":0,"comment_status":"closed","ping_status":"closed","sticky":false,"template":"","format":"standard","meta":{"content-type":"","footnotes":""},"categories":[16],"tags":[33],"class_list":["post-15757","post","type-post","status-publish","format-standard","hentry","category-noticias-reig","tag-catalan"],"yoast_head":"<!-- This site is optimized with the Yoast SEO plugin v26.0 - https:\/\/yoast.com\/wordpress\/plugins\/seo\/ -->\n<title>Estem al dia! - Noticias La Vostra Llar<\/title>\n<meta name=\"robots\" content=\"index, follow, max-snippet:-1, max-image-preview:large, max-video-preview:-1\" \/>\n<link rel=\"canonical\" href=\"https:\/\/lavostrallar.com\/noticias\/ca\/estem-al-dia\/\" \/>\n<meta property=\"og:locale\" content=\"ca_ES\" \/>\n<meta property=\"og:type\" content=\"article\" \/>\n<meta property=\"og:title\" content=\"Estem al dia! - Noticias La Vostra Llar\" \/>\n<meta property=\"og:description\" content=\"Durant aquest mes de setembre hem pogut reprendre una costum que ens ajudava a mantenir-nos al dia de l&#8217;actualitat general, ens permetia desenvolupar tert\u00falies en grup i sobretot passar bones estones. Us es tem parlant de la lectura di\u00e0ria del diari La Vanguardia! Per als nostres residents \u00e9s important sentir-se integrats en la societat, percebre [&hellip;]\" \/>\n<meta property=\"og:url\" content=\"https:\/\/lavostrallar.com\/noticias\/ca\/estem-al-dia\/\" \/>\n<meta property=\"og:site_name\" content=\"Noticias La Vostra Llar\" \/>\n<meta property=\"article:publisher\" content=\"https:\/\/www.facebook.com\/lavostra.llar\" \/>\n<meta property=\"article:published_time\" content=\"2021-09-20T11:48:00+00:00\" \/>\n<meta property=\"article:modified_time\" content=\"2022-02-08T14:23:31+00:00\" \/>\n<meta property=\"og:image\" content=\"https:\/\/lavostrallar.com\/wp-content\/uploads\/2022\/01\/IMG_7132-233x300-1.jpg\" \/>\n<meta name=\"author\" content=\"admin\" \/>\n<meta name=\"twitter:card\" content=\"summary_large_image\" \/>\n<meta name=\"twitter:creator\" content=\"@lavostrallar\" \/>\n<meta name=\"twitter:site\" content=\"@lavostrallar\" \/>\n<meta name=\"twitter:label1\" content=\"Escrit per\" \/>\n\t<meta name=\"twitter:data1\" content=\"admin\" \/>\n\t<meta name=\"twitter:label2\" content=\"Temps estimat de lectura\" \/>\n\t<meta name=\"twitter:data2\" content=\"2 minuts\" \/>\n<script type=\"application\/ld+json\" class=\"yoast-schema-graph\">{\"@context\":\"https:\/\/schema.org\",\"@graph\":[{\"@type\":\"Article\",\"@id\":\"https:\/\/lavostrallar.com\/noticias\/ca\/estem-al-dia\/#article\",\"isPartOf\":{\"@id\":\"https:\/\/lavostrallar.com\/noticias\/ca\/estem-al-dia\/\"},\"author\":{\"name\":\"admin\",\"@id\":\"https:\/\/lavostrallar.com\/noticias\/#\/schema\/person\/39e704b801e0c519c963d9a376e561e5\"},\"headline\":\"Estem al dia!\",\"datePublished\":\"2021-09-20T11:48:00+00:00\",\"dateModified\":\"2022-02-08T14:23:31+00:00\",\"mainEntityOfPage\":{\"@id\":\"https:\/\/lavostrallar.com\/noticias\/ca\/estem-al-dia\/\"},\"wordCount\":225,\"publisher\":{\"@id\":\"https:\/\/lavostrallar.com\/noticias\/#organization\"},\"image\":{\"@id\":\"https:\/\/lavostrallar.com\/noticias\/ca\/estem-al-dia\/#primaryimage\"},\"thumbnailUrl\":\"https:\/\/lavostrallar.com\/wp-content\/uploads\/2022\/01\/IMG_7132-233x300-1.jpg\",\"keywords\":[\"Catal\u00e1n\"],\"articleSection\":[\"Noticias Reig\"],\"inLanguage\":\"ca\"},{\"@type\":\"WebPage\",\"@id\":\"https:\/\/lavostrallar.com\/noticias\/ca\/estem-al-dia\/\",\"url\":\"https:\/\/lavostrallar.com\/noticias\/ca\/estem-al-dia\/\",\"name\":\"Estem al dia! - Noticias La Vostra Llar\",\"isPartOf\":{\"@id\":\"https:\/\/lavostrallar.com\/noticias\/#website\"},\"primaryImageOfPage\":{\"@id\":\"https:\/\/lavostrallar.com\/noticias\/ca\/estem-al-dia\/#primaryimage\"},\"image\":{\"@id\":\"https:\/\/lavostrallar.com\/noticias\/ca\/estem-al-dia\/#primaryimage\"},\"thumbnailUrl\":\"https:\/\/lavostrallar.com\/wp-content\/uploads\/2022\/01\/IMG_7132-233x300-1.jpg\",\"datePublished\":\"2021-09-20T11:48:00+00:00\",\"dateModified\":\"2022-02-08T14:23:31+00:00\",\"breadcrumb\":{\"@id\":\"https:\/\/lavostrallar.com\/noticias\/ca\/estem-al-dia\/#breadcrumb\"},\"inLanguage\":\"ca\",\"potentialAction\":[{\"@type\":\"ReadAction\",\"target\":[\"https:\/\/lavostrallar.com\/noticias\/ca\/estem-al-dia\/\"]}]},{\"@type\":\"ImageObject\",\"inLanguage\":\"ca\",\"@id\":\"https:\/\/lavostrallar.com\/noticias\/ca\/estem-al-dia\/#primaryimage\",\"url\":\"https:\/\/lavostrallar.com\/wp-content\/uploads\/2022\/01\/IMG_7132-233x300-1.jpg\",\"contentUrl\":\"https:\/\/lavostrallar.com\/wp-content\/uploads\/2022\/01\/IMG_7132-233x300-1.jpg\"},{\"@type\":\"BreadcrumbList\",\"@id\":\"https:\/\/lavostrallar.com\/noticias\/ca\/estem-al-dia\/#breadcrumb\",\"itemListElement\":[{\"@type\":\"ListItem\",\"position\":1,\"name\":\"Portada\",\"item\":\"https:\/\/lavostrallar.com\/noticias\/\"},{\"@type\":\"ListItem\",\"position\":2,\"name\":\"Estem al dia!\"}]},{\"@type\":\"WebSite\",\"@id\":\"https:\/\/lavostrallar.com\/noticias\/#website\",\"url\":\"https:\/\/lavostrallar.com\/noticias\/\",\"name\":\"La Vostra Llar\",\"description\":\"La Vostra Llar gestiona resid\u00e8ncies geri\u00e0triques des de 1987 amb la missi\u00f3 d\u2019oferir assist\u00e8ncia personalitzada per estimular, acollir i atendre les persones grans amb qualsevol grau de depend\u00e8ncia.\",\"publisher\":{\"@id\":\"https:\/\/lavostrallar.com\/noticias\/#organization\"},\"potentialAction\":[{\"@type\":\"SearchAction\",\"target\":{\"@type\":\"EntryPoint\",\"urlTemplate\":\"https:\/\/lavostrallar.com\/noticias\/?s={search_term_string}\"},\"query-input\":{\"@type\":\"PropertyValueSpecification\",\"valueRequired\":true,\"valueName\":\"search_term_string\"}}],\"inLanguage\":\"ca\"},{\"@type\":\"Organization\",\"@id\":\"https:\/\/lavostrallar.com\/noticias\/#organization\",\"name\":\"La Vostra Llar\",\"url\":\"https:\/\/lavostrallar.com\/noticias\/\",\"logo\":{\"@type\":\"ImageObject\",\"inLanguage\":\"ca\",\"@id\":\"https:\/\/lavostrallar.com\/noticias\/#\/schema\/logo\/image\/\",\"url\":\"https:\/\/lavostrallar.com\/noticias\/wp-content\/uploads\/2021\/12\/logo_lavostrallar.png\",\"contentUrl\":\"https:\/\/lavostrallar.com\/noticias\/wp-content\/uploads\/2021\/12\/logo_lavostrallar.png\",\"width\":217,\"height\":109,\"caption\":\"La Vostra Llar\"},\"image\":{\"@id\":\"https:\/\/lavostrallar.com\/noticias\/#\/schema\/logo\/image\/\"},\"sameAs\":[\"https:\/\/www.facebook.com\/lavostra.llar\",\"https:\/\/x.com\/lavostrallar\",\"https:\/\/www.instagram.com\/lavostrallar\/\"]},{\"@type\":\"Person\",\"@id\":\"https:\/\/lavostrallar.com\/noticias\/#\/schema\/person\/39e704b801e0c519c963d9a376e561e5\",\"name\":\"admin\",\"image\":{\"@type\":\"ImageObject\",\"inLanguage\":\"ca\",\"@id\":\"https:\/\/lavostrallar.com\/noticias\/#\/schema\/person\/image\/\",\"url\":\"https:\/\/secure.gravatar.com\/avatar\/9d4580a48cd1910cc51e0dfd3fd063c0caadea953e64fb47c872043d240ffeab?s=96&d=mm&r=g\",\"contentUrl\":\"https:\/\/secure.gravatar.com\/avatar\/9d4580a48cd1910cc51e0dfd3fd063c0caadea953e64fb47c872043d240ffeab?s=96&d=mm&r=g\",\"caption\":\"admin\"},\"sameAs\":[\"https:\/\/lavostrallar.com\"],\"url\":\"https:\/\/lavostrallar.com\/noticias\/ca\/author\/lavostrallar\/\"}]}<\/script>\n<!-- \/ Yoast SEO plugin. -->","yoast_head_json":{"title":"Estem al dia! - Noticias La Vostra Llar","robots":{"index":"index","follow":"follow","max-snippet":"max-snippet:-1","max-image-preview":"max-image-preview:large","max-video-preview":"max-video-preview:-1"},"canonical":"https:\/\/lavostrallar.com\/noticias\/ca\/estem-al-dia\/","og_locale":"ca_ES","og_type":"article","og_title":"Estem al dia! - Noticias La Vostra Llar","og_description":"Durant aquest mes de setembre hem pogut reprendre una costum que ens ajudava a mantenir-nos al dia de l&#8217;actualitat general, ens permetia desenvolupar tert\u00falies en grup i sobretot passar bones estones. Us es tem parlant de la lectura di\u00e0ria del diari La Vanguardia! Per als nostres residents \u00e9s important sentir-se integrats en la societat, percebre [&hellip;]","og_url":"https:\/\/lavostrallar.com\/noticias\/ca\/estem-al-dia\/","og_site_name":"Noticias La Vostra Llar","article_publisher":"https:\/\/www.facebook.com\/lavostra.llar","article_published_time":"2021-09-20T11:48:00+00:00","article_modified_time":"2022-02-08T14:23:31+00:00","og_image":[{"url":"https:\/\/lavostrallar.com\/wp-content\/uploads\/2022\/01\/IMG_7132-233x300-1.jpg","type":"","width":"","height":""}],"author":"admin","twitter_card":"summary_large_image","twitter_creator":"@lavostrallar","twitter_site":"@lavostrallar","twitter_misc":{"Escrit per":"admin","Temps estimat de lectura":"2 minuts"},"schema":{"@context":"https:\/\/schema.org","@graph":[{"@type":"Article","@id":"https:\/\/lavostrallar.com\/noticias\/ca\/estem-al-dia\/#article","isPartOf":{"@id":"https:\/\/lavostrallar.com\/noticias\/ca\/estem-al-dia\/"},"author":{"name":"admin","@id":"https:\/\/lavostrallar.com\/noticias\/#\/schema\/person\/39e704b801e0c519c963d9a376e561e5"},"headline":"Estem al dia!","datePublished":"2021-09-20T11:48:00+00:00","dateModified":"2022-02-08T14:23:31+00:00","mainEntityOfPage":{"@id":"https:\/\/lavostrallar.com\/noticias\/ca\/estem-al-dia\/"},"wordCount":225,"publisher":{"@id":"https:\/\/lavostrallar.com\/noticias\/#organization"},"image":{"@id":"https:\/\/lavostrallar.com\/noticias\/ca\/estem-al-dia\/#primaryimage"},"thumbnailUrl":"https:\/\/lavostrallar.com\/wp-content\/uploads\/2022\/01\/IMG_7132-233x300-1.jpg","keywords":["Catal\u00e1n"],"articleSection":["Noticias Reig"],"inLanguage":"ca"},{"@type":"WebPage","@id":"https:\/\/lavostrallar.com\/noticias\/ca\/estem-al-dia\/","url":"https:\/\/lavostrallar.com\/noticias\/ca\/estem-al-dia\/","name":"Estem al dia! - Noticias La Vostra Llar","isPartOf":{"@id":"https:\/\/lavostrallar.com\/noticias\/#website"},"primaryImageOfPage":{"@id":"https:\/\/lavostrallar.com\/noticias\/ca\/estem-al-dia\/#primaryimage"},"image":{"@id":"https:\/\/lavostrallar.com\/noticias\/ca\/estem-al-dia\/#primaryimage"},"thumbnailUrl":"https:\/\/lavostrallar.com\/wp-content\/uploads\/2022\/01\/IMG_7132-233x300-1.jpg","datePublished":"2021-09-20T11:48:00+00:00","dateModified":"2022-02-08T14:23:31+00:00","breadcrumb":{"@id":"https:\/\/lavostrallar.com\/noticias\/ca\/estem-al-dia\/#breadcrumb"},"inLanguage":"ca","potentialAction":[{"@type":"ReadAction","target":["https:\/\/lavostrallar.com\/noticias\/ca\/estem-al-dia\/"]}]},{"@type":"ImageObject","inLanguage":"ca","@id":"https:\/\/lavostrallar.com\/noticias\/ca\/estem-al-dia\/#primaryimage","url":"https:\/\/lavostrallar.com\/wp-content\/uploads\/2022\/01\/IMG_7132-233x300-1.jpg","contentUrl":"https:\/\/lavostrallar.com\/wp-content\/uploads\/2022\/01\/IMG_7132-233x300-1.jpg"},{"@type":"BreadcrumbList","@id":"https:\/\/lavostrallar.com\/noticias\/ca\/estem-al-dia\/#breadcrumb","itemListElement":[{"@type":"ListItem","position":1,"name":"Portada","item":"https:\/\/lavostrallar.com\/noticias\/"},{"@type":"ListItem","position":2,"name":"Estem al dia!"}]},{"@type":"WebSite","@id":"https:\/\/lavostrallar.com\/noticias\/#website","url":"https:\/\/lavostrallar.com\/noticias\/","name":"La Vostra Llar","description":"La Vostra Llar gestiona resid\u00e8ncies geri\u00e0triques des de 1987 amb la missi\u00f3 d\u2019oferir assist\u00e8ncia personalitzada per estimular, acollir i atendre les persones grans amb qualsevol grau de depend\u00e8ncia.","publisher":{"@id":"https:\/\/lavostrallar.com\/noticias\/#organization"},"potentialAction":[{"@type":"SearchAction","target":{"@type":"EntryPoint","urlTemplate":"https:\/\/lavostrallar.com\/noticias\/?s={search_term_string}"},"query-input":{"@type":"PropertyValueSpecification","valueRequired":true,"valueName":"search_term_string"}}],"inLanguage":"ca"},{"@type":"Organization","@id":"https:\/\/lavostrallar.com\/noticias\/#organization","name":"La Vostra Llar","url":"https:\/\/lavostrallar.com\/noticias\/","logo":{"@type":"ImageObject","inLanguage":"ca","@id":"https:\/\/lavostrallar.com\/noticias\/#\/schema\/logo\/image\/","url":"https:\/\/lavostrallar.com\/noticias\/wp-content\/uploads\/2021\/12\/logo_lavostrallar.png","contentUrl":"https:\/\/lavostrallar.com\/noticias\/wp-content\/uploads\/2021\/12\/logo_lavostrallar.png","width":217,"height":109,"caption":"La Vostra Llar"},"image":{"@id":"https:\/\/lavostrallar.com\/noticias\/#\/schema\/logo\/image\/"},"sameAs":["https:\/\/www.facebook.com\/lavostra.llar","https:\/\/x.com\/lavostrallar","https:\/\/www.instagram.com\/lavostrallar\/"]},{"@type":"Person","@id":"https:\/\/lavostrallar.com\/noticias\/#\/schema\/person\/39e704b801e0c519c963d9a376e561e5","name":"admin","image":{"@type":"ImageObject","inLanguage":"ca","@id":"https:\/\/lavostrallar.com\/noticias\/#\/schema\/person\/image\/","url":"https:\/\/secure.gravatar.com\/avatar\/9d4580a48cd1910cc51e0dfd3fd063c0caadea953e64fb47c872043d240ffeab?s=96&d=mm&r=g","contentUrl":"https:\/\/secure.gravatar.com\/avatar\/9d4580a48cd1910cc51e0dfd3fd063c0caadea953e64fb47c872043d240ffeab?s=96&d=mm&r=g","caption":"admin"},"sameAs":["https:\/\/lavostrallar.com"],"url":"https:\/\/lavostrallar.com\/noticias\/ca\/author\/lavostrallar\/"}]}},"_links":{"self":[{"href":"https:\/\/lavostrallar.com\/noticias\/ca\/wp-json\/wp\/v2\/posts\/15757","targetHints":{"allow":["GET"]}}],"collection":[{"href":"https:\/\/lavostrallar.com\/noticias\/ca\/wp-json\/wp\/v2\/posts"}],"about":[{"href":"https:\/\/lavostrallar.com\/noticias\/ca\/wp-json\/wp\/v2\/types\/post"}],"author":[{"embeddable":true,"href":"https:\/\/lavostrallar.com\/noticias\/ca\/wp-json\/wp\/v2\/users\/1"}],"replies":[{"embeddable":true,"href":"https:\/\/lavostrallar.com\/noticias\/ca\/wp-json\/wp\/v2\/comments?post=15757"}],"version-history":[{"count":1,"href":"https:\/\/lavostrallar.com\/noticias\/ca\/wp-json\/wp\/v2\/posts\/15757\/revisions"}],"predecessor-version":[{"id":15761,"href":"https:\/\/lavostrallar.com\/noticias\/ca\/wp-json\/wp\/v2\/posts\/15757\/revisions\/15761"}],"wp:attachment":[{"href":"https:\/\/lavostrallar.com\/noticias\/ca\/wp-json\/wp\/v2\/media?parent=15757"}],"wp:term":[{"taxonomy":"category","embeddable":true,"href":"https:\/\/lavostrallar.com\/noticias\/ca\/wp-json\/wp\/v2\/categories?post=15757"},{"taxonomy":"post_tag","embeddable":true,"href":"https:\/\/lavostrallar.com\/noticias\/ca\/wp-json\/wp\/v2\/tags?post=15757"}],"curies":[{"name":"wp","href":"https:\/\/api.w.org\/{rel}","templated":true}]}}