	{"id":15812,"date":"2021-01-20T12:51:00","date_gmt":"2021-01-20T12:51:00","guid":{"rendered":"https:\/\/lavostrallar.hilldevelop.com\/?p=15812"},"modified":"2022-02-08T14:47:50","modified_gmt":"2022-02-08T14:47:50","slug":"la-vostra-llar-les-oliveres-ja-sha-vacunat","status":"publish","type":"post","link":"https:\/\/lavostrallar.com\/noticias\/ca\/la-vostra-llar-les-oliveres-ja-sha-vacunat\/","title":{"rendered":"La Vostra Llar Les Oliveres ja s&#8217;ha vacunat"},"content":{"rendered":"<p>\u00abLa vacuna pot fer dues coses evitar la infecci\u00f3 (entra el virus en l\u2019organisme, per\u00f2 no es pot reproduir) o evitar la malaltia (es reprodueix el virus a l\u2019organisme, per\u00f2 el frena i no t\u2019arribes a posar malalt), en aquest segon cas seguir\u00edem fabricant virus i, per tant, podr\u00edem transmetre la malaltia. Per aix\u00f2, tot i estar vacunats, haurem de seguir aplicant totes les mesures preventives (mascareta, neteja de mans, dist\u00e0ncia, etc.)\u00bb, ens explica el<a href=\"https:\/\/lavostrallar.com\/ca\/salvador-macip-lunica-manera-de-sortir-daquesta-pandemia-es-la-vacuna\/\"><strong> Dr. Salvador Macip<\/strong><\/a>, metge doctorat en gen\u00e8tica molecular i investigador de la Universitat de Leicester (Regne Unit).<\/p>\n\n\n\n<p>En La Vostra Llar Les Oliveres ja estem vacunats!<\/p>\n\n\n\n<p>Protegim a la gent gran. #joemvacuno #protegits<\/p>\n\n\n\n<p><\/p>\n\n\n\n<div class=\"wp-block-image\"><figure class=\"alignright size-large is-resized\"><img fetchpriority=\"high\" decoding=\"async\" src=\"https:\/\/lavostrallar.com\/wp-content\/uploads\/2022\/01\/PUBLI_IMG-20210105-WA0029-768x1024.jpg\" alt=\"\" class=\"wp-image-15814\" width=\"285\" height=\"380\" srcset=\"https:\/\/lavostrallar.com\/noticias\/wp-content\/uploads\/2022\/01\/PUBLI_IMG-20210105-WA0029-768x1024.jpg 768w, https:\/\/lavostrallar.com\/noticias\/wp-content\/uploads\/2022\/01\/PUBLI_IMG-20210105-WA0029-225x300.jpg 225w, https:\/\/lavostrallar.com\/noticias\/wp-content\/uploads\/2022\/01\/PUBLI_IMG-20210105-WA0029-1152x1536.jpg 1152w, https:\/\/lavostrallar.com\/noticias\/wp-content\/uploads\/2022\/01\/PUBLI_IMG-20210105-WA0029.jpg 1200w\" sizes=\"(max-width: 285px) 100vw, 285px\" \/><\/figure><\/div>\n\n\n\n<figure class=\"wp-block-image size-large is-resized\"><img decoding=\"async\" src=\"https:\/\/lavostrallar.com\/wp-content\/uploads\/2022\/01\/PUBLI_IMG-20210105-WA0024-768x1024.jpg\" alt=\"\" class=\"wp-image-15813\" width=\"296\" height=\"395\" srcset=\"https:\/\/lavostrallar.com\/noticias\/wp-content\/uploads\/2022\/01\/PUBLI_IMG-20210105-WA0024-768x1024.jpg 768w, https:\/\/lavostrallar.com\/noticias\/wp-content\/uploads\/2022\/01\/PUBLI_IMG-20210105-WA0024-225x300.jpg 225w, https:\/\/lavostrallar.com\/noticias\/wp-content\/uploads\/2022\/01\/PUBLI_IMG-20210105-WA0024-1152x1536.jpg 1152w, https:\/\/lavostrallar.com\/noticias\/wp-content\/uploads\/2022\/01\/PUBLI_IMG-20210105-WA0024.jpg 1200w\" sizes=\"(max-width: 296px) 100vw, 296px\" \/><\/figure>","protected":false},"excerpt":{"rendered":"<p>\u00abLa vacuna pot fer dues coses evitar la infecci\u00f3 (entra el virus en l\u2019organisme, per\u00f2 no es pot reproduir) o evitar la malaltia (es reprodueix el virus a l\u2019organisme, per\u00f2 el frena i no t\u2019arribes a posar malalt), en aquest segon cas seguir\u00edem fabricant virus i, per tant, podr\u00edem transmetre la malaltia. Per aix\u00f2, tot [&hellip;]<\/p>","protected":false},"author":1,"featured_media":0,"comment_status":"closed","ping_status":"closed","sticky":false,"template":"","format":"standard","meta":{"content-type":"","footnotes":""},"categories":[14],"tags":[33],"class_list":["post-15812","post","type-post","status-publish","format-standard","hentry","category-noticias-les-oliveres","tag-catalan"],"yoast_head":"<!-- This site is optimized with the Yoast SEO plugin v26.0 - https:\/\/yoast.com\/wordpress\/plugins\/seo\/ -->\n<title>La Vostra Llar Les Oliveres ja s&#039;ha vacunat - Noticias La Vostra Llar<\/title>\n<meta name=\"robots\" content=\"index, follow, max-snippet:-1, max-image-preview:large, max-video-preview:-1\" \/>\n<link rel=\"canonical\" href=\"https:\/\/lavostrallar.com\/noticias\/ca\/la-vostra-llar-les-oliveres-ja-sha-vacunat\/\" \/>\n<meta property=\"og:locale\" content=\"ca_ES\" \/>\n<meta property=\"og:type\" content=\"article\" \/>\n<meta property=\"og:title\" content=\"La Vostra Llar Les Oliveres ja s&#039;ha vacunat - Noticias La Vostra Llar\" \/>\n<meta property=\"og:description\" content=\"\u00abLa vacuna pot fer dues coses evitar la infecci\u00f3 (entra el virus en l\u2019organisme, per\u00f2 no es pot reproduir) o evitar la malaltia (es reprodueix el virus a l\u2019organisme, per\u00f2 el frena i no t\u2019arribes a posar malalt), en aquest segon cas seguir\u00edem fabricant virus i, per tant, podr\u00edem transmetre la malaltia. Per aix\u00f2, tot [&hellip;]\" \/>\n<meta property=\"og:url\" content=\"https:\/\/lavostrallar.com\/noticias\/ca\/la-vostra-llar-les-oliveres-ja-sha-vacunat\/\" \/>\n<meta property=\"og:site_name\" content=\"Noticias La Vostra Llar\" \/>\n<meta property=\"article:publisher\" content=\"https:\/\/www.facebook.com\/lavostra.llar\" \/>\n<meta property=\"article:published_time\" content=\"2021-01-20T12:51:00+00:00\" \/>\n<meta property=\"article:modified_time\" content=\"2022-02-08T14:47:50+00:00\" \/>\n<meta property=\"og:image\" content=\"https:\/\/lavostrallar.com\/wp-content\/uploads\/2022\/01\/PUBLI_IMG-20210105-WA0029-768x1024.jpg\" \/>\n<meta name=\"author\" content=\"admin\" \/>\n<meta name=\"twitter:card\" content=\"summary_large_image\" \/>\n<meta name=\"twitter:creator\" content=\"@lavostrallar\" \/>\n<meta name=\"twitter:site\" content=\"@lavostrallar\" \/>\n<meta name=\"twitter:label1\" content=\"Escrit per\" \/>\n\t<meta name=\"twitter:data1\" content=\"admin\" \/>\n\t<meta name=\"twitter:label2\" content=\"Temps estimat de lectura\" \/>\n\t<meta name=\"twitter:data2\" content=\"1 minut\" \/>\n<script type=\"application\/ld+json\" class=\"yoast-schema-graph\">{\"@context\":\"https:\/\/schema.org\",\"@graph\":[{\"@type\":\"Article\",\"@id\":\"https:\/\/lavostrallar.com\/noticias\/la-vostra-llar-les-oliveres-ja-sha-vacunat\/#article\",\"isPartOf\":{\"@id\":\"https:\/\/lavostrallar.com\/noticias\/la-vostra-llar-les-oliveres-ja-sha-vacunat\/\"},\"author\":{\"name\":\"admin\",\"@id\":\"https:\/\/lavostrallar.com\/noticias\/#\/schema\/person\/39e704b801e0c519c963d9a376e561e5\"},\"headline\":\"La Vostra Llar Les Oliveres ja s&#8217;ha vacunat\",\"datePublished\":\"2021-01-20T12:51:00+00:00\",\"dateModified\":\"2022-02-08T14:47:50+00:00\",\"mainEntityOfPage\":{\"@id\":\"https:\/\/lavostrallar.com\/noticias\/la-vostra-llar-les-oliveres-ja-sha-vacunat\/\"},\"wordCount\":124,\"publisher\":{\"@id\":\"https:\/\/lavostrallar.com\/noticias\/#organization\"},\"image\":{\"@id\":\"https:\/\/lavostrallar.com\/noticias\/la-vostra-llar-les-oliveres-ja-sha-vacunat\/#primaryimage\"},\"thumbnailUrl\":\"https:\/\/lavostrallar.com\/wp-content\/uploads\/2022\/01\/PUBLI_IMG-20210105-WA0029-768x1024.jpg\",\"keywords\":[\"Catal\u00e1n\"],\"articleSection\":[\"Noticias Les Oliveres\"],\"inLanguage\":\"ca\"},{\"@type\":\"WebPage\",\"@id\":\"https:\/\/lavostrallar.com\/noticias\/la-vostra-llar-les-oliveres-ja-sha-vacunat\/\",\"url\":\"https:\/\/lavostrallar.com\/noticias\/la-vostra-llar-les-oliveres-ja-sha-vacunat\/\",\"name\":\"La Vostra Llar Les Oliveres ja s'ha vacunat - Noticias La Vostra Llar\",\"isPartOf\":{\"@id\":\"https:\/\/lavostrallar.com\/noticias\/#website\"},\"primaryImageOfPage\":{\"@id\":\"https:\/\/lavostrallar.com\/noticias\/la-vostra-llar-les-oliveres-ja-sha-vacunat\/#primaryimage\"},\"image\":{\"@id\":\"https:\/\/lavostrallar.com\/noticias\/la-vostra-llar-les-oliveres-ja-sha-vacunat\/#primaryimage\"},\"thumbnailUrl\":\"https:\/\/lavostrallar.com\/wp-content\/uploads\/2022\/01\/PUBLI_IMG-20210105-WA0029-768x1024.jpg\",\"datePublished\":\"2021-01-20T12:51:00+00:00\",\"dateModified\":\"2022-02-08T14:47:50+00:00\",\"breadcrumb\":{\"@id\":\"https:\/\/lavostrallar.com\/noticias\/la-vostra-llar-les-oliveres-ja-sha-vacunat\/#breadcrumb\"},\"inLanguage\":\"ca\",\"potentialAction\":[{\"@type\":\"ReadAction\",\"target\":[\"https:\/\/lavostrallar.com\/noticias\/la-vostra-llar-les-oliveres-ja-sha-vacunat\/\"]}]},{\"@type\":\"ImageObject\",\"inLanguage\":\"ca\",\"@id\":\"https:\/\/lavostrallar.com\/noticias\/la-vostra-llar-les-oliveres-ja-sha-vacunat\/#primaryimage\",\"url\":\"https:\/\/lavostrallar.com\/wp-content\/uploads\/2022\/01\/PUBLI_IMG-20210105-WA0029-768x1024.jpg\",\"contentUrl\":\"https:\/\/lavostrallar.com\/wp-content\/uploads\/2022\/01\/PUBLI_IMG-20210105-WA0029-768x1024.jpg\"},{\"@type\":\"BreadcrumbList\",\"@id\":\"https:\/\/lavostrallar.com\/noticias\/la-vostra-llar-les-oliveres-ja-sha-vacunat\/#breadcrumb\",\"itemListElement\":[{\"@type\":\"ListItem\",\"position\":1,\"name\":\"Portada\",\"item\":\"https:\/\/lavostrallar.com\/noticias\/\"},{\"@type\":\"ListItem\",\"position\":2,\"name\":\"La Vostra Llar Les Oliveres ja s&#8217;ha vacunat\"}]},{\"@type\":\"WebSite\",\"@id\":\"https:\/\/lavostrallar.com\/noticias\/#website\",\"url\":\"https:\/\/lavostrallar.com\/noticias\/\",\"name\":\"La Vostra Llar\",\"description\":\"La Vostra Llar gestiona resid\u00e8ncies geri\u00e0triques des de 1987 amb la missi\u00f3 d\u2019oferir assist\u00e8ncia personalitzada per estimular, acollir i atendre les persones grans amb qualsevol grau de depend\u00e8ncia.\",\"publisher\":{\"@id\":\"https:\/\/lavostrallar.com\/noticias\/#organization\"},\"potentialAction\":[{\"@type\":\"SearchAction\",\"target\":{\"@type\":\"EntryPoint\",\"urlTemplate\":\"https:\/\/lavostrallar.com\/noticias\/?s={search_term_string}\"},\"query-input\":{\"@type\":\"PropertyValueSpecification\",\"valueRequired\":true,\"valueName\":\"search_term_string\"}}],\"inLanguage\":\"ca\"},{\"@type\":\"Organization\",\"@id\":\"https:\/\/lavostrallar.com\/noticias\/#organization\",\"name\":\"La Vostra Llar\",\"url\":\"https:\/\/lavostrallar.com\/noticias\/\",\"logo\":{\"@type\":\"ImageObject\",\"inLanguage\":\"ca\",\"@id\":\"https:\/\/lavostrallar.com\/noticias\/#\/schema\/logo\/image\/\",\"url\":\"https:\/\/lavostrallar.com\/noticias\/wp-content\/uploads\/2021\/12\/logo_lavostrallar.png\",\"contentUrl\":\"https:\/\/lavostrallar.com\/noticias\/wp-content\/uploads\/2021\/12\/logo_lavostrallar.png\",\"width\":217,\"height\":109,\"caption\":\"La Vostra Llar\"},\"image\":{\"@id\":\"https:\/\/lavostrallar.com\/noticias\/#\/schema\/logo\/image\/\"},\"sameAs\":[\"https:\/\/www.facebook.com\/lavostra.llar\",\"https:\/\/x.com\/lavostrallar\",\"https:\/\/www.instagram.com\/lavostrallar\/\"]},{\"@type\":\"Person\",\"@id\":\"https:\/\/lavostrallar.com\/noticias\/#\/schema\/person\/39e704b801e0c519c963d9a376e561e5\",\"name\":\"admin\",\"image\":{\"@type\":\"ImageObject\",\"inLanguage\":\"ca\",\"@id\":\"https:\/\/lavostrallar.com\/noticias\/#\/schema\/person\/image\/\",\"url\":\"https:\/\/secure.gravatar.com\/avatar\/9d4580a48cd1910cc51e0dfd3fd063c0caadea953e64fb47c872043d240ffeab?s=96&d=mm&r=g\",\"contentUrl\":\"https:\/\/secure.gravatar.com\/avatar\/9d4580a48cd1910cc51e0dfd3fd063c0caadea953e64fb47c872043d240ffeab?s=96&d=mm&r=g\",\"caption\":\"admin\"},\"sameAs\":[\"https:\/\/lavostrallar.com\"],\"url\":\"https:\/\/lavostrallar.com\/noticias\/ca\/author\/lavostrallar\/\"}]}<\/script>\n<!-- \/ Yoast SEO plugin. -->","yoast_head_json":{"title":"La Vostra Llar Les Oliveres ja s'ha vacunat - Noticias La Vostra Llar","robots":{"index":"index","follow":"follow","max-snippet":"max-snippet:-1","max-image-preview":"max-image-preview:large","max-video-preview":"max-video-preview:-1"},"canonical":"https:\/\/lavostrallar.com\/noticias\/ca\/la-vostra-llar-les-oliveres-ja-sha-vacunat\/","og_locale":"ca_ES","og_type":"article","og_title":"La Vostra Llar Les Oliveres ja s'ha vacunat - Noticias La Vostra Llar","og_description":"\u00abLa vacuna pot fer dues coses evitar la infecci\u00f3 (entra el virus en l\u2019organisme, per\u00f2 no es pot reproduir) o evitar la malaltia (es reprodueix el virus a l\u2019organisme, per\u00f2 el frena i no t\u2019arribes a posar malalt), en aquest segon cas seguir\u00edem fabricant virus i, per tant, podr\u00edem transmetre la malaltia. Per aix\u00f2, tot [&hellip;]","og_url":"https:\/\/lavostrallar.com\/noticias\/ca\/la-vostra-llar-les-oliveres-ja-sha-vacunat\/","og_site_name":"Noticias La Vostra Llar","article_publisher":"https:\/\/www.facebook.com\/lavostra.llar","article_published_time":"2021-01-20T12:51:00+00:00","article_modified_time":"2022-02-08T14:47:50+00:00","og_image":[{"url":"https:\/\/lavostrallar.com\/wp-content\/uploads\/2022\/01\/PUBLI_IMG-20210105-WA0029-768x1024.jpg","type":"","width":"","height":""}],"author":"admin","twitter_card":"summary_large_image","twitter_creator":"@lavostrallar","twitter_site":"@lavostrallar","twitter_misc":{"Escrit per":"admin","Temps estimat de lectura":"1 minut"},"schema":{"@context":"https:\/\/schema.org","@graph":[{"@type":"Article","@id":"https:\/\/lavostrallar.com\/noticias\/la-vostra-llar-les-oliveres-ja-sha-vacunat\/#article","isPartOf":{"@id":"https:\/\/lavostrallar.com\/noticias\/la-vostra-llar-les-oliveres-ja-sha-vacunat\/"},"author":{"name":"admin","@id":"https:\/\/lavostrallar.com\/noticias\/#\/schema\/person\/39e704b801e0c519c963d9a376e561e5"},"headline":"La Vostra Llar Les Oliveres ja s&#8217;ha vacunat","datePublished":"2021-01-20T12:51:00+00:00","dateModified":"2022-02-08T14:47:50+00:00","mainEntityOfPage":{"@id":"https:\/\/lavostrallar.com\/noticias\/la-vostra-llar-les-oliveres-ja-sha-vacunat\/"},"wordCount":124,"publisher":{"@id":"https:\/\/lavostrallar.com\/noticias\/#organization"},"image":{"@id":"https:\/\/lavostrallar.com\/noticias\/la-vostra-llar-les-oliveres-ja-sha-vacunat\/#primaryimage"},"thumbnailUrl":"https:\/\/lavostrallar.com\/wp-content\/uploads\/2022\/01\/PUBLI_IMG-20210105-WA0029-768x1024.jpg","keywords":["Catal\u00e1n"],"articleSection":["Noticias Les Oliveres"],"inLanguage":"ca"},{"@type":"WebPage","@id":"https:\/\/lavostrallar.com\/noticias\/la-vostra-llar-les-oliveres-ja-sha-vacunat\/","url":"https:\/\/lavostrallar.com\/noticias\/la-vostra-llar-les-oliveres-ja-sha-vacunat\/","name":"La Vostra Llar Les Oliveres ja s'ha vacunat - Noticias La Vostra Llar","isPartOf":{"@id":"https:\/\/lavostrallar.com\/noticias\/#website"},"primaryImageOfPage":{"@id":"https:\/\/lavostrallar.com\/noticias\/la-vostra-llar-les-oliveres-ja-sha-vacunat\/#primaryimage"},"image":{"@id":"https:\/\/lavostrallar.com\/noticias\/la-vostra-llar-les-oliveres-ja-sha-vacunat\/#primaryimage"},"thumbnailUrl":"https:\/\/lavostrallar.com\/wp-content\/uploads\/2022\/01\/PUBLI_IMG-20210105-WA0029-768x1024.jpg","datePublished":"2021-01-20T12:51:00+00:00","dateModified":"2022-02-08T14:47:50+00:00","breadcrumb":{"@id":"https:\/\/lavostrallar.com\/noticias\/la-vostra-llar-les-oliveres-ja-sha-vacunat\/#breadcrumb"},"inLanguage":"ca","potentialAction":[{"@type":"ReadAction","target":["https:\/\/lavostrallar.com\/noticias\/la-vostra-llar-les-oliveres-ja-sha-vacunat\/"]}]},{"@type":"ImageObject","inLanguage":"ca","@id":"https:\/\/lavostrallar.com\/noticias\/la-vostra-llar-les-oliveres-ja-sha-vacunat\/#primaryimage","url":"https:\/\/lavostrallar.com\/wp-content\/uploads\/2022\/01\/PUBLI_IMG-20210105-WA0029-768x1024.jpg","contentUrl":"https:\/\/lavostrallar.com\/wp-content\/uploads\/2022\/01\/PUBLI_IMG-20210105-WA0029-768x1024.jpg"},{"@type":"BreadcrumbList","@id":"https:\/\/lavostrallar.com\/noticias\/la-vostra-llar-les-oliveres-ja-sha-vacunat\/#breadcrumb","itemListElement":[{"@type":"ListItem","position":1,"name":"Portada","item":"https:\/\/lavostrallar.com\/noticias\/"},{"@type":"ListItem","position":2,"name":"La Vostra Llar Les Oliveres ja s&#8217;ha vacunat"}]},{"@type":"WebSite","@id":"https:\/\/lavostrallar.com\/noticias\/#website","url":"https:\/\/lavostrallar.com\/noticias\/","name":"La Vostra Llar","description":"La Vostra Llar gestiona resid\u00e8ncies geri\u00e0triques des de 1987 amb la missi\u00f3 d\u2019oferir assist\u00e8ncia personalitzada per estimular, acollir i atendre les persones grans amb qualsevol grau de depend\u00e8ncia.","publisher":{"@id":"https:\/\/lavostrallar.com\/noticias\/#organization"},"potentialAction":[{"@type":"SearchAction","target":{"@type":"EntryPoint","urlTemplate":"https:\/\/lavostrallar.com\/noticias\/?s={search_term_string}"},"query-input":{"@type":"PropertyValueSpecification","valueRequired":true,"valueName":"search_term_string"}}],"inLanguage":"ca"},{"@type":"Organization","@id":"https:\/\/lavostrallar.com\/noticias\/#organization","name":"La Vostra Llar","url":"https:\/\/lavostrallar.com\/noticias\/","logo":{"@type":"ImageObject","inLanguage":"ca","@id":"https:\/\/lavostrallar.com\/noticias\/#\/schema\/logo\/image\/","url":"https:\/\/lavostrallar.com\/noticias\/wp-content\/uploads\/2021\/12\/logo_lavostrallar.png","contentUrl":"https:\/\/lavostrallar.com\/noticias\/wp-content\/uploads\/2021\/12\/logo_lavostrallar.png","width":217,"height":109,"caption":"La Vostra Llar"},"image":{"@id":"https:\/\/lavostrallar.com\/noticias\/#\/schema\/logo\/image\/"},"sameAs":["https:\/\/www.facebook.com\/lavostra.llar","https:\/\/x.com\/lavostrallar","https:\/\/www.instagram.com\/lavostrallar\/"]},{"@type":"Person","@id":"https:\/\/lavostrallar.com\/noticias\/#\/schema\/person\/39e704b801e0c519c963d9a376e561e5","name":"admin","image":{"@type":"ImageObject","inLanguage":"ca","@id":"https:\/\/lavostrallar.com\/noticias\/#\/schema\/person\/image\/","url":"https:\/\/secure.gravatar.com\/avatar\/9d4580a48cd1910cc51e0dfd3fd063c0caadea953e64fb47c872043d240ffeab?s=96&d=mm&r=g","contentUrl":"https:\/\/secure.gravatar.com\/avatar\/9d4580a48cd1910cc51e0dfd3fd063c0caadea953e64fb47c872043d240ffeab?s=96&d=mm&r=g","caption":"admin"},"sameAs":["https:\/\/lavostrallar.com"],"url":"https:\/\/lavostrallar.com\/noticias\/ca\/author\/lavostrallar\/"}]}},"_links":{"self":[{"href":"https:\/\/lavostrallar.com\/noticias\/ca\/wp-json\/wp\/v2\/posts\/15812","targetHints":{"allow":["GET"]}}],"collection":[{"href":"https:\/\/lavostrallar.com\/noticias\/ca\/wp-json\/wp\/v2\/posts"}],"about":[{"href":"https:\/\/lavostrallar.com\/noticias\/ca\/wp-json\/wp\/v2\/types\/post"}],"author":[{"embeddable":true,"href":"https:\/\/lavostrallar.com\/noticias\/ca\/wp-json\/wp\/v2\/users\/1"}],"replies":[{"embeddable":true,"href":"https:\/\/lavostrallar.com\/noticias\/ca\/wp-json\/wp\/v2\/comments?post=15812"}],"version-history":[{"count":1,"href":"https:\/\/lavostrallar.com\/noticias\/ca\/wp-json\/wp\/v2\/posts\/15812\/revisions"}],"predecessor-version":[{"id":15815,"href":"https:\/\/lavostrallar.com\/noticias\/ca\/wp-json\/wp\/v2\/posts\/15812\/revisions\/15815"}],"wp:attachment":[{"href":"https:\/\/lavostrallar.com\/noticias\/ca\/wp-json\/wp\/v2\/media?parent=15812"}],"wp:term":[{"taxonomy":"category","embeddable":true,"href":"https:\/\/lavostrallar.com\/noticias\/ca\/wp-json\/wp\/v2\/categories?post=15812"},{"taxonomy":"post_tag","embeddable":true,"href":"https:\/\/lavostrallar.com\/noticias\/ca\/wp-json\/wp\/v2\/tags?post=15812"}],"curies":[{"name":"wp","href":"https:\/\/api.w.org\/{rel}","templated":true}]}}