	{"id":21325,"date":"2022-08-26T12:02:27","date_gmt":"2022-08-26T12:02:27","guid":{"rendered":"https:\/\/lavostrallar.com\/?p=21325"},"modified":"2022-08-26T12:11:30","modified_gmt":"2022-08-26T12:11:30","slug":"bienvenido-otono-y-sus-recuerdos","status":"publish","type":"post","link":"https:\/\/lavostrallar.com\/noticias\/ca\/bienvenido-otono-y-sus-recuerdos\/","title":{"rendered":"Benvinguda tardor i els seus records"},"content":{"rendered":"<p>Setembre ens porta l\u2019arribada de la tardor, per\u00f2 tamb\u00e9 l\u2019oportunitat d\u2019aprofitar els \u00faltims dies de sol amb moltes activitats que ens fan sentir b\u00e9 i ens aporten un benestar general.<\/p>\n\n\n\n<p>Continuarem amb els passejos terap\u00e8utics per gaudir dels nostres carrers, botigues, mercats... i conversar amb els nostres ve\u00efns i amics, una de les millors formes de socialitzar amb el nostre entorn.<\/p>\n\n\n\n<p>Als tallers art\u00edstics treballarem diferents t\u00e8cniques amb tota mena de materials (aquarel\u00b7la, pintura acr\u00edlica, a l\u2019oli...) i finalitzarem el taller de disseny de ventalls\u2026 Estigueu atents i atentes a les nostres xarxes socials per veure les nostres creacions.<\/p>\n\n\n\n<p>Mantindrem les sessions d'estimulaci\u00f3 cognitiva que tan ens ajuden a promoure l'atenci\u00f3 i la concentraci\u00f3, de la mateixa manera que no deixarem de realitzar activitats de caire sensorial amb les que ens ho passem tant b\u00e9. Ah! I no ens oblidem de les sessions de ter\u00e0pia assistida amb animals.<\/p>\n\n\n\n<p>Seguim en marxa fent el m\u00e0xim d'activitats perqu\u00e8 la nostra gent gran es diverteixin, estiguin actius i facin exercici f\u00edsic.<br>L'equip de fisioter\u00e0pia prosseguir\u00e0 amb les sessions individuals de rehabilitaci\u00f3 i de gimn\u00e0stica grupal i despr\u00e9s compartirem algun joc ben distret.<\/p>\n\n\n\n<p>Projectarem pel\u00b7l\u00edcules de cinema, organitzarem jocs de taula, bingo, petanca o punteria per enfortir la mem\u00f2ria, la percepci\u00f3, millorar la seva rapidesa i la seva capacitat de concentraci\u00f3.<\/p>\n\n\n\n<p>Gaudirem del \u201cMen\u00fa de l'avi el primer dijous de setembre i celebrarem la festa d'aniversaris la darrera setmana de mes amb un sabor\u00f3s past\u00eds, un pica-pica especial, can\u00e7ons i regals per als residents nascuts al setembre.<\/p>\n\n\n\n<p>De cara a la Diada Nacional de Catalunya, que celebrem l'11 de setembre, dedicarem aquella setmana a veure qu\u00e8 en sabem i qu\u00e8 aprenem sobre aquesta commemoraci\u00f3 a trav\u00e9s de v\u00eddeos, lectures i alguns tallers.<\/p>\n\n\n\n<p>Com noves activitats, hi haur\u00e0 un taller especial de reminisc\u00e8ncia en motiu del dia mundial de l\u2019Alzheimer i una sessi\u00f3 de \u201cMusica per l\u2019oblit\u201d oberta a les fam\u00edlies que vulguin participar.<\/p>\n\n\n\n<p>Us convidem a acompanyar-nos en totes les aventures que ens oferir\u00e0 aquest mes!<\/p>","protected":false},"excerpt":{"rendered":"<p>Septiembre nos trae la llegada del oto\u00f1o, pero tambi\u00e9n la oportunidad de aprovechar los \u00faltimos d\u00edas de sol con muchas actividades que nos hacen sentir bien y nos aportan bienestar general. Continuaremos con los paseos terap\u00e9uticos para disfrutar de nuestras calles, tiendas, mercados\u2026 y conversar con nuestros vecinos y amigos, una de las mejores formas [&hellip;]<\/p>","protected":false},"author":12,"featured_media":21329,"comment_status":"closed","ping_status":"closed","sticky":false,"template":"","format":"standard","meta":{"content-type":"","footnotes":""},"categories":[12,14,16],"tags":[],"class_list":["post-21325","post","type-post","status-publish","format-standard","has-post-thumbnail","hentry","category-noticias-la-rambla","category-noticias-les-oliveres","category-noticias-reig"],"yoast_head":"<!-- This site is optimized with the Yoast SEO plugin v26.0 - https:\/\/yoast.com\/wordpress\/plugins\/seo\/ -->\n<title>Bienvenido oto\u00f1o y sus recuerdos - Noticias La Vostra Llar<\/title>\n<meta name=\"robots\" content=\"index, follow, max-snippet:-1, max-image-preview:large, max-video-preview:-1\" \/>\n<link rel=\"canonical\" href=\"https:\/\/lavostrallar.com\/noticias\/ca\/bienvenido-otono-y-sus-recuerdos\/\" \/>\n<meta property=\"og:locale\" content=\"ca_ES\" \/>\n<meta property=\"og:type\" content=\"article\" \/>\n<meta property=\"og:title\" content=\"Bienvenido oto\u00f1o y sus recuerdos - Noticias La Vostra Llar\" \/>\n<meta property=\"og:description\" content=\"Septiembre nos trae la llegada del oto\u00f1o, pero tambi\u00e9n la oportunidad de aprovechar los \u00faltimos d\u00edas de sol con muchas actividades que nos hacen sentir bien y nos aportan bienestar general. Continuaremos con los paseos terap\u00e9uticos para disfrutar de nuestras calles, tiendas, mercados\u2026 y conversar con nuestros vecinos y amigos, una de las mejores formas [&hellip;]\" \/>\n<meta property=\"og:url\" content=\"https:\/\/lavostrallar.com\/noticias\/ca\/bienvenido-otono-y-sus-recuerdos\/\" \/>\n<meta property=\"og:site_name\" content=\"Noticias La Vostra Llar\" \/>\n<meta property=\"article:publisher\" content=\"https:\/\/www.facebook.com\/lavostra.llar\" \/>\n<meta property=\"article:published_time\" content=\"2022-08-26T12:02:27+00:00\" \/>\n<meta property=\"article:modified_time\" content=\"2022-08-26T12:11:30+00:00\" \/>\n<meta property=\"og:image\" content=\"https:\/\/lavostrallar.com\/noticias\/wp-content\/uploads\/2022\/08\/298568858_5258004660982323_3005364124159015860_n.jpg\" \/>\n\t<meta property=\"og:image:width\" content=\"1536\" \/>\n\t<meta property=\"og:image:height\" content=\"2048\" \/>\n\t<meta property=\"og:image:type\" content=\"image\/jpeg\" \/>\n<meta name=\"author\" content=\"lavostrallar Comunicacio\" \/>\n<meta name=\"twitter:card\" content=\"summary_large_image\" \/>\n<meta name=\"twitter:creator\" content=\"@lavostrallar\" \/>\n<meta name=\"twitter:site\" content=\"@lavostrallar\" \/>\n<meta name=\"twitter:label1\" content=\"Escrit per\" \/>\n\t<meta name=\"twitter:data1\" content=\"lavostrallar Comunicacio\" \/>\n\t<meta name=\"twitter:label2\" content=\"Temps estimat de lectura\" \/>\n\t<meta name=\"twitter:data2\" content=\"2 minuts\" \/>\n<script type=\"application\/ld+json\" class=\"yoast-schema-graph\">{\"@context\":\"https:\/\/schema.org\",\"@graph\":[{\"@type\":\"Article\",\"@id\":\"https:\/\/lavostrallar.com\/noticias\/ca\/bienvenido-otono-y-sus-recuerdos\/#article\",\"isPartOf\":{\"@id\":\"https:\/\/lavostrallar.com\/noticias\/ca\/bienvenido-otono-y-sus-recuerdos\/\"},\"author\":{\"name\":\"lavostrallar Comunicacio\",\"@id\":\"https:\/\/lavostrallar.com\/noticias\/#\/schema\/person\/321f189af5ebbd679ae095028db43fdd\"},\"headline\":\"Bienvenido oto\u00f1o y sus recuerdos\",\"datePublished\":\"2022-08-26T12:02:27+00:00\",\"dateModified\":\"2022-08-26T12:11:30+00:00\",\"mainEntityOfPage\":{\"@id\":\"https:\/\/lavostrallar.com\/noticias\/ca\/bienvenido-otono-y-sus-recuerdos\/\"},\"wordCount\":367,\"publisher\":{\"@id\":\"https:\/\/lavostrallar.com\/noticias\/#organization\"},\"image\":{\"@id\":\"https:\/\/lavostrallar.com\/noticias\/ca\/bienvenido-otono-y-sus-recuerdos\/#primaryimage\"},\"thumbnailUrl\":\"https:\/\/lavostrallar.com\/noticias\/wp-content\/uploads\/2022\/08\/298568858_5258004660982323_3005364124159015860_n.jpg\",\"articleSection\":[\"Noticias La Rambla\",\"Noticias Les Oliveres\",\"Noticias Reig\"],\"inLanguage\":\"ca\"},{\"@type\":\"WebPage\",\"@id\":\"https:\/\/lavostrallar.com\/noticias\/ca\/bienvenido-otono-y-sus-recuerdos\/\",\"url\":\"https:\/\/lavostrallar.com\/noticias\/ca\/bienvenido-otono-y-sus-recuerdos\/\",\"name\":\"Bienvenido oto\u00f1o y sus recuerdos - Noticias La Vostra Llar\",\"isPartOf\":{\"@id\":\"https:\/\/lavostrallar.com\/noticias\/#website\"},\"primaryImageOfPage\":{\"@id\":\"https:\/\/lavostrallar.com\/noticias\/ca\/bienvenido-otono-y-sus-recuerdos\/#primaryimage\"},\"image\":{\"@id\":\"https:\/\/lavostrallar.com\/noticias\/ca\/bienvenido-otono-y-sus-recuerdos\/#primaryimage\"},\"thumbnailUrl\":\"https:\/\/lavostrallar.com\/noticias\/wp-content\/uploads\/2022\/08\/298568858_5258004660982323_3005364124159015860_n.jpg\",\"datePublished\":\"2022-08-26T12:02:27+00:00\",\"dateModified\":\"2022-08-26T12:11:30+00:00\",\"breadcrumb\":{\"@id\":\"https:\/\/lavostrallar.com\/noticias\/ca\/bienvenido-otono-y-sus-recuerdos\/#breadcrumb\"},\"inLanguage\":\"ca\",\"potentialAction\":[{\"@type\":\"ReadAction\",\"target\":[\"https:\/\/lavostrallar.com\/noticias\/ca\/bienvenido-otono-y-sus-recuerdos\/\"]}]},{\"@type\":\"ImageObject\",\"inLanguage\":\"ca\",\"@id\":\"https:\/\/lavostrallar.com\/noticias\/ca\/bienvenido-otono-y-sus-recuerdos\/#primaryimage\",\"url\":\"https:\/\/lavostrallar.com\/noticias\/wp-content\/uploads\/2022\/08\/298568858_5258004660982323_3005364124159015860_n.jpg\",\"contentUrl\":\"https:\/\/lavostrallar.com\/noticias\/wp-content\/uploads\/2022\/08\/298568858_5258004660982323_3005364124159015860_n.jpg\",\"width\":1536,\"height\":2048},{\"@type\":\"BreadcrumbList\",\"@id\":\"https:\/\/lavostrallar.com\/noticias\/ca\/bienvenido-otono-y-sus-recuerdos\/#breadcrumb\",\"itemListElement\":[{\"@type\":\"ListItem\",\"position\":1,\"name\":\"Portada\",\"item\":\"https:\/\/lavostrallar.com\/noticias\/\"},{\"@type\":\"ListItem\",\"position\":2,\"name\":\"Bienvenido oto\u00f1o y sus recuerdos\"}]},{\"@type\":\"WebSite\",\"@id\":\"https:\/\/lavostrallar.com\/noticias\/#website\",\"url\":\"https:\/\/lavostrallar.com\/noticias\/\",\"name\":\"La Vostra Llar\",\"description\":\"La Vostra Llar gestiona resid\u00e8ncies geri\u00e0triques des de 1987 amb la missi\u00f3 d\u2019oferir assist\u00e8ncia personalitzada per estimular, acollir i atendre les persones grans amb qualsevol grau de depend\u00e8ncia.\",\"publisher\":{\"@id\":\"https:\/\/lavostrallar.com\/noticias\/#organization\"},\"potentialAction\":[{\"@type\":\"SearchAction\",\"target\":{\"@type\":\"EntryPoint\",\"urlTemplate\":\"https:\/\/lavostrallar.com\/noticias\/?s={search_term_string}\"},\"query-input\":{\"@type\":\"PropertyValueSpecification\",\"valueRequired\":true,\"valueName\":\"search_term_string\"}}],\"inLanguage\":\"ca\"},{\"@type\":\"Organization\",\"@id\":\"https:\/\/lavostrallar.com\/noticias\/#organization\",\"name\":\"La Vostra Llar\",\"url\":\"https:\/\/lavostrallar.com\/noticias\/\",\"logo\":{\"@type\":\"ImageObject\",\"inLanguage\":\"ca\",\"@id\":\"https:\/\/lavostrallar.com\/noticias\/#\/schema\/logo\/image\/\",\"url\":\"https:\/\/lavostrallar.com\/noticias\/wp-content\/uploads\/2021\/12\/logo_lavostrallar.png\",\"contentUrl\":\"https:\/\/lavostrallar.com\/noticias\/wp-content\/uploads\/2021\/12\/logo_lavostrallar.png\",\"width\":217,\"height\":109,\"caption\":\"La Vostra Llar\"},\"image\":{\"@id\":\"https:\/\/lavostrallar.com\/noticias\/#\/schema\/logo\/image\/\"},\"sameAs\":[\"https:\/\/www.facebook.com\/lavostra.llar\",\"https:\/\/x.com\/lavostrallar\",\"https:\/\/www.instagram.com\/lavostrallar\/\"]},{\"@type\":\"Person\",\"@id\":\"https:\/\/lavostrallar.com\/noticias\/#\/schema\/person\/321f189af5ebbd679ae095028db43fdd\",\"name\":\"lavostrallar Comunicacio\",\"image\":{\"@type\":\"ImageObject\",\"inLanguage\":\"ca\",\"@id\":\"https:\/\/lavostrallar.com\/noticias\/#\/schema\/person\/image\/\",\"url\":\"https:\/\/secure.gravatar.com\/avatar\/69a4b73b52c8eedccce42e542861709a5afc2b40e0a43d691da018458db2d41b?s=96&d=mm&r=g\",\"contentUrl\":\"https:\/\/secure.gravatar.com\/avatar\/69a4b73b52c8eedccce42e542861709a5afc2b40e0a43d691da018458db2d41b?s=96&d=mm&r=g\",\"caption\":\"lavostrallar Comunicacio\"},\"url\":\"https:\/\/lavostrallar.com\/noticias\/ca\/author\/lavostrallar-comunicacio\/\"}]}<\/script>\n<!-- \/ Yoast SEO plugin. -->","yoast_head_json":{"title":"Bienvenido oto\u00f1o y sus recuerdos - Noticias La Vostra Llar","robots":{"index":"index","follow":"follow","max-snippet":"max-snippet:-1","max-image-preview":"max-image-preview:large","max-video-preview":"max-video-preview:-1"},"canonical":"https:\/\/lavostrallar.com\/noticias\/ca\/bienvenido-otono-y-sus-recuerdos\/","og_locale":"ca_ES","og_type":"article","og_title":"Bienvenido oto\u00f1o y sus recuerdos - Noticias La Vostra Llar","og_description":"Septiembre nos trae la llegada del oto\u00f1o, pero tambi\u00e9n la oportunidad de aprovechar los \u00faltimos d\u00edas de sol con muchas actividades que nos hacen sentir bien y nos aportan bienestar general. Continuaremos con los paseos terap\u00e9uticos para disfrutar de nuestras calles, tiendas, mercados\u2026 y conversar con nuestros vecinos y amigos, una de las mejores formas [&hellip;]","og_url":"https:\/\/lavostrallar.com\/noticias\/ca\/bienvenido-otono-y-sus-recuerdos\/","og_site_name":"Noticias La Vostra Llar","article_publisher":"https:\/\/www.facebook.com\/lavostra.llar","article_published_time":"2022-08-26T12:02:27+00:00","article_modified_time":"2022-08-26T12:11:30+00:00","og_image":[{"width":1536,"height":2048,"url":"https:\/\/lavostrallar.com\/noticias\/wp-content\/uploads\/2022\/08\/298568858_5258004660982323_3005364124159015860_n.jpg","type":"image\/jpeg"}],"author":"lavostrallar Comunicacio","twitter_card":"summary_large_image","twitter_creator":"@lavostrallar","twitter_site":"@lavostrallar","twitter_misc":{"Escrit per":"lavostrallar Comunicacio","Temps estimat de lectura":"2 minuts"},"schema":{"@context":"https:\/\/schema.org","@graph":[{"@type":"Article","@id":"https:\/\/lavostrallar.com\/noticias\/ca\/bienvenido-otono-y-sus-recuerdos\/#article","isPartOf":{"@id":"https:\/\/lavostrallar.com\/noticias\/ca\/bienvenido-otono-y-sus-recuerdos\/"},"author":{"name":"lavostrallar Comunicacio","@id":"https:\/\/lavostrallar.com\/noticias\/#\/schema\/person\/321f189af5ebbd679ae095028db43fdd"},"headline":"Bienvenido oto\u00f1o y sus recuerdos","datePublished":"2022-08-26T12:02:27+00:00","dateModified":"2022-08-26T12:11:30+00:00","mainEntityOfPage":{"@id":"https:\/\/lavostrallar.com\/noticias\/ca\/bienvenido-otono-y-sus-recuerdos\/"},"wordCount":367,"publisher":{"@id":"https:\/\/lavostrallar.com\/noticias\/#organization"},"image":{"@id":"https:\/\/lavostrallar.com\/noticias\/ca\/bienvenido-otono-y-sus-recuerdos\/#primaryimage"},"thumbnailUrl":"https:\/\/lavostrallar.com\/noticias\/wp-content\/uploads\/2022\/08\/298568858_5258004660982323_3005364124159015860_n.jpg","articleSection":["Noticias La Rambla","Noticias Les Oliveres","Noticias Reig"],"inLanguage":"ca"},{"@type":"WebPage","@id":"https:\/\/lavostrallar.com\/noticias\/ca\/bienvenido-otono-y-sus-recuerdos\/","url":"https:\/\/lavostrallar.com\/noticias\/ca\/bienvenido-otono-y-sus-recuerdos\/","name":"Bienvenido oto\u00f1o y sus recuerdos - Noticias La Vostra Llar","isPartOf":{"@id":"https:\/\/lavostrallar.com\/noticias\/#website"},"primaryImageOfPage":{"@id":"https:\/\/lavostrallar.com\/noticias\/ca\/bienvenido-otono-y-sus-recuerdos\/#primaryimage"},"image":{"@id":"https:\/\/lavostrallar.com\/noticias\/ca\/bienvenido-otono-y-sus-recuerdos\/#primaryimage"},"thumbnailUrl":"https:\/\/lavostrallar.com\/noticias\/wp-content\/uploads\/2022\/08\/298568858_5258004660982323_3005364124159015860_n.jpg","datePublished":"2022-08-26T12:02:27+00:00","dateModified":"2022-08-26T12:11:30+00:00","breadcrumb":{"@id":"https:\/\/lavostrallar.com\/noticias\/ca\/bienvenido-otono-y-sus-recuerdos\/#breadcrumb"},"inLanguage":"ca","potentialAction":[{"@type":"ReadAction","target":["https:\/\/lavostrallar.com\/noticias\/ca\/bienvenido-otono-y-sus-recuerdos\/"]}]},{"@type":"ImageObject","inLanguage":"ca","@id":"https:\/\/lavostrallar.com\/noticias\/ca\/bienvenido-otono-y-sus-recuerdos\/#primaryimage","url":"https:\/\/lavostrallar.com\/noticias\/wp-content\/uploads\/2022\/08\/298568858_5258004660982323_3005364124159015860_n.jpg","contentUrl":"https:\/\/lavostrallar.com\/noticias\/wp-content\/uploads\/2022\/08\/298568858_5258004660982323_3005364124159015860_n.jpg","width":1536,"height":2048},{"@type":"BreadcrumbList","@id":"https:\/\/lavostrallar.com\/noticias\/ca\/bienvenido-otono-y-sus-recuerdos\/#breadcrumb","itemListElement":[{"@type":"ListItem","position":1,"name":"Portada","item":"https:\/\/lavostrallar.com\/noticias\/"},{"@type":"ListItem","position":2,"name":"Bienvenido oto\u00f1o y sus recuerdos"}]},{"@type":"WebSite","@id":"https:\/\/lavostrallar.com\/noticias\/#website","url":"https:\/\/lavostrallar.com\/noticias\/","name":"La Vostra Llar","description":"La Vostra Llar gestiona resid\u00e8ncies geri\u00e0triques des de 1987 amb la missi\u00f3 d\u2019oferir assist\u00e8ncia personalitzada per estimular, acollir i atendre les persones grans amb qualsevol grau de depend\u00e8ncia.","publisher":{"@id":"https:\/\/lavostrallar.com\/noticias\/#organization"},"potentialAction":[{"@type":"SearchAction","target":{"@type":"EntryPoint","urlTemplate":"https:\/\/lavostrallar.com\/noticias\/?s={search_term_string}"},"query-input":{"@type":"PropertyValueSpecification","valueRequired":true,"valueName":"search_term_string"}}],"inLanguage":"ca"},{"@type":"Organization","@id":"https:\/\/lavostrallar.com\/noticias\/#organization","name":"La Vostra Llar","url":"https:\/\/lavostrallar.com\/noticias\/","logo":{"@type":"ImageObject","inLanguage":"ca","@id":"https:\/\/lavostrallar.com\/noticias\/#\/schema\/logo\/image\/","url":"https:\/\/lavostrallar.com\/noticias\/wp-content\/uploads\/2021\/12\/logo_lavostrallar.png","contentUrl":"https:\/\/lavostrallar.com\/noticias\/wp-content\/uploads\/2021\/12\/logo_lavostrallar.png","width":217,"height":109,"caption":"La Vostra Llar"},"image":{"@id":"https:\/\/lavostrallar.com\/noticias\/#\/schema\/logo\/image\/"},"sameAs":["https:\/\/www.facebook.com\/lavostra.llar","https:\/\/x.com\/lavostrallar","https:\/\/www.instagram.com\/lavostrallar\/"]},{"@type":"Person","@id":"https:\/\/lavostrallar.com\/noticias\/#\/schema\/person\/321f189af5ebbd679ae095028db43fdd","name":"lavostrallar Comunicacio","image":{"@type":"ImageObject","inLanguage":"ca","@id":"https:\/\/lavostrallar.com\/noticias\/#\/schema\/person\/image\/","url":"https:\/\/secure.gravatar.com\/avatar\/69a4b73b52c8eedccce42e542861709a5afc2b40e0a43d691da018458db2d41b?s=96&d=mm&r=g","contentUrl":"https:\/\/secure.gravatar.com\/avatar\/69a4b73b52c8eedccce42e542861709a5afc2b40e0a43d691da018458db2d41b?s=96&d=mm&r=g","caption":"lavostrallar Comunicacio"},"url":"https:\/\/lavostrallar.com\/noticias\/ca\/author\/lavostrallar-comunicacio\/"}]}},"_links":{"self":[{"href":"https:\/\/lavostrallar.com\/noticias\/ca\/wp-json\/wp\/v2\/posts\/21325","targetHints":{"allow":["GET"]}}],"collection":[{"href":"https:\/\/lavostrallar.com\/noticias\/ca\/wp-json\/wp\/v2\/posts"}],"about":[{"href":"https:\/\/lavostrallar.com\/noticias\/ca\/wp-json\/wp\/v2\/types\/post"}],"author":[{"embeddable":true,"href":"https:\/\/lavostrallar.com\/noticias\/ca\/wp-json\/wp\/v2\/users\/12"}],"replies":[{"embeddable":true,"href":"https:\/\/lavostrallar.com\/noticias\/ca\/wp-json\/wp\/v2\/comments?post=21325"}],"version-history":[{"count":2,"href":"https:\/\/lavostrallar.com\/noticias\/ca\/wp-json\/wp\/v2\/posts\/21325\/revisions"}],"predecessor-version":[{"id":21328,"href":"https:\/\/lavostrallar.com\/noticias\/ca\/wp-json\/wp\/v2\/posts\/21325\/revisions\/21328"}],"wp:featuredmedia":[{"embeddable":true,"href":"https:\/\/lavostrallar.com\/noticias\/ca\/wp-json\/wp\/v2\/media\/21329"}],"wp:attachment":[{"href":"https:\/\/lavostrallar.com\/noticias\/ca\/wp-json\/wp\/v2\/media?parent=21325"}],"wp:term":[{"taxonomy":"category","embeddable":true,"href":"https:\/\/lavostrallar.com\/noticias\/ca\/wp-json\/wp\/v2\/categories?post=21325"},{"taxonomy":"post_tag","embeddable":true,"href":"https:\/\/lavostrallar.com\/noticias\/ca\/wp-json\/wp\/v2\/tags?post=21325"}],"curies":[{"name":"wp","href":"https:\/\/api.w.org\/{rel}","templated":true}]}}