	{"id":21429,"date":"2022-09-09T14:21:36","date_gmt":"2022-09-09T14:21:36","guid":{"rendered":"https:\/\/lavostrallar.com\/?p=21429"},"modified":"2022-09-13T09:07:26","modified_gmt":"2022-09-13T09:07:26","slug":"21-de-setiembre-gracia-con-el-dia-mundial-del-alzheimer","status":"publish","type":"post","link":"https:\/\/lavostrallar.com\/noticias\/ca\/21-de-setiembre-gracia-con-el-dia-mundial-del-alzheimer\/","title":{"rendered":"21 de Setembre, Gr\u00e0cia amb el Dia Mundial de l'Alzheimer"},"content":{"rendered":"<p>El record. Us heu plantejat quantes vegades al dia diem la paraula record? Recordes on vam anar, recorda\u2019t de portar, em recorda... De fet, el record \u00e9s el que construeix la nostre vida. All\u00f2 que recordem, que hem viscut o hem fet \u00e9s la base per guiar-nos el que farem o viurem.<br>Quan ens reunim amb la colla recordem aquells temps passat viscuts. Amb la fam\u00edlia, les llargues converses al voltant de la taula recordant an\u00e8cdotes del passat, \u00e9s el moment m\u00e9s entranyable de l\u2019\u00e0pat.<br>Durant aquest m\u00e9s he estat pensant... I, quan oblidem, vol dir que deixem de ser? Sense dubtar-ho he anat a la font de la saviesa per trobar la resposta. Els nostres avis i \u00e0vies.<br>La Isabel m\u2019ha dit que els records s\u00f3n vius, no es perden, em diu que el que es perd \u00e9s la manera de recordar-los, per\u00f2 que, si saps com fer-ho, apareixen, sempre hi son. Per tant, mai deixem de ser.<br>El Manel m\u2019ha comentat que pot ser que oblidem alguna cosa, per\u00f2 no la manera que fem. El present est\u00e0 constru\u00eft del record passat i, si estem contents de com som ara, \u00e9s perqu\u00e8 el nostre record ens ha ajudat a ser, \u00e9s a dir mai deixem de ser.<br>Per\u00f2 qui m\u2019ha fet assossegar la meva inquietud ha estat la Antonia, ella \u00e9s d\u2019aquestes persones que la gent diu \u201cno recorda res\u201d:<br>-\tAntonia saps qui s\u00f3c jo? Em recordes<br>No m\u2019ha dit res, m\u2019ha abra\u00e7at i m\u2019ha somrigut. Em Recorda.<br>El record hi \u00e9s sempre, per tant sempre som, mai deixem de ser.<\/p>\n\n\n\n<p>Commemorarem el Dia Mundial de l'Alzheimer per visibilitzar la malaltia i sensibilitzar la societat.<\/p>","protected":false},"excerpt":{"rendered":"<p>El recuerdo. \u00bfOs hab\u00e9is planteado cu\u00e1ntas veces al d\u00eda decimos la palabra recuerdo?&#8230; Recuerdas d\u00f3nde fuimos, recuerda llevar, me recuerda&#8230; De hecho, el recuerdo es lo que construye nuestra vida. Aquello que recordamos, que hemos vivido o hemos hecho es la base para guiar lo que haremos o viviremos.Cuando nos reunimos con los amigos recordamos [&hellip;]<\/p>","protected":false},"author":3,"featured_media":21430,"comment_status":"closed","ping_status":"closed","sticky":false,"template":"","format":"standard","meta":{"content-type":"","footnotes":""},"categories":[18],"tags":[],"class_list":["post-21429","post","type-post","status-publish","format-standard","has-post-thumbnail","hentry","category-noticias-gracia"],"yoast_head":"<!-- This site is optimized with the Yoast SEO plugin v26.0 - https:\/\/yoast.com\/wordpress\/plugins\/seo\/ -->\n<title>21 de Septiembre, Gr\u00e0cia con el D\u00eda Mundial del Alzheimer - Noticias La Vostra Llar<\/title>\n<meta name=\"robots\" content=\"index, follow, max-snippet:-1, max-image-preview:large, max-video-preview:-1\" \/>\n<link rel=\"canonical\" href=\"https:\/\/lavostrallar.com\/noticias\/ca\/21-de-setiembre-gracia-con-el-dia-mundial-del-alzheimer\/\" \/>\n<meta property=\"og:locale\" content=\"ca_ES\" \/>\n<meta property=\"og:type\" content=\"article\" \/>\n<meta property=\"og:title\" content=\"21 de Septiembre, Gr\u00e0cia con el D\u00eda Mundial del Alzheimer - Noticias La Vostra Llar\" \/>\n<meta property=\"og:description\" content=\"El recuerdo. \u00bfOs hab\u00e9is planteado cu\u00e1ntas veces al d\u00eda decimos la palabra recuerdo?&#8230; Recuerdas d\u00f3nde fuimos, recuerda llevar, me recuerda&#8230; De hecho, el recuerdo es lo que construye nuestra vida. Aquello que recordamos, que hemos vivido o hemos hecho es la base para guiar lo que haremos o viviremos.Cuando nos reunimos con los amigos recordamos [&hellip;]\" \/>\n<meta property=\"og:url\" content=\"https:\/\/lavostrallar.com\/noticias\/ca\/21-de-setiembre-gracia-con-el-dia-mundial-del-alzheimer\/\" \/>\n<meta property=\"og:site_name\" content=\"Noticias La Vostra Llar\" \/>\n<meta property=\"article:publisher\" content=\"https:\/\/www.facebook.com\/lavostra.llar\" \/>\n<meta property=\"article:published_time\" content=\"2022-09-09T14:21:36+00:00\" \/>\n<meta property=\"article:modified_time\" content=\"2022-09-13T09:07:26+00:00\" \/>\n<meta property=\"og:image\" content=\"https:\/\/lavostrallar.com\/noticias\/wp-content\/uploads\/2022\/09\/IMG20220909155729-scaled.jpg\" \/>\n\t<meta property=\"og:image:width\" content=\"2560\" \/>\n\t<meta property=\"og:image:height\" content=\"1920\" \/>\n\t<meta property=\"og:image:type\" content=\"image\/jpeg\" \/>\n<meta name=\"author\" content=\"lavostrallar Gracia\" \/>\n<meta name=\"twitter:card\" content=\"summary_large_image\" \/>\n<meta name=\"twitter:creator\" content=\"@lavostrallar\" \/>\n<meta name=\"twitter:site\" content=\"@lavostrallar\" \/>\n<meta name=\"twitter:label1\" content=\"Escrit per\" \/>\n\t<meta name=\"twitter:data1\" content=\"lavostrallar Gracia\" \/>\n\t<meta name=\"twitter:label2\" content=\"Temps estimat de lectura\" \/>\n\t<meta name=\"twitter:data2\" content=\"2 minuts\" \/>\n<script type=\"application\/ld+json\" class=\"yoast-schema-graph\">{\"@context\":\"https:\/\/schema.org\",\"@graph\":[{\"@type\":\"Article\",\"@id\":\"https:\/\/lavostrallar.com\/noticias\/21-de-setiembre-gracia-con-el-dia-mundial-del-alzheimer\/#article\",\"isPartOf\":{\"@id\":\"https:\/\/lavostrallar.com\/noticias\/21-de-setiembre-gracia-con-el-dia-mundial-del-alzheimer\/\"},\"author\":{\"name\":\"lavostrallar Gracia\",\"@id\":\"https:\/\/lavostrallar.com\/noticias\/#\/schema\/person\/98d190b96ca2625c1d1b620c5f85d524\"},\"headline\":\"21 de Septiembre, Gr\u00e0cia con el D\u00eda Mundial del Alzheimer\",\"datePublished\":\"2022-09-09T14:21:36+00:00\",\"dateModified\":\"2022-09-13T09:07:26+00:00\",\"mainEntityOfPage\":{\"@id\":\"https:\/\/lavostrallar.com\/noticias\/21-de-setiembre-gracia-con-el-dia-mundial-del-alzheimer\/\"},\"wordCount\":307,\"publisher\":{\"@id\":\"https:\/\/lavostrallar.com\/noticias\/#organization\"},\"image\":{\"@id\":\"https:\/\/lavostrallar.com\/noticias\/21-de-setiembre-gracia-con-el-dia-mundial-del-alzheimer\/#primaryimage\"},\"thumbnailUrl\":\"https:\/\/lavostrallar.com\/noticias\/wp-content\/uploads\/2022\/09\/IMG20220909155729-scaled.jpg\",\"articleSection\":[\"Noticias Gr\u00e0cia\"],\"inLanguage\":\"ca\"},{\"@type\":\"WebPage\",\"@id\":\"https:\/\/lavostrallar.com\/noticias\/21-de-setiembre-gracia-con-el-dia-mundial-del-alzheimer\/\",\"url\":\"https:\/\/lavostrallar.com\/noticias\/21-de-setiembre-gracia-con-el-dia-mundial-del-alzheimer\/\",\"name\":\"21 de Septiembre, Gr\u00e0cia con el D\u00eda Mundial del Alzheimer - Noticias La Vostra Llar\",\"isPartOf\":{\"@id\":\"https:\/\/lavostrallar.com\/noticias\/#website\"},\"primaryImageOfPage\":{\"@id\":\"https:\/\/lavostrallar.com\/noticias\/21-de-setiembre-gracia-con-el-dia-mundial-del-alzheimer\/#primaryimage\"},\"image\":{\"@id\":\"https:\/\/lavostrallar.com\/noticias\/21-de-setiembre-gracia-con-el-dia-mundial-del-alzheimer\/#primaryimage\"},\"thumbnailUrl\":\"https:\/\/lavostrallar.com\/noticias\/wp-content\/uploads\/2022\/09\/IMG20220909155729-scaled.jpg\",\"datePublished\":\"2022-09-09T14:21:36+00:00\",\"dateModified\":\"2022-09-13T09:07:26+00:00\",\"breadcrumb\":{\"@id\":\"https:\/\/lavostrallar.com\/noticias\/21-de-setiembre-gracia-con-el-dia-mundial-del-alzheimer\/#breadcrumb\"},\"inLanguage\":\"ca\",\"potentialAction\":[{\"@type\":\"ReadAction\",\"target\":[\"https:\/\/lavostrallar.com\/noticias\/21-de-setiembre-gracia-con-el-dia-mundial-del-alzheimer\/\"]}]},{\"@type\":\"ImageObject\",\"inLanguage\":\"ca\",\"@id\":\"https:\/\/lavostrallar.com\/noticias\/21-de-setiembre-gracia-con-el-dia-mundial-del-alzheimer\/#primaryimage\",\"url\":\"https:\/\/lavostrallar.com\/noticias\/wp-content\/uploads\/2022\/09\/IMG20220909155729-scaled.jpg\",\"contentUrl\":\"https:\/\/lavostrallar.com\/noticias\/wp-content\/uploads\/2022\/09\/IMG20220909155729-scaled.jpg\",\"width\":2560,\"height\":1920},{\"@type\":\"BreadcrumbList\",\"@id\":\"https:\/\/lavostrallar.com\/noticias\/21-de-setiembre-gracia-con-el-dia-mundial-del-alzheimer\/#breadcrumb\",\"itemListElement\":[{\"@type\":\"ListItem\",\"position\":1,\"name\":\"Portada\",\"item\":\"https:\/\/lavostrallar.com\/noticias\/\"},{\"@type\":\"ListItem\",\"position\":2,\"name\":\"21 de Septiembre, Gr\u00e0cia con el D\u00eda Mundial del Alzheimer\"}]},{\"@type\":\"WebSite\",\"@id\":\"https:\/\/lavostrallar.com\/noticias\/#website\",\"url\":\"https:\/\/lavostrallar.com\/noticias\/\",\"name\":\"La Vostra Llar\",\"description\":\"La Vostra Llar gestiona resid\u00e8ncies geri\u00e0triques des de 1987 amb la missi\u00f3 d\u2019oferir assist\u00e8ncia personalitzada per estimular, acollir i atendre les persones grans amb qualsevol grau de depend\u00e8ncia.\",\"publisher\":{\"@id\":\"https:\/\/lavostrallar.com\/noticias\/#organization\"},\"potentialAction\":[{\"@type\":\"SearchAction\",\"target\":{\"@type\":\"EntryPoint\",\"urlTemplate\":\"https:\/\/lavostrallar.com\/noticias\/?s={search_term_string}\"},\"query-input\":{\"@type\":\"PropertyValueSpecification\",\"valueRequired\":true,\"valueName\":\"search_term_string\"}}],\"inLanguage\":\"ca\"},{\"@type\":\"Organization\",\"@id\":\"https:\/\/lavostrallar.com\/noticias\/#organization\",\"name\":\"La Vostra Llar\",\"url\":\"https:\/\/lavostrallar.com\/noticias\/\",\"logo\":{\"@type\":\"ImageObject\",\"inLanguage\":\"ca\",\"@id\":\"https:\/\/lavostrallar.com\/noticias\/#\/schema\/logo\/image\/\",\"url\":\"https:\/\/lavostrallar.com\/noticias\/wp-content\/uploads\/2021\/12\/logo_lavostrallar.png\",\"contentUrl\":\"https:\/\/lavostrallar.com\/noticias\/wp-content\/uploads\/2021\/12\/logo_lavostrallar.png\",\"width\":217,\"height\":109,\"caption\":\"La Vostra Llar\"},\"image\":{\"@id\":\"https:\/\/lavostrallar.com\/noticias\/#\/schema\/logo\/image\/\"},\"sameAs\":[\"https:\/\/www.facebook.com\/lavostra.llar\",\"https:\/\/x.com\/lavostrallar\",\"https:\/\/www.instagram.com\/lavostrallar\/\"]},{\"@type\":\"Person\",\"@id\":\"https:\/\/lavostrallar.com\/noticias\/#\/schema\/person\/98d190b96ca2625c1d1b620c5f85d524\",\"name\":\"lavostrallar Gracia\",\"image\":{\"@type\":\"ImageObject\",\"inLanguage\":\"ca\",\"@id\":\"https:\/\/lavostrallar.com\/noticias\/#\/schema\/person\/image\/\",\"url\":\"https:\/\/secure.gravatar.com\/avatar\/22e1dc84f9fddb4b1831e2289bde1824099c3c45d1caa39e81531ea2f7fb0212?s=96&d=mm&r=g\",\"contentUrl\":\"https:\/\/secure.gravatar.com\/avatar\/22e1dc84f9fddb4b1831e2289bde1824099c3c45d1caa39e81531ea2f7fb0212?s=96&d=mm&r=g\",\"caption\":\"lavostrallar Gracia\"},\"sameAs\":[\"lavostrallar\"],\"url\":\"https:\/\/lavostrallar.com\/noticias\/ca\/author\/lavostrallar-gracia\/\"}]}<\/script>\n<!-- \/ Yoast SEO plugin. -->","yoast_head_json":{"title":"21 de Septiembre, Gr\u00e0cia con el D\u00eda Mundial del Alzheimer - Noticias La Vostra Llar","robots":{"index":"index","follow":"follow","max-snippet":"max-snippet:-1","max-image-preview":"max-image-preview:large","max-video-preview":"max-video-preview:-1"},"canonical":"https:\/\/lavostrallar.com\/noticias\/ca\/21-de-setiembre-gracia-con-el-dia-mundial-del-alzheimer\/","og_locale":"ca_ES","og_type":"article","og_title":"21 de Septiembre, Gr\u00e0cia con el D\u00eda Mundial del Alzheimer - Noticias La Vostra Llar","og_description":"El recuerdo. \u00bfOs hab\u00e9is planteado cu\u00e1ntas veces al d\u00eda decimos la palabra recuerdo?&#8230; Recuerdas d\u00f3nde fuimos, recuerda llevar, me recuerda&#8230; De hecho, el recuerdo es lo que construye nuestra vida. Aquello que recordamos, que hemos vivido o hemos hecho es la base para guiar lo que haremos o viviremos.Cuando nos reunimos con los amigos recordamos [&hellip;]","og_url":"https:\/\/lavostrallar.com\/noticias\/ca\/21-de-setiembre-gracia-con-el-dia-mundial-del-alzheimer\/","og_site_name":"Noticias La Vostra Llar","article_publisher":"https:\/\/www.facebook.com\/lavostra.llar","article_published_time":"2022-09-09T14:21:36+00:00","article_modified_time":"2022-09-13T09:07:26+00:00","og_image":[{"width":2560,"height":1920,"url":"https:\/\/lavostrallar.com\/noticias\/wp-content\/uploads\/2022\/09\/IMG20220909155729-scaled.jpg","type":"image\/jpeg"}],"author":"lavostrallar Gracia","twitter_card":"summary_large_image","twitter_creator":"@lavostrallar","twitter_site":"@lavostrallar","twitter_misc":{"Escrit per":"lavostrallar Gracia","Temps estimat de lectura":"2 minuts"},"schema":{"@context":"https:\/\/schema.org","@graph":[{"@type":"Article","@id":"https:\/\/lavostrallar.com\/noticias\/21-de-setiembre-gracia-con-el-dia-mundial-del-alzheimer\/#article","isPartOf":{"@id":"https:\/\/lavostrallar.com\/noticias\/21-de-setiembre-gracia-con-el-dia-mundial-del-alzheimer\/"},"author":{"name":"lavostrallar Gracia","@id":"https:\/\/lavostrallar.com\/noticias\/#\/schema\/person\/98d190b96ca2625c1d1b620c5f85d524"},"headline":"21 de Septiembre, Gr\u00e0cia con el D\u00eda Mundial del Alzheimer","datePublished":"2022-09-09T14:21:36+00:00","dateModified":"2022-09-13T09:07:26+00:00","mainEntityOfPage":{"@id":"https:\/\/lavostrallar.com\/noticias\/21-de-setiembre-gracia-con-el-dia-mundial-del-alzheimer\/"},"wordCount":307,"publisher":{"@id":"https:\/\/lavostrallar.com\/noticias\/#organization"},"image":{"@id":"https:\/\/lavostrallar.com\/noticias\/21-de-setiembre-gracia-con-el-dia-mundial-del-alzheimer\/#primaryimage"},"thumbnailUrl":"https:\/\/lavostrallar.com\/noticias\/wp-content\/uploads\/2022\/09\/IMG20220909155729-scaled.jpg","articleSection":["Noticias Gr\u00e0cia"],"inLanguage":"ca"},{"@type":"WebPage","@id":"https:\/\/lavostrallar.com\/noticias\/21-de-setiembre-gracia-con-el-dia-mundial-del-alzheimer\/","url":"https:\/\/lavostrallar.com\/noticias\/21-de-setiembre-gracia-con-el-dia-mundial-del-alzheimer\/","name":"21 de Septiembre, Gr\u00e0cia con el D\u00eda Mundial del Alzheimer - Noticias La Vostra Llar","isPartOf":{"@id":"https:\/\/lavostrallar.com\/noticias\/#website"},"primaryImageOfPage":{"@id":"https:\/\/lavostrallar.com\/noticias\/21-de-setiembre-gracia-con-el-dia-mundial-del-alzheimer\/#primaryimage"},"image":{"@id":"https:\/\/lavostrallar.com\/noticias\/21-de-setiembre-gracia-con-el-dia-mundial-del-alzheimer\/#primaryimage"},"thumbnailUrl":"https:\/\/lavostrallar.com\/noticias\/wp-content\/uploads\/2022\/09\/IMG20220909155729-scaled.jpg","datePublished":"2022-09-09T14:21:36+00:00","dateModified":"2022-09-13T09:07:26+00:00","breadcrumb":{"@id":"https:\/\/lavostrallar.com\/noticias\/21-de-setiembre-gracia-con-el-dia-mundial-del-alzheimer\/#breadcrumb"},"inLanguage":"ca","potentialAction":[{"@type":"ReadAction","target":["https:\/\/lavostrallar.com\/noticias\/21-de-setiembre-gracia-con-el-dia-mundial-del-alzheimer\/"]}]},{"@type":"ImageObject","inLanguage":"ca","@id":"https:\/\/lavostrallar.com\/noticias\/21-de-setiembre-gracia-con-el-dia-mundial-del-alzheimer\/#primaryimage","url":"https:\/\/lavostrallar.com\/noticias\/wp-content\/uploads\/2022\/09\/IMG20220909155729-scaled.jpg","contentUrl":"https:\/\/lavostrallar.com\/noticias\/wp-content\/uploads\/2022\/09\/IMG20220909155729-scaled.jpg","width":2560,"height":1920},{"@type":"BreadcrumbList","@id":"https:\/\/lavostrallar.com\/noticias\/21-de-setiembre-gracia-con-el-dia-mundial-del-alzheimer\/#breadcrumb","itemListElement":[{"@type":"ListItem","position":1,"name":"Portada","item":"https:\/\/lavostrallar.com\/noticias\/"},{"@type":"ListItem","position":2,"name":"21 de Septiembre, Gr\u00e0cia con el D\u00eda Mundial del Alzheimer"}]},{"@type":"WebSite","@id":"https:\/\/lavostrallar.com\/noticias\/#website","url":"https:\/\/lavostrallar.com\/noticias\/","name":"La Vostra Llar","description":"La Vostra Llar gestiona resid\u00e8ncies geri\u00e0triques des de 1987 amb la missi\u00f3 d\u2019oferir assist\u00e8ncia personalitzada per estimular, acollir i atendre les persones grans amb qualsevol grau de depend\u00e8ncia.","publisher":{"@id":"https:\/\/lavostrallar.com\/noticias\/#organization"},"potentialAction":[{"@type":"SearchAction","target":{"@type":"EntryPoint","urlTemplate":"https:\/\/lavostrallar.com\/noticias\/?s={search_term_string}"},"query-input":{"@type":"PropertyValueSpecification","valueRequired":true,"valueName":"search_term_string"}}],"inLanguage":"ca"},{"@type":"Organization","@id":"https:\/\/lavostrallar.com\/noticias\/#organization","name":"La Vostra Llar","url":"https:\/\/lavostrallar.com\/noticias\/","logo":{"@type":"ImageObject","inLanguage":"ca","@id":"https:\/\/lavostrallar.com\/noticias\/#\/schema\/logo\/image\/","url":"https:\/\/lavostrallar.com\/noticias\/wp-content\/uploads\/2021\/12\/logo_lavostrallar.png","contentUrl":"https:\/\/lavostrallar.com\/noticias\/wp-content\/uploads\/2021\/12\/logo_lavostrallar.png","width":217,"height":109,"caption":"La Vostra Llar"},"image":{"@id":"https:\/\/lavostrallar.com\/noticias\/#\/schema\/logo\/image\/"},"sameAs":["https:\/\/www.facebook.com\/lavostra.llar","https:\/\/x.com\/lavostrallar","https:\/\/www.instagram.com\/lavostrallar\/"]},{"@type":"Person","@id":"https:\/\/lavostrallar.com\/noticias\/#\/schema\/person\/98d190b96ca2625c1d1b620c5f85d524","name":"lavostrallar Gracia","image":{"@type":"ImageObject","inLanguage":"ca","@id":"https:\/\/lavostrallar.com\/noticias\/#\/schema\/person\/image\/","url":"https:\/\/secure.gravatar.com\/avatar\/22e1dc84f9fddb4b1831e2289bde1824099c3c45d1caa39e81531ea2f7fb0212?s=96&d=mm&r=g","contentUrl":"https:\/\/secure.gravatar.com\/avatar\/22e1dc84f9fddb4b1831e2289bde1824099c3c45d1caa39e81531ea2f7fb0212?s=96&d=mm&r=g","caption":"lavostrallar Gracia"},"sameAs":["lavostrallar"],"url":"https:\/\/lavostrallar.com\/noticias\/ca\/author\/lavostrallar-gracia\/"}]}},"_links":{"self":[{"href":"https:\/\/lavostrallar.com\/noticias\/ca\/wp-json\/wp\/v2\/posts\/21429","targetHints":{"allow":["GET"]}}],"collection":[{"href":"https:\/\/lavostrallar.com\/noticias\/ca\/wp-json\/wp\/v2\/posts"}],"about":[{"href":"https:\/\/lavostrallar.com\/noticias\/ca\/wp-json\/wp\/v2\/types\/post"}],"author":[{"embeddable":true,"href":"https:\/\/lavostrallar.com\/noticias\/ca\/wp-json\/wp\/v2\/users\/3"}],"replies":[{"embeddable":true,"href":"https:\/\/lavostrallar.com\/noticias\/ca\/wp-json\/wp\/v2\/comments?post=21429"}],"version-history":[{"count":2,"href":"https:\/\/lavostrallar.com\/noticias\/ca\/wp-json\/wp\/v2\/posts\/21429\/revisions"}],"predecessor-version":[{"id":21483,"href":"https:\/\/lavostrallar.com\/noticias\/ca\/wp-json\/wp\/v2\/posts\/21429\/revisions\/21483"}],"wp:featuredmedia":[{"embeddable":true,"href":"https:\/\/lavostrallar.com\/noticias\/ca\/wp-json\/wp\/v2\/media\/21430"}],"wp:attachment":[{"href":"https:\/\/lavostrallar.com\/noticias\/ca\/wp-json\/wp\/v2\/media?parent=21429"}],"wp:term":[{"taxonomy":"category","embeddable":true,"href":"https:\/\/lavostrallar.com\/noticias\/ca\/wp-json\/wp\/v2\/categories?post=21429"},{"taxonomy":"post_tag","embeddable":true,"href":"https:\/\/lavostrallar.com\/noticias\/ca\/wp-json\/wp\/v2\/tags?post=21429"}],"curies":[{"name":"wp","href":"https:\/\/api.w.org\/{rel}","templated":true}]}}