	{"id":21597,"date":"2022-09-28T10:36:27","date_gmt":"2022-09-28T10:36:27","guid":{"rendered":"https:\/\/lavostrallar.com\/?p=21597"},"modified":"2023-08-07T13:12:09","modified_gmt":"2023-08-07T11:12:09","slug":"bienvenido-octubre-y-con-el-el-otono","status":"publish","type":"post","link":"https:\/\/lavostrallar.com\/noticias\/ca\/bienvenido-octubre-y-con-el-el-otono\/","title":{"rendered":"Benvingut octubre i la tardor a la resid\u00e8ncia Clot"},"content":{"rendered":"<p>Aquest mes tenim moltes idees i dies especials, literalment des del dia 1 d'octubre comencem a commemorar dates especials. I, fent honor al mes en qu\u00e8 ens trobem, volem omplir-lo de sensacions, olors i colors.<\/p>\n\n\n\n<p>Per comen\u00e7ar, ja tenim assenyalat al nostre calendari d'esdeveniments el dia 1 d'octubre, data en qu\u00e8 celebrarem \u201cEl Dia Internacional de la Gent Gran\u201d amb un berenar especial. Degustarem un past\u00eds de marquesa cruixent, orxata i refrescos.<\/p>\n\n\n\n<p>El dijous 6 d'octubre gaudirem del \u00abMen\u00fa de l'avi\u00bb on assaborirem els plats escollits pels nostres residents al Consell de l'avi: Torrada d'escalivada amb anxoves, pollastre rostit amb gambes i creps de xocolata de postres i, per acabar el mes, gaudirem d'un altre berenar especial, aquest cop per celebrar la Castanyada.<\/p>\n\n\n\n<p>I, despr\u00e9s d'haver-vos obert la gana, ens centrarem en els tallers i activitats que farem a La Vostra Llar Clot aquest mes d'octubre.<\/p>\n\n\n\n<p>En commemoraci\u00f3 del Dia de Tots Sants, tenim previst fer un taller especial de panellets totalment artesans, que segur que estaran bon\u00edssims.<\/p>\n\n\n\n<p>Els tallers de reminisc\u00e8ncia, sortides terap\u00e8utiques, sessions de rehabilitaci\u00f3 individual i grupal, estimulaci\u00f3 cognitiva, emocional i sensorial, que tant ajuden a la nostra gent gran, continuaran actius cada setmana, a m\u00e9s dels tallers d'art, cinef\u00f2rum i jocs populars. <\/p>\n\n\n\n<p>D'altra banda, seguirem gaudint de la m\u00e0 dels professionals d'ItCan de la ter\u00e0pia assistida amb gossos, que proporciona importants beneficis cognitius, motrius i emocionals als nostres residents, aix\u00ed com de les sessions participatives de m\u00fasica, moviment i creativitat del taller \u00abM\u00fasica per l'oblit\u00bb, impartides per artistes i educadors socials d'ARTrasnforma.<\/p>\n\n\n\n<p>A m\u00e9s, torna l'hort! I amb ell la possibilitat de distreure'ns fora del centre i observar de prop els canvis tardorencs a mesura que va avan\u00e7ant el mes.<\/p>\n\n\n\n<p>Quines ganes que comenci octubre\u2026 Feli\u00e7 mes a tots i a totes.<\/p>","protected":false},"excerpt":{"rendered":"<p>Este mes tenemos muchas ideas y d\u00edas especiales, literalmente, desde el d\u00eda 1 de octubre empezamos a conmemorar fechas especiales. Y, haciendo honor al mes en el que nos encontramos, queremos llenarlo de sensaciones, olores y colores. Para comenzar, ya tenemos se\u00f1alado en nuestro calendario de eventos el d\u00eda 1 de octubre, fecha en la [&hellip;]<\/p>","protected":false},"author":15,"featured_media":21598,"comment_status":"closed","ping_status":"closed","sticky":false,"template":"","format":"standard","meta":{"content-type":"","footnotes":""},"categories":[47],"tags":[],"class_list":["post-21597","post","type-post","status-publish","format-standard","has-post-thumbnail","hentry","category-noticias-clot"],"yoast_head":"<!-- This site is optimized with the Yoast SEO plugin v26.0 - https:\/\/yoast.com\/wordpress\/plugins\/seo\/ -->\n<title>Bienvenido octubre y el oto\u00f1o a la residencia Clot - Noticias La Vostra Llar<\/title>\n<meta name=\"description\" content=\"Este mes tenemos muchas ideas y d\u00edas especiales, literalmente, desde el d\u00eda 1 de octubre empezamos a conmemorar fechas especiales.\" \/>\n<meta name=\"robots\" content=\"index, follow, max-snippet:-1, max-image-preview:large, max-video-preview:-1\" \/>\n<link rel=\"canonical\" href=\"https:\/\/lavostrallar.com\/noticias\/ca\/bienvenido-octubre-y-con-el-el-otono\/\" \/>\n<meta property=\"og:locale\" content=\"ca_ES\" \/>\n<meta property=\"og:type\" content=\"article\" \/>\n<meta property=\"og:title\" content=\"Bienvenido octubre y el oto\u00f1o a la residencia Clot - Noticias La Vostra Llar\" \/>\n<meta property=\"og:description\" content=\"Este mes tenemos muchas ideas y d\u00edas especiales, literalmente, desde el d\u00eda 1 de octubre empezamos a conmemorar fechas especiales.\" \/>\n<meta property=\"og:url\" content=\"https:\/\/lavostrallar.com\/noticias\/ca\/bienvenido-octubre-y-con-el-el-otono\/\" \/>\n<meta property=\"og:site_name\" content=\"Noticias La Vostra Llar\" \/>\n<meta property=\"article:publisher\" content=\"https:\/\/www.facebook.com\/lavostra.llar\" \/>\n<meta property=\"article:published_time\" content=\"2022-09-28T10:36:27+00:00\" \/>\n<meta property=\"article:modified_time\" content=\"2023-08-07T11:12:09+00:00\" \/>\n<meta property=\"og:image\" content=\"https:\/\/lavostrallar.com\/noticias\/wp-content\/uploads\/2022\/09\/OTONO.jpg\" \/>\n\t<meta property=\"og:image:width\" content=\"2048\" \/>\n\t<meta property=\"og:image:height\" content=\"996\" \/>\n\t<meta property=\"og:image:type\" content=\"image\/jpeg\" \/>\n<meta name=\"author\" content=\"clot\" \/>\n<meta name=\"twitter:card\" content=\"summary_large_image\" \/>\n<meta name=\"twitter:creator\" content=\"@lavostrallar\" \/>\n<meta name=\"twitter:site\" content=\"@lavostrallar\" \/>\n<meta name=\"twitter:label1\" content=\"Escrit per\" \/>\n\t<meta name=\"twitter:data1\" content=\"clot\" \/>\n\t<meta name=\"twitter:label2\" content=\"Temps estimat de lectura\" \/>\n\t<meta name=\"twitter:data2\" content=\"2 minuts\" \/>\n<script type=\"application\/ld+json\" class=\"yoast-schema-graph\">{\"@context\":\"https:\/\/schema.org\",\"@graph\":[{\"@type\":\"Article\",\"@id\":\"https:\/\/lavostrallar.com\/noticias\/bienvenido-octubre-y-con-el-el-otono\/#article\",\"isPartOf\":{\"@id\":\"https:\/\/lavostrallar.com\/noticias\/bienvenido-octubre-y-con-el-el-otono\/\"},\"author\":{\"name\":\"clot\",\"@id\":\"https:\/\/lavostrallar.com\/noticias\/#\/schema\/person\/2511dfae685f7be889a50167b3d88a38\"},\"headline\":\"Bienvenido octubre y el oto\u00f1o a la residencia Clot\",\"datePublished\":\"2022-09-28T10:36:27+00:00\",\"dateModified\":\"2023-08-07T11:12:09+00:00\",\"mainEntityOfPage\":{\"@id\":\"https:\/\/lavostrallar.com\/noticias\/bienvenido-octubre-y-con-el-el-otono\/\"},\"wordCount\":348,\"publisher\":{\"@id\":\"https:\/\/lavostrallar.com\/noticias\/#organization\"},\"image\":{\"@id\":\"https:\/\/lavostrallar.com\/noticias\/bienvenido-octubre-y-con-el-el-otono\/#primaryimage\"},\"thumbnailUrl\":\"https:\/\/lavostrallar.com\/noticias\/wp-content\/uploads\/2022\/09\/OTONO.jpg\",\"articleSection\":[\"Noticias Clot\"],\"inLanguage\":\"ca\"},{\"@type\":\"WebPage\",\"@id\":\"https:\/\/lavostrallar.com\/noticias\/bienvenido-octubre-y-con-el-el-otono\/\",\"url\":\"https:\/\/lavostrallar.com\/noticias\/bienvenido-octubre-y-con-el-el-otono\/\",\"name\":\"Bienvenido octubre y el oto\u00f1o a la residencia Clot - Noticias La Vostra Llar\",\"isPartOf\":{\"@id\":\"https:\/\/lavostrallar.com\/noticias\/#website\"},\"primaryImageOfPage\":{\"@id\":\"https:\/\/lavostrallar.com\/noticias\/bienvenido-octubre-y-con-el-el-otono\/#primaryimage\"},\"image\":{\"@id\":\"https:\/\/lavostrallar.com\/noticias\/bienvenido-octubre-y-con-el-el-otono\/#primaryimage\"},\"thumbnailUrl\":\"https:\/\/lavostrallar.com\/noticias\/wp-content\/uploads\/2022\/09\/OTONO.jpg\",\"datePublished\":\"2022-09-28T10:36:27+00:00\",\"dateModified\":\"2023-08-07T11:12:09+00:00\",\"description\":\"Este mes tenemos muchas ideas y d\u00edas especiales, literalmente, desde el d\u00eda 1 de octubre empezamos a conmemorar fechas especiales.\",\"breadcrumb\":{\"@id\":\"https:\/\/lavostrallar.com\/noticias\/bienvenido-octubre-y-con-el-el-otono\/#breadcrumb\"},\"inLanguage\":\"ca\",\"potentialAction\":[{\"@type\":\"ReadAction\",\"target\":[\"https:\/\/lavostrallar.com\/noticias\/bienvenido-octubre-y-con-el-el-otono\/\"]}]},{\"@type\":\"ImageObject\",\"inLanguage\":\"ca\",\"@id\":\"https:\/\/lavostrallar.com\/noticias\/bienvenido-octubre-y-con-el-el-otono\/#primaryimage\",\"url\":\"https:\/\/lavostrallar.com\/noticias\/wp-content\/uploads\/2022\/09\/OTONO.jpg\",\"contentUrl\":\"https:\/\/lavostrallar.com\/noticias\/wp-content\/uploads\/2022\/09\/OTONO.jpg\",\"width\":2048,\"height\":996},{\"@type\":\"BreadcrumbList\",\"@id\":\"https:\/\/lavostrallar.com\/noticias\/bienvenido-octubre-y-con-el-el-otono\/#breadcrumb\",\"itemListElement\":[{\"@type\":\"ListItem\",\"position\":1,\"name\":\"Portada\",\"item\":\"https:\/\/lavostrallar.com\/noticias\/\"},{\"@type\":\"ListItem\",\"position\":2,\"name\":\"Bienvenido octubre y el oto\u00f1o a la residencia Clot\"}]},{\"@type\":\"WebSite\",\"@id\":\"https:\/\/lavostrallar.com\/noticias\/#website\",\"url\":\"https:\/\/lavostrallar.com\/noticias\/\",\"name\":\"La Vostra Llar\",\"description\":\"La Vostra Llar gestiona resid\u00e8ncies geri\u00e0triques des de 1987 amb la missi\u00f3 d\u2019oferir assist\u00e8ncia personalitzada per estimular, acollir i atendre les persones grans amb qualsevol grau de depend\u00e8ncia.\",\"publisher\":{\"@id\":\"https:\/\/lavostrallar.com\/noticias\/#organization\"},\"potentialAction\":[{\"@type\":\"SearchAction\",\"target\":{\"@type\":\"EntryPoint\",\"urlTemplate\":\"https:\/\/lavostrallar.com\/noticias\/?s={search_term_string}\"},\"query-input\":{\"@type\":\"PropertyValueSpecification\",\"valueRequired\":true,\"valueName\":\"search_term_string\"}}],\"inLanguage\":\"ca\"},{\"@type\":\"Organization\",\"@id\":\"https:\/\/lavostrallar.com\/noticias\/#organization\",\"name\":\"La Vostra Llar\",\"url\":\"https:\/\/lavostrallar.com\/noticias\/\",\"logo\":{\"@type\":\"ImageObject\",\"inLanguage\":\"ca\",\"@id\":\"https:\/\/lavostrallar.com\/noticias\/#\/schema\/logo\/image\/\",\"url\":\"https:\/\/lavostrallar.com\/noticias\/wp-content\/uploads\/2021\/12\/logo_lavostrallar.png\",\"contentUrl\":\"https:\/\/lavostrallar.com\/noticias\/wp-content\/uploads\/2021\/12\/logo_lavostrallar.png\",\"width\":217,\"height\":109,\"caption\":\"La Vostra Llar\"},\"image\":{\"@id\":\"https:\/\/lavostrallar.com\/noticias\/#\/schema\/logo\/image\/\"},\"sameAs\":[\"https:\/\/www.facebook.com\/lavostra.llar\",\"https:\/\/x.com\/lavostrallar\",\"https:\/\/www.instagram.com\/lavostrallar\/\"]},{\"@type\":\"Person\",\"@id\":\"https:\/\/lavostrallar.com\/noticias\/#\/schema\/person\/2511dfae685f7be889a50167b3d88a38\",\"name\":\"clot\",\"image\":{\"@type\":\"ImageObject\",\"inLanguage\":\"ca\",\"@id\":\"https:\/\/lavostrallar.com\/noticias\/#\/schema\/person\/image\/\",\"url\":\"https:\/\/secure.gravatar.com\/avatar\/3c1df0739940f5c4c6ddbf0cbaa0c04d540ea3f04119bc2b24c94557acb1067c?s=96&d=mm&r=g\",\"contentUrl\":\"https:\/\/secure.gravatar.com\/avatar\/3c1df0739940f5c4c6ddbf0cbaa0c04d540ea3f04119bc2b24c94557acb1067c?s=96&d=mm&r=g\",\"caption\":\"clot\"},\"url\":\"https:\/\/lavostrallar.com\/noticias\/ca\/author\/lavostrallar-clot\/\"}]}<\/script>\n<!-- \/ Yoast SEO plugin. -->","yoast_head_json":{"title":"Bienvenido octubre y el oto\u00f1o a la residencia Clot - Noticias La Vostra Llar","description":"Aquest mes tenim moltes idees i dies especials, literalment des del dia 1 d'octubre comencem a commemorar dates especials.","robots":{"index":"index","follow":"follow","max-snippet":"max-snippet:-1","max-image-preview":"max-image-preview:large","max-video-preview":"max-video-preview:-1"},"canonical":"https:\/\/lavostrallar.com\/noticias\/ca\/bienvenido-octubre-y-con-el-el-otono\/","og_locale":"ca_ES","og_type":"article","og_title":"Bienvenido octubre y el oto\u00f1o a la residencia Clot - Noticias La Vostra Llar","og_description":"Este mes tenemos muchas ideas y d\u00edas especiales, literalmente, desde el d\u00eda 1 de octubre empezamos a conmemorar fechas especiales.","og_url":"https:\/\/lavostrallar.com\/noticias\/ca\/bienvenido-octubre-y-con-el-el-otono\/","og_site_name":"Noticias La Vostra Llar","article_publisher":"https:\/\/www.facebook.com\/lavostra.llar","article_published_time":"2022-09-28T10:36:27+00:00","article_modified_time":"2023-08-07T11:12:09+00:00","og_image":[{"width":2048,"height":996,"url":"https:\/\/lavostrallar.com\/noticias\/wp-content\/uploads\/2022\/09\/OTONO.jpg","type":"image\/jpeg"}],"author":"clot","twitter_card":"summary_large_image","twitter_creator":"@lavostrallar","twitter_site":"@lavostrallar","twitter_misc":{"Escrit per":"clot","Temps estimat de lectura":"2 minuts"},"schema":{"@context":"https:\/\/schema.org","@graph":[{"@type":"Article","@id":"https:\/\/lavostrallar.com\/noticias\/bienvenido-octubre-y-con-el-el-otono\/#article","isPartOf":{"@id":"https:\/\/lavostrallar.com\/noticias\/bienvenido-octubre-y-con-el-el-otono\/"},"author":{"name":"clot","@id":"https:\/\/lavostrallar.com\/noticias\/#\/schema\/person\/2511dfae685f7be889a50167b3d88a38"},"headline":"Bienvenido octubre y el oto\u00f1o a la residencia Clot","datePublished":"2022-09-28T10:36:27+00:00","dateModified":"2023-08-07T11:12:09+00:00","mainEntityOfPage":{"@id":"https:\/\/lavostrallar.com\/noticias\/bienvenido-octubre-y-con-el-el-otono\/"},"wordCount":348,"publisher":{"@id":"https:\/\/lavostrallar.com\/noticias\/#organization"},"image":{"@id":"https:\/\/lavostrallar.com\/noticias\/bienvenido-octubre-y-con-el-el-otono\/#primaryimage"},"thumbnailUrl":"https:\/\/lavostrallar.com\/noticias\/wp-content\/uploads\/2022\/09\/OTONO.jpg","articleSection":["Noticias Clot"],"inLanguage":"ca"},{"@type":"WebPage","@id":"https:\/\/lavostrallar.com\/noticias\/bienvenido-octubre-y-con-el-el-otono\/","url":"https:\/\/lavostrallar.com\/noticias\/bienvenido-octubre-y-con-el-el-otono\/","name":"Bienvenido octubre y el oto\u00f1o a la residencia Clot - Noticias La Vostra Llar","isPartOf":{"@id":"https:\/\/lavostrallar.com\/noticias\/#website"},"primaryImageOfPage":{"@id":"https:\/\/lavostrallar.com\/noticias\/bienvenido-octubre-y-con-el-el-otono\/#primaryimage"},"image":{"@id":"https:\/\/lavostrallar.com\/noticias\/bienvenido-octubre-y-con-el-el-otono\/#primaryimage"},"thumbnailUrl":"https:\/\/lavostrallar.com\/noticias\/wp-content\/uploads\/2022\/09\/OTONO.jpg","datePublished":"2022-09-28T10:36:27+00:00","dateModified":"2023-08-07T11:12:09+00:00","description":"Aquest mes tenim moltes idees i dies especials, literalment des del dia 1 d'octubre comencem a commemorar dates especials.","breadcrumb":{"@id":"https:\/\/lavostrallar.com\/noticias\/bienvenido-octubre-y-con-el-el-otono\/#breadcrumb"},"inLanguage":"ca","potentialAction":[{"@type":"ReadAction","target":["https:\/\/lavostrallar.com\/noticias\/bienvenido-octubre-y-con-el-el-otono\/"]}]},{"@type":"ImageObject","inLanguage":"ca","@id":"https:\/\/lavostrallar.com\/noticias\/bienvenido-octubre-y-con-el-el-otono\/#primaryimage","url":"https:\/\/lavostrallar.com\/noticias\/wp-content\/uploads\/2022\/09\/OTONO.jpg","contentUrl":"https:\/\/lavostrallar.com\/noticias\/wp-content\/uploads\/2022\/09\/OTONO.jpg","width":2048,"height":996},{"@type":"BreadcrumbList","@id":"https:\/\/lavostrallar.com\/noticias\/bienvenido-octubre-y-con-el-el-otono\/#breadcrumb","itemListElement":[{"@type":"ListItem","position":1,"name":"Portada","item":"https:\/\/lavostrallar.com\/noticias\/"},{"@type":"ListItem","position":2,"name":"Bienvenido octubre y el oto\u00f1o a la residencia Clot"}]},{"@type":"WebSite","@id":"https:\/\/lavostrallar.com\/noticias\/#website","url":"https:\/\/lavostrallar.com\/noticias\/","name":"La Vostra Llar","description":"La Vostra Llar gestiona resid\u00e8ncies geri\u00e0triques des de 1987 amb la missi\u00f3 d\u2019oferir assist\u00e8ncia personalitzada per estimular, acollir i atendre les persones grans amb qualsevol grau de depend\u00e8ncia.","publisher":{"@id":"https:\/\/lavostrallar.com\/noticias\/#organization"},"potentialAction":[{"@type":"SearchAction","target":{"@type":"EntryPoint","urlTemplate":"https:\/\/lavostrallar.com\/noticias\/?s={search_term_string}"},"query-input":{"@type":"PropertyValueSpecification","valueRequired":true,"valueName":"search_term_string"}}],"inLanguage":"ca"},{"@type":"Organization","@id":"https:\/\/lavostrallar.com\/noticias\/#organization","name":"La Vostra Llar","url":"https:\/\/lavostrallar.com\/noticias\/","logo":{"@type":"ImageObject","inLanguage":"ca","@id":"https:\/\/lavostrallar.com\/noticias\/#\/schema\/logo\/image\/","url":"https:\/\/lavostrallar.com\/noticias\/wp-content\/uploads\/2021\/12\/logo_lavostrallar.png","contentUrl":"https:\/\/lavostrallar.com\/noticias\/wp-content\/uploads\/2021\/12\/logo_lavostrallar.png","width":217,"height":109,"caption":"La Vostra Llar"},"image":{"@id":"https:\/\/lavostrallar.com\/noticias\/#\/schema\/logo\/image\/"},"sameAs":["https:\/\/www.facebook.com\/lavostra.llar","https:\/\/x.com\/lavostrallar","https:\/\/www.instagram.com\/lavostrallar\/"]},{"@type":"Person","@id":"https:\/\/lavostrallar.com\/noticias\/#\/schema\/person\/2511dfae685f7be889a50167b3d88a38","name":"clot","image":{"@type":"ImageObject","inLanguage":"ca","@id":"https:\/\/lavostrallar.com\/noticias\/#\/schema\/person\/image\/","url":"https:\/\/secure.gravatar.com\/avatar\/3c1df0739940f5c4c6ddbf0cbaa0c04d540ea3f04119bc2b24c94557acb1067c?s=96&d=mm&r=g","contentUrl":"https:\/\/secure.gravatar.com\/avatar\/3c1df0739940f5c4c6ddbf0cbaa0c04d540ea3f04119bc2b24c94557acb1067c?s=96&d=mm&r=g","caption":"clot"},"url":"https:\/\/lavostrallar.com\/noticias\/ca\/author\/lavostrallar-clot\/"}]}},"_links":{"self":[{"href":"https:\/\/lavostrallar.com\/noticias\/ca\/wp-json\/wp\/v2\/posts\/21597","targetHints":{"allow":["GET"]}}],"collection":[{"href":"https:\/\/lavostrallar.com\/noticias\/ca\/wp-json\/wp\/v2\/posts"}],"about":[{"href":"https:\/\/lavostrallar.com\/noticias\/ca\/wp-json\/wp\/v2\/types\/post"}],"author":[{"embeddable":true,"href":"https:\/\/lavostrallar.com\/noticias\/ca\/wp-json\/wp\/v2\/users\/15"}],"replies":[{"embeddable":true,"href":"https:\/\/lavostrallar.com\/noticias\/ca\/wp-json\/wp\/v2\/comments?post=21597"}],"version-history":[{"count":4,"href":"https:\/\/lavostrallar.com\/noticias\/ca\/wp-json\/wp\/v2\/posts\/21597\/revisions"}],"predecessor-version":[{"id":26992,"href":"https:\/\/lavostrallar.com\/noticias\/ca\/wp-json\/wp\/v2\/posts\/21597\/revisions\/26992"}],"wp:featuredmedia":[{"embeddable":true,"href":"https:\/\/lavostrallar.com\/noticias\/ca\/wp-json\/wp\/v2\/media\/21598"}],"wp:attachment":[{"href":"https:\/\/lavostrallar.com\/noticias\/ca\/wp-json\/wp\/v2\/media?parent=21597"}],"wp:term":[{"taxonomy":"category","embeddable":true,"href":"https:\/\/lavostrallar.com\/noticias\/ca\/wp-json\/wp\/v2\/categories?post=21597"},{"taxonomy":"post_tag","embeddable":true,"href":"https:\/\/lavostrallar.com\/noticias\/ca\/wp-json\/wp\/v2\/tags?post=21597"}],"curies":[{"name":"wp","href":"https:\/\/api.w.org\/{rel}","templated":true}]}}