	{"id":21623,"date":"2022-09-28T09:16:55","date_gmt":"2022-09-28T09:16:55","guid":{"rendered":"https:\/\/lavostrallar.com\/?p=21623"},"modified":"2023-08-07T17:37:37","modified_gmt":"2023-08-07T15:37:37","slug":"otono-gracia-calida","status":"publish","type":"post","link":"https:\/\/lavostrallar.com\/noticias\/ca\/otono-gracia-calida\/","title":{"rendered":"Tardor a la resid\u00e8ncia de gent gran Gr\u00e0cia"},"content":{"rendered":"<p>Groc, vermell, taronja, marr\u00f3\u2026 Tonalitats tendres, moments de recolliment. Tardes curtes, despertars mandrosos, pluges vistes des de la finestra\u2026 La tardor ja \u00e9s aqu\u00ed!<\/p>\n\n\n\n<p>Y, \u00bfqu\u00e9 quiere decir todo esto? Que hay que ponerse manos a la obra para sacar el polvo de nuestra&nbsp;Do\u00f1a&nbsp;Engracia, la&nbsp;casta\u00f1era&nbsp;de la residencia. Todos juntos tenemos que preparar a la mejor&nbsp;casta\u00f1era&nbsp;para el concurso de este a\u00f1o. Adem\u00e1s, en el taller de arteterapia nos apresuraremos para decorar el centro con adornos y motivos de oto\u00f1o.<\/p>\n\n\n\n<p>Encara que els dies siguin m\u00e9s curts, a la resid\u00e8ncia La Vostra Llar Gr\u00e0cia de Barcelona els exprimim al m\u00e0xim. Ens esperen tallers de reminisc\u00e8ncies, de mem\u00f2ria, sensorials, musicoter\u00e0pia i grups de conversa. Sempre amb la ment activa. Prosseguirem amb les sessions plenes de ritme, melodies, instruments i molta diversi\u00f3 al taller de \u00abM\u00fasica per l'oblit\u00bb. <\/p>\n\n\n\n<p>I que els dies siguin m\u00e9s frescos no fa que ens fem enrere a l'hora de participar a les nostres sessions de fisioter\u00e0pia, passeigs terap\u00e8utics i grups de debat a la terrassa.<\/p>\n\n\n\n<p>Panellets. I tant! Un taller d'elaboraci\u00f3 de panellets no pot faltar aquest mes d'octubre per poder-los gaudir juntament amb les castanyes i moniatos el dia de la Castanyada i, si pot ser, acompanyats d'una mica de moscatell.<\/p>\n\n\n\n<p>Festes i diversi\u00f3 no ens falten, el nostre \u00abMen\u00fa de l'avi\u00bb i una gran festa d'aniversari, per comen\u00e7ar i acabar el mes amb l'est\u00f3mac ple de bons aliments, sempre en molt bona companyia i amb molta alegria.<\/p>\n\n\n\n<p>Qui diu que la tardor \u00e9s trista? Per a nosaltres, no! El millor de La Vostra Llar Gr\u00e0cia s\u00f3n les persones que viuen i treballen aqu\u00ed, la seva calidesa i la seva alegria.<\/p>\n\n\n\n<p>Som-hi!<\/p>\n\n\n\n<p><\/p>","protected":false},"excerpt":{"rendered":"<p>Amarillo, rojo, naranja, marr\u00f3n&#8230; Tonalidades tiernas, momentos de recogimiento. Tardes cortas, despertares perezosos, lluvias vistas desde la ventana\u2026 \u00a1El oto\u00f1o ya est\u00e1 aqu\u00ed! Y, \u00bfqu\u00e9 quiere decir todo esto? Que hay que ponerse manos a la obra para sacar el polvo de nuestra&nbsp;Do\u00f1a&nbsp;Engracia, la&nbsp;casta\u00f1era&nbsp;de la residencia. Todos juntos tenemos que preparar a la mejor&nbsp;casta\u00f1era&nbsp;para el [&hellip;]<\/p>","protected":false},"author":3,"featured_media":21646,"comment_status":"closed","ping_status":"closed","sticky":false,"template":"","format":"standard","meta":{"content-type":"","footnotes":""},"categories":[18],"tags":[],"class_list":["post-21623","post","type-post","status-publish","format-standard","has-post-thumbnail","hentry","category-noticias-gracia"],"yoast_head":"<!-- This site is optimized with the Yoast SEO plugin v26.0 - https:\/\/yoast.com\/wordpress\/plugins\/seo\/ -->\n<title>Oto\u00f1o en la residencia de ancianos Gr\u00e0cia - Noticias La Vostra Llar<\/title>\n<meta name=\"description\" content=\"Lo mejor de La Vostra Llar Gr\u00e0cia son las personas que viven y trabajan aqu\u00ed, su calidez y su alegr\u00eda. Lee la nota aqu\u00ed\" \/>\n<meta name=\"robots\" content=\"index, follow, max-snippet:-1, max-image-preview:large, max-video-preview:-1\" \/>\n<link rel=\"canonical\" href=\"https:\/\/lavostrallar.com\/noticias\/ca\/otono-gracia-calida\/\" \/>\n<meta property=\"og:locale\" content=\"ca_ES\" \/>\n<meta property=\"og:type\" content=\"article\" \/>\n<meta property=\"og:title\" content=\"Oto\u00f1o en la residencia de ancianos Gr\u00e0cia - Noticias La Vostra Llar\" \/>\n<meta property=\"og:description\" content=\"Lo mejor de La Vostra Llar Gr\u00e0cia son las personas que viven y trabajan aqu\u00ed, su calidez y su alegr\u00eda. Lee la nota aqu\u00ed\" \/>\n<meta property=\"og:url\" content=\"https:\/\/lavostrallar.com\/noticias\/ca\/otono-gracia-calida\/\" \/>\n<meta property=\"og:site_name\" content=\"Noticias La Vostra Llar\" \/>\n<meta property=\"article:publisher\" content=\"https:\/\/www.facebook.com\/lavostra.llar\" \/>\n<meta property=\"article:published_time\" content=\"2022-09-28T09:16:55+00:00\" \/>\n<meta property=\"article:modified_time\" content=\"2023-08-07T15:37:37+00:00\" \/>\n<meta property=\"og:image\" content=\"https:\/\/lavostrallar.com\/noticias\/wp-content\/uploads\/2022\/09\/Copia-de-Copia-de-Desenfoque_foto_Facebook-1-1024x769.png\" \/>\n\t<meta property=\"og:image:width\" content=\"1024\" \/>\n\t<meta property=\"og:image:height\" content=\"769\" \/>\n\t<meta property=\"og:image:type\" content=\"image\/png\" \/>\n<meta name=\"author\" content=\"lavostrallar Gracia\" \/>\n<meta name=\"twitter:card\" content=\"summary_large_image\" \/>\n<meta name=\"twitter:creator\" content=\"@lavostrallar\" \/>\n<meta name=\"twitter:site\" content=\"@lavostrallar\" \/>\n<meta name=\"twitter:label1\" content=\"Escrit per\" \/>\n\t<meta name=\"twitter:data1\" content=\"lavostrallar Gracia\" \/>\n\t<meta name=\"twitter:label2\" content=\"Temps estimat de lectura\" \/>\n\t<meta name=\"twitter:data2\" content=\"2 minuts\" \/>\n<script type=\"application\/ld+json\" class=\"yoast-schema-graph\">{\"@context\":\"https:\/\/schema.org\",\"@graph\":[{\"@type\":\"Article\",\"@id\":\"https:\/\/lavostrallar.com\/noticias\/ca\/otono-gracia-calida\/#article\",\"isPartOf\":{\"@id\":\"https:\/\/lavostrallar.com\/noticias\/ca\/otono-gracia-calida\/\"},\"author\":{\"name\":\"lavostrallar Gracia\",\"@id\":\"https:\/\/lavostrallar.com\/noticias\/#\/schema\/person\/98d190b96ca2625c1d1b620c5f85d524\"},\"headline\":\"Oto\u00f1o en la residencia de ancianos Gr\u00e0cia\",\"datePublished\":\"2022-09-28T09:16:55+00:00\",\"dateModified\":\"2023-08-07T15:37:37+00:00\",\"mainEntityOfPage\":{\"@id\":\"https:\/\/lavostrallar.com\/noticias\/ca\/otono-gracia-calida\/\"},\"wordCount\":339,\"publisher\":{\"@id\":\"https:\/\/lavostrallar.com\/noticias\/#organization\"},\"image\":{\"@id\":\"https:\/\/lavostrallar.com\/noticias\/ca\/otono-gracia-calida\/#primaryimage\"},\"thumbnailUrl\":\"https:\/\/lavostrallar.com\/noticias\/wp-content\/uploads\/2022\/09\/Copia-de-Copia-de-Desenfoque_foto_Facebook-1.png\",\"articleSection\":[\"Noticias Gr\u00e0cia\"],\"inLanguage\":\"ca\"},{\"@type\":\"WebPage\",\"@id\":\"https:\/\/lavostrallar.com\/noticias\/ca\/otono-gracia-calida\/\",\"url\":\"https:\/\/lavostrallar.com\/noticias\/ca\/otono-gracia-calida\/\",\"name\":\"Oto\u00f1o en la residencia de ancianos Gr\u00e0cia - Noticias La Vostra Llar\",\"isPartOf\":{\"@id\":\"https:\/\/lavostrallar.com\/noticias\/#website\"},\"primaryImageOfPage\":{\"@id\":\"https:\/\/lavostrallar.com\/noticias\/ca\/otono-gracia-calida\/#primaryimage\"},\"image\":{\"@id\":\"https:\/\/lavostrallar.com\/noticias\/ca\/otono-gracia-calida\/#primaryimage\"},\"thumbnailUrl\":\"https:\/\/lavostrallar.com\/noticias\/wp-content\/uploads\/2022\/09\/Copia-de-Copia-de-Desenfoque_foto_Facebook-1.png\",\"datePublished\":\"2022-09-28T09:16:55+00:00\",\"dateModified\":\"2023-08-07T15:37:37+00:00\",\"description\":\"Lo mejor de La Vostra Llar Gr\u00e0cia son las personas que viven y trabajan aqu\u00ed, su calidez y su alegr\u00eda. Lee la nota aqu\u00ed\",\"breadcrumb\":{\"@id\":\"https:\/\/lavostrallar.com\/noticias\/ca\/otono-gracia-calida\/#breadcrumb\"},\"inLanguage\":\"ca\",\"potentialAction\":[{\"@type\":\"ReadAction\",\"target\":[\"https:\/\/lavostrallar.com\/noticias\/ca\/otono-gracia-calida\/\"]}]},{\"@type\":\"ImageObject\",\"inLanguage\":\"ca\",\"@id\":\"https:\/\/lavostrallar.com\/noticias\/ca\/otono-gracia-calida\/#primaryimage\",\"url\":\"https:\/\/lavostrallar.com\/noticias\/wp-content\/uploads\/2022\/09\/Copia-de-Copia-de-Desenfoque_foto_Facebook-1.png\",\"contentUrl\":\"https:\/\/lavostrallar.com\/noticias\/wp-content\/uploads\/2022\/09\/Copia-de-Copia-de-Desenfoque_foto_Facebook-1.png\",\"width\":1600,\"height\":1201},{\"@type\":\"BreadcrumbList\",\"@id\":\"https:\/\/lavostrallar.com\/noticias\/ca\/otono-gracia-calida\/#breadcrumb\",\"itemListElement\":[{\"@type\":\"ListItem\",\"position\":1,\"name\":\"Portada\",\"item\":\"https:\/\/lavostrallar.com\/noticias\/\"},{\"@type\":\"ListItem\",\"position\":2,\"name\":\"Oto\u00f1o en la residencia de ancianos Gr\u00e0cia\"}]},{\"@type\":\"WebSite\",\"@id\":\"https:\/\/lavostrallar.com\/noticias\/#website\",\"url\":\"https:\/\/lavostrallar.com\/noticias\/\",\"name\":\"La Vostra Llar\",\"description\":\"La Vostra Llar gestiona resid\u00e8ncies geri\u00e0triques des de 1987 amb la missi\u00f3 d\u2019oferir assist\u00e8ncia personalitzada per estimular, acollir i atendre les persones grans amb qualsevol grau de depend\u00e8ncia.\",\"publisher\":{\"@id\":\"https:\/\/lavostrallar.com\/noticias\/#organization\"},\"potentialAction\":[{\"@type\":\"SearchAction\",\"target\":{\"@type\":\"EntryPoint\",\"urlTemplate\":\"https:\/\/lavostrallar.com\/noticias\/?s={search_term_string}\"},\"query-input\":{\"@type\":\"PropertyValueSpecification\",\"valueRequired\":true,\"valueName\":\"search_term_string\"}}],\"inLanguage\":\"ca\"},{\"@type\":\"Organization\",\"@id\":\"https:\/\/lavostrallar.com\/noticias\/#organization\",\"name\":\"La Vostra Llar\",\"url\":\"https:\/\/lavostrallar.com\/noticias\/\",\"logo\":{\"@type\":\"ImageObject\",\"inLanguage\":\"ca\",\"@id\":\"https:\/\/lavostrallar.com\/noticias\/#\/schema\/logo\/image\/\",\"url\":\"https:\/\/lavostrallar.com\/noticias\/wp-content\/uploads\/2021\/12\/logo_lavostrallar.png\",\"contentUrl\":\"https:\/\/lavostrallar.com\/noticias\/wp-content\/uploads\/2021\/12\/logo_lavostrallar.png\",\"width\":217,\"height\":109,\"caption\":\"La Vostra Llar\"},\"image\":{\"@id\":\"https:\/\/lavostrallar.com\/noticias\/#\/schema\/logo\/image\/\"},\"sameAs\":[\"https:\/\/www.facebook.com\/lavostra.llar\",\"https:\/\/x.com\/lavostrallar\",\"https:\/\/www.instagram.com\/lavostrallar\/\"]},{\"@type\":\"Person\",\"@id\":\"https:\/\/lavostrallar.com\/noticias\/#\/schema\/person\/98d190b96ca2625c1d1b620c5f85d524\",\"name\":\"lavostrallar Gracia\",\"image\":{\"@type\":\"ImageObject\",\"inLanguage\":\"ca\",\"@id\":\"https:\/\/lavostrallar.com\/noticias\/#\/schema\/person\/image\/\",\"url\":\"https:\/\/secure.gravatar.com\/avatar\/22e1dc84f9fddb4b1831e2289bde1824099c3c45d1caa39e81531ea2f7fb0212?s=96&d=mm&r=g\",\"contentUrl\":\"https:\/\/secure.gravatar.com\/avatar\/22e1dc84f9fddb4b1831e2289bde1824099c3c45d1caa39e81531ea2f7fb0212?s=96&d=mm&r=g\",\"caption\":\"lavostrallar Gracia\"},\"sameAs\":[\"lavostrallar\"],\"url\":\"https:\/\/lavostrallar.com\/noticias\/ca\/author\/lavostrallar-gracia\/\"}]}<\/script>\n<!-- \/ Yoast SEO plugin. -->","yoast_head_json":{"title":"Oto\u00f1o en la residencia de ancianos Gr\u00e0cia - Noticias La Vostra Llar","description":"El millor de La Vostra Llar Gr\u00e0cia s\u00f3n les persones que viuen i treballen aqu\u00ed, la seva calidesa i la seva alegria. Llegeix la nota aqu\u00ed","robots":{"index":"index","follow":"follow","max-snippet":"max-snippet:-1","max-image-preview":"max-image-preview:large","max-video-preview":"max-video-preview:-1"},"canonical":"https:\/\/lavostrallar.com\/noticias\/ca\/otono-gracia-calida\/","og_locale":"ca_ES","og_type":"article","og_title":"Oto\u00f1o en la residencia de ancianos Gr\u00e0cia - Noticias La Vostra Llar","og_description":"Lo mejor de La Vostra Llar Gr\u00e0cia son las personas que viven y trabajan aqu\u00ed, su calidez y su alegr\u00eda. Lee la nota aqu\u00ed","og_url":"https:\/\/lavostrallar.com\/noticias\/ca\/otono-gracia-calida\/","og_site_name":"Noticias La Vostra Llar","article_publisher":"https:\/\/www.facebook.com\/lavostra.llar","article_published_time":"2022-09-28T09:16:55+00:00","article_modified_time":"2023-08-07T15:37:37+00:00","og_image":[{"width":1024,"height":769,"url":"https:\/\/lavostrallar.com\/noticias\/wp-content\/uploads\/2022\/09\/Copia-de-Copia-de-Desenfoque_foto_Facebook-1-1024x769.png","type":"image\/png"}],"author":"lavostrallar Gracia","twitter_card":"summary_large_image","twitter_creator":"@lavostrallar","twitter_site":"@lavostrallar","twitter_misc":{"Escrit per":"lavostrallar Gracia","Temps estimat de lectura":"2 minuts"},"schema":{"@context":"https:\/\/schema.org","@graph":[{"@type":"Article","@id":"https:\/\/lavostrallar.com\/noticias\/ca\/otono-gracia-calida\/#article","isPartOf":{"@id":"https:\/\/lavostrallar.com\/noticias\/ca\/otono-gracia-calida\/"},"author":{"name":"lavostrallar Gracia","@id":"https:\/\/lavostrallar.com\/noticias\/#\/schema\/person\/98d190b96ca2625c1d1b620c5f85d524"},"headline":"Oto\u00f1o en la residencia de ancianos Gr\u00e0cia","datePublished":"2022-09-28T09:16:55+00:00","dateModified":"2023-08-07T15:37:37+00:00","mainEntityOfPage":{"@id":"https:\/\/lavostrallar.com\/noticias\/ca\/otono-gracia-calida\/"},"wordCount":339,"publisher":{"@id":"https:\/\/lavostrallar.com\/noticias\/#organization"},"image":{"@id":"https:\/\/lavostrallar.com\/noticias\/ca\/otono-gracia-calida\/#primaryimage"},"thumbnailUrl":"https:\/\/lavostrallar.com\/noticias\/wp-content\/uploads\/2022\/09\/Copia-de-Copia-de-Desenfoque_foto_Facebook-1.png","articleSection":["Noticias Gr\u00e0cia"],"inLanguage":"ca"},{"@type":"WebPage","@id":"https:\/\/lavostrallar.com\/noticias\/ca\/otono-gracia-calida\/","url":"https:\/\/lavostrallar.com\/noticias\/ca\/otono-gracia-calida\/","name":"Oto\u00f1o en la residencia de ancianos Gr\u00e0cia - Noticias La Vostra Llar","isPartOf":{"@id":"https:\/\/lavostrallar.com\/noticias\/#website"},"primaryImageOfPage":{"@id":"https:\/\/lavostrallar.com\/noticias\/ca\/otono-gracia-calida\/#primaryimage"},"image":{"@id":"https:\/\/lavostrallar.com\/noticias\/ca\/otono-gracia-calida\/#primaryimage"},"thumbnailUrl":"https:\/\/lavostrallar.com\/noticias\/wp-content\/uploads\/2022\/09\/Copia-de-Copia-de-Desenfoque_foto_Facebook-1.png","datePublished":"2022-09-28T09:16:55+00:00","dateModified":"2023-08-07T15:37:37+00:00","description":"El millor de La Vostra Llar Gr\u00e0cia s\u00f3n les persones que viuen i treballen aqu\u00ed, la seva calidesa i la seva alegria. Llegeix la nota aqu\u00ed","breadcrumb":{"@id":"https:\/\/lavostrallar.com\/noticias\/ca\/otono-gracia-calida\/#breadcrumb"},"inLanguage":"ca","potentialAction":[{"@type":"ReadAction","target":["https:\/\/lavostrallar.com\/noticias\/ca\/otono-gracia-calida\/"]}]},{"@type":"ImageObject","inLanguage":"ca","@id":"https:\/\/lavostrallar.com\/noticias\/ca\/otono-gracia-calida\/#primaryimage","url":"https:\/\/lavostrallar.com\/noticias\/wp-content\/uploads\/2022\/09\/Copia-de-Copia-de-Desenfoque_foto_Facebook-1.png","contentUrl":"https:\/\/lavostrallar.com\/noticias\/wp-content\/uploads\/2022\/09\/Copia-de-Copia-de-Desenfoque_foto_Facebook-1.png","width":1600,"height":1201},{"@type":"BreadcrumbList","@id":"https:\/\/lavostrallar.com\/noticias\/ca\/otono-gracia-calida\/#breadcrumb","itemListElement":[{"@type":"ListItem","position":1,"name":"Portada","item":"https:\/\/lavostrallar.com\/noticias\/"},{"@type":"ListItem","position":2,"name":"Oto\u00f1o en la residencia de ancianos Gr\u00e0cia"}]},{"@type":"WebSite","@id":"https:\/\/lavostrallar.com\/noticias\/#website","url":"https:\/\/lavostrallar.com\/noticias\/","name":"La Vostra Llar","description":"La Vostra Llar gestiona resid\u00e8ncies geri\u00e0triques des de 1987 amb la missi\u00f3 d\u2019oferir assist\u00e8ncia personalitzada per estimular, acollir i atendre les persones grans amb qualsevol grau de depend\u00e8ncia.","publisher":{"@id":"https:\/\/lavostrallar.com\/noticias\/#organization"},"potentialAction":[{"@type":"SearchAction","target":{"@type":"EntryPoint","urlTemplate":"https:\/\/lavostrallar.com\/noticias\/?s={search_term_string}"},"query-input":{"@type":"PropertyValueSpecification","valueRequired":true,"valueName":"search_term_string"}}],"inLanguage":"ca"},{"@type":"Organization","@id":"https:\/\/lavostrallar.com\/noticias\/#organization","name":"La Vostra Llar","url":"https:\/\/lavostrallar.com\/noticias\/","logo":{"@type":"ImageObject","inLanguage":"ca","@id":"https:\/\/lavostrallar.com\/noticias\/#\/schema\/logo\/image\/","url":"https:\/\/lavostrallar.com\/noticias\/wp-content\/uploads\/2021\/12\/logo_lavostrallar.png","contentUrl":"https:\/\/lavostrallar.com\/noticias\/wp-content\/uploads\/2021\/12\/logo_lavostrallar.png","width":217,"height":109,"caption":"La Vostra Llar"},"image":{"@id":"https:\/\/lavostrallar.com\/noticias\/#\/schema\/logo\/image\/"},"sameAs":["https:\/\/www.facebook.com\/lavostra.llar","https:\/\/x.com\/lavostrallar","https:\/\/www.instagram.com\/lavostrallar\/"]},{"@type":"Person","@id":"https:\/\/lavostrallar.com\/noticias\/#\/schema\/person\/98d190b96ca2625c1d1b620c5f85d524","name":"lavostrallar Gracia","image":{"@type":"ImageObject","inLanguage":"ca","@id":"https:\/\/lavostrallar.com\/noticias\/#\/schema\/person\/image\/","url":"https:\/\/secure.gravatar.com\/avatar\/22e1dc84f9fddb4b1831e2289bde1824099c3c45d1caa39e81531ea2f7fb0212?s=96&d=mm&r=g","contentUrl":"https:\/\/secure.gravatar.com\/avatar\/22e1dc84f9fddb4b1831e2289bde1824099c3c45d1caa39e81531ea2f7fb0212?s=96&d=mm&r=g","caption":"lavostrallar Gracia"},"sameAs":["lavostrallar"],"url":"https:\/\/lavostrallar.com\/noticias\/ca\/author\/lavostrallar-gracia\/"}]}},"_links":{"self":[{"href":"https:\/\/lavostrallar.com\/noticias\/ca\/wp-json\/wp\/v2\/posts\/21623","targetHints":{"allow":["GET"]}}],"collection":[{"href":"https:\/\/lavostrallar.com\/noticias\/ca\/wp-json\/wp\/v2\/posts"}],"about":[{"href":"https:\/\/lavostrallar.com\/noticias\/ca\/wp-json\/wp\/v2\/types\/post"}],"author":[{"embeddable":true,"href":"https:\/\/lavostrallar.com\/noticias\/ca\/wp-json\/wp\/v2\/users\/3"}],"replies":[{"embeddable":true,"href":"https:\/\/lavostrallar.com\/noticias\/ca\/wp-json\/wp\/v2\/comments?post=21623"}],"version-history":[{"count":11,"href":"https:\/\/lavostrallar.com\/noticias\/ca\/wp-json\/wp\/v2\/posts\/21623\/revisions"}],"predecessor-version":[{"id":27005,"href":"https:\/\/lavostrallar.com\/noticias\/ca\/wp-json\/wp\/v2\/posts\/21623\/revisions\/27005"}],"wp:featuredmedia":[{"embeddable":true,"href":"https:\/\/lavostrallar.com\/noticias\/ca\/wp-json\/wp\/v2\/media\/21646"}],"wp:attachment":[{"href":"https:\/\/lavostrallar.com\/noticias\/ca\/wp-json\/wp\/v2\/media?parent=21623"}],"wp:term":[{"taxonomy":"category","embeddable":true,"href":"https:\/\/lavostrallar.com\/noticias\/ca\/wp-json\/wp\/v2\/categories?post=21623"},{"taxonomy":"post_tag","embeddable":true,"href":"https:\/\/lavostrallar.com\/noticias\/ca\/wp-json\/wp\/v2\/tags?post=21623"}],"curies":[{"name":"wp","href":"https:\/\/api.w.org\/{rel}","templated":true}]}}