	{"id":21659,"date":"2022-09-28T18:01:21","date_gmt":"2022-09-28T18:01:21","guid":{"rendered":"https:\/\/lavostrallar.com\/?p=21659"},"modified":"2023-08-07T17:30:30","modified_gmt":"2023-08-07T15:30:30","slug":"las-hojas-caen-en-otono-pero-el-amor-perdura-para-siempre","status":"publish","type":"post","link":"https:\/\/lavostrallar.com\/noticias\/ca\/las-hojas-caen-en-otono-pero-el-amor-perdura-para-siempre\/","title":{"rendered":"Les fulles cauen a la tardor a Matar\u00f3, per\u00f2 l'amor perdura per sempre"},"content":{"rendered":"<p>La tardor ja \u00e9s aqu\u00ed, al so de flautes, un vent suau, tardes de pluja i una olor de terra mullada que xopa la nostra pell. Com b\u00e9 diu l'autor Jaime Bodet: \u00abLa tardor ens cita amb un son de flautes: el buscarem a la tarda clara\u201d. &nbsp;<\/p>\n\n\n\n<p>Celebraremos el D\u00eda Internacional de las Personas Mayores el primer d\u00eda del mes de octubre, un evento dedicado a nuestras&nbsp;personas mayores&nbsp;que reabre los debates sobre su integraci\u00f3n y consideraci\u00f3n en la sociedad.&nbsp;<\/p>\n\n\n\n<p>A m\u00e9s, aquest mes d\u00b4octubre podrem gaudir de diferents tallers de reminisc\u00e8ncia, receptes i tallers de cuina, poesia liter\u00e0ria, l\u00b4ess\u00e8ncia dels contes pedag\u00f2gics i cantarem i ballarem al comp\u00e0s del nostre taller de musicoter\u00e0pia.<\/p>\n\n\n\n<p>Continuarem impulsant l\u00b4estimulaci\u00f3 cognitiva de tots els nostres residents, amb l'objectiu d'estimular i mantenir les seves capacitats, millorar el funcionament cognitiu i alentir el deteriorament que pugui produir-se. A trav\u00e9s d'activitats que fomenten la mem\u00f2ria i la concentraci\u00f3, aconseguirem potenciar les habilitats cognitives dels nostres grans.&nbsp;<\/p>\n\n\n\n<p>El nostre equip de fisioter\u00e0pia, mitjan\u00e7ant exercicis individuals i grupals, incidir\u00e0 en la millora de la mobilitat i l'equilibri de la nostra gent gran. A m\u00e9s, els nostres terapeutes estaran molt presents a les passejades terap\u00e8utiques, que, a m\u00e9s de generar beneficis en l'estat f\u00edsic dels nostres majors, fomenten les seves relacions amb l'entorn.<\/p>\n\n\n\n<p>Ah! I no hi pot faltar el nostre taller d'elaboraci\u00f3 de panellets per celebrar el dia de la Castanyada i gaudir de castanyes i moniatos tots plegats.<\/p>\n\n\n\n<p>Tamb\u00e9 comptarem amb ter\u00e0pia assistida amb animals, sessions que enriqueixen i afavoreixen els nostres residents, els ajuden a recuperar-se ia afrontar millor els problemes de salut.<\/p>\n\n\n\n<p>Als nostres residents els agrada la m\u00fasica i la dansa, \u00e9s per aix\u00f2 que tenim el privilegi de comptar amb el nostre taller de m\u00fasica i dansa per l\u2019oblit.<\/p>\n\n\n\n<p>El primer dijous d\u00b4octubre gaudirem del nostre men\u00fa especial \u201cEl Men\u00fa de l\u2019avi\u201d. Els protagonistes de la hist\u00f2ria s\u00f3n els nostres residents. Amb amplis somriures i alegria gaudeixen dels seus plats preferits, que han escollit entre tots al Consell de l\u2019avi. Ah! I no ens hem d'oblidar dels aniversaris dels nostres residents, on a finals de mes gaudirem d'una festa tots plegats, dinarem past\u00eds d'aniversari i hi haur\u00e0 regals sorpresa.&nbsp;<\/p>\n\n\n\n<p>Donem la benvinguda a aquest mes d'octubre!<\/p>","protected":false},"excerpt":{"rendered":"<p>El oto\u00f1o ya est\u00e1 aqu\u00ed, al son de flautas, un viento suave, tardes de lluvia y un olor a tierra mojada que empapa nuestra piel. Como bien dice el autor Jaime Bodet: \u00abOto\u00f1o nos cita con un son de flautas: vamos a buscarlo por la tarde clara\u201d. &nbsp; Celebraremos el D\u00eda Internacional de las Personas [&hellip;]<\/p>","protected":false},"author":8,"featured_media":21660,"comment_status":"closed","ping_status":"closed","sticky":false,"template":"","format":"standard","meta":{"content-type":"","footnotes":""},"categories":[15],"tags":[],"class_list":["post-21659","post","type-post","status-publish","format-standard","has-post-thumbnail","hentry","category-noticias-mataro"],"yoast_head":"<!-- This site is optimized with the Yoast SEO plugin v26.0 - https:\/\/yoast.com\/wordpress\/plugins\/seo\/ -->\n<title>Oto\u00f1o en la residencia de ancianos Matar\u00f3 - Noticias La Vostra Llar<\/title>\n<meta name=\"description\" content=\"El oto\u00f1o ya est\u00e1 aqu\u00ed, al son de flautas, un viento suave, tardes de lluvia y un olor a tierra mojada que empapa nuestra piel\" \/>\n<meta name=\"robots\" content=\"index, follow, max-snippet:-1, max-image-preview:large, max-video-preview:-1\" \/>\n<link rel=\"canonical\" href=\"https:\/\/lavostrallar.com\/noticias\/ca\/las-hojas-caen-en-otono-pero-el-amor-perdura-para-siempre\/\" \/>\n<meta property=\"og:locale\" content=\"ca_ES\" \/>\n<meta property=\"og:type\" content=\"article\" \/>\n<meta property=\"og:title\" content=\"Oto\u00f1o en la residencia de ancianos Matar\u00f3 - Noticias La Vostra Llar\" \/>\n<meta property=\"og:description\" content=\"El oto\u00f1o ya est\u00e1 aqu\u00ed, al son de flautas, un viento suave, tardes de lluvia y un olor a tierra mojada que empapa nuestra piel\" \/>\n<meta property=\"og:url\" content=\"https:\/\/lavostrallar.com\/noticias\/ca\/las-hojas-caen-en-otono-pero-el-amor-perdura-para-siempre\/\" \/>\n<meta property=\"og:site_name\" content=\"Noticias La Vostra Llar\" \/>\n<meta property=\"article:publisher\" content=\"https:\/\/www.facebook.com\/lavostra.llar\" \/>\n<meta property=\"article:published_time\" content=\"2022-09-28T18:01:21+00:00\" \/>\n<meta property=\"article:modified_time\" content=\"2023-08-07T15:30:30+00:00\" \/>\n<meta property=\"og:image\" content=\"https:\/\/lavostrallar.com\/noticias\/wp-content\/uploads\/2022\/09\/1664374835054-scaled.jpg\" \/>\n\t<meta property=\"og:image:width\" content=\"2560\" \/>\n\t<meta property=\"og:image:height\" content=\"1920\" \/>\n\t<meta property=\"og:image:type\" content=\"image\/jpeg\" \/>\n<meta name=\"author\" content=\"lavostrallar Mataro\" \/>\n<meta name=\"twitter:card\" content=\"summary_large_image\" \/>\n<meta name=\"twitter:creator\" content=\"@lavostrallar\" \/>\n<meta name=\"twitter:site\" content=\"@lavostrallar\" \/>\n<meta name=\"twitter:label1\" content=\"Escrit per\" \/>\n\t<meta name=\"twitter:data1\" content=\"lavostrallar Mataro\" \/>\n\t<meta name=\"twitter:label2\" content=\"Temps estimat de lectura\" \/>\n\t<meta name=\"twitter:data2\" content=\"2 minuts\" \/>\n<script type=\"application\/ld+json\" class=\"yoast-schema-graph\">{\"@context\":\"https:\/\/schema.org\",\"@graph\":[{\"@type\":\"Article\",\"@id\":\"https:\/\/lavostrallar.com\/noticias\/las-hojas-caen-en-otono-pero-el-amor-perdura-para-siempre\/#article\",\"isPartOf\":{\"@id\":\"https:\/\/lavostrallar.com\/noticias\/las-hojas-caen-en-otono-pero-el-amor-perdura-para-siempre\/\"},\"author\":{\"name\":\"lavostrallar Mataro\",\"@id\":\"https:\/\/lavostrallar.com\/noticias\/#\/schema\/person\/4ab7cb0641227566101b1ac3e28df1af\"},\"headline\":\"Las hojas caen en oto\u00f1o en Matar\u00f3, pero el amor perdura para siempre\",\"datePublished\":\"2022-09-28T18:01:21+00:00\",\"dateModified\":\"2023-08-07T15:30:30+00:00\",\"mainEntityOfPage\":{\"@id\":\"https:\/\/lavostrallar.com\/noticias\/las-hojas-caen-en-otono-pero-el-amor-perdura-para-siempre\/\"},\"wordCount\":430,\"publisher\":{\"@id\":\"https:\/\/lavostrallar.com\/noticias\/#organization\"},\"image\":{\"@id\":\"https:\/\/lavostrallar.com\/noticias\/las-hojas-caen-en-otono-pero-el-amor-perdura-para-siempre\/#primaryimage\"},\"thumbnailUrl\":\"https:\/\/lavostrallar.com\/noticias\/wp-content\/uploads\/2022\/09\/1664374835054-scaled.jpg\",\"articleSection\":[\"Noticias Matar\u00f3\"],\"inLanguage\":\"ca\"},{\"@type\":\"WebPage\",\"@id\":\"https:\/\/lavostrallar.com\/noticias\/las-hojas-caen-en-otono-pero-el-amor-perdura-para-siempre\/\",\"url\":\"https:\/\/lavostrallar.com\/noticias\/las-hojas-caen-en-otono-pero-el-amor-perdura-para-siempre\/\",\"name\":\"Oto\u00f1o en la residencia de ancianos Matar\u00f3 - Noticias La Vostra Llar\",\"isPartOf\":{\"@id\":\"https:\/\/lavostrallar.com\/noticias\/#website\"},\"primaryImageOfPage\":{\"@id\":\"https:\/\/lavostrallar.com\/noticias\/las-hojas-caen-en-otono-pero-el-amor-perdura-para-siempre\/#primaryimage\"},\"image\":{\"@id\":\"https:\/\/lavostrallar.com\/noticias\/las-hojas-caen-en-otono-pero-el-amor-perdura-para-siempre\/#primaryimage\"},\"thumbnailUrl\":\"https:\/\/lavostrallar.com\/noticias\/wp-content\/uploads\/2022\/09\/1664374835054-scaled.jpg\",\"datePublished\":\"2022-09-28T18:01:21+00:00\",\"dateModified\":\"2023-08-07T15:30:30+00:00\",\"description\":\"El oto\u00f1o ya est\u00e1 aqu\u00ed, al son de flautas, un viento suave, tardes de lluvia y un olor a tierra mojada que empapa nuestra piel\",\"breadcrumb\":{\"@id\":\"https:\/\/lavostrallar.com\/noticias\/las-hojas-caen-en-otono-pero-el-amor-perdura-para-siempre\/#breadcrumb\"},\"inLanguage\":\"ca\",\"potentialAction\":[{\"@type\":\"ReadAction\",\"target\":[\"https:\/\/lavostrallar.com\/noticias\/las-hojas-caen-en-otono-pero-el-amor-perdura-para-siempre\/\"]}]},{\"@type\":\"ImageObject\",\"inLanguage\":\"ca\",\"@id\":\"https:\/\/lavostrallar.com\/noticias\/las-hojas-caen-en-otono-pero-el-amor-perdura-para-siempre\/#primaryimage\",\"url\":\"https:\/\/lavostrallar.com\/noticias\/wp-content\/uploads\/2022\/09\/1664374835054-scaled.jpg\",\"contentUrl\":\"https:\/\/lavostrallar.com\/noticias\/wp-content\/uploads\/2022\/09\/1664374835054-scaled.jpg\",\"width\":2560,\"height\":1920},{\"@type\":\"BreadcrumbList\",\"@id\":\"https:\/\/lavostrallar.com\/noticias\/las-hojas-caen-en-otono-pero-el-amor-perdura-para-siempre\/#breadcrumb\",\"itemListElement\":[{\"@type\":\"ListItem\",\"position\":1,\"name\":\"Portada\",\"item\":\"https:\/\/lavostrallar.com\/noticias\/\"},{\"@type\":\"ListItem\",\"position\":2,\"name\":\"Las hojas caen en oto\u00f1o en Matar\u00f3, pero el amor perdura para siempre\"}]},{\"@type\":\"WebSite\",\"@id\":\"https:\/\/lavostrallar.com\/noticias\/#website\",\"url\":\"https:\/\/lavostrallar.com\/noticias\/\",\"name\":\"La Vostra Llar\",\"description\":\"La Vostra Llar gestiona resid\u00e8ncies geri\u00e0triques des de 1987 amb la missi\u00f3 d\u2019oferir assist\u00e8ncia personalitzada per estimular, acollir i atendre les persones grans amb qualsevol grau de depend\u00e8ncia.\",\"publisher\":{\"@id\":\"https:\/\/lavostrallar.com\/noticias\/#organization\"},\"potentialAction\":[{\"@type\":\"SearchAction\",\"target\":{\"@type\":\"EntryPoint\",\"urlTemplate\":\"https:\/\/lavostrallar.com\/noticias\/?s={search_term_string}\"},\"query-input\":{\"@type\":\"PropertyValueSpecification\",\"valueRequired\":true,\"valueName\":\"search_term_string\"}}],\"inLanguage\":\"ca\"},{\"@type\":\"Organization\",\"@id\":\"https:\/\/lavostrallar.com\/noticias\/#organization\",\"name\":\"La Vostra Llar\",\"url\":\"https:\/\/lavostrallar.com\/noticias\/\",\"logo\":{\"@type\":\"ImageObject\",\"inLanguage\":\"ca\",\"@id\":\"https:\/\/lavostrallar.com\/noticias\/#\/schema\/logo\/image\/\",\"url\":\"https:\/\/lavostrallar.com\/noticias\/wp-content\/uploads\/2021\/12\/logo_lavostrallar.png\",\"contentUrl\":\"https:\/\/lavostrallar.com\/noticias\/wp-content\/uploads\/2021\/12\/logo_lavostrallar.png\",\"width\":217,\"height\":109,\"caption\":\"La Vostra Llar\"},\"image\":{\"@id\":\"https:\/\/lavostrallar.com\/noticias\/#\/schema\/logo\/image\/\"},\"sameAs\":[\"https:\/\/www.facebook.com\/lavostra.llar\",\"https:\/\/x.com\/lavostrallar\",\"https:\/\/www.instagram.com\/lavostrallar\/\"]},{\"@type\":\"Person\",\"@id\":\"https:\/\/lavostrallar.com\/noticias\/#\/schema\/person\/4ab7cb0641227566101b1ac3e28df1af\",\"name\":\"lavostrallar Mataro\",\"image\":{\"@type\":\"ImageObject\",\"inLanguage\":\"ca\",\"@id\":\"https:\/\/lavostrallar.com\/noticias\/#\/schema\/person\/image\/\",\"url\":\"https:\/\/secure.gravatar.com\/avatar\/86b4b894bca4159b4f9ef4a079a80034614117522c4cdc3e3c2fd02df3ff8d18?s=96&d=mm&r=g\",\"contentUrl\":\"https:\/\/secure.gravatar.com\/avatar\/86b4b894bca4159b4f9ef4a079a80034614117522c4cdc3e3c2fd02df3ff8d18?s=96&d=mm&r=g\",\"caption\":\"lavostrallar Mataro\"},\"sameAs\":[\"lavostrallar\"],\"url\":\"https:\/\/lavostrallar.com\/noticias\/ca\/author\/lavostrallar-mataro\/\"}]}<\/script>\n<!-- \/ Yoast SEO plugin. -->","yoast_head_json":{"title":"Oto\u00f1o en la residencia de ancianos Matar\u00f3 - Noticias La Vostra Llar","description":"La tardor ja \u00e9s aqu\u00ed, al so de flautes, un vent suau, tardes de pluja i una olor de terra mullada que xopa la nostra pell","robots":{"index":"index","follow":"follow","max-snippet":"max-snippet:-1","max-image-preview":"max-image-preview:large","max-video-preview":"max-video-preview:-1"},"canonical":"https:\/\/lavostrallar.com\/noticias\/ca\/las-hojas-caen-en-otono-pero-el-amor-perdura-para-siempre\/","og_locale":"ca_ES","og_type":"article","og_title":"Oto\u00f1o en la residencia de ancianos Matar\u00f3 - Noticias La Vostra Llar","og_description":"El oto\u00f1o ya est\u00e1 aqu\u00ed, al son de flautas, un viento suave, tardes de lluvia y un olor a tierra mojada que empapa nuestra piel","og_url":"https:\/\/lavostrallar.com\/noticias\/ca\/las-hojas-caen-en-otono-pero-el-amor-perdura-para-siempre\/","og_site_name":"Noticias La Vostra Llar","article_publisher":"https:\/\/www.facebook.com\/lavostra.llar","article_published_time":"2022-09-28T18:01:21+00:00","article_modified_time":"2023-08-07T15:30:30+00:00","og_image":[{"width":2560,"height":1920,"url":"https:\/\/lavostrallar.com\/noticias\/wp-content\/uploads\/2022\/09\/1664374835054-scaled.jpg","type":"image\/jpeg"}],"author":"lavostrallar Mataro","twitter_card":"summary_large_image","twitter_creator":"@lavostrallar","twitter_site":"@lavostrallar","twitter_misc":{"Escrit per":"lavostrallar Mataro","Temps estimat de lectura":"2 minuts"},"schema":{"@context":"https:\/\/schema.org","@graph":[{"@type":"Article","@id":"https:\/\/lavostrallar.com\/noticias\/las-hojas-caen-en-otono-pero-el-amor-perdura-para-siempre\/#article","isPartOf":{"@id":"https:\/\/lavostrallar.com\/noticias\/las-hojas-caen-en-otono-pero-el-amor-perdura-para-siempre\/"},"author":{"name":"lavostrallar Mataro","@id":"https:\/\/lavostrallar.com\/noticias\/#\/schema\/person\/4ab7cb0641227566101b1ac3e28df1af"},"headline":"Las hojas caen en oto\u00f1o en Matar\u00f3, pero el amor perdura para siempre","datePublished":"2022-09-28T18:01:21+00:00","dateModified":"2023-08-07T15:30:30+00:00","mainEntityOfPage":{"@id":"https:\/\/lavostrallar.com\/noticias\/las-hojas-caen-en-otono-pero-el-amor-perdura-para-siempre\/"},"wordCount":430,"publisher":{"@id":"https:\/\/lavostrallar.com\/noticias\/#organization"},"image":{"@id":"https:\/\/lavostrallar.com\/noticias\/las-hojas-caen-en-otono-pero-el-amor-perdura-para-siempre\/#primaryimage"},"thumbnailUrl":"https:\/\/lavostrallar.com\/noticias\/wp-content\/uploads\/2022\/09\/1664374835054-scaled.jpg","articleSection":["Noticias Matar\u00f3"],"inLanguage":"ca"},{"@type":"WebPage","@id":"https:\/\/lavostrallar.com\/noticias\/las-hojas-caen-en-otono-pero-el-amor-perdura-para-siempre\/","url":"https:\/\/lavostrallar.com\/noticias\/las-hojas-caen-en-otono-pero-el-amor-perdura-para-siempre\/","name":"Oto\u00f1o en la residencia de ancianos Matar\u00f3 - Noticias La Vostra Llar","isPartOf":{"@id":"https:\/\/lavostrallar.com\/noticias\/#website"},"primaryImageOfPage":{"@id":"https:\/\/lavostrallar.com\/noticias\/las-hojas-caen-en-otono-pero-el-amor-perdura-para-siempre\/#primaryimage"},"image":{"@id":"https:\/\/lavostrallar.com\/noticias\/las-hojas-caen-en-otono-pero-el-amor-perdura-para-siempre\/#primaryimage"},"thumbnailUrl":"https:\/\/lavostrallar.com\/noticias\/wp-content\/uploads\/2022\/09\/1664374835054-scaled.jpg","datePublished":"2022-09-28T18:01:21+00:00","dateModified":"2023-08-07T15:30:30+00:00","description":"La tardor ja \u00e9s aqu\u00ed, al so de flautes, un vent suau, tardes de pluja i una olor de terra mullada que xopa la nostra pell","breadcrumb":{"@id":"https:\/\/lavostrallar.com\/noticias\/las-hojas-caen-en-otono-pero-el-amor-perdura-para-siempre\/#breadcrumb"},"inLanguage":"ca","potentialAction":[{"@type":"ReadAction","target":["https:\/\/lavostrallar.com\/noticias\/las-hojas-caen-en-otono-pero-el-amor-perdura-para-siempre\/"]}]},{"@type":"ImageObject","inLanguage":"ca","@id":"https:\/\/lavostrallar.com\/noticias\/las-hojas-caen-en-otono-pero-el-amor-perdura-para-siempre\/#primaryimage","url":"https:\/\/lavostrallar.com\/noticias\/wp-content\/uploads\/2022\/09\/1664374835054-scaled.jpg","contentUrl":"https:\/\/lavostrallar.com\/noticias\/wp-content\/uploads\/2022\/09\/1664374835054-scaled.jpg","width":2560,"height":1920},{"@type":"BreadcrumbList","@id":"https:\/\/lavostrallar.com\/noticias\/las-hojas-caen-en-otono-pero-el-amor-perdura-para-siempre\/#breadcrumb","itemListElement":[{"@type":"ListItem","position":1,"name":"Portada","item":"https:\/\/lavostrallar.com\/noticias\/"},{"@type":"ListItem","position":2,"name":"Las hojas caen en oto\u00f1o en Matar\u00f3, pero el amor perdura para siempre"}]},{"@type":"WebSite","@id":"https:\/\/lavostrallar.com\/noticias\/#website","url":"https:\/\/lavostrallar.com\/noticias\/","name":"La Vostra Llar","description":"La Vostra Llar gestiona resid\u00e8ncies geri\u00e0triques des de 1987 amb la missi\u00f3 d\u2019oferir assist\u00e8ncia personalitzada per estimular, acollir i atendre les persones grans amb qualsevol grau de depend\u00e8ncia.","publisher":{"@id":"https:\/\/lavostrallar.com\/noticias\/#organization"},"potentialAction":[{"@type":"SearchAction","target":{"@type":"EntryPoint","urlTemplate":"https:\/\/lavostrallar.com\/noticias\/?s={search_term_string}"},"query-input":{"@type":"PropertyValueSpecification","valueRequired":true,"valueName":"search_term_string"}}],"inLanguage":"ca"},{"@type":"Organization","@id":"https:\/\/lavostrallar.com\/noticias\/#organization","name":"La Vostra Llar","url":"https:\/\/lavostrallar.com\/noticias\/","logo":{"@type":"ImageObject","inLanguage":"ca","@id":"https:\/\/lavostrallar.com\/noticias\/#\/schema\/logo\/image\/","url":"https:\/\/lavostrallar.com\/noticias\/wp-content\/uploads\/2021\/12\/logo_lavostrallar.png","contentUrl":"https:\/\/lavostrallar.com\/noticias\/wp-content\/uploads\/2021\/12\/logo_lavostrallar.png","width":217,"height":109,"caption":"La Vostra Llar"},"image":{"@id":"https:\/\/lavostrallar.com\/noticias\/#\/schema\/logo\/image\/"},"sameAs":["https:\/\/www.facebook.com\/lavostra.llar","https:\/\/x.com\/lavostrallar","https:\/\/www.instagram.com\/lavostrallar\/"]},{"@type":"Person","@id":"https:\/\/lavostrallar.com\/noticias\/#\/schema\/person\/4ab7cb0641227566101b1ac3e28df1af","name":"lavostrallar Mataro","image":{"@type":"ImageObject","inLanguage":"ca","@id":"https:\/\/lavostrallar.com\/noticias\/#\/schema\/person\/image\/","url":"https:\/\/secure.gravatar.com\/avatar\/86b4b894bca4159b4f9ef4a079a80034614117522c4cdc3e3c2fd02df3ff8d18?s=96&d=mm&r=g","contentUrl":"https:\/\/secure.gravatar.com\/avatar\/86b4b894bca4159b4f9ef4a079a80034614117522c4cdc3e3c2fd02df3ff8d18?s=96&d=mm&r=g","caption":"lavostrallar Mataro"},"sameAs":["lavostrallar"],"url":"https:\/\/lavostrallar.com\/noticias\/ca\/author\/lavostrallar-mataro\/"}]}},"_links":{"self":[{"href":"https:\/\/lavostrallar.com\/noticias\/ca\/wp-json\/wp\/v2\/posts\/21659","targetHints":{"allow":["GET"]}}],"collection":[{"href":"https:\/\/lavostrallar.com\/noticias\/ca\/wp-json\/wp\/v2\/posts"}],"about":[{"href":"https:\/\/lavostrallar.com\/noticias\/ca\/wp-json\/wp\/v2\/types\/post"}],"author":[{"embeddable":true,"href":"https:\/\/lavostrallar.com\/noticias\/ca\/wp-json\/wp\/v2\/users\/8"}],"replies":[{"embeddable":true,"href":"https:\/\/lavostrallar.com\/noticias\/ca\/wp-json\/wp\/v2\/comments?post=21659"}],"version-history":[{"count":3,"href":"https:\/\/lavostrallar.com\/noticias\/ca\/wp-json\/wp\/v2\/posts\/21659\/revisions"}],"predecessor-version":[{"id":27003,"href":"https:\/\/lavostrallar.com\/noticias\/ca\/wp-json\/wp\/v2\/posts\/21659\/revisions\/27003"}],"wp:featuredmedia":[{"embeddable":true,"href":"https:\/\/lavostrallar.com\/noticias\/ca\/wp-json\/wp\/v2\/media\/21660"}],"wp:attachment":[{"href":"https:\/\/lavostrallar.com\/noticias\/ca\/wp-json\/wp\/v2\/media?parent=21659"}],"wp:term":[{"taxonomy":"category","embeddable":true,"href":"https:\/\/lavostrallar.com\/noticias\/ca\/wp-json\/wp\/v2\/categories?post=21659"},{"taxonomy":"post_tag","embeddable":true,"href":"https:\/\/lavostrallar.com\/noticias\/ca\/wp-json\/wp\/v2\/tags?post=21659"}],"curies":[{"name":"wp","href":"https:\/\/api.w.org\/{rel}","templated":true}]}}