	{"id":21753,"date":"2022-10-24T10:10:01","date_gmt":"2022-10-24T10:10:01","guid":{"rendered":"https:\/\/lavostrallar.com\/?p=21753"},"modified":"2022-10-24T10:34:19","modified_gmt":"2022-10-24T10:34:19","slug":"noviembre-lleno-de-alegria-aun-con-la-llegada-del-frio-en-la-vostra-llar-parc-guell","status":"publish","type":"post","link":"https:\/\/lavostrallar.com\/noticias\/ca\/noviembre-lleno-de-alegria-aun-con-la-llegada-del-frio-en-la-vostra-llar-parc-guell\/","title":{"rendered":"Novembre ple d'alegria, fins i tot amb l'arribada del fred a La Vostra Llar Parc G\u00fcell"},"content":{"rendered":"<p>A la resid\u00e8ncia i centre de dia La Vostra Llar Parc G\u00fcell hem acabat l\u2019octubre a lo gran amb la celebraci\u00f3 de la \"Castanyada\", amb festes, berenars, concurs de disfresses i molta alegria!<\/p>\n\n\n\n<p>Comen\u00e7arem novembre amb el \"Men\u00fa de l'Avi\" el dijous dia 3: Musclos a la marinera, cuixes de pollastre amb salsa roquefort i patates fregides, i de postres M\u00fasic (fruita seca, orellanes i moscatell). Tamb\u00e9 tindrem un men\u00fa especial el dia 5, per celebrar el \"Dia Internacional de les Persones Cuidadores\".<\/p>\n\n\n\n<p>Prosseguirem amb les activitats de la vida quotidiana al centre: Manualitats, reminisc\u00e8ncies, gimn\u00e0stica en grup, passejades terap\u00e8utiques, estimulaci\u00f3 basal i cognitiva, bingo, jocs, etc.<\/p>\n\n\n\n<p>I, a m\u00e9s, vindran a llegir-nos les volunt\u00e0ries de la biblioteca Jaume Fuster dos dies a la setmana, la Maria els dimarts a les 17 hores i l'Anna, els dijous a les 11 hores. Tamb\u00e9 tindrem sessions de ter\u00e0pia amb gossos, impartides per l'Eli, els dijous dia 10 i 24 a les 17 hores. A m\u00e9s del taller de musicoter\u00e0pia els divendres a les 11 hores del mat\u00ed, amb l\u2019Ainara. I divendres dia 18 a les 12:15 hores tindrem missa amb el Mossen Bruno.<\/p>\n\n\n\n<p>Acabarem el mes preparant manualitats per decorar la nostra resid\u00e8ncia per Nadal, entre el 21 i el 30 de novembre. I celebrarem els aniversaris dels residents que van n\u00e9ixer al novembre, dimarts dia 22.<\/p>\n\n\n\n<p>Seguim amb activitats al m\u00e0xim! Gr\u00e0cies per estar sempre amb nosaltres.<\/p>","protected":false},"excerpt":{"rendered":"<p>En la residencia y centro de d\u00eda La Vostra Llar Parc G\u00fcell acabamos octubre por todo lo alto con la celebraci\u00f3n de la \u00abCasta\u00f1ada\u00bb, con fiestas, meriendas, concurso de disfraces \u00a1y mucha alegr\u00eda! Empezaremos noviembre con el \u00abMen\u00fa del Abuelo\u00bb el jueves d\u00eda 3: Mejillones a la marinera, Muslos de pollo con salsa roquefort y [&hellip;]<\/p>","protected":false},"author":7,"featured_media":21754,"comment_status":"closed","ping_status":"closed","sticky":false,"template":"","format":"standard","meta":{"content-type":"","footnotes":""},"categories":[27],"tags":[],"class_list":["post-21753","post","type-post","status-publish","format-standard","has-post-thumbnail","hentry","category-noticias-guell"],"yoast_head":"<!-- This site is optimized with the Yoast SEO plugin v26.0 - https:\/\/yoast.com\/wordpress\/plugins\/seo\/ -->\n<title>Noviembre lleno de alegr\u00eda, pese a la llegada del fr\u00edo en La Vostra Llar Parc G\u00fcell - Noticias La Vostra Llar<\/title>\n<meta name=\"robots\" content=\"index, follow, max-snippet:-1, max-image-preview:large, max-video-preview:-1\" \/>\n<link rel=\"canonical\" href=\"https:\/\/lavostrallar.com\/noticias\/ca\/noviembre-lleno-de-alegria-aun-con-la-llegada-del-frio-en-la-vostra-llar-parc-guell\/\" \/>\n<meta property=\"og:locale\" content=\"ca_ES\" \/>\n<meta property=\"og:type\" content=\"article\" \/>\n<meta property=\"og:title\" content=\"Noviembre lleno de alegr\u00eda, pese a la llegada del fr\u00edo en La Vostra Llar Parc G\u00fcell - Noticias La Vostra Llar\" \/>\n<meta property=\"og:description\" content=\"En la residencia y centro de d\u00eda La Vostra Llar Parc G\u00fcell acabamos octubre por todo lo alto con la celebraci\u00f3n de la \u00abCasta\u00f1ada\u00bb, con fiestas, meriendas, concurso de disfraces \u00a1y mucha alegr\u00eda! Empezaremos noviembre con el \u00abMen\u00fa del Abuelo\u00bb el jueves d\u00eda 3: Mejillones a la marinera, Muslos de pollo con salsa roquefort y [&hellip;]\" \/>\n<meta property=\"og:url\" content=\"https:\/\/lavostrallar.com\/noticias\/ca\/noviembre-lleno-de-alegria-aun-con-la-llegada-del-frio-en-la-vostra-llar-parc-guell\/\" \/>\n<meta property=\"og:site_name\" content=\"Noticias La Vostra Llar\" \/>\n<meta property=\"article:publisher\" content=\"https:\/\/www.facebook.com\/lavostra.llar\" \/>\n<meta property=\"article:published_time\" content=\"2022-10-24T10:10:01+00:00\" \/>\n<meta property=\"article:modified_time\" content=\"2022-10-24T10:34:19+00:00\" \/>\n<meta property=\"og:image\" content=\"https:\/\/lavostrallar.com\/noticias\/wp-content\/uploads\/2022\/10\/WhatsApp-Image-2022-10-17-at-18.25.05.jpeg\" \/>\n\t<meta property=\"og:image:width\" content=\"2048\" \/>\n\t<meta property=\"og:image:height\" content=\"1613\" \/>\n\t<meta property=\"og:image:type\" content=\"image\/jpeg\" \/>\n<meta name=\"author\" content=\"lavostrallar parcguell\" \/>\n<meta name=\"twitter:card\" content=\"summary_large_image\" \/>\n<meta name=\"twitter:creator\" content=\"@lavostrallar\" \/>\n<meta name=\"twitter:site\" content=\"@lavostrallar\" \/>\n<meta name=\"twitter:label1\" content=\"Escrit per\" \/>\n\t<meta name=\"twitter:data1\" content=\"lavostrallar parcguell\" \/>\n\t<meta name=\"twitter:label2\" content=\"Temps estimat de lectura\" \/>\n\t<meta name=\"twitter:data2\" content=\"2 minuts\" \/>\n<script type=\"application\/ld+json\" class=\"yoast-schema-graph\">{\"@context\":\"https:\/\/schema.org\",\"@graph\":[{\"@type\":\"Article\",\"@id\":\"https:\/\/lavostrallar.com\/noticias\/noviembre-lleno-de-alegria-aun-con-la-llegada-del-frio-en-la-vostra-llar-parc-guell\/#article\",\"isPartOf\":{\"@id\":\"https:\/\/lavostrallar.com\/noticias\/noviembre-lleno-de-alegria-aun-con-la-llegada-del-frio-en-la-vostra-llar-parc-guell\/\"},\"author\":{\"name\":\"lavostrallar parcguell\",\"@id\":\"https:\/\/lavostrallar.com\/noticias\/#\/schema\/person\/c9d943fd898d65208f8071af897f2e38\"},\"headline\":\"Noviembre lleno de alegr\u00eda, pese a la llegada del fr\u00edo en La Vostra Llar Parc G\u00fcell\",\"datePublished\":\"2022-10-24T10:10:01+00:00\",\"dateModified\":\"2022-10-24T10:34:19+00:00\",\"mainEntityOfPage\":{\"@id\":\"https:\/\/lavostrallar.com\/noticias\/noviembre-lleno-de-alegria-aun-con-la-llegada-del-frio-en-la-vostra-llar-parc-guell\/\"},\"wordCount\":269,\"publisher\":{\"@id\":\"https:\/\/lavostrallar.com\/noticias\/#organization\"},\"image\":{\"@id\":\"https:\/\/lavostrallar.com\/noticias\/noviembre-lleno-de-alegria-aun-con-la-llegada-del-frio-en-la-vostra-llar-parc-guell\/#primaryimage\"},\"thumbnailUrl\":\"https:\/\/lavostrallar.com\/noticias\/wp-content\/uploads\/2022\/10\/WhatsApp-Image-2022-10-17-at-18.25.05.jpeg\",\"articleSection\":[\"Noticias Parc G\u00fcell\"],\"inLanguage\":\"ca\"},{\"@type\":\"WebPage\",\"@id\":\"https:\/\/lavostrallar.com\/noticias\/noviembre-lleno-de-alegria-aun-con-la-llegada-del-frio-en-la-vostra-llar-parc-guell\/\",\"url\":\"https:\/\/lavostrallar.com\/noticias\/noviembre-lleno-de-alegria-aun-con-la-llegada-del-frio-en-la-vostra-llar-parc-guell\/\",\"name\":\"Noviembre lleno de alegr\u00eda, pese a la llegada del fr\u00edo en La Vostra Llar Parc G\u00fcell - Noticias La Vostra Llar\",\"isPartOf\":{\"@id\":\"https:\/\/lavostrallar.com\/noticias\/#website\"},\"primaryImageOfPage\":{\"@id\":\"https:\/\/lavostrallar.com\/noticias\/noviembre-lleno-de-alegria-aun-con-la-llegada-del-frio-en-la-vostra-llar-parc-guell\/#primaryimage\"},\"image\":{\"@id\":\"https:\/\/lavostrallar.com\/noticias\/noviembre-lleno-de-alegria-aun-con-la-llegada-del-frio-en-la-vostra-llar-parc-guell\/#primaryimage\"},\"thumbnailUrl\":\"https:\/\/lavostrallar.com\/noticias\/wp-content\/uploads\/2022\/10\/WhatsApp-Image-2022-10-17-at-18.25.05.jpeg\",\"datePublished\":\"2022-10-24T10:10:01+00:00\",\"dateModified\":\"2022-10-24T10:34:19+00:00\",\"breadcrumb\":{\"@id\":\"https:\/\/lavostrallar.com\/noticias\/noviembre-lleno-de-alegria-aun-con-la-llegada-del-frio-en-la-vostra-llar-parc-guell\/#breadcrumb\"},\"inLanguage\":\"ca\",\"potentialAction\":[{\"@type\":\"ReadAction\",\"target\":[\"https:\/\/lavostrallar.com\/noticias\/noviembre-lleno-de-alegria-aun-con-la-llegada-del-frio-en-la-vostra-llar-parc-guell\/\"]}]},{\"@type\":\"ImageObject\",\"inLanguage\":\"ca\",\"@id\":\"https:\/\/lavostrallar.com\/noticias\/noviembre-lleno-de-alegria-aun-con-la-llegada-del-frio-en-la-vostra-llar-parc-guell\/#primaryimage\",\"url\":\"https:\/\/lavostrallar.com\/noticias\/wp-content\/uploads\/2022\/10\/WhatsApp-Image-2022-10-17-at-18.25.05.jpeg\",\"contentUrl\":\"https:\/\/lavostrallar.com\/noticias\/wp-content\/uploads\/2022\/10\/WhatsApp-Image-2022-10-17-at-18.25.05.jpeg\",\"width\":2048,\"height\":1613},{\"@type\":\"BreadcrumbList\",\"@id\":\"https:\/\/lavostrallar.com\/noticias\/noviembre-lleno-de-alegria-aun-con-la-llegada-del-frio-en-la-vostra-llar-parc-guell\/#breadcrumb\",\"itemListElement\":[{\"@type\":\"ListItem\",\"position\":1,\"name\":\"Portada\",\"item\":\"https:\/\/lavostrallar.com\/noticias\/\"},{\"@type\":\"ListItem\",\"position\":2,\"name\":\"Noviembre lleno de alegr\u00eda, pese a la llegada del fr\u00edo en La Vostra Llar Parc G\u00fcell\"}]},{\"@type\":\"WebSite\",\"@id\":\"https:\/\/lavostrallar.com\/noticias\/#website\",\"url\":\"https:\/\/lavostrallar.com\/noticias\/\",\"name\":\"La Vostra Llar\",\"description\":\"La Vostra Llar gestiona resid\u00e8ncies geri\u00e0triques des de 1987 amb la missi\u00f3 d\u2019oferir assist\u00e8ncia personalitzada per estimular, acollir i atendre les persones grans amb qualsevol grau de depend\u00e8ncia.\",\"publisher\":{\"@id\":\"https:\/\/lavostrallar.com\/noticias\/#organization\"},\"potentialAction\":[{\"@type\":\"SearchAction\",\"target\":{\"@type\":\"EntryPoint\",\"urlTemplate\":\"https:\/\/lavostrallar.com\/noticias\/?s={search_term_string}\"},\"query-input\":{\"@type\":\"PropertyValueSpecification\",\"valueRequired\":true,\"valueName\":\"search_term_string\"}}],\"inLanguage\":\"ca\"},{\"@type\":\"Organization\",\"@id\":\"https:\/\/lavostrallar.com\/noticias\/#organization\",\"name\":\"La Vostra Llar\",\"url\":\"https:\/\/lavostrallar.com\/noticias\/\",\"logo\":{\"@type\":\"ImageObject\",\"inLanguage\":\"ca\",\"@id\":\"https:\/\/lavostrallar.com\/noticias\/#\/schema\/logo\/image\/\",\"url\":\"https:\/\/lavostrallar.com\/noticias\/wp-content\/uploads\/2021\/12\/logo_lavostrallar.png\",\"contentUrl\":\"https:\/\/lavostrallar.com\/noticias\/wp-content\/uploads\/2021\/12\/logo_lavostrallar.png\",\"width\":217,\"height\":109,\"caption\":\"La Vostra Llar\"},\"image\":{\"@id\":\"https:\/\/lavostrallar.com\/noticias\/#\/schema\/logo\/image\/\"},\"sameAs\":[\"https:\/\/www.facebook.com\/lavostra.llar\",\"https:\/\/x.com\/lavostrallar\",\"https:\/\/www.instagram.com\/lavostrallar\/\"]},{\"@type\":\"Person\",\"@id\":\"https:\/\/lavostrallar.com\/noticias\/#\/schema\/person\/c9d943fd898d65208f8071af897f2e38\",\"name\":\"lavostrallar parcguell\",\"image\":{\"@type\":\"ImageObject\",\"inLanguage\":\"ca\",\"@id\":\"https:\/\/lavostrallar.com\/noticias\/#\/schema\/person\/image\/\",\"url\":\"https:\/\/secure.gravatar.com\/avatar\/beba5c1ab148a56662695e5000793b5d123c998d3f4606baa65b4bf394dbb680?s=96&d=mm&r=g\",\"contentUrl\":\"https:\/\/secure.gravatar.com\/avatar\/beba5c1ab148a56662695e5000793b5d123c998d3f4606baa65b4bf394dbb680?s=96&d=mm&r=g\",\"caption\":\"lavostrallar parcguell\"},\"url\":\"https:\/\/lavostrallar.com\/noticias\/ca\/author\/lavostrallar-parcguell\/\"}]}<\/script>\n<!-- \/ Yoast SEO plugin. -->","yoast_head_json":{"title":"Noviembre lleno de alegr\u00eda, pese a la llegada del fr\u00edo en La Vostra Llar Parc G\u00fcell - Noticias La Vostra Llar","robots":{"index":"index","follow":"follow","max-snippet":"max-snippet:-1","max-image-preview":"max-image-preview:large","max-video-preview":"max-video-preview:-1"},"canonical":"https:\/\/lavostrallar.com\/noticias\/ca\/noviembre-lleno-de-alegria-aun-con-la-llegada-del-frio-en-la-vostra-llar-parc-guell\/","og_locale":"ca_ES","og_type":"article","og_title":"Noviembre lleno de alegr\u00eda, pese a la llegada del fr\u00edo en La Vostra Llar Parc G\u00fcell - Noticias La Vostra Llar","og_description":"En la residencia y centro de d\u00eda La Vostra Llar Parc G\u00fcell acabamos octubre por todo lo alto con la celebraci\u00f3n de la \u00abCasta\u00f1ada\u00bb, con fiestas, meriendas, concurso de disfraces \u00a1y mucha alegr\u00eda! Empezaremos noviembre con el \u00abMen\u00fa del Abuelo\u00bb el jueves d\u00eda 3: Mejillones a la marinera, Muslos de pollo con salsa roquefort y [&hellip;]","og_url":"https:\/\/lavostrallar.com\/noticias\/ca\/noviembre-lleno-de-alegria-aun-con-la-llegada-del-frio-en-la-vostra-llar-parc-guell\/","og_site_name":"Noticias La Vostra Llar","article_publisher":"https:\/\/www.facebook.com\/lavostra.llar","article_published_time":"2022-10-24T10:10:01+00:00","article_modified_time":"2022-10-24T10:34:19+00:00","og_image":[{"width":2048,"height":1613,"url":"https:\/\/lavostrallar.com\/noticias\/wp-content\/uploads\/2022\/10\/WhatsApp-Image-2022-10-17-at-18.25.05.jpeg","type":"image\/jpeg"}],"author":"lavostrallar parcguell","twitter_card":"summary_large_image","twitter_creator":"@lavostrallar","twitter_site":"@lavostrallar","twitter_misc":{"Escrit per":"lavostrallar parcguell","Temps estimat de lectura":"2 minuts"},"schema":{"@context":"https:\/\/schema.org","@graph":[{"@type":"Article","@id":"https:\/\/lavostrallar.com\/noticias\/noviembre-lleno-de-alegria-aun-con-la-llegada-del-frio-en-la-vostra-llar-parc-guell\/#article","isPartOf":{"@id":"https:\/\/lavostrallar.com\/noticias\/noviembre-lleno-de-alegria-aun-con-la-llegada-del-frio-en-la-vostra-llar-parc-guell\/"},"author":{"name":"lavostrallar parcguell","@id":"https:\/\/lavostrallar.com\/noticias\/#\/schema\/person\/c9d943fd898d65208f8071af897f2e38"},"headline":"Noviembre lleno de alegr\u00eda, pese a la llegada del fr\u00edo en La Vostra Llar Parc G\u00fcell","datePublished":"2022-10-24T10:10:01+00:00","dateModified":"2022-10-24T10:34:19+00:00","mainEntityOfPage":{"@id":"https:\/\/lavostrallar.com\/noticias\/noviembre-lleno-de-alegria-aun-con-la-llegada-del-frio-en-la-vostra-llar-parc-guell\/"},"wordCount":269,"publisher":{"@id":"https:\/\/lavostrallar.com\/noticias\/#organization"},"image":{"@id":"https:\/\/lavostrallar.com\/noticias\/noviembre-lleno-de-alegria-aun-con-la-llegada-del-frio-en-la-vostra-llar-parc-guell\/#primaryimage"},"thumbnailUrl":"https:\/\/lavostrallar.com\/noticias\/wp-content\/uploads\/2022\/10\/WhatsApp-Image-2022-10-17-at-18.25.05.jpeg","articleSection":["Noticias Parc G\u00fcell"],"inLanguage":"ca"},{"@type":"WebPage","@id":"https:\/\/lavostrallar.com\/noticias\/noviembre-lleno-de-alegria-aun-con-la-llegada-del-frio-en-la-vostra-llar-parc-guell\/","url":"https:\/\/lavostrallar.com\/noticias\/noviembre-lleno-de-alegria-aun-con-la-llegada-del-frio-en-la-vostra-llar-parc-guell\/","name":"Noviembre lleno de alegr\u00eda, pese a la llegada del fr\u00edo en La Vostra Llar Parc G\u00fcell - Noticias La Vostra Llar","isPartOf":{"@id":"https:\/\/lavostrallar.com\/noticias\/#website"},"primaryImageOfPage":{"@id":"https:\/\/lavostrallar.com\/noticias\/noviembre-lleno-de-alegria-aun-con-la-llegada-del-frio-en-la-vostra-llar-parc-guell\/#primaryimage"},"image":{"@id":"https:\/\/lavostrallar.com\/noticias\/noviembre-lleno-de-alegria-aun-con-la-llegada-del-frio-en-la-vostra-llar-parc-guell\/#primaryimage"},"thumbnailUrl":"https:\/\/lavostrallar.com\/noticias\/wp-content\/uploads\/2022\/10\/WhatsApp-Image-2022-10-17-at-18.25.05.jpeg","datePublished":"2022-10-24T10:10:01+00:00","dateModified":"2022-10-24T10:34:19+00:00","breadcrumb":{"@id":"https:\/\/lavostrallar.com\/noticias\/noviembre-lleno-de-alegria-aun-con-la-llegada-del-frio-en-la-vostra-llar-parc-guell\/#breadcrumb"},"inLanguage":"ca","potentialAction":[{"@type":"ReadAction","target":["https:\/\/lavostrallar.com\/noticias\/noviembre-lleno-de-alegria-aun-con-la-llegada-del-frio-en-la-vostra-llar-parc-guell\/"]}]},{"@type":"ImageObject","inLanguage":"ca","@id":"https:\/\/lavostrallar.com\/noticias\/noviembre-lleno-de-alegria-aun-con-la-llegada-del-frio-en-la-vostra-llar-parc-guell\/#primaryimage","url":"https:\/\/lavostrallar.com\/noticias\/wp-content\/uploads\/2022\/10\/WhatsApp-Image-2022-10-17-at-18.25.05.jpeg","contentUrl":"https:\/\/lavostrallar.com\/noticias\/wp-content\/uploads\/2022\/10\/WhatsApp-Image-2022-10-17-at-18.25.05.jpeg","width":2048,"height":1613},{"@type":"BreadcrumbList","@id":"https:\/\/lavostrallar.com\/noticias\/noviembre-lleno-de-alegria-aun-con-la-llegada-del-frio-en-la-vostra-llar-parc-guell\/#breadcrumb","itemListElement":[{"@type":"ListItem","position":1,"name":"Portada","item":"https:\/\/lavostrallar.com\/noticias\/"},{"@type":"ListItem","position":2,"name":"Noviembre lleno de alegr\u00eda, pese a la llegada del fr\u00edo en La Vostra Llar Parc G\u00fcell"}]},{"@type":"WebSite","@id":"https:\/\/lavostrallar.com\/noticias\/#website","url":"https:\/\/lavostrallar.com\/noticias\/","name":"La Vostra Llar","description":"La Vostra Llar gestiona resid\u00e8ncies geri\u00e0triques des de 1987 amb la missi\u00f3 d\u2019oferir assist\u00e8ncia personalitzada per estimular, acollir i atendre les persones grans amb qualsevol grau de depend\u00e8ncia.","publisher":{"@id":"https:\/\/lavostrallar.com\/noticias\/#organization"},"potentialAction":[{"@type":"SearchAction","target":{"@type":"EntryPoint","urlTemplate":"https:\/\/lavostrallar.com\/noticias\/?s={search_term_string}"},"query-input":{"@type":"PropertyValueSpecification","valueRequired":true,"valueName":"search_term_string"}}],"inLanguage":"ca"},{"@type":"Organization","@id":"https:\/\/lavostrallar.com\/noticias\/#organization","name":"La Vostra Llar","url":"https:\/\/lavostrallar.com\/noticias\/","logo":{"@type":"ImageObject","inLanguage":"ca","@id":"https:\/\/lavostrallar.com\/noticias\/#\/schema\/logo\/image\/","url":"https:\/\/lavostrallar.com\/noticias\/wp-content\/uploads\/2021\/12\/logo_lavostrallar.png","contentUrl":"https:\/\/lavostrallar.com\/noticias\/wp-content\/uploads\/2021\/12\/logo_lavostrallar.png","width":217,"height":109,"caption":"La Vostra Llar"},"image":{"@id":"https:\/\/lavostrallar.com\/noticias\/#\/schema\/logo\/image\/"},"sameAs":["https:\/\/www.facebook.com\/lavostra.llar","https:\/\/x.com\/lavostrallar","https:\/\/www.instagram.com\/lavostrallar\/"]},{"@type":"Person","@id":"https:\/\/lavostrallar.com\/noticias\/#\/schema\/person\/c9d943fd898d65208f8071af897f2e38","name":"lavostrallar parcguell","image":{"@type":"ImageObject","inLanguage":"ca","@id":"https:\/\/lavostrallar.com\/noticias\/#\/schema\/person\/image\/","url":"https:\/\/secure.gravatar.com\/avatar\/beba5c1ab148a56662695e5000793b5d123c998d3f4606baa65b4bf394dbb680?s=96&d=mm&r=g","contentUrl":"https:\/\/secure.gravatar.com\/avatar\/beba5c1ab148a56662695e5000793b5d123c998d3f4606baa65b4bf394dbb680?s=96&d=mm&r=g","caption":"lavostrallar parcguell"},"url":"https:\/\/lavostrallar.com\/noticias\/ca\/author\/lavostrallar-parcguell\/"}]}},"_links":{"self":[{"href":"https:\/\/lavostrallar.com\/noticias\/ca\/wp-json\/wp\/v2\/posts\/21753","targetHints":{"allow":["GET"]}}],"collection":[{"href":"https:\/\/lavostrallar.com\/noticias\/ca\/wp-json\/wp\/v2\/posts"}],"about":[{"href":"https:\/\/lavostrallar.com\/noticias\/ca\/wp-json\/wp\/v2\/types\/post"}],"author":[{"embeddable":true,"href":"https:\/\/lavostrallar.com\/noticias\/ca\/wp-json\/wp\/v2\/users\/7"}],"replies":[{"embeddable":true,"href":"https:\/\/lavostrallar.com\/noticias\/ca\/wp-json\/wp\/v2\/comments?post=21753"}],"version-history":[{"count":6,"href":"https:\/\/lavostrallar.com\/noticias\/ca\/wp-json\/wp\/v2\/posts\/21753\/revisions"}],"predecessor-version":[{"id":21887,"href":"https:\/\/lavostrallar.com\/noticias\/ca\/wp-json\/wp\/v2\/posts\/21753\/revisions\/21887"}],"wp:featuredmedia":[{"embeddable":true,"href":"https:\/\/lavostrallar.com\/noticias\/ca\/wp-json\/wp\/v2\/media\/21754"}],"wp:attachment":[{"href":"https:\/\/lavostrallar.com\/noticias\/ca\/wp-json\/wp\/v2\/media?parent=21753"}],"wp:term":[{"taxonomy":"category","embeddable":true,"href":"https:\/\/lavostrallar.com\/noticias\/ca\/wp-json\/wp\/v2\/categories?post=21753"},{"taxonomy":"post_tag","embeddable":true,"href":"https:\/\/lavostrallar.com\/noticias\/ca\/wp-json\/wp\/v2\/tags?post=21753"}],"curies":[{"name":"wp","href":"https:\/\/api.w.org\/{rel}","templated":true}]}}