	{"id":22126,"date":"2022-11-27T11:00:41","date_gmt":"2022-11-27T11:00:41","guid":{"rendered":"https:\/\/lavostrallar.com\/?p=22126"},"modified":"2023-08-07T12:56:19","modified_gmt":"2023-08-07T10:56:19","slug":"las-ultimas-del-ano","status":"publish","type":"post","link":"https:\/\/lavostrallar.com\/noticias\/ca\/las-ultimas-del-ano\/","title":{"rendered":"L'\u00faltim de l'any a la resid\u00e8ncia geri\u00e0trica El Clot"},"content":{"rendered":"<p>Qui diria que, amb aquest mes, acaba un altre any m\u00e9s en qu\u00e8 hem compartit amb vosaltres milions d'aventures\u2026 Ja s'han enc\u00e8s totes les resid\u00e8ncies de La Vostra Llar per donar color i brillantor a un mes ple de m\u00e0gia, somriures, regals i, sobretot, diversi\u00f3.<\/p>\n\n\n\n<p>Ens posem nerviosos nom\u00e9s de pensar tot el que tenim preparat per a aquest mes de desembre, tallers que continuen i altres que comencen, festes, balls\u2026 Una infinitat de moments que se sumaran als ja viscuts. I \u00e9s que el dia 1 de desembre tindrem la nostra primera cita, el tradicional \u201cMen\u00fa de l'avi\u201d.<\/p>\n\n\n\n<p>Gaudirem de l'actuaci\u00f3 estel\u00b7lar de la m\u00e0 del \"Duo Cabana\" el dia 21 de desembre en qu\u00e8 cantarem, ballarem, lliurarem als nostres avis i \u00e0vies els seus regals de Nadal i gaudirem d'un berenar especial, a m\u00e9s de realitzar un gran sorteig.<\/p>\n\n\n\n<p>Els nostres residents crearan amb molt afecte diferents manualitats amb motius nadalencs que, posteriorment, posarem a la venda al nostre tradicional paradeta amb fins solidaris per recaptar fons a La Marat\u00f3 de TV3.<\/p>\n\n\n\n<p>Hi haur\u00e1 tallers on cantarem nadales, gaudirem de bingos nadalencs, participarem en tallers d'art de tem\u00e0tica d'hivern per orientar-nos i seguir decorant encara m\u00e9s els nostres racons preferits, gaudirem de sessions de cinema, etc.<\/p>\n\n\n\n<p>Per\u00f2 tot aix\u00f2 sense oblidar-nos de continuar exercitant-nos cognitivament i f\u00edsicament. De tenir les nostres estones de relaxaci\u00f3 i de compartir all\u00f2 que, sobretot en aquestes dates, remou les nostres emocions a trav\u00e9s de tallers de reminisc\u00e8ncia. Seguirem gaudint de les sortides terap\u00e8utiques els dilluns i de l'hort els dimecres, al que sumarem un taller per con\u00e8ixer les verdures i hortalisses que estem plantant i, finalment, de moment, fomentarem la nostra autonomia i la cura personal.<\/p>\n\n\n\n<p>Com no podria faltar, uns quants residents i familiars acudirem a la Fira de Santa Ll\u00facia de la Sagrada Fam\u00edlia, el proper dia 14 de desembre, com ja \u00e9s tradici\u00f3 al centre.<\/p>\n\n\n\n<p>Per acabar, rebrem la visita, el mat\u00ed del 19 i 20 de desembre, dels alumnes de P-2 i P-3 de l'escola La Rambleta Del Clot que vindran a compartir el Nadal amb nosaltres, cantant algunes can\u00e7ons nadalenques populars.<\/p>\n\n\n\n<p>Per cert, fam\u00edlia! Tenim a la vostra disposici\u00f3 una b\u00fastia nadalenca a l'entrada del centre perqu\u00e8 pugueu deixar els vostres missatges, felicitacions i desitjos als qui vulgueu treure un somriure. No hi ha l\u00edmits per a l'afecte.<\/p>\n\n\n\n<p>I ara s\u00ed, gr\u00e0cies a tots per acompanyar-nos.<\/p>\n\n\n\n<p>Feli\u00e7 mes, Bon Nadal i Pr\u00f2sper Any Nou!<\/p>","protected":false},"excerpt":{"rendered":"<p>Quien dir\u00eda que, con este mes, acaba otro a\u00f1o m\u00e1s en el que hemos compartido junto a vosotros millones de aventuras\u2026 Ya se han encendido todas las residencias de La Vostra Llar para dar color y brillo a un mes lleno de magia, sonrisas, regalos y, sobre todo, diversi\u00f3n. Se nos eriza la piel s\u00f3lo [&hellip;]<\/p>","protected":false},"author":15,"featured_media":22127,"comment_status":"closed","ping_status":"closed","sticky":false,"template":"","format":"standard","meta":{"content-type":"","footnotes":""},"categories":[47],"tags":[],"class_list":["post-22126","post","type-post","status-publish","format-standard","has-post-thumbnail","hentry","category-noticias-clot"],"yoast_head":"<!-- This site is optimized with the Yoast SEO plugin v26.0 - https:\/\/yoast.com\/wordpress\/plugins\/seo\/ -->\n<title>Lo \u00faltimo del a\u00f1o en la residencia geri\u00e1trica El Clot - Noticias La Vostra Llar<\/title>\n<meta name=\"description\" content=\"Ya se han encendido todas las residencias de La Vostra Llar para dar color y brillo a un mes lleno de magia, sonrisas, regalos y diversi\u00f3n\" \/>\n<meta name=\"robots\" content=\"index, follow, max-snippet:-1, max-image-preview:large, max-video-preview:-1\" \/>\n<link rel=\"canonical\" href=\"https:\/\/lavostrallar.com\/noticias\/ca\/las-ultimas-del-ano\/\" \/>\n<meta property=\"og:locale\" content=\"ca_ES\" \/>\n<meta property=\"og:type\" content=\"article\" \/>\n<meta property=\"og:title\" content=\"Lo \u00faltimo del a\u00f1o en la residencia geri\u00e1trica El Clot - Noticias La Vostra Llar\" \/>\n<meta property=\"og:description\" content=\"Ya se han encendido todas las residencias de La Vostra Llar para dar color y brillo a un mes lleno de magia, sonrisas, regalos y diversi\u00f3n\" \/>\n<meta property=\"og:url\" content=\"https:\/\/lavostrallar.com\/noticias\/ca\/las-ultimas-del-ano\/\" \/>\n<meta property=\"og:site_name\" content=\"Noticias La Vostra Llar\" \/>\n<meta property=\"article:publisher\" content=\"https:\/\/www.facebook.com\/lavostra.llar\" \/>\n<meta property=\"article:published_time\" content=\"2022-11-27T11:00:41+00:00\" \/>\n<meta property=\"article:modified_time\" content=\"2023-08-07T10:56:19+00:00\" \/>\n<meta property=\"og:image\" content=\"https:\/\/lavostrallar.com\/noticias\/wp-content\/uploads\/2022\/11\/316085382_806171617367540_1404670293930046186_n.jpg\" \/>\n\t<meta property=\"og:image:width\" content=\"1483\" \/>\n\t<meta property=\"og:image:height\" content=\"898\" \/>\n\t<meta property=\"og:image:type\" content=\"image\/jpeg\" \/>\n<meta name=\"author\" content=\"clot\" \/>\n<meta name=\"twitter:card\" content=\"summary_large_image\" \/>\n<meta name=\"twitter:creator\" content=\"@lavostrallar\" \/>\n<meta name=\"twitter:site\" content=\"@lavostrallar\" \/>\n<meta name=\"twitter:label1\" content=\"Escrit per\" \/>\n\t<meta name=\"twitter:data1\" content=\"clot\" \/>\n\t<meta name=\"twitter:label2\" content=\"Temps estimat de lectura\" \/>\n\t<meta name=\"twitter:data2\" content=\"2 minuts\" \/>\n<script type=\"application\/ld+json\" class=\"yoast-schema-graph\">{\"@context\":\"https:\/\/schema.org\",\"@graph\":[{\"@type\":\"Article\",\"@id\":\"https:\/\/lavostrallar.com\/noticias\/ca\/las-ultimas-del-ano\/#article\",\"isPartOf\":{\"@id\":\"https:\/\/lavostrallar.com\/noticias\/ca\/las-ultimas-del-ano\/\"},\"author\":{\"name\":\"clot\",\"@id\":\"https:\/\/lavostrallar.com\/noticias\/#\/schema\/person\/2511dfae685f7be889a50167b3d88a38\"},\"headline\":\"Lo \u00faltimo del a\u00f1o en la residencia geri\u00e1trica El Clot\",\"datePublished\":\"2022-11-27T11:00:41+00:00\",\"dateModified\":\"2023-08-07T10:56:19+00:00\",\"mainEntityOfPage\":{\"@id\":\"https:\/\/lavostrallar.com\/noticias\/ca\/las-ultimas-del-ano\/\"},\"wordCount\":470,\"publisher\":{\"@id\":\"https:\/\/lavostrallar.com\/noticias\/#organization\"},\"image\":{\"@id\":\"https:\/\/lavostrallar.com\/noticias\/ca\/las-ultimas-del-ano\/#primaryimage\"},\"thumbnailUrl\":\"https:\/\/lavostrallar.com\/noticias\/wp-content\/uploads\/2022\/11\/316085382_806171617367540_1404670293930046186_n.jpg\",\"articleSection\":[\"Noticias Clot\"],\"inLanguage\":\"ca\"},{\"@type\":\"WebPage\",\"@id\":\"https:\/\/lavostrallar.com\/noticias\/ca\/las-ultimas-del-ano\/\",\"url\":\"https:\/\/lavostrallar.com\/noticias\/ca\/las-ultimas-del-ano\/\",\"name\":\"Lo \u00faltimo del a\u00f1o en la residencia geri\u00e1trica El Clot - Noticias La Vostra Llar\",\"isPartOf\":{\"@id\":\"https:\/\/lavostrallar.com\/noticias\/#website\"},\"primaryImageOfPage\":{\"@id\":\"https:\/\/lavostrallar.com\/noticias\/ca\/las-ultimas-del-ano\/#primaryimage\"},\"image\":{\"@id\":\"https:\/\/lavostrallar.com\/noticias\/ca\/las-ultimas-del-ano\/#primaryimage\"},\"thumbnailUrl\":\"https:\/\/lavostrallar.com\/noticias\/wp-content\/uploads\/2022\/11\/316085382_806171617367540_1404670293930046186_n.jpg\",\"datePublished\":\"2022-11-27T11:00:41+00:00\",\"dateModified\":\"2023-08-07T10:56:19+00:00\",\"description\":\"Ya se han encendido todas las residencias de La Vostra Llar para dar color y brillo a un mes lleno de magia, sonrisas, regalos y diversi\u00f3n\",\"breadcrumb\":{\"@id\":\"https:\/\/lavostrallar.com\/noticias\/ca\/las-ultimas-del-ano\/#breadcrumb\"},\"inLanguage\":\"ca\",\"potentialAction\":[{\"@type\":\"ReadAction\",\"target\":[\"https:\/\/lavostrallar.com\/noticias\/ca\/las-ultimas-del-ano\/\"]}]},{\"@type\":\"ImageObject\",\"inLanguage\":\"ca\",\"@id\":\"https:\/\/lavostrallar.com\/noticias\/ca\/las-ultimas-del-ano\/#primaryimage\",\"url\":\"https:\/\/lavostrallar.com\/noticias\/wp-content\/uploads\/2022\/11\/316085382_806171617367540_1404670293930046186_n.jpg\",\"contentUrl\":\"https:\/\/lavostrallar.com\/noticias\/wp-content\/uploads\/2022\/11\/316085382_806171617367540_1404670293930046186_n.jpg\",\"width\":1483,\"height\":898},{\"@type\":\"BreadcrumbList\",\"@id\":\"https:\/\/lavostrallar.com\/noticias\/ca\/las-ultimas-del-ano\/#breadcrumb\",\"itemListElement\":[{\"@type\":\"ListItem\",\"position\":1,\"name\":\"Portada\",\"item\":\"https:\/\/lavostrallar.com\/noticias\/\"},{\"@type\":\"ListItem\",\"position\":2,\"name\":\"Lo \u00faltimo del a\u00f1o en la residencia geri\u00e1trica El Clot\"}]},{\"@type\":\"WebSite\",\"@id\":\"https:\/\/lavostrallar.com\/noticias\/#website\",\"url\":\"https:\/\/lavostrallar.com\/noticias\/\",\"name\":\"La Vostra Llar\",\"description\":\"La Vostra Llar gestiona resid\u00e8ncies geri\u00e0triques des de 1987 amb la missi\u00f3 d\u2019oferir assist\u00e8ncia personalitzada per estimular, acollir i atendre les persones grans amb qualsevol grau de depend\u00e8ncia.\",\"publisher\":{\"@id\":\"https:\/\/lavostrallar.com\/noticias\/#organization\"},\"potentialAction\":[{\"@type\":\"SearchAction\",\"target\":{\"@type\":\"EntryPoint\",\"urlTemplate\":\"https:\/\/lavostrallar.com\/noticias\/?s={search_term_string}\"},\"query-input\":{\"@type\":\"PropertyValueSpecification\",\"valueRequired\":true,\"valueName\":\"search_term_string\"}}],\"inLanguage\":\"ca\"},{\"@type\":\"Organization\",\"@id\":\"https:\/\/lavostrallar.com\/noticias\/#organization\",\"name\":\"La Vostra Llar\",\"url\":\"https:\/\/lavostrallar.com\/noticias\/\",\"logo\":{\"@type\":\"ImageObject\",\"inLanguage\":\"ca\",\"@id\":\"https:\/\/lavostrallar.com\/noticias\/#\/schema\/logo\/image\/\",\"url\":\"https:\/\/lavostrallar.com\/noticias\/wp-content\/uploads\/2021\/12\/logo_lavostrallar.png\",\"contentUrl\":\"https:\/\/lavostrallar.com\/noticias\/wp-content\/uploads\/2021\/12\/logo_lavostrallar.png\",\"width\":217,\"height\":109,\"caption\":\"La Vostra Llar\"},\"image\":{\"@id\":\"https:\/\/lavostrallar.com\/noticias\/#\/schema\/logo\/image\/\"},\"sameAs\":[\"https:\/\/www.facebook.com\/lavostra.llar\",\"https:\/\/x.com\/lavostrallar\",\"https:\/\/www.instagram.com\/lavostrallar\/\"]},{\"@type\":\"Person\",\"@id\":\"https:\/\/lavostrallar.com\/noticias\/#\/schema\/person\/2511dfae685f7be889a50167b3d88a38\",\"name\":\"clot\",\"image\":{\"@type\":\"ImageObject\",\"inLanguage\":\"ca\",\"@id\":\"https:\/\/lavostrallar.com\/noticias\/#\/schema\/person\/image\/\",\"url\":\"https:\/\/secure.gravatar.com\/avatar\/3c1df0739940f5c4c6ddbf0cbaa0c04d540ea3f04119bc2b24c94557acb1067c?s=96&d=mm&r=g\",\"contentUrl\":\"https:\/\/secure.gravatar.com\/avatar\/3c1df0739940f5c4c6ddbf0cbaa0c04d540ea3f04119bc2b24c94557acb1067c?s=96&d=mm&r=g\",\"caption\":\"clot\"},\"url\":\"https:\/\/lavostrallar.com\/noticias\/ca\/author\/lavostrallar-clot\/\"}]}<\/script>\n<!-- \/ Yoast SEO plugin. -->","yoast_head_json":{"title":"Lo \u00faltimo del a\u00f1o en la residencia geri\u00e1trica El Clot - Noticias La Vostra Llar","description":"Ja s'han enc\u00e8s totes les resid\u00e8ncies de La Vostra Llar per donar color i brillantor a un mes ple de m\u00e0gia, somriures, regals i diversi\u00f3","robots":{"index":"index","follow":"follow","max-snippet":"max-snippet:-1","max-image-preview":"max-image-preview:large","max-video-preview":"max-video-preview:-1"},"canonical":"https:\/\/lavostrallar.com\/noticias\/ca\/las-ultimas-del-ano\/","og_locale":"ca_ES","og_type":"article","og_title":"Lo \u00faltimo del a\u00f1o en la residencia geri\u00e1trica El Clot - Noticias La Vostra Llar","og_description":"Ya se han encendido todas las residencias de La Vostra Llar para dar color y brillo a un mes lleno de magia, sonrisas, regalos y diversi\u00f3n","og_url":"https:\/\/lavostrallar.com\/noticias\/ca\/las-ultimas-del-ano\/","og_site_name":"Noticias La Vostra Llar","article_publisher":"https:\/\/www.facebook.com\/lavostra.llar","article_published_time":"2022-11-27T11:00:41+00:00","article_modified_time":"2023-08-07T10:56:19+00:00","og_image":[{"width":1483,"height":898,"url":"https:\/\/lavostrallar.com\/noticias\/wp-content\/uploads\/2022\/11\/316085382_806171617367540_1404670293930046186_n.jpg","type":"image\/jpeg"}],"author":"clot","twitter_card":"summary_large_image","twitter_creator":"@lavostrallar","twitter_site":"@lavostrallar","twitter_misc":{"Escrit per":"clot","Temps estimat de lectura":"2 minuts"},"schema":{"@context":"https:\/\/schema.org","@graph":[{"@type":"Article","@id":"https:\/\/lavostrallar.com\/noticias\/ca\/las-ultimas-del-ano\/#article","isPartOf":{"@id":"https:\/\/lavostrallar.com\/noticias\/ca\/las-ultimas-del-ano\/"},"author":{"name":"clot","@id":"https:\/\/lavostrallar.com\/noticias\/#\/schema\/person\/2511dfae685f7be889a50167b3d88a38"},"headline":"Lo \u00faltimo del a\u00f1o en la residencia geri\u00e1trica El Clot","datePublished":"2022-11-27T11:00:41+00:00","dateModified":"2023-08-07T10:56:19+00:00","mainEntityOfPage":{"@id":"https:\/\/lavostrallar.com\/noticias\/ca\/las-ultimas-del-ano\/"},"wordCount":470,"publisher":{"@id":"https:\/\/lavostrallar.com\/noticias\/#organization"},"image":{"@id":"https:\/\/lavostrallar.com\/noticias\/ca\/las-ultimas-del-ano\/#primaryimage"},"thumbnailUrl":"https:\/\/lavostrallar.com\/noticias\/wp-content\/uploads\/2022\/11\/316085382_806171617367540_1404670293930046186_n.jpg","articleSection":["Noticias Clot"],"inLanguage":"ca"},{"@type":"WebPage","@id":"https:\/\/lavostrallar.com\/noticias\/ca\/las-ultimas-del-ano\/","url":"https:\/\/lavostrallar.com\/noticias\/ca\/las-ultimas-del-ano\/","name":"Lo \u00faltimo del a\u00f1o en la residencia geri\u00e1trica El Clot - Noticias La Vostra Llar","isPartOf":{"@id":"https:\/\/lavostrallar.com\/noticias\/#website"},"primaryImageOfPage":{"@id":"https:\/\/lavostrallar.com\/noticias\/ca\/las-ultimas-del-ano\/#primaryimage"},"image":{"@id":"https:\/\/lavostrallar.com\/noticias\/ca\/las-ultimas-del-ano\/#primaryimage"},"thumbnailUrl":"https:\/\/lavostrallar.com\/noticias\/wp-content\/uploads\/2022\/11\/316085382_806171617367540_1404670293930046186_n.jpg","datePublished":"2022-11-27T11:00:41+00:00","dateModified":"2023-08-07T10:56:19+00:00","description":"Ja s'han enc\u00e8s totes les resid\u00e8ncies de La Vostra Llar per donar color i brillantor a un mes ple de m\u00e0gia, somriures, regals i diversi\u00f3","breadcrumb":{"@id":"https:\/\/lavostrallar.com\/noticias\/ca\/las-ultimas-del-ano\/#breadcrumb"},"inLanguage":"ca","potentialAction":[{"@type":"ReadAction","target":["https:\/\/lavostrallar.com\/noticias\/ca\/las-ultimas-del-ano\/"]}]},{"@type":"ImageObject","inLanguage":"ca","@id":"https:\/\/lavostrallar.com\/noticias\/ca\/las-ultimas-del-ano\/#primaryimage","url":"https:\/\/lavostrallar.com\/noticias\/wp-content\/uploads\/2022\/11\/316085382_806171617367540_1404670293930046186_n.jpg","contentUrl":"https:\/\/lavostrallar.com\/noticias\/wp-content\/uploads\/2022\/11\/316085382_806171617367540_1404670293930046186_n.jpg","width":1483,"height":898},{"@type":"BreadcrumbList","@id":"https:\/\/lavostrallar.com\/noticias\/ca\/las-ultimas-del-ano\/#breadcrumb","itemListElement":[{"@type":"ListItem","position":1,"name":"Portada","item":"https:\/\/lavostrallar.com\/noticias\/"},{"@type":"ListItem","position":2,"name":"Lo \u00faltimo del a\u00f1o en la residencia geri\u00e1trica El Clot"}]},{"@type":"WebSite","@id":"https:\/\/lavostrallar.com\/noticias\/#website","url":"https:\/\/lavostrallar.com\/noticias\/","name":"La Vostra Llar","description":"La Vostra Llar gestiona resid\u00e8ncies geri\u00e0triques des de 1987 amb la missi\u00f3 d\u2019oferir assist\u00e8ncia personalitzada per estimular, acollir i atendre les persones grans amb qualsevol grau de depend\u00e8ncia.","publisher":{"@id":"https:\/\/lavostrallar.com\/noticias\/#organization"},"potentialAction":[{"@type":"SearchAction","target":{"@type":"EntryPoint","urlTemplate":"https:\/\/lavostrallar.com\/noticias\/?s={search_term_string}"},"query-input":{"@type":"PropertyValueSpecification","valueRequired":true,"valueName":"search_term_string"}}],"inLanguage":"ca"},{"@type":"Organization","@id":"https:\/\/lavostrallar.com\/noticias\/#organization","name":"La Vostra Llar","url":"https:\/\/lavostrallar.com\/noticias\/","logo":{"@type":"ImageObject","inLanguage":"ca","@id":"https:\/\/lavostrallar.com\/noticias\/#\/schema\/logo\/image\/","url":"https:\/\/lavostrallar.com\/noticias\/wp-content\/uploads\/2021\/12\/logo_lavostrallar.png","contentUrl":"https:\/\/lavostrallar.com\/noticias\/wp-content\/uploads\/2021\/12\/logo_lavostrallar.png","width":217,"height":109,"caption":"La Vostra Llar"},"image":{"@id":"https:\/\/lavostrallar.com\/noticias\/#\/schema\/logo\/image\/"},"sameAs":["https:\/\/www.facebook.com\/lavostra.llar","https:\/\/x.com\/lavostrallar","https:\/\/www.instagram.com\/lavostrallar\/"]},{"@type":"Person","@id":"https:\/\/lavostrallar.com\/noticias\/#\/schema\/person\/2511dfae685f7be889a50167b3d88a38","name":"clot","image":{"@type":"ImageObject","inLanguage":"ca","@id":"https:\/\/lavostrallar.com\/noticias\/#\/schema\/person\/image\/","url":"https:\/\/secure.gravatar.com\/avatar\/3c1df0739940f5c4c6ddbf0cbaa0c04d540ea3f04119bc2b24c94557acb1067c?s=96&d=mm&r=g","contentUrl":"https:\/\/secure.gravatar.com\/avatar\/3c1df0739940f5c4c6ddbf0cbaa0c04d540ea3f04119bc2b24c94557acb1067c?s=96&d=mm&r=g","caption":"clot"},"url":"https:\/\/lavostrallar.com\/noticias\/ca\/author\/lavostrallar-clot\/"}]}},"_links":{"self":[{"href":"https:\/\/lavostrallar.com\/noticias\/ca\/wp-json\/wp\/v2\/posts\/22126","targetHints":{"allow":["GET"]}}],"collection":[{"href":"https:\/\/lavostrallar.com\/noticias\/ca\/wp-json\/wp\/v2\/posts"}],"about":[{"href":"https:\/\/lavostrallar.com\/noticias\/ca\/wp-json\/wp\/v2\/types\/post"}],"author":[{"embeddable":true,"href":"https:\/\/lavostrallar.com\/noticias\/ca\/wp-json\/wp\/v2\/users\/15"}],"replies":[{"embeddable":true,"href":"https:\/\/lavostrallar.com\/noticias\/ca\/wp-json\/wp\/v2\/comments?post=22126"}],"version-history":[{"count":7,"href":"https:\/\/lavostrallar.com\/noticias\/ca\/wp-json\/wp\/v2\/posts\/22126\/revisions"}],"predecessor-version":[{"id":26987,"href":"https:\/\/lavostrallar.com\/noticias\/ca\/wp-json\/wp\/v2\/posts\/22126\/revisions\/26987"}],"wp:featuredmedia":[{"embeddable":true,"href":"https:\/\/lavostrallar.com\/noticias\/ca\/wp-json\/wp\/v2\/media\/22127"}],"wp:attachment":[{"href":"https:\/\/lavostrallar.com\/noticias\/ca\/wp-json\/wp\/v2\/media?parent=22126"}],"wp:term":[{"taxonomy":"category","embeddable":true,"href":"https:\/\/lavostrallar.com\/noticias\/ca\/wp-json\/wp\/v2\/categories?post=22126"},{"taxonomy":"post_tag","embeddable":true,"href":"https:\/\/lavostrallar.com\/noticias\/ca\/wp-json\/wp\/v2\/tags?post=22126"}],"curies":[{"name":"wp","href":"https:\/\/api.w.org\/{rel}","templated":true}]}}