	{"id":22345,"date":"2022-12-27T11:56:10","date_gmt":"2022-12-27T11:56:10","guid":{"rendered":"https:\/\/lavostrallar.com\/?p=22345"},"modified":"2023-01-18T08:53:53","modified_gmt":"2023-01-18T08:53:53","slug":"en-terrassa-le-damos-la-bienvenida-al-ano-2023","status":"publish","type":"post","link":"https:\/\/lavostrallar.com\/noticias\/ca\/en-terrassa-le-damos-la-bienvenida-al-ano-2023\/","title":{"rendered":"A Terrassa li donem la benvinguda l'any 2023"},"content":{"rendered":"<p>Comen\u00e7ar un nou any sempre ens omple d'il\u00b7lusions i projectes que afrontem emocionats. A La Vostra Llar Terrassa, despr\u00e9s d'acomiadar el 2022, rebrem la visita dels Reis Mags, que vindran carregats de regals perqu\u00e8 hem estat molt bons. La seg\u00fcent setmana, ja amb totes les festes nadalenques finalitzades, entrarem de ple a les nostres activitats quotidianes, comen\u00e7ant per la celebraci\u00f3 del \u00abMen\u00fa de l\u2019avi\u00bb.<\/p>\n\n\n\n<p>El nostre equip de professionals ja est\u00e0 mans a l'obra preparant tallers de treballs manuals, exercicis de fisioter\u00e0pia, tant individuals com grupals, activitats d'estimulaci\u00f3 sensorial, reminisc\u00e8ncies, musicoter\u00e0pia i ter\u00e0pia assistida amb gossos.<\/p>\n\n\n\n<p>Continuarem tamb\u00e9 amb les passejades terap\u00e8utiques, les sessions de \u00abM\u00fasica per a l'oblit\u00bb i el cinema f\u00f2rum, activitat grupal en qu\u00e8 a partir del llenguatge cinematogr\u00e0fic desenvolupem una din\u00e0mica interactiva de comunicaci\u00f3.<\/p>\n\n\n\n<p>A final de mes, com sempre, celebrarem els aniversaris dels residents nascuts al gener amb una gran festa.<\/p>\n\n\n\n<p>Segur que enguany que iniciem tamb\u00e9 ens portar\u00e0 sorpreses i novetats, aix\u00ed que vam comen\u00e7ar-ho a tope d'energia i bones vibracions.<\/p>\n\n\n\n<p>Us desitgem un Feli\u00e7 Any Nou 2023.<\/p>","protected":false},"excerpt":{"rendered":"<p>Empezar un nuevo a\u00f1o siempre nos llena de ilusiones y proyectos que afrontamos emocionados. En La Vostra Llar Terrassa, despu\u00e9s de despedir al 2022, recibiremos la visita de los Reyes Magos, que vendr\u00e1n cargados de regalos porque hemos sido muy, pero que muy buenos. La siguiente semana, ya con todas las fiestas navide\u00f1as finalizadas, entraremos [&hellip;]<\/p>","protected":false},"author":11,"featured_media":22346,"comment_status":"closed","ping_status":"closed","sticky":false,"template":"","format":"standard","meta":{"content-type":"","footnotes":""},"categories":[19],"tags":[],"class_list":["post-22345","post","type-post","status-publish","format-standard","has-post-thumbnail","hentry","category-noticias-terrassa"],"yoast_head":"<!-- This site is optimized with the Yoast SEO plugin v26.0 - https:\/\/yoast.com\/wordpress\/plugins\/seo\/ -->\n<title>En Terrassa le damos la bienvenida al a\u00f1o 2023 - Noticias La Vostra Llar<\/title>\n<meta name=\"description\" content=\"En la Vostra Llar Terrassa le damos la Bienvenida al 2023. \u00a1Seguiremos celebrando junto con la llegada de los Reyes Magos!\" \/>\n<meta name=\"robots\" content=\"index, follow, max-snippet:-1, max-image-preview:large, max-video-preview:-1\" \/>\n<link rel=\"canonical\" href=\"https:\/\/lavostrallar.com\/noticias\/ca\/en-terrassa-le-damos-la-bienvenida-al-ano-2023\/\" \/>\n<meta property=\"og:locale\" content=\"ca_ES\" \/>\n<meta property=\"og:type\" content=\"article\" \/>\n<meta property=\"og:title\" content=\"En Terrassa le damos la bienvenida al a\u00f1o 2023 - Noticias La Vostra Llar\" \/>\n<meta property=\"og:description\" content=\"En la Vostra Llar Terrassa le damos la Bienvenida al 2023. \u00a1Seguiremos celebrando junto con la llegada de los Reyes Magos!\" \/>\n<meta property=\"og:url\" content=\"https:\/\/lavostrallar.com\/noticias\/ca\/en-terrassa-le-damos-la-bienvenida-al-ano-2023\/\" \/>\n<meta property=\"og:site_name\" content=\"Noticias La Vostra Llar\" \/>\n<meta property=\"article:publisher\" content=\"https:\/\/www.facebook.com\/lavostra.llar\" \/>\n<meta property=\"article:published_time\" content=\"2022-12-27T11:56:10+00:00\" \/>\n<meta property=\"article:modified_time\" content=\"2023-01-18T08:53:53+00:00\" \/>\n<meta property=\"og:image\" content=\"https:\/\/lavostrallar.com\/noticias\/wp-content\/uploads\/2022\/12\/IMG_20221223_161643-scaled.jpg\" \/>\n\t<meta property=\"og:image:width\" content=\"2560\" \/>\n\t<meta property=\"og:image:height\" content=\"1920\" \/>\n\t<meta property=\"og:image:type\" content=\"image\/jpeg\" \/>\n<meta name=\"author\" content=\"lavostrallar terrassa\" \/>\n<meta name=\"twitter:card\" content=\"summary_large_image\" \/>\n<meta name=\"twitter:creator\" content=\"@lavostrallar\" \/>\n<meta name=\"twitter:site\" content=\"@lavostrallar\" \/>\n<meta name=\"twitter:label1\" content=\"Escrit per\" \/>\n\t<meta name=\"twitter:data1\" content=\"lavostrallar terrassa\" \/>\n\t<meta name=\"twitter:label2\" content=\"Temps estimat de lectura\" \/>\n\t<meta name=\"twitter:data2\" content=\"1 minut\" \/>\n<script type=\"application\/ld+json\" class=\"yoast-schema-graph\">{\"@context\":\"https:\/\/schema.org\",\"@graph\":[{\"@type\":\"Article\",\"@id\":\"https:\/\/lavostrallar.com\/noticias\/ca\/en-terrassa-le-damos-la-bienvenida-al-ano-2023\/#article\",\"isPartOf\":{\"@id\":\"https:\/\/lavostrallar.com\/noticias\/ca\/en-terrassa-le-damos-la-bienvenida-al-ano-2023\/\"},\"author\":{\"name\":\"lavostrallar terrassa\",\"@id\":\"https:\/\/lavostrallar.com\/noticias\/#\/schema\/person\/1c1e70af1b7b3623a48930661c6b3b27\"},\"headline\":\"En Terrassa le damos la bienvenida al a\u00f1o 2023\",\"datePublished\":\"2022-12-27T11:56:10+00:00\",\"dateModified\":\"2023-01-18T08:53:53+00:00\",\"mainEntityOfPage\":{\"@id\":\"https:\/\/lavostrallar.com\/noticias\/ca\/en-terrassa-le-damos-la-bienvenida-al-ano-2023\/\"},\"wordCount\":210,\"publisher\":{\"@id\":\"https:\/\/lavostrallar.com\/noticias\/#organization\"},\"image\":{\"@id\":\"https:\/\/lavostrallar.com\/noticias\/ca\/en-terrassa-le-damos-la-bienvenida-al-ano-2023\/#primaryimage\"},\"thumbnailUrl\":\"https:\/\/lavostrallar.com\/noticias\/wp-content\/uploads\/2022\/12\/IMG_20221223_161643-scaled.jpg\",\"articleSection\":[\"Noticias Terrassa\"],\"inLanguage\":\"ca\"},{\"@type\":\"WebPage\",\"@id\":\"https:\/\/lavostrallar.com\/noticias\/ca\/en-terrassa-le-damos-la-bienvenida-al-ano-2023\/\",\"url\":\"https:\/\/lavostrallar.com\/noticias\/ca\/en-terrassa-le-damos-la-bienvenida-al-ano-2023\/\",\"name\":\"En Terrassa le damos la bienvenida al a\u00f1o 2023 - Noticias La Vostra Llar\",\"isPartOf\":{\"@id\":\"https:\/\/lavostrallar.com\/noticias\/#website\"},\"primaryImageOfPage\":{\"@id\":\"https:\/\/lavostrallar.com\/noticias\/ca\/en-terrassa-le-damos-la-bienvenida-al-ano-2023\/#primaryimage\"},\"image\":{\"@id\":\"https:\/\/lavostrallar.com\/noticias\/ca\/en-terrassa-le-damos-la-bienvenida-al-ano-2023\/#primaryimage\"},\"thumbnailUrl\":\"https:\/\/lavostrallar.com\/noticias\/wp-content\/uploads\/2022\/12\/IMG_20221223_161643-scaled.jpg\",\"datePublished\":\"2022-12-27T11:56:10+00:00\",\"dateModified\":\"2023-01-18T08:53:53+00:00\",\"description\":\"En la Vostra Llar Terrassa le damos la Bienvenida al 2023. \u00a1Seguiremos celebrando junto con la llegada de los Reyes Magos!\",\"breadcrumb\":{\"@id\":\"https:\/\/lavostrallar.com\/noticias\/ca\/en-terrassa-le-damos-la-bienvenida-al-ano-2023\/#breadcrumb\"},\"inLanguage\":\"ca\",\"potentialAction\":[{\"@type\":\"ReadAction\",\"target\":[\"https:\/\/lavostrallar.com\/noticias\/ca\/en-terrassa-le-damos-la-bienvenida-al-ano-2023\/\"]}]},{\"@type\":\"ImageObject\",\"inLanguage\":\"ca\",\"@id\":\"https:\/\/lavostrallar.com\/noticias\/ca\/en-terrassa-le-damos-la-bienvenida-al-ano-2023\/#primaryimage\",\"url\":\"https:\/\/lavostrallar.com\/noticias\/wp-content\/uploads\/2022\/12\/IMG_20221223_161643-scaled.jpg\",\"contentUrl\":\"https:\/\/lavostrallar.com\/noticias\/wp-content\/uploads\/2022\/12\/IMG_20221223_161643-scaled.jpg\",\"width\":2560,\"height\":1920},{\"@type\":\"BreadcrumbList\",\"@id\":\"https:\/\/lavostrallar.com\/noticias\/ca\/en-terrassa-le-damos-la-bienvenida-al-ano-2023\/#breadcrumb\",\"itemListElement\":[{\"@type\":\"ListItem\",\"position\":1,\"name\":\"Portada\",\"item\":\"https:\/\/lavostrallar.com\/noticias\/\"},{\"@type\":\"ListItem\",\"position\":2,\"name\":\"En Terrassa le damos la bienvenida al a\u00f1o 2023\"}]},{\"@type\":\"WebSite\",\"@id\":\"https:\/\/lavostrallar.com\/noticias\/#website\",\"url\":\"https:\/\/lavostrallar.com\/noticias\/\",\"name\":\"La Vostra Llar\",\"description\":\"La Vostra Llar gestiona resid\u00e8ncies geri\u00e0triques des de 1987 amb la missi\u00f3 d\u2019oferir assist\u00e8ncia personalitzada per estimular, acollir i atendre les persones grans amb qualsevol grau de depend\u00e8ncia.\",\"publisher\":{\"@id\":\"https:\/\/lavostrallar.com\/noticias\/#organization\"},\"potentialAction\":[{\"@type\":\"SearchAction\",\"target\":{\"@type\":\"EntryPoint\",\"urlTemplate\":\"https:\/\/lavostrallar.com\/noticias\/?s={search_term_string}\"},\"query-input\":{\"@type\":\"PropertyValueSpecification\",\"valueRequired\":true,\"valueName\":\"search_term_string\"}}],\"inLanguage\":\"ca\"},{\"@type\":\"Organization\",\"@id\":\"https:\/\/lavostrallar.com\/noticias\/#organization\",\"name\":\"La Vostra Llar\",\"url\":\"https:\/\/lavostrallar.com\/noticias\/\",\"logo\":{\"@type\":\"ImageObject\",\"inLanguage\":\"ca\",\"@id\":\"https:\/\/lavostrallar.com\/noticias\/#\/schema\/logo\/image\/\",\"url\":\"https:\/\/lavostrallar.com\/noticias\/wp-content\/uploads\/2021\/12\/logo_lavostrallar.png\",\"contentUrl\":\"https:\/\/lavostrallar.com\/noticias\/wp-content\/uploads\/2021\/12\/logo_lavostrallar.png\",\"width\":217,\"height\":109,\"caption\":\"La Vostra Llar\"},\"image\":{\"@id\":\"https:\/\/lavostrallar.com\/noticias\/#\/schema\/logo\/image\/\"},\"sameAs\":[\"https:\/\/www.facebook.com\/lavostra.llar\",\"https:\/\/x.com\/lavostrallar\",\"https:\/\/www.instagram.com\/lavostrallar\/\"]},{\"@type\":\"Person\",\"@id\":\"https:\/\/lavostrallar.com\/noticias\/#\/schema\/person\/1c1e70af1b7b3623a48930661c6b3b27\",\"name\":\"lavostrallar terrassa\",\"image\":{\"@type\":\"ImageObject\",\"inLanguage\":\"ca\",\"@id\":\"https:\/\/lavostrallar.com\/noticias\/#\/schema\/person\/image\/\",\"url\":\"https:\/\/secure.gravatar.com\/avatar\/7dfc5c51757b98333baaaed893bf1933ff4863f8150b463c3c5ce8e08fdfdf56?s=96&d=mm&r=g\",\"contentUrl\":\"https:\/\/secure.gravatar.com\/avatar\/7dfc5c51757b98333baaaed893bf1933ff4863f8150b463c3c5ce8e08fdfdf56?s=96&d=mm&r=g\",\"caption\":\"lavostrallar terrassa\"},\"sameAs\":[\"lavostrallar\"],\"url\":\"https:\/\/lavostrallar.com\/noticias\/ca\/author\/lavostrallar-terrassa\/\"}]}<\/script>\n<!-- \/ Yoast SEO plugin. -->","yoast_head_json":{"title":"En Terrassa le damos la bienvenida al a\u00f1o 2023 - Noticias La Vostra Llar","description":"A la Vostra Llar Terrassa us donem la Benvinguda al 2023. Seguirem celebrant juntament amb l'arribada dels Reis Mags!","robots":{"index":"index","follow":"follow","max-snippet":"max-snippet:-1","max-image-preview":"max-image-preview:large","max-video-preview":"max-video-preview:-1"},"canonical":"https:\/\/lavostrallar.com\/noticias\/ca\/en-terrassa-le-damos-la-bienvenida-al-ano-2023\/","og_locale":"ca_ES","og_type":"article","og_title":"En Terrassa le damos la bienvenida al a\u00f1o 2023 - Noticias La Vostra Llar","og_description":"En la Vostra Llar Terrassa le damos la Bienvenida al 2023. \u00a1Seguiremos celebrando junto con la llegada de los Reyes Magos!","og_url":"https:\/\/lavostrallar.com\/noticias\/ca\/en-terrassa-le-damos-la-bienvenida-al-ano-2023\/","og_site_name":"Noticias La Vostra Llar","article_publisher":"https:\/\/www.facebook.com\/lavostra.llar","article_published_time":"2022-12-27T11:56:10+00:00","article_modified_time":"2023-01-18T08:53:53+00:00","og_image":[{"width":2560,"height":1920,"url":"https:\/\/lavostrallar.com\/noticias\/wp-content\/uploads\/2022\/12\/IMG_20221223_161643-scaled.jpg","type":"image\/jpeg"}],"author":"lavostrallar terrassa","twitter_card":"summary_large_image","twitter_creator":"@lavostrallar","twitter_site":"@lavostrallar","twitter_misc":{"Escrit per":"lavostrallar terrassa","Temps estimat de lectura":"1 minut"},"schema":{"@context":"https:\/\/schema.org","@graph":[{"@type":"Article","@id":"https:\/\/lavostrallar.com\/noticias\/ca\/en-terrassa-le-damos-la-bienvenida-al-ano-2023\/#article","isPartOf":{"@id":"https:\/\/lavostrallar.com\/noticias\/ca\/en-terrassa-le-damos-la-bienvenida-al-ano-2023\/"},"author":{"name":"lavostrallar terrassa","@id":"https:\/\/lavostrallar.com\/noticias\/#\/schema\/person\/1c1e70af1b7b3623a48930661c6b3b27"},"headline":"En Terrassa le damos la bienvenida al a\u00f1o 2023","datePublished":"2022-12-27T11:56:10+00:00","dateModified":"2023-01-18T08:53:53+00:00","mainEntityOfPage":{"@id":"https:\/\/lavostrallar.com\/noticias\/ca\/en-terrassa-le-damos-la-bienvenida-al-ano-2023\/"},"wordCount":210,"publisher":{"@id":"https:\/\/lavostrallar.com\/noticias\/#organization"},"image":{"@id":"https:\/\/lavostrallar.com\/noticias\/ca\/en-terrassa-le-damos-la-bienvenida-al-ano-2023\/#primaryimage"},"thumbnailUrl":"https:\/\/lavostrallar.com\/noticias\/wp-content\/uploads\/2022\/12\/IMG_20221223_161643-scaled.jpg","articleSection":["Noticias Terrassa"],"inLanguage":"ca"},{"@type":"WebPage","@id":"https:\/\/lavostrallar.com\/noticias\/ca\/en-terrassa-le-damos-la-bienvenida-al-ano-2023\/","url":"https:\/\/lavostrallar.com\/noticias\/ca\/en-terrassa-le-damos-la-bienvenida-al-ano-2023\/","name":"En Terrassa le damos la bienvenida al a\u00f1o 2023 - Noticias La Vostra Llar","isPartOf":{"@id":"https:\/\/lavostrallar.com\/noticias\/#website"},"primaryImageOfPage":{"@id":"https:\/\/lavostrallar.com\/noticias\/ca\/en-terrassa-le-damos-la-bienvenida-al-ano-2023\/#primaryimage"},"image":{"@id":"https:\/\/lavostrallar.com\/noticias\/ca\/en-terrassa-le-damos-la-bienvenida-al-ano-2023\/#primaryimage"},"thumbnailUrl":"https:\/\/lavostrallar.com\/noticias\/wp-content\/uploads\/2022\/12\/IMG_20221223_161643-scaled.jpg","datePublished":"2022-12-27T11:56:10+00:00","dateModified":"2023-01-18T08:53:53+00:00","description":"A la Vostra Llar Terrassa us donem la Benvinguda al 2023. Seguirem celebrant juntament amb l'arribada dels Reis Mags!","breadcrumb":{"@id":"https:\/\/lavostrallar.com\/noticias\/ca\/en-terrassa-le-damos-la-bienvenida-al-ano-2023\/#breadcrumb"},"inLanguage":"ca","potentialAction":[{"@type":"ReadAction","target":["https:\/\/lavostrallar.com\/noticias\/ca\/en-terrassa-le-damos-la-bienvenida-al-ano-2023\/"]}]},{"@type":"ImageObject","inLanguage":"ca","@id":"https:\/\/lavostrallar.com\/noticias\/ca\/en-terrassa-le-damos-la-bienvenida-al-ano-2023\/#primaryimage","url":"https:\/\/lavostrallar.com\/noticias\/wp-content\/uploads\/2022\/12\/IMG_20221223_161643-scaled.jpg","contentUrl":"https:\/\/lavostrallar.com\/noticias\/wp-content\/uploads\/2022\/12\/IMG_20221223_161643-scaled.jpg","width":2560,"height":1920},{"@type":"BreadcrumbList","@id":"https:\/\/lavostrallar.com\/noticias\/ca\/en-terrassa-le-damos-la-bienvenida-al-ano-2023\/#breadcrumb","itemListElement":[{"@type":"ListItem","position":1,"name":"Portada","item":"https:\/\/lavostrallar.com\/noticias\/"},{"@type":"ListItem","position":2,"name":"En Terrassa le damos la bienvenida al a\u00f1o 2023"}]},{"@type":"WebSite","@id":"https:\/\/lavostrallar.com\/noticias\/#website","url":"https:\/\/lavostrallar.com\/noticias\/","name":"La Vostra Llar","description":"La Vostra Llar gestiona resid\u00e8ncies geri\u00e0triques des de 1987 amb la missi\u00f3 d\u2019oferir assist\u00e8ncia personalitzada per estimular, acollir i atendre les persones grans amb qualsevol grau de depend\u00e8ncia.","publisher":{"@id":"https:\/\/lavostrallar.com\/noticias\/#organization"},"potentialAction":[{"@type":"SearchAction","target":{"@type":"EntryPoint","urlTemplate":"https:\/\/lavostrallar.com\/noticias\/?s={search_term_string}"},"query-input":{"@type":"PropertyValueSpecification","valueRequired":true,"valueName":"search_term_string"}}],"inLanguage":"ca"},{"@type":"Organization","@id":"https:\/\/lavostrallar.com\/noticias\/#organization","name":"La Vostra Llar","url":"https:\/\/lavostrallar.com\/noticias\/","logo":{"@type":"ImageObject","inLanguage":"ca","@id":"https:\/\/lavostrallar.com\/noticias\/#\/schema\/logo\/image\/","url":"https:\/\/lavostrallar.com\/noticias\/wp-content\/uploads\/2021\/12\/logo_lavostrallar.png","contentUrl":"https:\/\/lavostrallar.com\/noticias\/wp-content\/uploads\/2021\/12\/logo_lavostrallar.png","width":217,"height":109,"caption":"La Vostra Llar"},"image":{"@id":"https:\/\/lavostrallar.com\/noticias\/#\/schema\/logo\/image\/"},"sameAs":["https:\/\/www.facebook.com\/lavostra.llar","https:\/\/x.com\/lavostrallar","https:\/\/www.instagram.com\/lavostrallar\/"]},{"@type":"Person","@id":"https:\/\/lavostrallar.com\/noticias\/#\/schema\/person\/1c1e70af1b7b3623a48930661c6b3b27","name":"lavostrallar terrassa","image":{"@type":"ImageObject","inLanguage":"ca","@id":"https:\/\/lavostrallar.com\/noticias\/#\/schema\/person\/image\/","url":"https:\/\/secure.gravatar.com\/avatar\/7dfc5c51757b98333baaaed893bf1933ff4863f8150b463c3c5ce8e08fdfdf56?s=96&d=mm&r=g","contentUrl":"https:\/\/secure.gravatar.com\/avatar\/7dfc5c51757b98333baaaed893bf1933ff4863f8150b463c3c5ce8e08fdfdf56?s=96&d=mm&r=g","caption":"lavostrallar terrassa"},"sameAs":["lavostrallar"],"url":"https:\/\/lavostrallar.com\/noticias\/ca\/author\/lavostrallar-terrassa\/"}]}},"_links":{"self":[{"href":"https:\/\/lavostrallar.com\/noticias\/ca\/wp-json\/wp\/v2\/posts\/22345","targetHints":{"allow":["GET"]}}],"collection":[{"href":"https:\/\/lavostrallar.com\/noticias\/ca\/wp-json\/wp\/v2\/posts"}],"about":[{"href":"https:\/\/lavostrallar.com\/noticias\/ca\/wp-json\/wp\/v2\/types\/post"}],"author":[{"embeddable":true,"href":"https:\/\/lavostrallar.com\/noticias\/ca\/wp-json\/wp\/v2\/users\/11"}],"replies":[{"embeddable":true,"href":"https:\/\/lavostrallar.com\/noticias\/ca\/wp-json\/wp\/v2\/comments?post=22345"}],"version-history":[{"count":2,"href":"https:\/\/lavostrallar.com\/noticias\/ca\/wp-json\/wp\/v2\/posts\/22345\/revisions"}],"predecessor-version":[{"id":22362,"href":"https:\/\/lavostrallar.com\/noticias\/ca\/wp-json\/wp\/v2\/posts\/22345\/revisions\/22362"}],"wp:featuredmedia":[{"embeddable":true,"href":"https:\/\/lavostrallar.com\/noticias\/ca\/wp-json\/wp\/v2\/media\/22346"}],"wp:attachment":[{"href":"https:\/\/lavostrallar.com\/noticias\/ca\/wp-json\/wp\/v2\/media?parent=22345"}],"wp:term":[{"taxonomy":"category","embeddable":true,"href":"https:\/\/lavostrallar.com\/noticias\/ca\/wp-json\/wp\/v2\/categories?post=22345"},{"taxonomy":"post_tag","embeddable":true,"href":"https:\/\/lavostrallar.com\/noticias\/ca\/wp-json\/wp\/v2\/tags?post=22345"}],"curies":[{"name":"wp","href":"https:\/\/api.w.org\/{rel}","templated":true}]}}