	{"id":22356,"date":"2022-12-27T14:30:47","date_gmt":"2022-12-27T14:30:47","guid":{"rendered":"https:\/\/lavostrallar.com\/?p=22356"},"modified":"2023-08-07T13:15:59","modified_gmt":"2023-08-07T11:15:59","slug":"enero-en-la-vostra-llar-blanes","status":"publish","type":"post","link":"https:\/\/lavostrallar.com\/noticias\/ca\/enero-en-la-vostra-llar-blanes\/","title":{"rendered":"Gener a la resid\u00e8ncia de gent gran La Vostra Llar Blanes"},"content":{"rendered":"<p>A La Vostra Llar Blanes, comencem el mes donant la benvinguda al nou any amb un men\u00fa especial. De primer, sopa de galets amb pilotes; de segon, cuixa de xai al forn amb patates i ceba i de postres, neules, torrons i polvorons.<\/p>\n\n\n\n<p>El dia 3, vindr\u00e0 un grup de voluntaris a cantar-nos algunes can\u00e7ons, mentre esperem amb impaci\u00e8ncia l\u2019arribada dels Reis Mags d'Orient.<\/p>\n\n\n\n<p>La tarda del dia 5 rebrem la visita dels Reis Mags que ens oferiran algun present i per acabar de celebrar les festes nadalenques, el dia 6 tindrem un altre men\u00fa especial: Canap\u00e8s variats, pollastre a la catalana amb orellanes, pinyons i prunes i gaudirem del tradicional Tortell de reis.<\/p>\n\n\n\n<p>Com aquest mes de gener tenim molts dinars ben bons durant els primers dies, aquest mes endarrerirem el \"Men\u00fa de l\u2019avi\" fins el dia 12 per tal que ens doni temps a pair tants suculents plats.<\/p>\n\n\n\n<p>Seguirem tenint les sessions de ter\u00e0pia amb animals i de \u201cM\u00fasica i dansa per l\u2019oblit\u201d, a l'igual que totes les activitats cognitives, sensorials, motrius, etc. que l'equip t\u00e8cnic prepara di\u00e0riament.<\/p>\n\n\n\n<p>I per acabar, el darrer dijous de mes, celebrarem els aniversaris dels residents nascuts al llarg de gener.<\/p>\n\n\n\n<p>Com veieu, a La Vostra Llar Blanes, les festes no acaben!<\/p>","protected":false},"excerpt":{"rendered":"<p>En La Vostra Llar Blanes, comenzamos el mes dando la bienvenida al nuevo a\u00f1o con un men\u00fa especial. De primero, sopa de galets; de segundo, muslo de cordero al horno con patatas y cebolla y de postre, barquillos, turrones y polvores. El d\u00eda 3 nos visitar\u00e1 un grupo de voluntarios para cantarnos algunas canciones, mientras [&hellip;]<\/p>","protected":false},"author":4,"featured_media":22357,"comment_status":"closed","ping_status":"closed","sticky":false,"template":"","format":"standard","meta":{"content-type":"","footnotes":""},"categories":[11],"tags":[],"class_list":["post-22356","post","type-post","status-publish","format-standard","has-post-thumbnail","hentry","category-noticias-blanes"],"yoast_head":"<!-- This site is optimized with the Yoast SEO plugin v26.0 - https:\/\/yoast.com\/wordpress\/plugins\/seo\/ -->\n<title>Enero en la residencia de ancianos Blanes - Noticias La Vostra Llar<\/title>\n<meta name=\"description\" content=\"En La Vostra Llar Blanes, comenzamos el mes dando la bienvenida al nuevo a\u00f1o con un men\u00fa especial \u00a1Y con la llegada de los Reyes!\" \/>\n<meta name=\"robots\" content=\"index, follow, max-snippet:-1, max-image-preview:large, max-video-preview:-1\" \/>\n<link rel=\"canonical\" href=\"https:\/\/lavostrallar.com\/noticias\/ca\/enero-en-la-vostra-llar-blanes\/\" \/>\n<meta property=\"og:locale\" content=\"ca_ES\" \/>\n<meta property=\"og:type\" content=\"article\" \/>\n<meta property=\"og:title\" content=\"Enero en la residencia de ancianos Blanes - Noticias La Vostra Llar\" \/>\n<meta property=\"og:description\" content=\"En La Vostra Llar Blanes, comenzamos el mes dando la bienvenida al nuevo a\u00f1o con un men\u00fa especial \u00a1Y con la llegada de los Reyes!\" \/>\n<meta property=\"og:url\" content=\"https:\/\/lavostrallar.com\/noticias\/ca\/enero-en-la-vostra-llar-blanes\/\" \/>\n<meta property=\"og:site_name\" content=\"Noticias La Vostra Llar\" \/>\n<meta property=\"article:publisher\" content=\"https:\/\/www.facebook.com\/lavostra.llar\" \/>\n<meta property=\"article:published_time\" content=\"2022-12-27T14:30:47+00:00\" \/>\n<meta property=\"article:modified_time\" content=\"2023-08-07T11:15:59+00:00\" \/>\n<meta property=\"og:image\" content=\"https:\/\/lavostrallar.com\/noticias\/wp-content\/uploads\/2022\/12\/IMG-20221223-WA0049.jpg\" \/>\n\t<meta property=\"og:image:width\" content=\"2016\" \/>\n\t<meta property=\"og:image:height\" content=\"1512\" \/>\n\t<meta property=\"og:image:type\" content=\"image\/jpeg\" \/>\n<meta name=\"author\" content=\"lavostrallar Blanes\" \/>\n<meta name=\"twitter:card\" content=\"summary_large_image\" \/>\n<meta name=\"twitter:creator\" content=\"@lavostrallar\" \/>\n<meta name=\"twitter:site\" content=\"@lavostrallar\" \/>\n<meta name=\"twitter:label1\" content=\"Escrit per\" \/>\n\t<meta name=\"twitter:data1\" content=\"lavostrallar Blanes\" \/>\n\t<meta name=\"twitter:label2\" content=\"Temps estimat de lectura\" \/>\n\t<meta name=\"twitter:data2\" content=\"1 minut\" \/>\n<script type=\"application\/ld+json\" class=\"yoast-schema-graph\">{\"@context\":\"https:\/\/schema.org\",\"@graph\":[{\"@type\":\"Article\",\"@id\":\"https:\/\/lavostrallar.com\/noticias\/ca\/enero-en-la-vostra-llar-blanes\/#article\",\"isPartOf\":{\"@id\":\"https:\/\/lavostrallar.com\/noticias\/ca\/enero-en-la-vostra-llar-blanes\/\"},\"author\":{\"name\":\"lavostrallar Blanes\",\"@id\":\"https:\/\/lavostrallar.com\/noticias\/#\/schema\/person\/faa2ed5e18c27633ee59a862ba0ca7c0\"},\"headline\":\"Enero en la residencia de ancianos La Vostra Llar Blanes\",\"datePublished\":\"2022-12-27T14:30:47+00:00\",\"dateModified\":\"2023-08-07T11:15:59+00:00\",\"mainEntityOfPage\":{\"@id\":\"https:\/\/lavostrallar.com\/noticias\/ca\/enero-en-la-vostra-llar-blanes\/\"},\"wordCount\":234,\"publisher\":{\"@id\":\"https:\/\/lavostrallar.com\/noticias\/#organization\"},\"image\":{\"@id\":\"https:\/\/lavostrallar.com\/noticias\/ca\/enero-en-la-vostra-llar-blanes\/#primaryimage\"},\"thumbnailUrl\":\"https:\/\/lavostrallar.com\/noticias\/wp-content\/uploads\/2022\/12\/IMG-20221223-WA0049.jpg\",\"articleSection\":[\"Noticias Blanes\"],\"inLanguage\":\"ca\"},{\"@type\":\"WebPage\",\"@id\":\"https:\/\/lavostrallar.com\/noticias\/ca\/enero-en-la-vostra-llar-blanes\/\",\"url\":\"https:\/\/lavostrallar.com\/noticias\/ca\/enero-en-la-vostra-llar-blanes\/\",\"name\":\"Enero en la residencia de ancianos Blanes - Noticias La Vostra Llar\",\"isPartOf\":{\"@id\":\"https:\/\/lavostrallar.com\/noticias\/#website\"},\"primaryImageOfPage\":{\"@id\":\"https:\/\/lavostrallar.com\/noticias\/ca\/enero-en-la-vostra-llar-blanes\/#primaryimage\"},\"image\":{\"@id\":\"https:\/\/lavostrallar.com\/noticias\/ca\/enero-en-la-vostra-llar-blanes\/#primaryimage\"},\"thumbnailUrl\":\"https:\/\/lavostrallar.com\/noticias\/wp-content\/uploads\/2022\/12\/IMG-20221223-WA0049.jpg\",\"datePublished\":\"2022-12-27T14:30:47+00:00\",\"dateModified\":\"2023-08-07T11:15:59+00:00\",\"description\":\"En La Vostra Llar Blanes, comenzamos el mes dando la bienvenida al nuevo a\u00f1o con un men\u00fa especial \u00a1Y con la llegada de los Reyes!\",\"breadcrumb\":{\"@id\":\"https:\/\/lavostrallar.com\/noticias\/ca\/enero-en-la-vostra-llar-blanes\/#breadcrumb\"},\"inLanguage\":\"ca\",\"potentialAction\":[{\"@type\":\"ReadAction\",\"target\":[\"https:\/\/lavostrallar.com\/noticias\/ca\/enero-en-la-vostra-llar-blanes\/\"]}]},{\"@type\":\"ImageObject\",\"inLanguage\":\"ca\",\"@id\":\"https:\/\/lavostrallar.com\/noticias\/ca\/enero-en-la-vostra-llar-blanes\/#primaryimage\",\"url\":\"https:\/\/lavostrallar.com\/noticias\/wp-content\/uploads\/2022\/12\/IMG-20221223-WA0049.jpg\",\"contentUrl\":\"https:\/\/lavostrallar.com\/noticias\/wp-content\/uploads\/2022\/12\/IMG-20221223-WA0049.jpg\",\"width\":2016,\"height\":1512},{\"@type\":\"BreadcrumbList\",\"@id\":\"https:\/\/lavostrallar.com\/noticias\/ca\/enero-en-la-vostra-llar-blanes\/#breadcrumb\",\"itemListElement\":[{\"@type\":\"ListItem\",\"position\":1,\"name\":\"Portada\",\"item\":\"https:\/\/lavostrallar.com\/noticias\/\"},{\"@type\":\"ListItem\",\"position\":2,\"name\":\"Enero en la residencia de ancianos La Vostra Llar Blanes\"}]},{\"@type\":\"WebSite\",\"@id\":\"https:\/\/lavostrallar.com\/noticias\/#website\",\"url\":\"https:\/\/lavostrallar.com\/noticias\/\",\"name\":\"La Vostra Llar\",\"description\":\"La Vostra Llar gestiona resid\u00e8ncies geri\u00e0triques des de 1987 amb la missi\u00f3 d\u2019oferir assist\u00e8ncia personalitzada per estimular, acollir i atendre les persones grans amb qualsevol grau de depend\u00e8ncia.\",\"publisher\":{\"@id\":\"https:\/\/lavostrallar.com\/noticias\/#organization\"},\"potentialAction\":[{\"@type\":\"SearchAction\",\"target\":{\"@type\":\"EntryPoint\",\"urlTemplate\":\"https:\/\/lavostrallar.com\/noticias\/?s={search_term_string}\"},\"query-input\":{\"@type\":\"PropertyValueSpecification\",\"valueRequired\":true,\"valueName\":\"search_term_string\"}}],\"inLanguage\":\"ca\"},{\"@type\":\"Organization\",\"@id\":\"https:\/\/lavostrallar.com\/noticias\/#organization\",\"name\":\"La Vostra Llar\",\"url\":\"https:\/\/lavostrallar.com\/noticias\/\",\"logo\":{\"@type\":\"ImageObject\",\"inLanguage\":\"ca\",\"@id\":\"https:\/\/lavostrallar.com\/noticias\/#\/schema\/logo\/image\/\",\"url\":\"https:\/\/lavostrallar.com\/noticias\/wp-content\/uploads\/2021\/12\/logo_lavostrallar.png\",\"contentUrl\":\"https:\/\/lavostrallar.com\/noticias\/wp-content\/uploads\/2021\/12\/logo_lavostrallar.png\",\"width\":217,\"height\":109,\"caption\":\"La Vostra Llar\"},\"image\":{\"@id\":\"https:\/\/lavostrallar.com\/noticias\/#\/schema\/logo\/image\/\"},\"sameAs\":[\"https:\/\/www.facebook.com\/lavostra.llar\",\"https:\/\/x.com\/lavostrallar\",\"https:\/\/www.instagram.com\/lavostrallar\/\"]},{\"@type\":\"Person\",\"@id\":\"https:\/\/lavostrallar.com\/noticias\/#\/schema\/person\/faa2ed5e18c27633ee59a862ba0ca7c0\",\"name\":\"lavostrallar Blanes\",\"image\":{\"@type\":\"ImageObject\",\"inLanguage\":\"ca\",\"@id\":\"https:\/\/lavostrallar.com\/noticias\/#\/schema\/person\/image\/\",\"url\":\"https:\/\/secure.gravatar.com\/avatar\/72a9e8292322b6e7eca2acfd4fd6c47d5d31f9ffcd036b279c49d697e3664fc3?s=96&d=mm&r=g\",\"contentUrl\":\"https:\/\/secure.gravatar.com\/avatar\/72a9e8292322b6e7eca2acfd4fd6c47d5d31f9ffcd036b279c49d697e3664fc3?s=96&d=mm&r=g\",\"caption\":\"lavostrallar Blanes\"},\"sameAs\":[\"lavostrallar\"],\"url\":\"https:\/\/lavostrallar.com\/noticias\/ca\/author\/lavostrallar-blanes\/\"}]}<\/script>\n<!-- \/ Yoast SEO plugin. -->","yoast_head_json":{"title":"Enero en la residencia de ancianos Blanes - Noticias La Vostra Llar","description":"A La Vostra Llar Blanes, comencem el mes donant la benvinguda al nou any amb un men\u00fa especial I amb l'arribada dels Reis!","robots":{"index":"index","follow":"follow","max-snippet":"max-snippet:-1","max-image-preview":"max-image-preview:large","max-video-preview":"max-video-preview:-1"},"canonical":"https:\/\/lavostrallar.com\/noticias\/ca\/enero-en-la-vostra-llar-blanes\/","og_locale":"ca_ES","og_type":"article","og_title":"Enero en la residencia de ancianos Blanes - Noticias La Vostra Llar","og_description":"En La Vostra Llar Blanes, comenzamos el mes dando la bienvenida al nuevo a\u00f1o con un men\u00fa especial \u00a1Y con la llegada de los Reyes!","og_url":"https:\/\/lavostrallar.com\/noticias\/ca\/enero-en-la-vostra-llar-blanes\/","og_site_name":"Noticias La Vostra Llar","article_publisher":"https:\/\/www.facebook.com\/lavostra.llar","article_published_time":"2022-12-27T14:30:47+00:00","article_modified_time":"2023-08-07T11:15:59+00:00","og_image":[{"width":2016,"height":1512,"url":"https:\/\/lavostrallar.com\/noticias\/wp-content\/uploads\/2022\/12\/IMG-20221223-WA0049.jpg","type":"image\/jpeg"}],"author":"lavostrallar Blanes","twitter_card":"summary_large_image","twitter_creator":"@lavostrallar","twitter_site":"@lavostrallar","twitter_misc":{"Escrit per":"lavostrallar Blanes","Temps estimat de lectura":"1 minut"},"schema":{"@context":"https:\/\/schema.org","@graph":[{"@type":"Article","@id":"https:\/\/lavostrallar.com\/noticias\/ca\/enero-en-la-vostra-llar-blanes\/#article","isPartOf":{"@id":"https:\/\/lavostrallar.com\/noticias\/ca\/enero-en-la-vostra-llar-blanes\/"},"author":{"name":"lavostrallar Blanes","@id":"https:\/\/lavostrallar.com\/noticias\/#\/schema\/person\/faa2ed5e18c27633ee59a862ba0ca7c0"},"headline":"Enero en la residencia de ancianos La Vostra Llar Blanes","datePublished":"2022-12-27T14:30:47+00:00","dateModified":"2023-08-07T11:15:59+00:00","mainEntityOfPage":{"@id":"https:\/\/lavostrallar.com\/noticias\/ca\/enero-en-la-vostra-llar-blanes\/"},"wordCount":234,"publisher":{"@id":"https:\/\/lavostrallar.com\/noticias\/#organization"},"image":{"@id":"https:\/\/lavostrallar.com\/noticias\/ca\/enero-en-la-vostra-llar-blanes\/#primaryimage"},"thumbnailUrl":"https:\/\/lavostrallar.com\/noticias\/wp-content\/uploads\/2022\/12\/IMG-20221223-WA0049.jpg","articleSection":["Noticias Blanes"],"inLanguage":"ca"},{"@type":"WebPage","@id":"https:\/\/lavostrallar.com\/noticias\/ca\/enero-en-la-vostra-llar-blanes\/","url":"https:\/\/lavostrallar.com\/noticias\/ca\/enero-en-la-vostra-llar-blanes\/","name":"Enero en la residencia de ancianos Blanes - Noticias La Vostra Llar","isPartOf":{"@id":"https:\/\/lavostrallar.com\/noticias\/#website"},"primaryImageOfPage":{"@id":"https:\/\/lavostrallar.com\/noticias\/ca\/enero-en-la-vostra-llar-blanes\/#primaryimage"},"image":{"@id":"https:\/\/lavostrallar.com\/noticias\/ca\/enero-en-la-vostra-llar-blanes\/#primaryimage"},"thumbnailUrl":"https:\/\/lavostrallar.com\/noticias\/wp-content\/uploads\/2022\/12\/IMG-20221223-WA0049.jpg","datePublished":"2022-12-27T14:30:47+00:00","dateModified":"2023-08-07T11:15:59+00:00","description":"A La Vostra Llar Blanes, comencem el mes donant la benvinguda al nou any amb un men\u00fa especial I amb l'arribada dels Reis!","breadcrumb":{"@id":"https:\/\/lavostrallar.com\/noticias\/ca\/enero-en-la-vostra-llar-blanes\/#breadcrumb"},"inLanguage":"ca","potentialAction":[{"@type":"ReadAction","target":["https:\/\/lavostrallar.com\/noticias\/ca\/enero-en-la-vostra-llar-blanes\/"]}]},{"@type":"ImageObject","inLanguage":"ca","@id":"https:\/\/lavostrallar.com\/noticias\/ca\/enero-en-la-vostra-llar-blanes\/#primaryimage","url":"https:\/\/lavostrallar.com\/noticias\/wp-content\/uploads\/2022\/12\/IMG-20221223-WA0049.jpg","contentUrl":"https:\/\/lavostrallar.com\/noticias\/wp-content\/uploads\/2022\/12\/IMG-20221223-WA0049.jpg","width":2016,"height":1512},{"@type":"BreadcrumbList","@id":"https:\/\/lavostrallar.com\/noticias\/ca\/enero-en-la-vostra-llar-blanes\/#breadcrumb","itemListElement":[{"@type":"ListItem","position":1,"name":"Portada","item":"https:\/\/lavostrallar.com\/noticias\/"},{"@type":"ListItem","position":2,"name":"Enero en la residencia de ancianos La Vostra Llar Blanes"}]},{"@type":"WebSite","@id":"https:\/\/lavostrallar.com\/noticias\/#website","url":"https:\/\/lavostrallar.com\/noticias\/","name":"La Vostra Llar","description":"La Vostra Llar gestiona resid\u00e8ncies geri\u00e0triques des de 1987 amb la missi\u00f3 d\u2019oferir assist\u00e8ncia personalitzada per estimular, acollir i atendre les persones grans amb qualsevol grau de depend\u00e8ncia.","publisher":{"@id":"https:\/\/lavostrallar.com\/noticias\/#organization"},"potentialAction":[{"@type":"SearchAction","target":{"@type":"EntryPoint","urlTemplate":"https:\/\/lavostrallar.com\/noticias\/?s={search_term_string}"},"query-input":{"@type":"PropertyValueSpecification","valueRequired":true,"valueName":"search_term_string"}}],"inLanguage":"ca"},{"@type":"Organization","@id":"https:\/\/lavostrallar.com\/noticias\/#organization","name":"La Vostra Llar","url":"https:\/\/lavostrallar.com\/noticias\/","logo":{"@type":"ImageObject","inLanguage":"ca","@id":"https:\/\/lavostrallar.com\/noticias\/#\/schema\/logo\/image\/","url":"https:\/\/lavostrallar.com\/noticias\/wp-content\/uploads\/2021\/12\/logo_lavostrallar.png","contentUrl":"https:\/\/lavostrallar.com\/noticias\/wp-content\/uploads\/2021\/12\/logo_lavostrallar.png","width":217,"height":109,"caption":"La Vostra Llar"},"image":{"@id":"https:\/\/lavostrallar.com\/noticias\/#\/schema\/logo\/image\/"},"sameAs":["https:\/\/www.facebook.com\/lavostra.llar","https:\/\/x.com\/lavostrallar","https:\/\/www.instagram.com\/lavostrallar\/"]},{"@type":"Person","@id":"https:\/\/lavostrallar.com\/noticias\/#\/schema\/person\/faa2ed5e18c27633ee59a862ba0ca7c0","name":"lavostrallar Blanes","image":{"@type":"ImageObject","inLanguage":"ca","@id":"https:\/\/lavostrallar.com\/noticias\/#\/schema\/person\/image\/","url":"https:\/\/secure.gravatar.com\/avatar\/72a9e8292322b6e7eca2acfd4fd6c47d5d31f9ffcd036b279c49d697e3664fc3?s=96&d=mm&r=g","contentUrl":"https:\/\/secure.gravatar.com\/avatar\/72a9e8292322b6e7eca2acfd4fd6c47d5d31f9ffcd036b279c49d697e3664fc3?s=96&d=mm&r=g","caption":"lavostrallar Blanes"},"sameAs":["lavostrallar"],"url":"https:\/\/lavostrallar.com\/noticias\/ca\/author\/lavostrallar-blanes\/"}]}},"_links":{"self":[{"href":"https:\/\/lavostrallar.com\/noticias\/ca\/wp-json\/wp\/v2\/posts\/22356","targetHints":{"allow":["GET"]}}],"collection":[{"href":"https:\/\/lavostrallar.com\/noticias\/ca\/wp-json\/wp\/v2\/posts"}],"about":[{"href":"https:\/\/lavostrallar.com\/noticias\/ca\/wp-json\/wp\/v2\/types\/post"}],"author":[{"embeddable":true,"href":"https:\/\/lavostrallar.com\/noticias\/ca\/wp-json\/wp\/v2\/users\/4"}],"replies":[{"embeddable":true,"href":"https:\/\/lavostrallar.com\/noticias\/ca\/wp-json\/wp\/v2\/comments?post=22356"}],"version-history":[{"count":3,"href":"https:\/\/lavostrallar.com\/noticias\/ca\/wp-json\/wp\/v2\/posts\/22356\/revisions"}],"predecessor-version":[{"id":26993,"href":"https:\/\/lavostrallar.com\/noticias\/ca\/wp-json\/wp\/v2\/posts\/22356\/revisions\/26993"}],"wp:featuredmedia":[{"embeddable":true,"href":"https:\/\/lavostrallar.com\/noticias\/ca\/wp-json\/wp\/v2\/media\/22357"}],"wp:attachment":[{"href":"https:\/\/lavostrallar.com\/noticias\/ca\/wp-json\/wp\/v2\/media?parent=22356"}],"wp:term":[{"taxonomy":"category","embeddable":true,"href":"https:\/\/lavostrallar.com\/noticias\/ca\/wp-json\/wp\/v2\/categories?post=22356"},{"taxonomy":"post_tag","embeddable":true,"href":"https:\/\/lavostrallar.com\/noticias\/ca\/wp-json\/wp\/v2\/tags?post=22356"}],"curies":[{"name":"wp","href":"https:\/\/api.w.org\/{rel}","templated":true}]}}