	{"id":22943,"date":"2023-01-30T15:36:53","date_gmt":"2023-01-30T15:36:53","guid":{"rendered":"https:\/\/lavostrallar.com\/?p=22943"},"modified":"2025-07-08T18:18:10","modified_gmt":"2025-07-08T16:18:10","slug":"carnaval-en-el-mes-de-febrero-en-la-vostra-llar-mataro","status":"publish","type":"post","link":"https:\/\/lavostrallar.com\/noticias\/ca\/carnaval-en-el-mes-de-febrero-en-la-vostra-llar-mataro\/","title":{"rendered":"Carnestoltes al febrer a La Vostra Llar Matar\u00f3"},"content":{"rendered":"<p>Aquest mes de febrer est\u00e0 carregat de sorpreses i d'il\u00b7lusi\u00f3, arriba el Carnestoltes a la nostra resid\u00e8ncia i centre de dia La Vostra Llar Matar\u00f3.<\/p>\n\n\n\n<p>D'una banda, tindrem diferents tallers ambientats en el Carnestoltes, on deixarem volar la nostra imaginaci\u00f3 al so del comp\u00e0s de la m\u00fasica carnavalesca. Utilitzarem diferents t\u00e8cniques, com aquarel\u00b7la, pintura a l'oli, pintura amb temperes i aerografia, entre altres t\u00e8cniques que es duran a terme per gaudir d'aquest mes tan pintoresc, amb colors vius i esplendorosos donant un toc de creativitat a diferents m\u00e0scares venecianes.<\/p>\n\n\n\n<p>Estem llestos i preparats per al nostre taller de confecci\u00f3 de teles, \u00e9s per aix\u00f2 que enguany els nostres residents han triat la millor disfressa. Representaran un dels balls m\u00e9s importants de nostra volguda Catalunya, les sardanes. Els nostres residents, juntament amb els professionals del centre, ens disfressarem amb els vestits t\u00edpics del ball de la sardana i, sens dubte, gaudirem de diferents balls on ens deixarem portar al ritme de la m\u00fasica i al comp\u00e0s de la \u201cgralla\u201d.<\/p>\n\n\n\n<p>D'altra banda, com cada dijous de mes no podem no podem oblidar-nos del \u201cMen\u00fa de l\u2019avi\u201d amb el qual gaudirem de pop a la gallega (pop, oli, patata i pebre vermell), de segon plat tindrem osobuco a la taronja (taronja, vi blanc, crema de llet i ceba) i, finalment, un de les postres que m\u00e9s agraden als nostres residents,  \"pijama\" (flam, nata, pinya i pr\u00e9ssec).<\/p>\n\n\n\n<p>Tamb\u00e9 durem a terme diferents activitats i tallers, com Bici Sense Edat, programa en el qual els nostres grans passegen en tricicles el\u00e8ctrics acompanyats de voluntaris, ter\u00e0pia assistida amb gossos, passejos terap\u00e8utics per la nostra benvolguda ciutat, Matar\u00f3 i \u201cM\u00fasica i dansa per l\u2019oblit\u201d on els nostres majors es deixen portar per la m\u00fasica i la dansa al so de ritmes espontanis i lleugers.<\/p>\n\n\n\n<p>Cal destacar que comptem amb els nostres t\u00e8cnics de la resid\u00e8ncia i centre de dia La Vostra Llar Matar\u00f3 per a realitzar diferents activitats com a arter\u00e0pia, estimulaci\u00f3 cognitiva i psicomotricitat.<\/p>\n\n\n\n<p>Ah! i no hem d'oblidar que als nostres residents els encanta celebrar els aniversaris, \u00e9s per aix\u00f2 que l'ultim dijous de mes celebrarem una gran festa. Menjarem past\u00eds, cantarem, ballarem i repartirem regals a cada cumpleanyer i cumpleanyera.<\/p>\n\n\n\n<p>Per \u00faltim, per\u00f2 no menys important, potenciarem les sessions de fisioter\u00e0pia, que ens permetran treballar la coordinaci\u00f3 de tot el cos i facilitaran el moviment d'extremitats i articulacions.<\/p>\n\n\n\n<p>Som-hi fam\u00edlia!<\/p>","protected":false},"excerpt":{"rendered":"<p>Este mes de febrero est\u00e1 cargado de sorpresas y de ilusi\u00f3n, llega el Carnaval a nuestra residencia y centro de d\u00eda La Vostra Llar Matar\u00f3. Por un lado, tendremos diferentes talleres ambientados en la fiesta del Carnaval, donde dejaremos volar nuestra imaginaci\u00f3n al son del comp\u00e1s de la m\u00fasica carnavalesca. Utilizaremos diferentes t\u00e9cnicas, como acuarela, [&hellip;]<\/p>","protected":false},"author":8,"featured_media":22944,"comment_status":"closed","ping_status":"closed","sticky":false,"template":"","format":"standard","meta":{"content-type":"","footnotes":""},"categories":[15],"tags":[],"class_list":["post-22943","post","type-post","status-publish","format-standard","has-post-thumbnail","hentry","category-noticias-mataro"],"yoast_head":"<!-- This site is optimized with the Yoast SEO plugin v26.0 - https:\/\/yoast.com\/wordpress\/plugins\/seo\/ -->\n<title>Carnaval en febrero en La Vostra Llar Matar\u00f3 - Noticias La Vostra Llar<\/title>\n<meta name=\"description\" content=\"Colores, disfraces y mucha alegr\u00eda en el Carnaval de febrero en La Vostra Llar Matar\u00f3. Una jornada llena de risas y momentos inolvidables.\" \/>\n<meta name=\"robots\" content=\"index, follow, max-snippet:-1, max-image-preview:large, max-video-preview:-1\" \/>\n<link rel=\"canonical\" href=\"https:\/\/lavostrallar.com\/noticias\/ca\/carnaval-en-el-mes-de-febrero-en-la-vostra-llar-mataro\/\" \/>\n<meta property=\"og:locale\" content=\"ca_ES\" \/>\n<meta property=\"og:type\" content=\"article\" \/>\n<meta property=\"og:title\" content=\"Carnaval en febrero en La Vostra Llar Matar\u00f3 - Noticias La Vostra Llar\" \/>\n<meta property=\"og:description\" content=\"Colores, disfraces y mucha alegr\u00eda en el Carnaval de febrero en La Vostra Llar Matar\u00f3. Una jornada llena de risas y momentos inolvidables.\" \/>\n<meta property=\"og:url\" content=\"https:\/\/lavostrallar.com\/noticias\/ca\/carnaval-en-el-mes-de-febrero-en-la-vostra-llar-mataro\/\" \/>\n<meta property=\"og:site_name\" content=\"Noticias La Vostra Llar\" \/>\n<meta property=\"article:publisher\" content=\"https:\/\/www.facebook.com\/lavostra.llar\" \/>\n<meta property=\"article:published_time\" content=\"2023-01-30T15:36:53+00:00\" \/>\n<meta property=\"article:modified_time\" content=\"2025-07-08T16:18:10+00:00\" \/>\n<meta property=\"og:image\" content=\"https:\/\/lavostrallar.com\/noticias\/wp-content\/uploads\/2023\/01\/1675088239717-scaled.jpg\" \/>\n\t<meta property=\"og:image:width\" content=\"2560\" \/>\n\t<meta property=\"og:image:height\" content=\"1920\" \/>\n\t<meta property=\"og:image:type\" content=\"image\/jpeg\" \/>\n<meta name=\"author\" content=\"lavostrallar Mataro\" \/>\n<meta name=\"twitter:card\" content=\"summary_large_image\" \/>\n<meta name=\"twitter:creator\" content=\"@lavostrallar\" \/>\n<meta name=\"twitter:site\" content=\"@lavostrallar\" \/>\n<meta name=\"twitter:label1\" content=\"Escrit per\" \/>\n\t<meta name=\"twitter:data1\" content=\"lavostrallar Mataro\" \/>\n\t<meta name=\"twitter:label2\" content=\"Temps estimat de lectura\" \/>\n\t<meta name=\"twitter:data2\" content=\"2 minuts\" \/>\n<script type=\"application\/ld+json\" class=\"yoast-schema-graph\">{\"@context\":\"https:\/\/schema.org\",\"@graph\":[{\"@type\":\"Article\",\"@id\":\"https:\/\/lavostrallar.com\/noticias\/carnaval-en-el-mes-de-febrero-en-la-vostra-llar-mataro\/#article\",\"isPartOf\":{\"@id\":\"https:\/\/lavostrallar.com\/noticias\/carnaval-en-el-mes-de-febrero-en-la-vostra-llar-mataro\/\"},\"author\":{\"name\":\"lavostrallar Mataro\",\"@id\":\"https:\/\/lavostrallar.com\/noticias\/#\/schema\/person\/4ab7cb0641227566101b1ac3e28df1af\"},\"headline\":\"Carnaval en febrero en La Vostra Llar Matar\u00f3\",\"datePublished\":\"2023-01-30T15:36:53+00:00\",\"dateModified\":\"2025-07-08T16:18:10+00:00\",\"mainEntityOfPage\":{\"@id\":\"https:\/\/lavostrallar.com\/noticias\/carnaval-en-el-mes-de-febrero-en-la-vostra-llar-mataro\/\"},\"wordCount\":435,\"publisher\":{\"@id\":\"https:\/\/lavostrallar.com\/noticias\/#organization\"},\"image\":{\"@id\":\"https:\/\/lavostrallar.com\/noticias\/carnaval-en-el-mes-de-febrero-en-la-vostra-llar-mataro\/#primaryimage\"},\"thumbnailUrl\":\"https:\/\/lavostrallar.com\/noticias\/wp-content\/uploads\/2023\/01\/1675088239717-scaled.jpg\",\"articleSection\":[\"Noticias Matar\u00f3\"],\"inLanguage\":\"ca\"},{\"@type\":\"WebPage\",\"@id\":\"https:\/\/lavostrallar.com\/noticias\/carnaval-en-el-mes-de-febrero-en-la-vostra-llar-mataro\/\",\"url\":\"https:\/\/lavostrallar.com\/noticias\/carnaval-en-el-mes-de-febrero-en-la-vostra-llar-mataro\/\",\"name\":\"Carnaval en febrero en La Vostra Llar Matar\u00f3 - Noticias La Vostra Llar\",\"isPartOf\":{\"@id\":\"https:\/\/lavostrallar.com\/noticias\/#website\"},\"primaryImageOfPage\":{\"@id\":\"https:\/\/lavostrallar.com\/noticias\/carnaval-en-el-mes-de-febrero-en-la-vostra-llar-mataro\/#primaryimage\"},\"image\":{\"@id\":\"https:\/\/lavostrallar.com\/noticias\/carnaval-en-el-mes-de-febrero-en-la-vostra-llar-mataro\/#primaryimage\"},\"thumbnailUrl\":\"https:\/\/lavostrallar.com\/noticias\/wp-content\/uploads\/2023\/01\/1675088239717-scaled.jpg\",\"datePublished\":\"2023-01-30T15:36:53+00:00\",\"dateModified\":\"2025-07-08T16:18:10+00:00\",\"description\":\"Colores, disfraces y mucha alegr\u00eda en el Carnaval de febrero en La Vostra Llar Matar\u00f3. Una jornada llena de risas y momentos inolvidables.\",\"breadcrumb\":{\"@id\":\"https:\/\/lavostrallar.com\/noticias\/carnaval-en-el-mes-de-febrero-en-la-vostra-llar-mataro\/#breadcrumb\"},\"inLanguage\":\"ca\",\"potentialAction\":[{\"@type\":\"ReadAction\",\"target\":[\"https:\/\/lavostrallar.com\/noticias\/carnaval-en-el-mes-de-febrero-en-la-vostra-llar-mataro\/\"]}]},{\"@type\":\"ImageObject\",\"inLanguage\":\"ca\",\"@id\":\"https:\/\/lavostrallar.com\/noticias\/carnaval-en-el-mes-de-febrero-en-la-vostra-llar-mataro\/#primaryimage\",\"url\":\"https:\/\/lavostrallar.com\/noticias\/wp-content\/uploads\/2023\/01\/1675088239717-scaled.jpg\",\"contentUrl\":\"https:\/\/lavostrallar.com\/noticias\/wp-content\/uploads\/2023\/01\/1675088239717-scaled.jpg\",\"width\":2560,\"height\":1920},{\"@type\":\"BreadcrumbList\",\"@id\":\"https:\/\/lavostrallar.com\/noticias\/carnaval-en-el-mes-de-febrero-en-la-vostra-llar-mataro\/#breadcrumb\",\"itemListElement\":[{\"@type\":\"ListItem\",\"position\":1,\"name\":\"Portada\",\"item\":\"https:\/\/lavostrallar.com\/noticias\/\"},{\"@type\":\"ListItem\",\"position\":2,\"name\":\"Carnaval en febrero en La Vostra Llar Matar\u00f3\"}]},{\"@type\":\"WebSite\",\"@id\":\"https:\/\/lavostrallar.com\/noticias\/#website\",\"url\":\"https:\/\/lavostrallar.com\/noticias\/\",\"name\":\"La Vostra Llar\",\"description\":\"La Vostra Llar gestiona resid\u00e8ncies geri\u00e0triques des de 1987 amb la missi\u00f3 d\u2019oferir assist\u00e8ncia personalitzada per estimular, acollir i atendre les persones grans amb qualsevol grau de depend\u00e8ncia.\",\"publisher\":{\"@id\":\"https:\/\/lavostrallar.com\/noticias\/#organization\"},\"potentialAction\":[{\"@type\":\"SearchAction\",\"target\":{\"@type\":\"EntryPoint\",\"urlTemplate\":\"https:\/\/lavostrallar.com\/noticias\/?s={search_term_string}\"},\"query-input\":{\"@type\":\"PropertyValueSpecification\",\"valueRequired\":true,\"valueName\":\"search_term_string\"}}],\"inLanguage\":\"ca\"},{\"@type\":\"Organization\",\"@id\":\"https:\/\/lavostrallar.com\/noticias\/#organization\",\"name\":\"La Vostra Llar\",\"url\":\"https:\/\/lavostrallar.com\/noticias\/\",\"logo\":{\"@type\":\"ImageObject\",\"inLanguage\":\"ca\",\"@id\":\"https:\/\/lavostrallar.com\/noticias\/#\/schema\/logo\/image\/\",\"url\":\"https:\/\/lavostrallar.com\/noticias\/wp-content\/uploads\/2021\/12\/logo_lavostrallar.png\",\"contentUrl\":\"https:\/\/lavostrallar.com\/noticias\/wp-content\/uploads\/2021\/12\/logo_lavostrallar.png\",\"width\":217,\"height\":109,\"caption\":\"La Vostra Llar\"},\"image\":{\"@id\":\"https:\/\/lavostrallar.com\/noticias\/#\/schema\/logo\/image\/\"},\"sameAs\":[\"https:\/\/www.facebook.com\/lavostra.llar\",\"https:\/\/x.com\/lavostrallar\",\"https:\/\/www.instagram.com\/lavostrallar\/\"]},{\"@type\":\"Person\",\"@id\":\"https:\/\/lavostrallar.com\/noticias\/#\/schema\/person\/4ab7cb0641227566101b1ac3e28df1af\",\"name\":\"lavostrallar Mataro\",\"image\":{\"@type\":\"ImageObject\",\"inLanguage\":\"ca\",\"@id\":\"https:\/\/lavostrallar.com\/noticias\/#\/schema\/person\/image\/\",\"url\":\"https:\/\/secure.gravatar.com\/avatar\/86b4b894bca4159b4f9ef4a079a80034614117522c4cdc3e3c2fd02df3ff8d18?s=96&d=mm&r=g\",\"contentUrl\":\"https:\/\/secure.gravatar.com\/avatar\/86b4b894bca4159b4f9ef4a079a80034614117522c4cdc3e3c2fd02df3ff8d18?s=96&d=mm&r=g\",\"caption\":\"lavostrallar Mataro\"},\"sameAs\":[\"lavostrallar\"],\"url\":\"https:\/\/lavostrallar.com\/noticias\/ca\/author\/lavostrallar-mataro\/\"}]}<\/script>\n<!-- \/ Yoast SEO plugin. -->","yoast_head_json":{"title":"Carnaval al febrer a La Vostra Llar Matar\u00f3 - Not\u00edcies La Vostra Llar","description":"Colors, disfresses i molta alegria al Carnaval de febrer a La Vostra Llar Matar\u00f3. Una jornada plena de rialles i moments inoblidables.","robots":{"index":"index","follow":"follow","max-snippet":"max-snippet:-1","max-image-preview":"max-image-preview:large","max-video-preview":"max-video-preview:-1"},"canonical":"https:\/\/lavostrallar.com\/noticias\/ca\/carnaval-en-el-mes-de-febrero-en-la-vostra-llar-mataro\/","og_locale":"ca_ES","og_type":"article","og_title":"Carnaval en febrero en La Vostra Llar Matar\u00f3 - Noticias La Vostra Llar","og_description":"Colores, disfraces y mucha alegr\u00eda en el Carnaval de febrero en La Vostra Llar Matar\u00f3. Una jornada llena de risas y momentos inolvidables.","og_url":"https:\/\/lavostrallar.com\/noticias\/ca\/carnaval-en-el-mes-de-febrero-en-la-vostra-llar-mataro\/","og_site_name":"Noticias La Vostra Llar","article_publisher":"https:\/\/www.facebook.com\/lavostra.llar","article_published_time":"2023-01-30T15:36:53+00:00","article_modified_time":"2025-07-08T16:18:10+00:00","og_image":[{"width":2560,"height":1920,"url":"https:\/\/lavostrallar.com\/noticias\/wp-content\/uploads\/2023\/01\/1675088239717-scaled.jpg","type":"image\/jpeg"}],"author":"lavostrallar Mataro","twitter_card":"summary_large_image","twitter_creator":"@lavostrallar","twitter_site":"@lavostrallar","twitter_misc":{"Escrit per":"lavostrallar Mataro","Temps estimat de lectura":"2 minuts"},"schema":{"@context":"https:\/\/schema.org","@graph":[{"@type":"Article","@id":"https:\/\/lavostrallar.com\/noticias\/carnaval-en-el-mes-de-febrero-en-la-vostra-llar-mataro\/#article","isPartOf":{"@id":"https:\/\/lavostrallar.com\/noticias\/carnaval-en-el-mes-de-febrero-en-la-vostra-llar-mataro\/"},"author":{"name":"lavostrallar Mataro","@id":"https:\/\/lavostrallar.com\/noticias\/#\/schema\/person\/4ab7cb0641227566101b1ac3e28df1af"},"headline":"Carnaval en febrero en La Vostra Llar Matar\u00f3","datePublished":"2023-01-30T15:36:53+00:00","dateModified":"2025-07-08T16:18:10+00:00","mainEntityOfPage":{"@id":"https:\/\/lavostrallar.com\/noticias\/carnaval-en-el-mes-de-febrero-en-la-vostra-llar-mataro\/"},"wordCount":435,"publisher":{"@id":"https:\/\/lavostrallar.com\/noticias\/#organization"},"image":{"@id":"https:\/\/lavostrallar.com\/noticias\/carnaval-en-el-mes-de-febrero-en-la-vostra-llar-mataro\/#primaryimage"},"thumbnailUrl":"https:\/\/lavostrallar.com\/noticias\/wp-content\/uploads\/2023\/01\/1675088239717-scaled.jpg","articleSection":["Noticias Matar\u00f3"],"inLanguage":"ca"},{"@type":"WebPage","@id":"https:\/\/lavostrallar.com\/noticias\/carnaval-en-el-mes-de-febrero-en-la-vostra-llar-mataro\/","url":"https:\/\/lavostrallar.com\/noticias\/carnaval-en-el-mes-de-febrero-en-la-vostra-llar-mataro\/","name":"Carnaval al febrer a La Vostra Llar Matar\u00f3 - Not\u00edcies La Vostra Llar","isPartOf":{"@id":"https:\/\/lavostrallar.com\/noticias\/#website"},"primaryImageOfPage":{"@id":"https:\/\/lavostrallar.com\/noticias\/carnaval-en-el-mes-de-febrero-en-la-vostra-llar-mataro\/#primaryimage"},"image":{"@id":"https:\/\/lavostrallar.com\/noticias\/carnaval-en-el-mes-de-febrero-en-la-vostra-llar-mataro\/#primaryimage"},"thumbnailUrl":"https:\/\/lavostrallar.com\/noticias\/wp-content\/uploads\/2023\/01\/1675088239717-scaled.jpg","datePublished":"2023-01-30T15:36:53+00:00","dateModified":"2025-07-08T16:18:10+00:00","description":"Colors, disfresses i molta alegria al Carnaval de febrer a La Vostra Llar Matar\u00f3. Una jornada plena de rialles i moments inoblidables.","breadcrumb":{"@id":"https:\/\/lavostrallar.com\/noticias\/carnaval-en-el-mes-de-febrero-en-la-vostra-llar-mataro\/#breadcrumb"},"inLanguage":"ca","potentialAction":[{"@type":"ReadAction","target":["https:\/\/lavostrallar.com\/noticias\/carnaval-en-el-mes-de-febrero-en-la-vostra-llar-mataro\/"]}]},{"@type":"ImageObject","inLanguage":"ca","@id":"https:\/\/lavostrallar.com\/noticias\/carnaval-en-el-mes-de-febrero-en-la-vostra-llar-mataro\/#primaryimage","url":"https:\/\/lavostrallar.com\/noticias\/wp-content\/uploads\/2023\/01\/1675088239717-scaled.jpg","contentUrl":"https:\/\/lavostrallar.com\/noticias\/wp-content\/uploads\/2023\/01\/1675088239717-scaled.jpg","width":2560,"height":1920},{"@type":"BreadcrumbList","@id":"https:\/\/lavostrallar.com\/noticias\/carnaval-en-el-mes-de-febrero-en-la-vostra-llar-mataro\/#breadcrumb","itemListElement":[{"@type":"ListItem","position":1,"name":"Portada","item":"https:\/\/lavostrallar.com\/noticias\/"},{"@type":"ListItem","position":2,"name":"Carnaval en febrero en La Vostra Llar Matar\u00f3"}]},{"@type":"WebSite","@id":"https:\/\/lavostrallar.com\/noticias\/#website","url":"https:\/\/lavostrallar.com\/noticias\/","name":"La Vostra Llar","description":"La Vostra Llar gestiona resid\u00e8ncies geri\u00e0triques des de 1987 amb la missi\u00f3 d\u2019oferir assist\u00e8ncia personalitzada per estimular, acollir i atendre les persones grans amb qualsevol grau de depend\u00e8ncia.","publisher":{"@id":"https:\/\/lavostrallar.com\/noticias\/#organization"},"potentialAction":[{"@type":"SearchAction","target":{"@type":"EntryPoint","urlTemplate":"https:\/\/lavostrallar.com\/noticias\/?s={search_term_string}"},"query-input":{"@type":"PropertyValueSpecification","valueRequired":true,"valueName":"search_term_string"}}],"inLanguage":"ca"},{"@type":"Organization","@id":"https:\/\/lavostrallar.com\/noticias\/#organization","name":"La Vostra Llar","url":"https:\/\/lavostrallar.com\/noticias\/","logo":{"@type":"ImageObject","inLanguage":"ca","@id":"https:\/\/lavostrallar.com\/noticias\/#\/schema\/logo\/image\/","url":"https:\/\/lavostrallar.com\/noticias\/wp-content\/uploads\/2021\/12\/logo_lavostrallar.png","contentUrl":"https:\/\/lavostrallar.com\/noticias\/wp-content\/uploads\/2021\/12\/logo_lavostrallar.png","width":217,"height":109,"caption":"La Vostra Llar"},"image":{"@id":"https:\/\/lavostrallar.com\/noticias\/#\/schema\/logo\/image\/"},"sameAs":["https:\/\/www.facebook.com\/lavostra.llar","https:\/\/x.com\/lavostrallar","https:\/\/www.instagram.com\/lavostrallar\/"]},{"@type":"Person","@id":"https:\/\/lavostrallar.com\/noticias\/#\/schema\/person\/4ab7cb0641227566101b1ac3e28df1af","name":"lavostrallar Mataro","image":{"@type":"ImageObject","inLanguage":"ca","@id":"https:\/\/lavostrallar.com\/noticias\/#\/schema\/person\/image\/","url":"https:\/\/secure.gravatar.com\/avatar\/86b4b894bca4159b4f9ef4a079a80034614117522c4cdc3e3c2fd02df3ff8d18?s=96&d=mm&r=g","contentUrl":"https:\/\/secure.gravatar.com\/avatar\/86b4b894bca4159b4f9ef4a079a80034614117522c4cdc3e3c2fd02df3ff8d18?s=96&d=mm&r=g","caption":"lavostrallar Mataro"},"sameAs":["lavostrallar"],"url":"https:\/\/lavostrallar.com\/noticias\/ca\/author\/lavostrallar-mataro\/"}]}},"_links":{"self":[{"href":"https:\/\/lavostrallar.com\/noticias\/ca\/wp-json\/wp\/v2\/posts\/22943","targetHints":{"allow":["GET"]}}],"collection":[{"href":"https:\/\/lavostrallar.com\/noticias\/ca\/wp-json\/wp\/v2\/posts"}],"about":[{"href":"https:\/\/lavostrallar.com\/noticias\/ca\/wp-json\/wp\/v2\/types\/post"}],"author":[{"embeddable":true,"href":"https:\/\/lavostrallar.com\/noticias\/ca\/wp-json\/wp\/v2\/users\/8"}],"replies":[{"embeddable":true,"href":"https:\/\/lavostrallar.com\/noticias\/ca\/wp-json\/wp\/v2\/comments?post=22943"}],"version-history":[{"count":2,"href":"https:\/\/lavostrallar.com\/noticias\/ca\/wp-json\/wp\/v2\/posts\/22943\/revisions"}],"predecessor-version":[{"id":22963,"href":"https:\/\/lavostrallar.com\/noticias\/ca\/wp-json\/wp\/v2\/posts\/22943\/revisions\/22963"}],"wp:featuredmedia":[{"embeddable":true,"href":"https:\/\/lavostrallar.com\/noticias\/ca\/wp-json\/wp\/v2\/media\/22944"}],"wp:attachment":[{"href":"https:\/\/lavostrallar.com\/noticias\/ca\/wp-json\/wp\/v2\/media?parent=22943"}],"wp:term":[{"taxonomy":"category","embeddable":true,"href":"https:\/\/lavostrallar.com\/noticias\/ca\/wp-json\/wp\/v2\/categories?post=22943"},{"taxonomy":"post_tag","embeddable":true,"href":"https:\/\/lavostrallar.com\/noticias\/ca\/wp-json\/wp\/v2\/tags?post=22943"}],"curies":[{"name":"wp","href":"https:\/\/api.w.org\/{rel}","templated":true}]}}