	{"id":23033,"date":"2023-02-08T11:57:47","date_gmt":"2023-02-08T11:57:47","guid":{"rendered":"https:\/\/lavostrallar.com\/?p=23033"},"modified":"2023-03-14T09:05:18","modified_gmt":"2023-03-14T09:05:18","slug":"talleres-artisticos-participativos","status":"publish","type":"post","link":"https:\/\/lavostrallar.com\/noticias\/ca\/talleres-artisticos-participativos\/","title":{"rendered":"Tallers art\u00edstics participatius a les resid\u00e8ncies La Vostra Llar"},"content":{"rendered":"<p>La neuroci\u00e8ncia evidencia, a trav\u00e9s de diversos estudis cient\u00edfics, que el nostre cervell t\u00e9 una capacitat anomenada neuroplasticitat, que consisteix en la producci\u00f3 de noves connexions neuronals. Aquest fet implica que, si proporcionem al cervell els est\u00edmuls necessaris, podem facilitar la creaci\u00f3 de noves xarxes neuronals que ens permeten continuar adquirint nous aprenentatges al llarg de tota la vida.<\/p>\n\n\n\n<p>Si apliquem aquesta premissa a la gent gran i, concretament, al camp de l'art, avui dia sabem que les <strong>activitats art\u00edstiques participatives<\/strong> ajuden a mantenir la seva salut i milloren seva la qualitat de vida.<\/p>\n\n\n\n<p>Activitats com el cant coral, la musicoter\u00e0pia o la dansa s\u00f3n un gran exercici per estimular la mem\u00f2ria, fet que afavoreix les \u00e0rees cognitiva, afectiva i motriu de les persones.<\/p>\n\n\n\n<p>Les raons exposades amb anterioritat s\u00f3n prou importants per a incorporar a les intervencions amb els nostres usuaris aquest tipus de tallers als <strong><a href=\"https:\/\/lavostrallar.com\/ca\/\">centres La Vostra Llar<\/a><\/strong>.<\/p>\n\n\n\n<p>Per aquest motiu, hem anat ampliant progressivament les activitats art\u00edstiques, a mesura que hem constatat els beneficis que aporten a la gent gran i despr\u00e9s de comprovar com gaudeixen participant activament en aquest tipus de tallers.<\/p>\n\n\n<h2>La import\u00e0ncia de les activitats a les resid\u00e8ncies de gent gran<\/h2>\n\n\n<p>Els nostres objectius es basen sempre a millorar la qualitat de vida de les persones que cuidem, proporcionar-los projectes on puguin desenvolupar les seves habilitats, mantenir actius els seus hobbies i cobrir totes les seves necessitats. Els tallers art\u00edstics compleixen aquests criteris, aix\u00ed que continuarem potenciant activitats per afavorir el seu benestar f\u00edsic i emocional.<\/p>","protected":false},"excerpt":{"rendered":"<p>La neurociencia evidencia, a trav\u00e9s de diversos estudios cient\u00edficos, que nuestro cerebro posee una capacidad denominada neuroplasticidad, que consiste en la producci\u00f3n de nuevas conexiones neuronales. Este hecho implica que, si proporcionamos al cerebro los est\u00edmulos necesarios, podemos facilitar la creaci\u00f3n de nuevas redes neuronales que nos permitir\u00e1n continuar adquiriendo nuevos aprendizajes a lo largo [&hellip;]<\/p>","protected":false},"author":11,"featured_media":23036,"comment_status":"closed","ping_status":"closed","sticky":false,"template":"","format":"standard","meta":{"content-type":"","footnotes":""},"categories":[11,47,18,12,13,14,15,27,16,19],"tags":[58,9,20],"class_list":["post-23033","post","type-post","status-publish","format-standard","has-post-thumbnail","hentry","category-noticias-blanes","category-noticias-clot","category-noticias-gracia","category-noticias-la-rambla","category-noticias-les-dalies","category-noticias-les-oliveres","category-noticias-mataro","category-noticias-guell","category-noticias-reig","category-noticias-terrassa","tag-educacion-artistica","tag-residencias-de-ancianos","tag-salud-y-envejecimiento-activo"],"yoast_head":"<!-- This site is optimized with the Yoast SEO plugin v26.0 - https:\/\/yoast.com\/wordpress\/plugins\/seo\/ -->\n<title>Talleres art\u00edsticos participativos en las residencias La Vostra Llar - Noticias La Vostra Llar<\/title>\n<meta name=\"description\" content=\"Las actividades art\u00edsticas participativas ayudan a mantener la salud y mejoran la calidad de vida en las residencias de ancianos\" \/>\n<meta name=\"robots\" content=\"index, follow, max-snippet:-1, max-image-preview:large, max-video-preview:-1\" \/>\n<link rel=\"canonical\" href=\"https:\/\/lavostrallar.com\/noticias\/ca\/talleres-artisticos-participativos\/\" \/>\n<meta property=\"og:locale\" content=\"ca_ES\" \/>\n<meta property=\"og:type\" content=\"article\" \/>\n<meta property=\"og:title\" content=\"Talleres art\u00edsticos participativos en las residencias La Vostra Llar - Noticias La Vostra Llar\" \/>\n<meta property=\"og:description\" content=\"Las actividades art\u00edsticas participativas ayudan a mantener la salud y mejoran la calidad de vida en las residencias de ancianos\" \/>\n<meta property=\"og:url\" content=\"https:\/\/lavostrallar.com\/noticias\/ca\/talleres-artisticos-participativos\/\" \/>\n<meta property=\"og:site_name\" content=\"Noticias La Vostra Llar\" \/>\n<meta property=\"article:publisher\" content=\"https:\/\/www.facebook.com\/lavostra.llar\" \/>\n<meta property=\"article:published_time\" content=\"2023-02-08T11:57:47+00:00\" \/>\n<meta property=\"article:modified_time\" content=\"2023-03-14T09:05:18+00:00\" \/>\n<meta property=\"og:image\" content=\"https:\/\/lavostrallar.com\/noticias\/wp-content\/uploads\/2023\/02\/323421441_716957203380381_7818323427710941961_n.jpg\" \/>\n\t<meta property=\"og:image:width\" content=\"2048\" \/>\n\t<meta property=\"og:image:height\" content=\"1858\" \/>\n\t<meta property=\"og:image:type\" content=\"image\/jpeg\" \/>\n<meta name=\"author\" content=\"lavostrallar terrassa\" \/>\n<meta name=\"twitter:card\" content=\"summary_large_image\" \/>\n<meta name=\"twitter:creator\" content=\"@lavostrallar\" \/>\n<meta name=\"twitter:site\" content=\"@lavostrallar\" \/>\n<meta name=\"twitter:label1\" content=\"Escrit per\" \/>\n\t<meta name=\"twitter:data1\" content=\"lavostrallar terrassa\" \/>\n\t<meta name=\"twitter:label2\" content=\"Temps estimat de lectura\" \/>\n\t<meta name=\"twitter:data2\" content=\"2 minuts\" \/>\n<script type=\"application\/ld+json\" class=\"yoast-schema-graph\">{\"@context\":\"https:\/\/schema.org\",\"@graph\":[{\"@type\":\"Article\",\"@id\":\"https:\/\/lavostrallar.com\/noticias\/ca\/talleres-artisticos-participativos\/#article\",\"isPartOf\":{\"@id\":\"https:\/\/lavostrallar.com\/noticias\/ca\/talleres-artisticos-participativos\/\"},\"author\":{\"name\":\"lavostrallar terrassa\",\"@id\":\"https:\/\/lavostrallar.com\/noticias\/#\/schema\/person\/1c1e70af1b7b3623a48930661c6b3b27\"},\"headline\":\"Talleres art\u00edsticos participativos en las residencias La Vostra Llar\",\"datePublished\":\"2023-02-08T11:57:47+00:00\",\"dateModified\":\"2023-03-14T09:05:18+00:00\",\"mainEntityOfPage\":{\"@id\":\"https:\/\/lavostrallar.com\/noticias\/ca\/talleres-artisticos-participativos\/\"},\"wordCount\":281,\"publisher\":{\"@id\":\"https:\/\/lavostrallar.com\/noticias\/#organization\"},\"image\":{\"@id\":\"https:\/\/lavostrallar.com\/noticias\/ca\/talleres-artisticos-participativos\/#primaryimage\"},\"thumbnailUrl\":\"https:\/\/lavostrallar.com\/noticias\/wp-content\/uploads\/2023\/02\/323421441_716957203380381_7818323427710941961_n.jpg\",\"keywords\":[\"Educaci\u00f3n art\u00edstica\",\"Residencias de ancianos\",\"Salud y envejecimiento activo\"],\"articleSection\":[\"Noticias Blanes\",\"Noticias Clot\",\"Noticias Gr\u00e0cia\",\"Noticias La Rambla\",\"Noticias Les D\u00e0lies\",\"Noticias Les Oliveres\",\"Noticias Matar\u00f3\",\"Noticias Parc G\u00fcell\",\"Noticias Reig\",\"Noticias Terrassa\"],\"inLanguage\":\"ca\"},{\"@type\":\"WebPage\",\"@id\":\"https:\/\/lavostrallar.com\/noticias\/ca\/talleres-artisticos-participativos\/\",\"url\":\"https:\/\/lavostrallar.com\/noticias\/ca\/talleres-artisticos-participativos\/\",\"name\":\"Talleres art\u00edsticos participativos en las residencias La Vostra Llar - Noticias La Vostra Llar\",\"isPartOf\":{\"@id\":\"https:\/\/lavostrallar.com\/noticias\/#website\"},\"primaryImageOfPage\":{\"@id\":\"https:\/\/lavostrallar.com\/noticias\/ca\/talleres-artisticos-participativos\/#primaryimage\"},\"image\":{\"@id\":\"https:\/\/lavostrallar.com\/noticias\/ca\/talleres-artisticos-participativos\/#primaryimage\"},\"thumbnailUrl\":\"https:\/\/lavostrallar.com\/noticias\/wp-content\/uploads\/2023\/02\/323421441_716957203380381_7818323427710941961_n.jpg\",\"datePublished\":\"2023-02-08T11:57:47+00:00\",\"dateModified\":\"2023-03-14T09:05:18+00:00\",\"description\":\"Las actividades art\u00edsticas participativas ayudan a mantener la salud y mejoran la calidad de vida en las residencias de ancianos\",\"breadcrumb\":{\"@id\":\"https:\/\/lavostrallar.com\/noticias\/ca\/talleres-artisticos-participativos\/#breadcrumb\"},\"inLanguage\":\"ca\",\"potentialAction\":[{\"@type\":\"ReadAction\",\"target\":[\"https:\/\/lavostrallar.com\/noticias\/ca\/talleres-artisticos-participativos\/\"]}]},{\"@type\":\"ImageObject\",\"inLanguage\":\"ca\",\"@id\":\"https:\/\/lavostrallar.com\/noticias\/ca\/talleres-artisticos-participativos\/#primaryimage\",\"url\":\"https:\/\/lavostrallar.com\/noticias\/wp-content\/uploads\/2023\/02\/323421441_716957203380381_7818323427710941961_n.jpg\",\"contentUrl\":\"https:\/\/lavostrallar.com\/noticias\/wp-content\/uploads\/2023\/02\/323421441_716957203380381_7818323427710941961_n.jpg\",\"width\":2048,\"height\":1858,\"caption\":\"rpt\"},{\"@type\":\"BreadcrumbList\",\"@id\":\"https:\/\/lavostrallar.com\/noticias\/ca\/talleres-artisticos-participativos\/#breadcrumb\",\"itemListElement\":[{\"@type\":\"ListItem\",\"position\":1,\"name\":\"Portada\",\"item\":\"https:\/\/lavostrallar.com\/noticias\/\"},{\"@type\":\"ListItem\",\"position\":2,\"name\":\"Talleres art\u00edsticos participativos en las residencias La Vostra Llar\"}]},{\"@type\":\"WebSite\",\"@id\":\"https:\/\/lavostrallar.com\/noticias\/#website\",\"url\":\"https:\/\/lavostrallar.com\/noticias\/\",\"name\":\"La Vostra Llar\",\"description\":\"La Vostra Llar gestiona resid\u00e8ncies geri\u00e0triques des de 1987 amb la missi\u00f3 d\u2019oferir assist\u00e8ncia personalitzada per estimular, acollir i atendre les persones grans amb qualsevol grau de depend\u00e8ncia.\",\"publisher\":{\"@id\":\"https:\/\/lavostrallar.com\/noticias\/#organization\"},\"potentialAction\":[{\"@type\":\"SearchAction\",\"target\":{\"@type\":\"EntryPoint\",\"urlTemplate\":\"https:\/\/lavostrallar.com\/noticias\/?s={search_term_string}\"},\"query-input\":{\"@type\":\"PropertyValueSpecification\",\"valueRequired\":true,\"valueName\":\"search_term_string\"}}],\"inLanguage\":\"ca\"},{\"@type\":\"Organization\",\"@id\":\"https:\/\/lavostrallar.com\/noticias\/#organization\",\"name\":\"La Vostra Llar\",\"url\":\"https:\/\/lavostrallar.com\/noticias\/\",\"logo\":{\"@type\":\"ImageObject\",\"inLanguage\":\"ca\",\"@id\":\"https:\/\/lavostrallar.com\/noticias\/#\/schema\/logo\/image\/\",\"url\":\"https:\/\/lavostrallar.com\/noticias\/wp-content\/uploads\/2021\/12\/logo_lavostrallar.png\",\"contentUrl\":\"https:\/\/lavostrallar.com\/noticias\/wp-content\/uploads\/2021\/12\/logo_lavostrallar.png\",\"width\":217,\"height\":109,\"caption\":\"La Vostra Llar\"},\"image\":{\"@id\":\"https:\/\/lavostrallar.com\/noticias\/#\/schema\/logo\/image\/\"},\"sameAs\":[\"https:\/\/www.facebook.com\/lavostra.llar\",\"https:\/\/x.com\/lavostrallar\",\"https:\/\/www.instagram.com\/lavostrallar\/\"]},{\"@type\":\"Person\",\"@id\":\"https:\/\/lavostrallar.com\/noticias\/#\/schema\/person\/1c1e70af1b7b3623a48930661c6b3b27\",\"name\":\"lavostrallar terrassa\",\"image\":{\"@type\":\"ImageObject\",\"inLanguage\":\"ca\",\"@id\":\"https:\/\/lavostrallar.com\/noticias\/#\/schema\/person\/image\/\",\"url\":\"https:\/\/secure.gravatar.com\/avatar\/7dfc5c51757b98333baaaed893bf1933ff4863f8150b463c3c5ce8e08fdfdf56?s=96&d=mm&r=g\",\"contentUrl\":\"https:\/\/secure.gravatar.com\/avatar\/7dfc5c51757b98333baaaed893bf1933ff4863f8150b463c3c5ce8e08fdfdf56?s=96&d=mm&r=g\",\"caption\":\"lavostrallar terrassa\"},\"sameAs\":[\"lavostrallar\"],\"url\":\"https:\/\/lavostrallar.com\/noticias\/ca\/author\/lavostrallar-terrassa\/\"}]}<\/script>\n<!-- \/ Yoast SEO plugin. -->","yoast_head_json":{"title":"Tallers art\u00edstics participatius a les resid\u00e8ncies La Vostra Llar - Not\u00edcies La Vostra Llar","description":"Les activitats art\u00edstiques participatives ajuden a mantenir la salut i milloren la qualitat de vida a les resid\u00e8ncies de gent gran","robots":{"index":"index","follow":"follow","max-snippet":"max-snippet:-1","max-image-preview":"max-image-preview:large","max-video-preview":"max-video-preview:-1"},"canonical":"https:\/\/lavostrallar.com\/noticias\/ca\/talleres-artisticos-participativos\/","og_locale":"ca_ES","og_type":"article","og_title":"Talleres art\u00edsticos participativos en las residencias La Vostra Llar - Noticias La Vostra Llar","og_description":"Las actividades art\u00edsticas participativas ayudan a mantener la salud y mejoran la calidad de vida en las residencias de ancianos","og_url":"https:\/\/lavostrallar.com\/noticias\/ca\/talleres-artisticos-participativos\/","og_site_name":"Noticias La Vostra Llar","article_publisher":"https:\/\/www.facebook.com\/lavostra.llar","article_published_time":"2023-02-08T11:57:47+00:00","article_modified_time":"2023-03-14T09:05:18+00:00","og_image":[{"width":2048,"height":1858,"url":"https:\/\/lavostrallar.com\/noticias\/wp-content\/uploads\/2023\/02\/323421441_716957203380381_7818323427710941961_n.jpg","type":"image\/jpeg"}],"author":"lavostrallar terrassa","twitter_card":"summary_large_image","twitter_creator":"@lavostrallar","twitter_site":"@lavostrallar","twitter_misc":{"Escrit per":"lavostrallar terrassa","Temps estimat de lectura":"2 minuts"},"schema":{"@context":"https:\/\/schema.org","@graph":[{"@type":"Article","@id":"https:\/\/lavostrallar.com\/noticias\/ca\/talleres-artisticos-participativos\/#article","isPartOf":{"@id":"https:\/\/lavostrallar.com\/noticias\/ca\/talleres-artisticos-participativos\/"},"author":{"name":"lavostrallar terrassa","@id":"https:\/\/lavostrallar.com\/noticias\/#\/schema\/person\/1c1e70af1b7b3623a48930661c6b3b27"},"headline":"Talleres art\u00edsticos participativos en las residencias La Vostra Llar","datePublished":"2023-02-08T11:57:47+00:00","dateModified":"2023-03-14T09:05:18+00:00","mainEntityOfPage":{"@id":"https:\/\/lavostrallar.com\/noticias\/ca\/talleres-artisticos-participativos\/"},"wordCount":281,"publisher":{"@id":"https:\/\/lavostrallar.com\/noticias\/#organization"},"image":{"@id":"https:\/\/lavostrallar.com\/noticias\/ca\/talleres-artisticos-participativos\/#primaryimage"},"thumbnailUrl":"https:\/\/lavostrallar.com\/noticias\/wp-content\/uploads\/2023\/02\/323421441_716957203380381_7818323427710941961_n.jpg","keywords":["Educaci\u00f3n art\u00edstica","Residencias de ancianos","Salud y envejecimiento activo"],"articleSection":["Noticias Blanes","Noticias Clot","Noticias Gr\u00e0cia","Noticias La Rambla","Noticias Les D\u00e0lies","Noticias Les Oliveres","Noticias Matar\u00f3","Noticias Parc G\u00fcell","Noticias Reig","Noticias Terrassa"],"inLanguage":"ca"},{"@type":"WebPage","@id":"https:\/\/lavostrallar.com\/noticias\/ca\/talleres-artisticos-participativos\/","url":"https:\/\/lavostrallar.com\/noticias\/ca\/talleres-artisticos-participativos\/","name":"Tallers art\u00edstics participatius a les resid\u00e8ncies La Vostra Llar - Not\u00edcies La Vostra Llar","isPartOf":{"@id":"https:\/\/lavostrallar.com\/noticias\/#website"},"primaryImageOfPage":{"@id":"https:\/\/lavostrallar.com\/noticias\/ca\/talleres-artisticos-participativos\/#primaryimage"},"image":{"@id":"https:\/\/lavostrallar.com\/noticias\/ca\/talleres-artisticos-participativos\/#primaryimage"},"thumbnailUrl":"https:\/\/lavostrallar.com\/noticias\/wp-content\/uploads\/2023\/02\/323421441_716957203380381_7818323427710941961_n.jpg","datePublished":"2023-02-08T11:57:47+00:00","dateModified":"2023-03-14T09:05:18+00:00","description":"Les activitats art\u00edstiques participatives ajuden a mantenir la salut i milloren la qualitat de vida a les resid\u00e8ncies de gent gran","breadcrumb":{"@id":"https:\/\/lavostrallar.com\/noticias\/ca\/talleres-artisticos-participativos\/#breadcrumb"},"inLanguage":"ca","potentialAction":[{"@type":"ReadAction","target":["https:\/\/lavostrallar.com\/noticias\/ca\/talleres-artisticos-participativos\/"]}]},{"@type":"ImageObject","inLanguage":"ca","@id":"https:\/\/lavostrallar.com\/noticias\/ca\/talleres-artisticos-participativos\/#primaryimage","url":"https:\/\/lavostrallar.com\/noticias\/wp-content\/uploads\/2023\/02\/323421441_716957203380381_7818323427710941961_n.jpg","contentUrl":"https:\/\/lavostrallar.com\/noticias\/wp-content\/uploads\/2023\/02\/323421441_716957203380381_7818323427710941961_n.jpg","width":2048,"height":1858,"caption":"rpt"},{"@type":"BreadcrumbList","@id":"https:\/\/lavostrallar.com\/noticias\/ca\/talleres-artisticos-participativos\/#breadcrumb","itemListElement":[{"@type":"ListItem","position":1,"name":"Portada","item":"https:\/\/lavostrallar.com\/noticias\/"},{"@type":"ListItem","position":2,"name":"Talleres art\u00edsticos participativos en las residencias La Vostra Llar"}]},{"@type":"WebSite","@id":"https:\/\/lavostrallar.com\/noticias\/#website","url":"https:\/\/lavostrallar.com\/noticias\/","name":"La Vostra Llar","description":"La Vostra Llar gestiona resid\u00e8ncies geri\u00e0triques des de 1987 amb la missi\u00f3 d\u2019oferir assist\u00e8ncia personalitzada per estimular, acollir i atendre les persones grans amb qualsevol grau de depend\u00e8ncia.","publisher":{"@id":"https:\/\/lavostrallar.com\/noticias\/#organization"},"potentialAction":[{"@type":"SearchAction","target":{"@type":"EntryPoint","urlTemplate":"https:\/\/lavostrallar.com\/noticias\/?s={search_term_string}"},"query-input":{"@type":"PropertyValueSpecification","valueRequired":true,"valueName":"search_term_string"}}],"inLanguage":"ca"},{"@type":"Organization","@id":"https:\/\/lavostrallar.com\/noticias\/#organization","name":"La Vostra Llar","url":"https:\/\/lavostrallar.com\/noticias\/","logo":{"@type":"ImageObject","inLanguage":"ca","@id":"https:\/\/lavostrallar.com\/noticias\/#\/schema\/logo\/image\/","url":"https:\/\/lavostrallar.com\/noticias\/wp-content\/uploads\/2021\/12\/logo_lavostrallar.png","contentUrl":"https:\/\/lavostrallar.com\/noticias\/wp-content\/uploads\/2021\/12\/logo_lavostrallar.png","width":217,"height":109,"caption":"La Vostra Llar"},"image":{"@id":"https:\/\/lavostrallar.com\/noticias\/#\/schema\/logo\/image\/"},"sameAs":["https:\/\/www.facebook.com\/lavostra.llar","https:\/\/x.com\/lavostrallar","https:\/\/www.instagram.com\/lavostrallar\/"]},{"@type":"Person","@id":"https:\/\/lavostrallar.com\/noticias\/#\/schema\/person\/1c1e70af1b7b3623a48930661c6b3b27","name":"lavostrallar terrassa","image":{"@type":"ImageObject","inLanguage":"ca","@id":"https:\/\/lavostrallar.com\/noticias\/#\/schema\/person\/image\/","url":"https:\/\/secure.gravatar.com\/avatar\/7dfc5c51757b98333baaaed893bf1933ff4863f8150b463c3c5ce8e08fdfdf56?s=96&d=mm&r=g","contentUrl":"https:\/\/secure.gravatar.com\/avatar\/7dfc5c51757b98333baaaed893bf1933ff4863f8150b463c3c5ce8e08fdfdf56?s=96&d=mm&r=g","caption":"lavostrallar terrassa"},"sameAs":["lavostrallar"],"url":"https:\/\/lavostrallar.com\/noticias\/ca\/author\/lavostrallar-terrassa\/"}]}},"_links":{"self":[{"href":"https:\/\/lavostrallar.com\/noticias\/ca\/wp-json\/wp\/v2\/posts\/23033","targetHints":{"allow":["GET"]}}],"collection":[{"href":"https:\/\/lavostrallar.com\/noticias\/ca\/wp-json\/wp\/v2\/posts"}],"about":[{"href":"https:\/\/lavostrallar.com\/noticias\/ca\/wp-json\/wp\/v2\/types\/post"}],"author":[{"embeddable":true,"href":"https:\/\/lavostrallar.com\/noticias\/ca\/wp-json\/wp\/v2\/users\/11"}],"replies":[{"embeddable":true,"href":"https:\/\/lavostrallar.com\/noticias\/ca\/wp-json\/wp\/v2\/comments?post=23033"}],"version-history":[{"count":8,"href":"https:\/\/lavostrallar.com\/noticias\/ca\/wp-json\/wp\/v2\/posts\/23033\/revisions"}],"predecessor-version":[{"id":23887,"href":"https:\/\/lavostrallar.com\/noticias\/ca\/wp-json\/wp\/v2\/posts\/23033\/revisions\/23887"}],"wp:featuredmedia":[{"embeddable":true,"href":"https:\/\/lavostrallar.com\/noticias\/ca\/wp-json\/wp\/v2\/media\/23036"}],"wp:attachment":[{"href":"https:\/\/lavostrallar.com\/noticias\/ca\/wp-json\/wp\/v2\/media?parent=23033"}],"wp:term":[{"taxonomy":"category","embeddable":true,"href":"https:\/\/lavostrallar.com\/noticias\/ca\/wp-json\/wp\/v2\/categories?post=23033"},{"taxonomy":"post_tag","embeddable":true,"href":"https:\/\/lavostrallar.com\/noticias\/ca\/wp-json\/wp\/v2\/tags?post=23033"}],"curies":[{"name":"wp","href":"https:\/\/api.w.org\/{rel}","templated":true}]}}