	{"id":23186,"date":"2023-02-17T15:16:06","date_gmt":"2023-02-17T15:16:06","guid":{"rendered":"https:\/\/lavostrallar.com\/?p=23186"},"modified":"2023-03-14T09:55:41","modified_gmt":"2023-03-14T09:55:41","slug":"te-necesitamos-campana-de-recogida-de-arroz-y-leche-en-gracia","status":"publish","type":"post","link":"https:\/\/lavostrallar.com\/noticias\/ca\/te-necesitamos-campana-de-recogida-de-arroz-y-leche-en-gracia\/","title":{"rendered":"Campanya de Recollida d'Arr\u00f2s i Llet a la Resid\u00e8ncia La Vostra Llar Gr\u00e0cia"},"content":{"rendered":"<p class=\"translation-block\"><strong>\u201cEl Rebost Solidari de Gr\u00e0cia\u201d<\/strong> va sorgir el 2016, gr\u00e0cies a l'Associaci\u00f3 dels Ve\u00efns del Barri. Conscients de quines eren les necessitats de les persones m\u00e9s vulnerables, els ve\u00efns es van associar per realitzar i generar projectes d'ajuda per a totes aquelles persones del barri que ho necessitessin. El Rebost Solidari no forma part de cap entitat, ni laica ni religiosa, per poder aix\u00ed mantenir l'objectiu inicial del projecte: <b> ser i estar nom\u00e9s per i per a la gent de Gr\u00e0cia <\/b>.<\/p>\n<h2>Qu\u00e8 fem des de la Resid\u00e8ncia La Vostra Llar?<\/h2>\n<p class=\"translation-block\">Els projectes de recollida d'aliments s\u00f3n molt variats, ja que pretenen cobrir les necessitats reals de les persones en cada moment. Actualment, des de <strong>La Vostra Llar <\/strong>posem el focus d'atenci\u00f3 a la <strong>c<\/strong><b>ampanya de recollida d'arr\u00f2s i llet<\/b>, ja que hi ha una demanda urgent d'aquests productes per part del Banc d'Aliments.<\/p>\n<p>Els residents han mostrat la seva perplexitat en adonar-se que no cal despla\u00e7ar-se a llocs molt llunyans per trobar situacions de pobresa, sin\u00f3 que hi ha situacions de vulnerabilitat al seu propi barri. Alguns dels nostres grans van manifestar el seu malestar, ja que van viure situacions similars molt de temps enrere i, encara que el m\u00f3n ha evolucionat molt, la injust\u00edcia continua present.<\/p>\n<p class=\"translation-block\">Per aix\u00f2, com que no ens pod\u00edam quedar sense fer res,<b> hem decidit col\u00b7laborar amb la campanya de recollida d'arr\u00f2s i llet que finalitza el 20 de Mar\u00e7.<\/b><\/p>\n<p>Els nostres residents estan molt implicats en aquest projecte. Animen a tots aquells que ens visiten a col\u00b7laborar, els expliquen el perqu\u00e8 i a qui va dirigit.<\/p>\n<p class=\"translation-block\">De fet, si voleu saber m\u00e9s sobre qui s\u00f3n i qu\u00e8 fan al \"Rebost Solidari de Gr\u00e0cia\", <b>podeu venir a la resid\u00e8ncia La Vostra Llar Gr\u00e0cia el dia 3 de mar\u00e7 a les 17h de la tarda<\/b>. Voluntaris d'aquesta entitat vendran a explicar-nos m\u00e9s sobre el projecte, d'on sorgeix, quines campanyes fan i com els podem ajudar.<\/p>\n<p>Esteu convidats! Aix\u00ed que, si voleu col\u00b7laborar, ja ho sabeu\u2026 A la resid\u00e8ncia Gr\u00e0cia us esperem!<\/p>\n<p>\u00a0<\/p><\/p>","protected":false},"excerpt":{"rendered":"<p>\u201cEl Rebost Solidari de Gr\u00e0cia\u201d surgi\u00f3 en 2016, fruto de la Asociaci\u00f3n de los Vecinos del Barrio. Conscientes de cu\u00e1les eran las necesidades de las personas m\u00e1s vulnerables, los vecinos se asociaron para realizar y generar proyectos de ayuda para todas aquellas personas del barrio que lo necesitaran.\u201cEl Rebost Solidari\u201d no forma parte de ninguna [&hellip;]<\/p>","protected":false},"author":3,"featured_media":23187,"comment_status":"closed","ping_status":"closed","sticky":false,"template":"","format":"standard","meta":{"content-type":"","footnotes":""},"categories":[18],"tags":[54,53,51,52],"class_list":["post-23186","post","type-post","status-publish","format-standard","has-post-thumbnail","hentry","category-noticias-gracia","tag-banco-de-alimentos","tag-campana-de-recogida","tag-recogida-de-alimentos","tag-solidaridad"],"yoast_head":"<!-- This site is optimized with the Yoast SEO plugin v26.0 - https:\/\/yoast.com\/wordpress\/plugins\/seo\/ -->\n<title>Campa\u00f1a de Recogida de arroz y leche en Gr\u00e0cia - Noticias La Vostra Llar<\/title>\n<meta name=\"description\" content=\"Te necesitamos! Campa\u00f1a para ayudar en la recogida de arroz y leche en Gr\u00e0cia - La Vostra Llar - Ay\u00fadanos a ayudar!\" \/>\n<meta name=\"robots\" content=\"index, follow, max-snippet:-1, max-image-preview:large, max-video-preview:-1\" \/>\n<link rel=\"canonical\" href=\"https:\/\/lavostrallar.com\/noticias\/ca\/te-necesitamos-campana-de-recogida-de-arroz-y-leche-en-gracia\/\" \/>\n<meta property=\"og:locale\" content=\"ca_ES\" \/>\n<meta property=\"og:type\" content=\"article\" \/>\n<meta property=\"og:title\" content=\"Campa\u00f1a de Recogida de arroz y leche en Gr\u00e0cia - Noticias La Vostra Llar\" \/>\n<meta property=\"og:description\" content=\"Te necesitamos! Campa\u00f1a para ayudar en la recogida de arroz y leche en Gr\u00e0cia - La Vostra Llar - Ay\u00fadanos a ayudar!\" \/>\n<meta property=\"og:url\" content=\"https:\/\/lavostrallar.com\/noticias\/ca\/te-necesitamos-campana-de-recogida-de-arroz-y-leche-en-gracia\/\" \/>\n<meta property=\"og:site_name\" content=\"Noticias La Vostra Llar\" \/>\n<meta property=\"article:publisher\" content=\"https:\/\/www.facebook.com\/lavostra.llar\" \/>\n<meta property=\"article:published_time\" content=\"2023-02-17T15:16:06+00:00\" \/>\n<meta property=\"article:modified_time\" content=\"2023-03-14T09:55:41+00:00\" \/>\n<meta property=\"og:image\" content=\"https:\/\/lavostrallar.com\/noticias\/wp-content\/uploads\/2023\/02\/IMG20230213123909-scaled.jpg\" \/>\n\t<meta property=\"og:image:width\" content=\"2560\" \/>\n\t<meta property=\"og:image:height\" content=\"1920\" \/>\n\t<meta property=\"og:image:type\" content=\"image\/jpeg\" \/>\n<meta name=\"author\" content=\"lavostrallar Gracia\" \/>\n<meta name=\"twitter:card\" content=\"summary_large_image\" \/>\n<meta name=\"twitter:creator\" content=\"@lavostrallar\" \/>\n<meta name=\"twitter:site\" content=\"@lavostrallar\" \/>\n<meta name=\"twitter:label1\" content=\"Escrit per\" \/>\n\t<meta name=\"twitter:data1\" content=\"lavostrallar Gracia\" \/>\n\t<meta name=\"twitter:label2\" content=\"Temps estimat de lectura\" \/>\n\t<meta name=\"twitter:data2\" content=\"2 minuts\" \/>\n<script type=\"application\/ld+json\" class=\"yoast-schema-graph\">{\"@context\":\"https:\/\/schema.org\",\"@graph\":[{\"@type\":\"Article\",\"@id\":\"https:\/\/lavostrallar.com\/noticias\/ca\/te-necesitamos-campana-de-recogida-de-arroz-y-leche-en-gracia\/#article\",\"isPartOf\":{\"@id\":\"https:\/\/lavostrallar.com\/noticias\/ca\/te-necesitamos-campana-de-recogida-de-arroz-y-leche-en-gracia\/\"},\"author\":{\"name\":\"lavostrallar Gracia\",\"@id\":\"https:\/\/lavostrallar.com\/noticias\/#\/schema\/person\/98d190b96ca2625c1d1b620c5f85d524\"},\"headline\":\"Campa\u00f1a de Recogida de Arroz y Leche\u00a0en\u00a0la Residencia La Vostra Llar Gr\u00e0cia\",\"datePublished\":\"2023-02-17T15:16:06+00:00\",\"dateModified\":\"2023-03-14T09:55:41+00:00\",\"mainEntityOfPage\":{\"@id\":\"https:\/\/lavostrallar.com\/noticias\/ca\/te-necesitamos-campana-de-recogida-de-arroz-y-leche-en-gracia\/\"},\"wordCount\":378,\"publisher\":{\"@id\":\"https:\/\/lavostrallar.com\/noticias\/#organization\"},\"image\":{\"@id\":\"https:\/\/lavostrallar.com\/noticias\/ca\/te-necesitamos-campana-de-recogida-de-arroz-y-leche-en-gracia\/#primaryimage\"},\"thumbnailUrl\":\"https:\/\/lavostrallar.com\/noticias\/wp-content\/uploads\/2023\/02\/IMG20230213123909-scaled.jpg\",\"keywords\":[\"Banco de alimentos\",\"campa\u00f1a de recogida\",\"recogida de alimentos\",\"solidaridad\"],\"articleSection\":[\"Noticias Gr\u00e0cia\"],\"inLanguage\":\"ca\"},{\"@type\":\"WebPage\",\"@id\":\"https:\/\/lavostrallar.com\/noticias\/ca\/te-necesitamos-campana-de-recogida-de-arroz-y-leche-en-gracia\/\",\"url\":\"https:\/\/lavostrallar.com\/noticias\/ca\/te-necesitamos-campana-de-recogida-de-arroz-y-leche-en-gracia\/\",\"name\":\"Campa\u00f1a de Recogida de arroz y leche en Gr\u00e0cia - Noticias La Vostra Llar\",\"isPartOf\":{\"@id\":\"https:\/\/lavostrallar.com\/noticias\/#website\"},\"primaryImageOfPage\":{\"@id\":\"https:\/\/lavostrallar.com\/noticias\/ca\/te-necesitamos-campana-de-recogida-de-arroz-y-leche-en-gracia\/#primaryimage\"},\"image\":{\"@id\":\"https:\/\/lavostrallar.com\/noticias\/ca\/te-necesitamos-campana-de-recogida-de-arroz-y-leche-en-gracia\/#primaryimage\"},\"thumbnailUrl\":\"https:\/\/lavostrallar.com\/noticias\/wp-content\/uploads\/2023\/02\/IMG20230213123909-scaled.jpg\",\"datePublished\":\"2023-02-17T15:16:06+00:00\",\"dateModified\":\"2023-03-14T09:55:41+00:00\",\"description\":\"Te necesitamos! Campa\u00f1a para ayudar en la recogida de arroz y leche en Gr\u00e0cia - La Vostra Llar - Ay\u00fadanos a ayudar!\",\"breadcrumb\":{\"@id\":\"https:\/\/lavostrallar.com\/noticias\/ca\/te-necesitamos-campana-de-recogida-de-arroz-y-leche-en-gracia\/#breadcrumb\"},\"inLanguage\":\"ca\",\"potentialAction\":[{\"@type\":\"ReadAction\",\"target\":[\"https:\/\/lavostrallar.com\/noticias\/ca\/te-necesitamos-campana-de-recogida-de-arroz-y-leche-en-gracia\/\"]}]},{\"@type\":\"ImageObject\",\"inLanguage\":\"ca\",\"@id\":\"https:\/\/lavostrallar.com\/noticias\/ca\/te-necesitamos-campana-de-recogida-de-arroz-y-leche-en-gracia\/#primaryimage\",\"url\":\"https:\/\/lavostrallar.com\/noticias\/wp-content\/uploads\/2023\/02\/IMG20230213123909-scaled.jpg\",\"contentUrl\":\"https:\/\/lavostrallar.com\/noticias\/wp-content\/uploads\/2023\/02\/IMG20230213123909-scaled.jpg\",\"width\":2560,\"height\":1920,\"caption\":\"Campa\u00f1a arroz y leche Residencia la vostra llar\"},{\"@type\":\"BreadcrumbList\",\"@id\":\"https:\/\/lavostrallar.com\/noticias\/ca\/te-necesitamos-campana-de-recogida-de-arroz-y-leche-en-gracia\/#breadcrumb\",\"itemListElement\":[{\"@type\":\"ListItem\",\"position\":1,\"name\":\"Portada\",\"item\":\"https:\/\/lavostrallar.com\/noticias\/\"},{\"@type\":\"ListItem\",\"position\":2,\"name\":\"Campa\u00f1a de Recogida de Arroz y Leche\u00a0en\u00a0la Residencia La Vostra Llar Gr\u00e0cia\"}]},{\"@type\":\"WebSite\",\"@id\":\"https:\/\/lavostrallar.com\/noticias\/#website\",\"url\":\"https:\/\/lavostrallar.com\/noticias\/\",\"name\":\"La Vostra Llar\",\"description\":\"La Vostra Llar gestiona resid\u00e8ncies geri\u00e0triques des de 1987 amb la missi\u00f3 d\u2019oferir assist\u00e8ncia personalitzada per estimular, acollir i atendre les persones grans amb qualsevol grau de depend\u00e8ncia.\",\"publisher\":{\"@id\":\"https:\/\/lavostrallar.com\/noticias\/#organization\"},\"potentialAction\":[{\"@type\":\"SearchAction\",\"target\":{\"@type\":\"EntryPoint\",\"urlTemplate\":\"https:\/\/lavostrallar.com\/noticias\/?s={search_term_string}\"},\"query-input\":{\"@type\":\"PropertyValueSpecification\",\"valueRequired\":true,\"valueName\":\"search_term_string\"}}],\"inLanguage\":\"ca\"},{\"@type\":\"Organization\",\"@id\":\"https:\/\/lavostrallar.com\/noticias\/#organization\",\"name\":\"La Vostra Llar\",\"url\":\"https:\/\/lavostrallar.com\/noticias\/\",\"logo\":{\"@type\":\"ImageObject\",\"inLanguage\":\"ca\",\"@id\":\"https:\/\/lavostrallar.com\/noticias\/#\/schema\/logo\/image\/\",\"url\":\"https:\/\/lavostrallar.com\/noticias\/wp-content\/uploads\/2021\/12\/logo_lavostrallar.png\",\"contentUrl\":\"https:\/\/lavostrallar.com\/noticias\/wp-content\/uploads\/2021\/12\/logo_lavostrallar.png\",\"width\":217,\"height\":109,\"caption\":\"La Vostra Llar\"},\"image\":{\"@id\":\"https:\/\/lavostrallar.com\/noticias\/#\/schema\/logo\/image\/\"},\"sameAs\":[\"https:\/\/www.facebook.com\/lavostra.llar\",\"https:\/\/x.com\/lavostrallar\",\"https:\/\/www.instagram.com\/lavostrallar\/\"]},{\"@type\":\"Person\",\"@id\":\"https:\/\/lavostrallar.com\/noticias\/#\/schema\/person\/98d190b96ca2625c1d1b620c5f85d524\",\"name\":\"lavostrallar Gracia\",\"image\":{\"@type\":\"ImageObject\",\"inLanguage\":\"ca\",\"@id\":\"https:\/\/lavostrallar.com\/noticias\/#\/schema\/person\/image\/\",\"url\":\"https:\/\/secure.gravatar.com\/avatar\/22e1dc84f9fddb4b1831e2289bde1824099c3c45d1caa39e81531ea2f7fb0212?s=96&d=mm&r=g\",\"contentUrl\":\"https:\/\/secure.gravatar.com\/avatar\/22e1dc84f9fddb4b1831e2289bde1824099c3c45d1caa39e81531ea2f7fb0212?s=96&d=mm&r=g\",\"caption\":\"lavostrallar Gracia\"},\"sameAs\":[\"lavostrallar\"],\"url\":\"https:\/\/lavostrallar.com\/noticias\/ca\/author\/lavostrallar-gracia\/\"}]}<\/script>\n<!-- \/ Yoast SEO plugin. -->","yoast_head_json":{"title":"Campa\u00f1a de Recogida de arroz y leche en Gr\u00e0cia - Noticias La Vostra Llar","description":"Et necessitem! Campanya per ajudar a la recollida d'arr\u00f2s i llet a Gr\u00e0cia - La Vostra Llar - Ajuda'ns a ajudar!","robots":{"index":"index","follow":"follow","max-snippet":"max-snippet:-1","max-image-preview":"max-image-preview:large","max-video-preview":"max-video-preview:-1"},"canonical":"https:\/\/lavostrallar.com\/noticias\/ca\/te-necesitamos-campana-de-recogida-de-arroz-y-leche-en-gracia\/","og_locale":"ca_ES","og_type":"article","og_title":"Campa\u00f1a de Recogida de arroz y leche en Gr\u00e0cia - Noticias La Vostra Llar","og_description":"Te necesitamos! Campa\u00f1a para ayudar en la recogida de arroz y leche en Gr\u00e0cia - La Vostra Llar - Ay\u00fadanos a ayudar!","og_url":"https:\/\/lavostrallar.com\/noticias\/ca\/te-necesitamos-campana-de-recogida-de-arroz-y-leche-en-gracia\/","og_site_name":"Noticias La Vostra Llar","article_publisher":"https:\/\/www.facebook.com\/lavostra.llar","article_published_time":"2023-02-17T15:16:06+00:00","article_modified_time":"2023-03-14T09:55:41+00:00","og_image":[{"width":2560,"height":1920,"url":"https:\/\/lavostrallar.com\/noticias\/wp-content\/uploads\/2023\/02\/IMG20230213123909-scaled.jpg","type":"image\/jpeg"}],"author":"lavostrallar Gracia","twitter_card":"summary_large_image","twitter_creator":"@lavostrallar","twitter_site":"@lavostrallar","twitter_misc":{"Escrit per":"lavostrallar Gracia","Temps estimat de lectura":"2 minuts"},"schema":{"@context":"https:\/\/schema.org","@graph":[{"@type":"Article","@id":"https:\/\/lavostrallar.com\/noticias\/ca\/te-necesitamos-campana-de-recogida-de-arroz-y-leche-en-gracia\/#article","isPartOf":{"@id":"https:\/\/lavostrallar.com\/noticias\/ca\/te-necesitamos-campana-de-recogida-de-arroz-y-leche-en-gracia\/"},"author":{"name":"lavostrallar Gracia","@id":"https:\/\/lavostrallar.com\/noticias\/#\/schema\/person\/98d190b96ca2625c1d1b620c5f85d524"},"headline":"Campa\u00f1a de Recogida de Arroz y Leche\u00a0en\u00a0la Residencia La Vostra Llar Gr\u00e0cia","datePublished":"2023-02-17T15:16:06+00:00","dateModified":"2023-03-14T09:55:41+00:00","mainEntityOfPage":{"@id":"https:\/\/lavostrallar.com\/noticias\/ca\/te-necesitamos-campana-de-recogida-de-arroz-y-leche-en-gracia\/"},"wordCount":378,"publisher":{"@id":"https:\/\/lavostrallar.com\/noticias\/#organization"},"image":{"@id":"https:\/\/lavostrallar.com\/noticias\/ca\/te-necesitamos-campana-de-recogida-de-arroz-y-leche-en-gracia\/#primaryimage"},"thumbnailUrl":"https:\/\/lavostrallar.com\/noticias\/wp-content\/uploads\/2023\/02\/IMG20230213123909-scaled.jpg","keywords":["Banco de alimentos","campa\u00f1a de recogida","recogida de alimentos","solidaridad"],"articleSection":["Noticias Gr\u00e0cia"],"inLanguage":"ca"},{"@type":"WebPage","@id":"https:\/\/lavostrallar.com\/noticias\/ca\/te-necesitamos-campana-de-recogida-de-arroz-y-leche-en-gracia\/","url":"https:\/\/lavostrallar.com\/noticias\/ca\/te-necesitamos-campana-de-recogida-de-arroz-y-leche-en-gracia\/","name":"Campa\u00f1a de Recogida de arroz y leche en Gr\u00e0cia - Noticias La Vostra Llar","isPartOf":{"@id":"https:\/\/lavostrallar.com\/noticias\/#website"},"primaryImageOfPage":{"@id":"https:\/\/lavostrallar.com\/noticias\/ca\/te-necesitamos-campana-de-recogida-de-arroz-y-leche-en-gracia\/#primaryimage"},"image":{"@id":"https:\/\/lavostrallar.com\/noticias\/ca\/te-necesitamos-campana-de-recogida-de-arroz-y-leche-en-gracia\/#primaryimage"},"thumbnailUrl":"https:\/\/lavostrallar.com\/noticias\/wp-content\/uploads\/2023\/02\/IMG20230213123909-scaled.jpg","datePublished":"2023-02-17T15:16:06+00:00","dateModified":"2023-03-14T09:55:41+00:00","description":"Et necessitem! Campanya per ajudar a la recollida d'arr\u00f2s i llet a Gr\u00e0cia - La Vostra Llar - Ajuda'ns a ajudar!","breadcrumb":{"@id":"https:\/\/lavostrallar.com\/noticias\/ca\/te-necesitamos-campana-de-recogida-de-arroz-y-leche-en-gracia\/#breadcrumb"},"inLanguage":"ca","potentialAction":[{"@type":"ReadAction","target":["https:\/\/lavostrallar.com\/noticias\/ca\/te-necesitamos-campana-de-recogida-de-arroz-y-leche-en-gracia\/"]}]},{"@type":"ImageObject","inLanguage":"ca","@id":"https:\/\/lavostrallar.com\/noticias\/ca\/te-necesitamos-campana-de-recogida-de-arroz-y-leche-en-gracia\/#primaryimage","url":"https:\/\/lavostrallar.com\/noticias\/wp-content\/uploads\/2023\/02\/IMG20230213123909-scaled.jpg","contentUrl":"https:\/\/lavostrallar.com\/noticias\/wp-content\/uploads\/2023\/02\/IMG20230213123909-scaled.jpg","width":2560,"height":1920,"caption":"Campa\u00f1a arroz y leche Residencia la vostra llar"},{"@type":"BreadcrumbList","@id":"https:\/\/lavostrallar.com\/noticias\/ca\/te-necesitamos-campana-de-recogida-de-arroz-y-leche-en-gracia\/#breadcrumb","itemListElement":[{"@type":"ListItem","position":1,"name":"Portada","item":"https:\/\/lavostrallar.com\/noticias\/"},{"@type":"ListItem","position":2,"name":"Campa\u00f1a de Recogida de Arroz y Leche\u00a0en\u00a0la Residencia La Vostra Llar Gr\u00e0cia"}]},{"@type":"WebSite","@id":"https:\/\/lavostrallar.com\/noticias\/#website","url":"https:\/\/lavostrallar.com\/noticias\/","name":"La Vostra Llar","description":"La Vostra Llar gestiona resid\u00e8ncies geri\u00e0triques des de 1987 amb la missi\u00f3 d\u2019oferir assist\u00e8ncia personalitzada per estimular, acollir i atendre les persones grans amb qualsevol grau de depend\u00e8ncia.","publisher":{"@id":"https:\/\/lavostrallar.com\/noticias\/#organization"},"potentialAction":[{"@type":"SearchAction","target":{"@type":"EntryPoint","urlTemplate":"https:\/\/lavostrallar.com\/noticias\/?s={search_term_string}"},"query-input":{"@type":"PropertyValueSpecification","valueRequired":true,"valueName":"search_term_string"}}],"inLanguage":"ca"},{"@type":"Organization","@id":"https:\/\/lavostrallar.com\/noticias\/#organization","name":"La Vostra Llar","url":"https:\/\/lavostrallar.com\/noticias\/","logo":{"@type":"ImageObject","inLanguage":"ca","@id":"https:\/\/lavostrallar.com\/noticias\/#\/schema\/logo\/image\/","url":"https:\/\/lavostrallar.com\/noticias\/wp-content\/uploads\/2021\/12\/logo_lavostrallar.png","contentUrl":"https:\/\/lavostrallar.com\/noticias\/wp-content\/uploads\/2021\/12\/logo_lavostrallar.png","width":217,"height":109,"caption":"La Vostra Llar"},"image":{"@id":"https:\/\/lavostrallar.com\/noticias\/#\/schema\/logo\/image\/"},"sameAs":["https:\/\/www.facebook.com\/lavostra.llar","https:\/\/x.com\/lavostrallar","https:\/\/www.instagram.com\/lavostrallar\/"]},{"@type":"Person","@id":"https:\/\/lavostrallar.com\/noticias\/#\/schema\/person\/98d190b96ca2625c1d1b620c5f85d524","name":"lavostrallar Gracia","image":{"@type":"ImageObject","inLanguage":"ca","@id":"https:\/\/lavostrallar.com\/noticias\/#\/schema\/person\/image\/","url":"https:\/\/secure.gravatar.com\/avatar\/22e1dc84f9fddb4b1831e2289bde1824099c3c45d1caa39e81531ea2f7fb0212?s=96&d=mm&r=g","contentUrl":"https:\/\/secure.gravatar.com\/avatar\/22e1dc84f9fddb4b1831e2289bde1824099c3c45d1caa39e81531ea2f7fb0212?s=96&d=mm&r=g","caption":"lavostrallar Gracia"},"sameAs":["lavostrallar"],"url":"https:\/\/lavostrallar.com\/noticias\/ca\/author\/lavostrallar-gracia\/"}]}},"_links":{"self":[{"href":"https:\/\/lavostrallar.com\/noticias\/ca\/wp-json\/wp\/v2\/posts\/23186","targetHints":{"allow":["GET"]}}],"collection":[{"href":"https:\/\/lavostrallar.com\/noticias\/ca\/wp-json\/wp\/v2\/posts"}],"about":[{"href":"https:\/\/lavostrallar.com\/noticias\/ca\/wp-json\/wp\/v2\/types\/post"}],"author":[{"embeddable":true,"href":"https:\/\/lavostrallar.com\/noticias\/ca\/wp-json\/wp\/v2\/users\/3"}],"replies":[{"embeddable":true,"href":"https:\/\/lavostrallar.com\/noticias\/ca\/wp-json\/wp\/v2\/comments?post=23186"}],"version-history":[{"count":70,"href":"https:\/\/lavostrallar.com\/noticias\/ca\/wp-json\/wp\/v2\/posts\/23186\/revisions"}],"predecessor-version":[{"id":23905,"href":"https:\/\/lavostrallar.com\/noticias\/ca\/wp-json\/wp\/v2\/posts\/23186\/revisions\/23905"}],"wp:featuredmedia":[{"embeddable":true,"href":"https:\/\/lavostrallar.com\/noticias\/ca\/wp-json\/wp\/v2\/media\/23187"}],"wp:attachment":[{"href":"https:\/\/lavostrallar.com\/noticias\/ca\/wp-json\/wp\/v2\/media?parent=23186"}],"wp:term":[{"taxonomy":"category","embeddable":true,"href":"https:\/\/lavostrallar.com\/noticias\/ca\/wp-json\/wp\/v2\/categories?post=23186"},{"taxonomy":"post_tag","embeddable":true,"href":"https:\/\/lavostrallar.com\/noticias\/ca\/wp-json\/wp\/v2\/tags?post=23186"}],"curies":[{"name":"wp","href":"https:\/\/api.w.org\/{rel}","templated":true}]}}