	{"id":23535,"date":"2025-01-23T12:48:31","date_gmt":"2025-01-23T10:48:31","guid":{"rendered":"https:\/\/lavostrallar.com\/?p=23535"},"modified":"2025-02-20T15:00:20","modified_gmt":"2025-02-20T13:00:20","slug":"como-se-estructuran-los-menus-de-los-residentes","status":"publish","type":"post","link":"https:\/\/lavostrallar.com\/noticias\/ca\/como-se-estructuran-los-menus-de-los-residentes\/","title":{"rendered":"Com s'estructuren els men\u00fas a les resid\u00e8ncies"},"content":{"rendered":"<p>A les <strong><a href=\"https:\/\/lavostrallar.com\/ca\/\">resid\u00e8ncies i centres de dia La Vostra Llar<\/a><\/strong> oferim men\u00fas mensuals rotatius (4 setmanes) i dues temporades; estiu i hivern, valorats sempre per un dietista nutricionista col\u00b7legiat.<\/p>\n\n\n\n<p>Ning\u00fa vol menjar tots els dies plats gaireb\u00e9 id\u00e8ntics, per aix\u00f2, al costat del nostre equip de nutricionistes <a href=\"https:\/\/www.aramark.es\/sectores\/sanidad\/Resicencias\" target=\"_blank\" rel=\"noreferrer noopener\">d'Aramark<\/a>, assegurem que no es repeteixi cap plat durant el mes i evitem que els mateixos plats coincideixin els mateixos dies de la setmana de manera continuada proporcionant una varietat consistent de colors, gustos i textures.<\/p>\n\n\n\n<p class=\"translation-block\">Donem import\u00e0ncia a la tradici\u00f3 i la cultura aliment\u00e0ria, \u00e9s per aix\u00f2 que prioritzem la <strong>dieta mediterr\u00e0nia<\/strong>. A m\u00e9s, els residents s\u2019adapten millor als menjars que els hi resulten coneguts.<\/p>\n\n\n\n<p>Algunes de les premisses que seguim per configurar els nostres men\u00fas s\u00f3n:<\/p>\n\n\n\n<ol style=\"list-style-type:1\" class=\"wp-block-list\">\n<li class=\"translation-block\">Energia: <strong>1.800-2.200 kcal al dia<\/strong>. L'aportaci\u00f3 cal\u00f2rica varia segons el tipus de men\u00fa.<\/li>\n\n\n\n<li class=\"translation-block\">Hidrataci\u00f3: Oferim almenys <strong>7-8 gots d'aigua al dia<\/strong> (tot i que no es tingui sensaci\u00f3 de set).<\/li>\n\n\n\n<li class=\"translation-block\">Incorporem 5 racions de <strong>cereals<\/strong> al dia (pa, pasta, arr\u00f2s\u2026).<\/li>\n\n\n\n<li class=\"translation-block\">Assegurem una bona aportaci\u00f3 de fibra, oferint <strong>fruita<\/strong> de postres sempre al migdia i opcional a la nit.<\/li>\n\n\n\n<li class=\"translation-block\">Incorporem <strong>verdura<\/strong> 2 vegades al dia, tant al dinar com al sopar.<\/li>\n\n\n\n<li>La <strong>llet i els productes lactis<\/strong> s\u00f3n aliments apetibles, de f\u00e0cil consum i masticaci\u00f3, que ajuden les persones grans a satisfer les seves necessitats energ\u00e8tiques. Els nostres men\u00fas inclouen 2-3 racions de lactis al dia (llet, iogurt, formatge\u2026).<\/li>\n\n\n\n<li class=\"translation-block\">Incorporem dues racions al dia d'<strong>aliments proteics<\/strong>, com ara carns, peixos, llegums, ous, etc.<\/li>\n\n\n\n<li class=\"translation-block\">No prescindim de <strong>dol\u00e7os i greixos, <\/strong> per\u00f2 sempre amb moderaci\u00f3.<\/li>\n<\/ol>\n\n\n\n<p>A m\u00e9s, procurem habilitar espais amb ambients relaxats on els usuaris se sentin c\u00f2modes i no suposin una distracci\u00f3 per al comensal, alhora que ens assegurem que disposin del temps adequat als menjars per aix\u00ed mantenir una bona digesti\u00f3.<\/p>\n\n\n\n<h5 class=\"wp-block-heading has-text-align-center\">Llegeix sobre: <a href=\"https:\/\/lavostrallar.com\/noticias\/ca\/que-ocurre-cuando-un-anciano-deja-de-comer\/\"><em>Qu\u00e8 passa quan una persona gran deixa de menjar?<\/em><\/a><\/h5>","protected":false},"excerpt":{"rendered":"<p>En las residencias y centros de d\u00eda La Vostra Llar ofrecemos men\u00fas mensuales rotativos (4 semanas) y dos temporadas; verano e invierno, valorados siempre por un dietista nutricionista colegiado. Nadie quiere comer todos los d\u00edas platos casi id\u00e9nticos, por eso, junto a nuestro equipo de nutricionistas de Aramark, aseguramos que no se repita ning\u00fan plato [&hellip;]<\/p>","protected":false},"author":12,"featured_media":23540,"comment_status":"closed","ping_status":"closed","sticky":false,"template":"","format":"standard","meta":{"content-type":"","footnotes":""},"categories":[11,47,18,12,13,14,15,27,16,19],"tags":[75,9,20],"class_list":["post-23535","post","type-post","status-publish","format-standard","has-post-thumbnail","hentry","category-noticias-blanes","category-noticias-clot","category-noticias-gracia","category-noticias-la-rambla","category-noticias-les-dalies","category-noticias-les-oliveres","category-noticias-mataro","category-noticias-guell","category-noticias-reig","category-noticias-terrassa","tag-manu","tag-residencias-de-ancianos","tag-salud-y-envejecimiento-activo"],"yoast_head":"<!-- This site is optimized with the Yoast SEO plugin v26.0 - https:\/\/yoast.com\/wordpress\/plugins\/seo\/ -->\n<title>C\u00f3mo se estructuran los men\u00fas en las residencias - Noticias La Vostra Llar<\/title>\n<meta name=\"description\" content=\"En las residencias La Vostra Llar ofrecemos men\u00fas mensuales valorados siempre por un dietista nutricionista colegiado.\" \/>\n<meta name=\"robots\" content=\"index, follow, max-snippet:-1, max-image-preview:large, max-video-preview:-1\" \/>\n<link rel=\"canonical\" href=\"https:\/\/lavostrallar.com\/noticias\/ca\/como-se-estructuran-los-menus-de-los-residentes\/\" \/>\n<meta property=\"og:locale\" content=\"ca_ES\" \/>\n<meta property=\"og:type\" content=\"article\" \/>\n<meta property=\"og:title\" content=\"C\u00f3mo se estructuran los men\u00fas en las residencias - Noticias La Vostra Llar\" \/>\n<meta property=\"og:description\" content=\"En las residencias La Vostra Llar ofrecemos men\u00fas mensuales valorados siempre por un dietista nutricionista colegiado.\" \/>\n<meta property=\"og:url\" content=\"https:\/\/lavostrallar.com\/noticias\/ca\/como-se-estructuran-los-menus-de-los-residentes\/\" \/>\n<meta property=\"og:site_name\" content=\"Noticias La Vostra Llar\" \/>\n<meta property=\"article:publisher\" content=\"https:\/\/www.facebook.com\/lavostra.llar\" \/>\n<meta property=\"article:published_time\" content=\"2025-01-23T10:48:31+00:00\" \/>\n<meta property=\"article:modified_time\" content=\"2025-02-20T13:00:20+00:00\" \/>\n<meta property=\"og:image\" content=\"https:\/\/lavostrallar.com\/noticias\/wp-content\/uploads\/2023\/03\/37_cocinera.jpg\" \/>\n\t<meta property=\"og:image:width\" content=\"1134\" \/>\n\t<meta property=\"og:image:height\" content=\"756\" \/>\n\t<meta property=\"og:image:type\" content=\"image\/jpeg\" \/>\n<meta name=\"author\" content=\"lavostrallar Comunicacio\" \/>\n<meta name=\"twitter:card\" content=\"summary_large_image\" \/>\n<meta name=\"twitter:creator\" content=\"@lavostrallar\" \/>\n<meta name=\"twitter:site\" content=\"@lavostrallar\" \/>\n<meta name=\"twitter:label1\" content=\"Escrit per\" \/>\n\t<meta name=\"twitter:data1\" content=\"lavostrallar Comunicacio\" \/>\n\t<meta name=\"twitter:label2\" content=\"Temps estimat de lectura\" \/>\n\t<meta name=\"twitter:data2\" content=\"2 minuts\" \/>\n<script type=\"application\/ld+json\" class=\"yoast-schema-graph\">{\"@context\":\"https:\/\/schema.org\",\"@graph\":[{\"@type\":\"Article\",\"@id\":\"https:\/\/lavostrallar.com\/noticias\/ca\/como-se-estructuran-los-menus-de-los-residentes\/#article\",\"isPartOf\":{\"@id\":\"https:\/\/lavostrallar.com\/noticias\/ca\/como-se-estructuran-los-menus-de-los-residentes\/\"},\"author\":{\"name\":\"lavostrallar Comunicacio\",\"@id\":\"https:\/\/lavostrallar.com\/noticias\/#\/schema\/person\/321f189af5ebbd679ae095028db43fdd\"},\"headline\":\"C\u00f3mo se estructuran los men\u00fas en las residencias\",\"datePublished\":\"2025-01-23T10:48:31+00:00\",\"dateModified\":\"2025-02-20T13:00:20+00:00\",\"mainEntityOfPage\":{\"@id\":\"https:\/\/lavostrallar.com\/noticias\/ca\/como-se-estructuran-los-menus-de-los-residentes\/\"},\"wordCount\":351,\"publisher\":{\"@id\":\"https:\/\/lavostrallar.com\/noticias\/#organization\"},\"image\":{\"@id\":\"https:\/\/lavostrallar.com\/noticias\/ca\/como-se-estructuran-los-menus-de-los-residentes\/#primaryimage\"},\"thumbnailUrl\":\"https:\/\/lavostrallar.com\/noticias\/wp-content\/uploads\/2023\/03\/37_cocinera.jpg\",\"keywords\":[\"man\u00fa\",\"Residencias de ancianos\",\"Salud y envejecimiento activo\"],\"articleSection\":[\"Noticias Blanes\",\"Noticias Clot\",\"Noticias Gr\u00e0cia\",\"Noticias La Rambla\",\"Noticias Les D\u00e0lies\",\"Noticias Les Oliveres\",\"Noticias Matar\u00f3\",\"Noticias Parc G\u00fcell\",\"Noticias Reig\",\"Noticias Terrassa\"],\"inLanguage\":\"ca\"},{\"@type\":\"WebPage\",\"@id\":\"https:\/\/lavostrallar.com\/noticias\/ca\/como-se-estructuran-los-menus-de-los-residentes\/\",\"url\":\"https:\/\/lavostrallar.com\/noticias\/ca\/como-se-estructuran-los-menus-de-los-residentes\/\",\"name\":\"C\u00f3mo se estructuran los men\u00fas en las residencias - Noticias La Vostra Llar\",\"isPartOf\":{\"@id\":\"https:\/\/lavostrallar.com\/noticias\/#website\"},\"primaryImageOfPage\":{\"@id\":\"https:\/\/lavostrallar.com\/noticias\/ca\/como-se-estructuran-los-menus-de-los-residentes\/#primaryimage\"},\"image\":{\"@id\":\"https:\/\/lavostrallar.com\/noticias\/ca\/como-se-estructuran-los-menus-de-los-residentes\/#primaryimage\"},\"thumbnailUrl\":\"https:\/\/lavostrallar.com\/noticias\/wp-content\/uploads\/2023\/03\/37_cocinera.jpg\",\"datePublished\":\"2025-01-23T10:48:31+00:00\",\"dateModified\":\"2025-02-20T13:00:20+00:00\",\"description\":\"En las residencias La Vostra Llar ofrecemos men\u00fas mensuales valorados siempre por un dietista nutricionista colegiado.\",\"breadcrumb\":{\"@id\":\"https:\/\/lavostrallar.com\/noticias\/ca\/como-se-estructuran-los-menus-de-los-residentes\/#breadcrumb\"},\"inLanguage\":\"ca\",\"potentialAction\":[{\"@type\":\"ReadAction\",\"target\":[\"https:\/\/lavostrallar.com\/noticias\/ca\/como-se-estructuran-los-menus-de-los-residentes\/\"]}]},{\"@type\":\"ImageObject\",\"inLanguage\":\"ca\",\"@id\":\"https:\/\/lavostrallar.com\/noticias\/ca\/como-se-estructuran-los-menus-de-los-residentes\/#primaryimage\",\"url\":\"https:\/\/lavostrallar.com\/noticias\/wp-content\/uploads\/2023\/03\/37_cocinera.jpg\",\"contentUrl\":\"https:\/\/lavostrallar.com\/noticias\/wp-content\/uploads\/2023\/03\/37_cocinera.jpg\",\"width\":1134,\"height\":756,\"caption\":\"Residencia de ancianos - men\u00fa tercera edad\"},{\"@type\":\"BreadcrumbList\",\"@id\":\"https:\/\/lavostrallar.com\/noticias\/ca\/como-se-estructuran-los-menus-de-los-residentes\/#breadcrumb\",\"itemListElement\":[{\"@type\":\"ListItem\",\"position\":1,\"name\":\"Portada\",\"item\":\"https:\/\/lavostrallar.com\/noticias\/\"},{\"@type\":\"ListItem\",\"position\":2,\"name\":\"C\u00f3mo se estructuran los men\u00fas en las residencias\"}]},{\"@type\":\"WebSite\",\"@id\":\"https:\/\/lavostrallar.com\/noticias\/#website\",\"url\":\"https:\/\/lavostrallar.com\/noticias\/\",\"name\":\"La Vostra Llar\",\"description\":\"La Vostra Llar gestiona resid\u00e8ncies geri\u00e0triques des de 1987 amb la missi\u00f3 d\u2019oferir assist\u00e8ncia personalitzada per estimular, acollir i atendre les persones grans amb qualsevol grau de depend\u00e8ncia.\",\"publisher\":{\"@id\":\"https:\/\/lavostrallar.com\/noticias\/#organization\"},\"potentialAction\":[{\"@type\":\"SearchAction\",\"target\":{\"@type\":\"EntryPoint\",\"urlTemplate\":\"https:\/\/lavostrallar.com\/noticias\/?s={search_term_string}\"},\"query-input\":{\"@type\":\"PropertyValueSpecification\",\"valueRequired\":true,\"valueName\":\"search_term_string\"}}],\"inLanguage\":\"ca\"},{\"@type\":\"Organization\",\"@id\":\"https:\/\/lavostrallar.com\/noticias\/#organization\",\"name\":\"La Vostra Llar\",\"url\":\"https:\/\/lavostrallar.com\/noticias\/\",\"logo\":{\"@type\":\"ImageObject\",\"inLanguage\":\"ca\",\"@id\":\"https:\/\/lavostrallar.com\/noticias\/#\/schema\/logo\/image\/\",\"url\":\"https:\/\/lavostrallar.com\/noticias\/wp-content\/uploads\/2021\/12\/logo_lavostrallar.png\",\"contentUrl\":\"https:\/\/lavostrallar.com\/noticias\/wp-content\/uploads\/2021\/12\/logo_lavostrallar.png\",\"width\":217,\"height\":109,\"caption\":\"La Vostra Llar\"},\"image\":{\"@id\":\"https:\/\/lavostrallar.com\/noticias\/#\/schema\/logo\/image\/\"},\"sameAs\":[\"https:\/\/www.facebook.com\/lavostra.llar\",\"https:\/\/x.com\/lavostrallar\",\"https:\/\/www.instagram.com\/lavostrallar\/\"]},{\"@type\":\"Person\",\"@id\":\"https:\/\/lavostrallar.com\/noticias\/#\/schema\/person\/321f189af5ebbd679ae095028db43fdd\",\"name\":\"lavostrallar Comunicacio\",\"image\":{\"@type\":\"ImageObject\",\"inLanguage\":\"ca\",\"@id\":\"https:\/\/lavostrallar.com\/noticias\/#\/schema\/person\/image\/\",\"url\":\"https:\/\/secure.gravatar.com\/avatar\/69a4b73b52c8eedccce42e542861709a5afc2b40e0a43d691da018458db2d41b?s=96&d=mm&r=g\",\"contentUrl\":\"https:\/\/secure.gravatar.com\/avatar\/69a4b73b52c8eedccce42e542861709a5afc2b40e0a43d691da018458db2d41b?s=96&d=mm&r=g\",\"caption\":\"lavostrallar Comunicacio\"},\"url\":\"https:\/\/lavostrallar.com\/noticias\/ca\/author\/lavostrallar-comunicacio\/\"}]}<\/script>\n<!-- \/ Yoast SEO plugin. -->","yoast_head_json":{"title":"Com s'estructuren els men\u00fas a les resid\u00e8ncies - Not\u00edcies La Vostra Llar","description":"A les resid\u00e8ncies La Vostra Llar oferim men\u00fas mensuals valorats sempre per un dietista nutricionista col\u00b7legiat.","robots":{"index":"index","follow":"follow","max-snippet":"max-snippet:-1","max-image-preview":"max-image-preview:large","max-video-preview":"max-video-preview:-1"},"canonical":"https:\/\/lavostrallar.com\/noticias\/ca\/como-se-estructuran-los-menus-de-los-residentes\/","og_locale":"ca_ES","og_type":"article","og_title":"C\u00f3mo se estructuran los men\u00fas en las residencias - Noticias La Vostra Llar","og_description":"En las residencias La Vostra Llar ofrecemos men\u00fas mensuales valorados siempre por un dietista nutricionista colegiado.","og_url":"https:\/\/lavostrallar.com\/noticias\/ca\/como-se-estructuran-los-menus-de-los-residentes\/","og_site_name":"Noticias La Vostra Llar","article_publisher":"https:\/\/www.facebook.com\/lavostra.llar","article_published_time":"2025-01-23T10:48:31+00:00","article_modified_time":"2025-02-20T13:00:20+00:00","og_image":[{"width":1134,"height":756,"url":"https:\/\/lavostrallar.com\/noticias\/wp-content\/uploads\/2023\/03\/37_cocinera.jpg","type":"image\/jpeg"}],"author":"lavostrallar Comunicacio","twitter_card":"summary_large_image","twitter_creator":"@lavostrallar","twitter_site":"@lavostrallar","twitter_misc":{"Escrit per":"lavostrallar Comunicacio","Temps estimat de lectura":"2 minuts"},"schema":{"@context":"https:\/\/schema.org","@graph":[{"@type":"Article","@id":"https:\/\/lavostrallar.com\/noticias\/ca\/como-se-estructuran-los-menus-de-los-residentes\/#article","isPartOf":{"@id":"https:\/\/lavostrallar.com\/noticias\/ca\/como-se-estructuran-los-menus-de-los-residentes\/"},"author":{"name":"lavostrallar Comunicacio","@id":"https:\/\/lavostrallar.com\/noticias\/#\/schema\/person\/321f189af5ebbd679ae095028db43fdd"},"headline":"C\u00f3mo se estructuran los men\u00fas en las residencias","datePublished":"2025-01-23T10:48:31+00:00","dateModified":"2025-02-20T13:00:20+00:00","mainEntityOfPage":{"@id":"https:\/\/lavostrallar.com\/noticias\/ca\/como-se-estructuran-los-menus-de-los-residentes\/"},"wordCount":351,"publisher":{"@id":"https:\/\/lavostrallar.com\/noticias\/#organization"},"image":{"@id":"https:\/\/lavostrallar.com\/noticias\/ca\/como-se-estructuran-los-menus-de-los-residentes\/#primaryimage"},"thumbnailUrl":"https:\/\/lavostrallar.com\/noticias\/wp-content\/uploads\/2023\/03\/37_cocinera.jpg","keywords":["man\u00fa","Residencias de ancianos","Salud y envejecimiento activo"],"articleSection":["Noticias Blanes","Noticias Clot","Noticias Gr\u00e0cia","Noticias La Rambla","Noticias Les D\u00e0lies","Noticias Les Oliveres","Noticias Matar\u00f3","Noticias Parc G\u00fcell","Noticias Reig","Noticias Terrassa"],"inLanguage":"ca"},{"@type":"WebPage","@id":"https:\/\/lavostrallar.com\/noticias\/ca\/como-se-estructuran-los-menus-de-los-residentes\/","url":"https:\/\/lavostrallar.com\/noticias\/ca\/como-se-estructuran-los-menus-de-los-residentes\/","name":"Com s'estructuren els men\u00fas a les resid\u00e8ncies - Not\u00edcies La Vostra Llar","isPartOf":{"@id":"https:\/\/lavostrallar.com\/noticias\/#website"},"primaryImageOfPage":{"@id":"https:\/\/lavostrallar.com\/noticias\/ca\/como-se-estructuran-los-menus-de-los-residentes\/#primaryimage"},"image":{"@id":"https:\/\/lavostrallar.com\/noticias\/ca\/como-se-estructuran-los-menus-de-los-residentes\/#primaryimage"},"thumbnailUrl":"https:\/\/lavostrallar.com\/noticias\/wp-content\/uploads\/2023\/03\/37_cocinera.jpg","datePublished":"2025-01-23T10:48:31+00:00","dateModified":"2025-02-20T13:00:20+00:00","description":"A les resid\u00e8ncies La Vostra Llar oferim men\u00fas mensuals valorats sempre per un dietista nutricionista col\u00b7legiat.","breadcrumb":{"@id":"https:\/\/lavostrallar.com\/noticias\/ca\/como-se-estructuran-los-menus-de-los-residentes\/#breadcrumb"},"inLanguage":"ca","potentialAction":[{"@type":"ReadAction","target":["https:\/\/lavostrallar.com\/noticias\/ca\/como-se-estructuran-los-menus-de-los-residentes\/"]}]},{"@type":"ImageObject","inLanguage":"ca","@id":"https:\/\/lavostrallar.com\/noticias\/ca\/como-se-estructuran-los-menus-de-los-residentes\/#primaryimage","url":"https:\/\/lavostrallar.com\/noticias\/wp-content\/uploads\/2023\/03\/37_cocinera.jpg","contentUrl":"https:\/\/lavostrallar.com\/noticias\/wp-content\/uploads\/2023\/03\/37_cocinera.jpg","width":1134,"height":756,"caption":"Residencia de ancianos - men\u00fa tercera edad"},{"@type":"BreadcrumbList","@id":"https:\/\/lavostrallar.com\/noticias\/ca\/como-se-estructuran-los-menus-de-los-residentes\/#breadcrumb","itemListElement":[{"@type":"ListItem","position":1,"name":"Portada","item":"https:\/\/lavostrallar.com\/noticias\/"},{"@type":"ListItem","position":2,"name":"C\u00f3mo se estructuran los men\u00fas en las residencias"}]},{"@type":"WebSite","@id":"https:\/\/lavostrallar.com\/noticias\/#website","url":"https:\/\/lavostrallar.com\/noticias\/","name":"La Vostra Llar","description":"La Vostra Llar gestiona resid\u00e8ncies geri\u00e0triques des de 1987 amb la missi\u00f3 d\u2019oferir assist\u00e8ncia personalitzada per estimular, acollir i atendre les persones grans amb qualsevol grau de depend\u00e8ncia.","publisher":{"@id":"https:\/\/lavostrallar.com\/noticias\/#organization"},"potentialAction":[{"@type":"SearchAction","target":{"@type":"EntryPoint","urlTemplate":"https:\/\/lavostrallar.com\/noticias\/?s={search_term_string}"},"query-input":{"@type":"PropertyValueSpecification","valueRequired":true,"valueName":"search_term_string"}}],"inLanguage":"ca"},{"@type":"Organization","@id":"https:\/\/lavostrallar.com\/noticias\/#organization","name":"La Vostra Llar","url":"https:\/\/lavostrallar.com\/noticias\/","logo":{"@type":"ImageObject","inLanguage":"ca","@id":"https:\/\/lavostrallar.com\/noticias\/#\/schema\/logo\/image\/","url":"https:\/\/lavostrallar.com\/noticias\/wp-content\/uploads\/2021\/12\/logo_lavostrallar.png","contentUrl":"https:\/\/lavostrallar.com\/noticias\/wp-content\/uploads\/2021\/12\/logo_lavostrallar.png","width":217,"height":109,"caption":"La Vostra Llar"},"image":{"@id":"https:\/\/lavostrallar.com\/noticias\/#\/schema\/logo\/image\/"},"sameAs":["https:\/\/www.facebook.com\/lavostra.llar","https:\/\/x.com\/lavostrallar","https:\/\/www.instagram.com\/lavostrallar\/"]},{"@type":"Person","@id":"https:\/\/lavostrallar.com\/noticias\/#\/schema\/person\/321f189af5ebbd679ae095028db43fdd","name":"lavostrallar Comunicacio","image":{"@type":"ImageObject","inLanguage":"ca","@id":"https:\/\/lavostrallar.com\/noticias\/#\/schema\/person\/image\/","url":"https:\/\/secure.gravatar.com\/avatar\/69a4b73b52c8eedccce42e542861709a5afc2b40e0a43d691da018458db2d41b?s=96&d=mm&r=g","contentUrl":"https:\/\/secure.gravatar.com\/avatar\/69a4b73b52c8eedccce42e542861709a5afc2b40e0a43d691da018458db2d41b?s=96&d=mm&r=g","caption":"lavostrallar Comunicacio"},"url":"https:\/\/lavostrallar.com\/noticias\/ca\/author\/lavostrallar-comunicacio\/"}]}},"_links":{"self":[{"href":"https:\/\/lavostrallar.com\/noticias\/ca\/wp-json\/wp\/v2\/posts\/23535","targetHints":{"allow":["GET"]}}],"collection":[{"href":"https:\/\/lavostrallar.com\/noticias\/ca\/wp-json\/wp\/v2\/posts"}],"about":[{"href":"https:\/\/lavostrallar.com\/noticias\/ca\/wp-json\/wp\/v2\/types\/post"}],"author":[{"embeddable":true,"href":"https:\/\/lavostrallar.com\/noticias\/ca\/wp-json\/wp\/v2\/users\/12"}],"replies":[{"embeddable":true,"href":"https:\/\/lavostrallar.com\/noticias\/ca\/wp-json\/wp\/v2\/comments?post=23535"}],"version-history":[{"count":5,"href":"https:\/\/lavostrallar.com\/noticias\/ca\/wp-json\/wp\/v2\/posts\/23535\/revisions"}],"predecessor-version":[{"id":34347,"href":"https:\/\/lavostrallar.com\/noticias\/ca\/wp-json\/wp\/v2\/posts\/23535\/revisions\/34347"}],"wp:featuredmedia":[{"embeddable":true,"href":"https:\/\/lavostrallar.com\/noticias\/ca\/wp-json\/wp\/v2\/media\/23540"}],"wp:attachment":[{"href":"https:\/\/lavostrallar.com\/noticias\/ca\/wp-json\/wp\/v2\/media?parent=23535"}],"wp:term":[{"taxonomy":"category","embeddable":true,"href":"https:\/\/lavostrallar.com\/noticias\/ca\/wp-json\/wp\/v2\/categories?post=23535"},{"taxonomy":"post_tag","embeddable":true,"href":"https:\/\/lavostrallar.com\/noticias\/ca\/wp-json\/wp\/v2\/tags?post=23535"}],"curies":[{"name":"wp","href":"https:\/\/api.w.org\/{rel}","templated":true}]}}