	{"id":24529,"date":"2023-04-04T10:06:35","date_gmt":"2023-04-04T10:06:35","guid":{"rendered":"https:\/\/lavostrallar.com\/?p=24529"},"modified":"2023-04-21T09:55:34","modified_gmt":"2023-04-21T09:55:34","slug":"la-vostra-llar-participa-en-el-proyecto-abriga","status":"publish","type":"post","link":"https:\/\/lavostrallar.com\/noticias\/ca\/la-vostra-llar-participa-en-el-proyecto-abriga\/","title":{"rendered":"Resid\u00e8ncies de gent gran La Vostra Llar participa al Projecte Abriga"},"content":{"rendered":"<p>A partir d\u2019aquest abril, les <strong><a href=\"https:\/\/lavostrallar.com\/ca\/\">resid\u00e8ncies i centres de dia La Vostra Llar<\/a><\/strong> ens involucrem en el <strong>Projecte Abriga<\/strong> impulsat per l\u2019organitzaci\u00f3 sense \u00e0nim de lucre <a href=\"https:\/\/www.vidasignificativa.org\/\">Vida Significativa<\/a>. Es tracta d\u2019una iniciativa que t\u00e9 per objectiu teixir peces de roba d\u2019abrigar per a persones en situacions de vulnerabilitat.<\/p>\n\n\n\n<p>Aix\u00ed doncs des dels diferents centres de La Vostra Llar <strong>ens hem proposat teixir peda\u00e7os de roba a ganxet per tal de crear mantes de forma col\u00b7lectiva.<\/strong> Tots aquells residents que tinguin habilitats amb el fil i l\u2019agulla i vulguin participar en el Projecte Abriga, elaboraran el seu propi tros de tela que acabar\u00e0 conformant una pe\u00e7a d\u2019abric per a alguna persona que ho necessiti.<\/p>\n\n\n\n<p>Aquesta participaci\u00f3 no nom\u00e9s ajuda a persones amb pocs recursos, ja que per a les <strong>persones grans resulta molt important sentir que formen part de projectes<\/strong> on se\u2019ls requereix i que aquelles habilitats que posseeixen aporten valor en una iniciativa d\u2019aquest estil.<\/p>\n\n\n\n<h2 class=\"wp-block-heading has-medium-font-size\">Una mica sobre el Projecte Abriga en qu\u00e8 participen les resid\u00e8ncies de gent gran<\/h2>\n\n\n\n<p>El Projecte Abriga ha anat creixent durant els \u00faltims dos anys a tot Catalunya i altres comunitats aut\u00f2nomes. Actualment, ha aconseguit involucrar m\u00e9s de 300 persones que teixeixen, a ganxet i mitjan\u00e7ant altres t\u00e8cniques, roba d\u2019abric des de diferents organitzacions, escoles, resid\u00e8ncies, etc.<\/p>\n\n\n\n<p>En aquest temps s\u2019han teixit mantes, pe\u00fccs, gorros, jerseis, etc. que s\u2019entreguen a centres d\u2019acollida, centres residencials d\u2019acci\u00f3 educativa (CRAE), hospitals, orfenats de tot el m\u00f3n i a persones i fam\u00edlies que ho necessiten. El Projecte Abriga tamb\u00e9 ha aportat peces d\u2019abrigar a Ucra\u00efna a trav\u00e9s d\u2019una Marat\u00f3 de recopilaci\u00f3 de mantes que va ser tot un \u00e8xit i va donar caliu a moltes fam\u00edlies.<\/p>","protected":false},"excerpt":{"rendered":"<p>A partir de abril, las residencias y centros de d\u00eda La Vostra Llar nos involucramos en el Proyecto Abriga impulsado por la organizaci\u00f3n sin \u00e1nimo de lucro Vida Significativa. Se trata de una iniciativa que tiene por objetivo tejer prendas de ropa de abrigo para personas en situaciones de vulnerabilidad. As\u00ed pues, desde los diferentes [&hellip;]<\/p>","protected":false},"author":1,"featured_media":24530,"comment_status":"closed","ping_status":"closed","sticky":false,"template":"","format":"standard","meta":{"content-type":"","footnotes":""},"categories":[11,47,18,12,13,14,15,27,16,19],"tags":[7,9],"class_list":["post-24529","post","type-post","status-publish","format-standard","has-post-thumbnail","hentry","category-noticias-blanes","category-noticias-clot","category-noticias-gracia","category-noticias-la-rambla","category-noticias-les-dalies","category-noticias-les-oliveres","category-noticias-mataro","category-noticias-guell","category-noticias-reig","category-noticias-terrassa","tag-compromiso-social","tag-residencias-de-ancianos"],"yoast_head":"<!-- This site is optimized with the Yoast SEO plugin v26.0 - https:\/\/yoast.com\/wordpress\/plugins\/seo\/ -->\n<title>Residencia de ancianos y el Proyecto Abriga - Noticias La Vostra Llar<\/title>\n<meta name=\"description\" content=\"Las residencias y centros de d\u00eda La Vostra Llar nos involucramos en el Proyecto Abriga impulsado por la organizaci\u00f3n Vida Significativa.\" \/>\n<meta name=\"robots\" content=\"index, follow, max-snippet:-1, max-image-preview:large, max-video-preview:-1\" \/>\n<link rel=\"canonical\" href=\"https:\/\/lavostrallar.com\/noticias\/ca\/la-vostra-llar-participa-en-el-proyecto-abriga\/\" \/>\n<meta property=\"og:locale\" content=\"ca_ES\" \/>\n<meta property=\"og:type\" content=\"article\" \/>\n<meta property=\"og:title\" content=\"Residencia de ancianos y el Proyecto Abriga - Noticias La Vostra Llar\" \/>\n<meta property=\"og:description\" content=\"Las residencias y centros de d\u00eda La Vostra Llar nos involucramos en el Proyecto Abriga impulsado por la organizaci\u00f3n Vida Significativa.\" \/>\n<meta property=\"og:url\" content=\"https:\/\/lavostrallar.com\/noticias\/ca\/la-vostra-llar-participa-en-el-proyecto-abriga\/\" \/>\n<meta property=\"og:site_name\" content=\"Noticias La Vostra Llar\" \/>\n<meta property=\"article:publisher\" content=\"https:\/\/www.facebook.com\/lavostra.llar\" \/>\n<meta property=\"article:published_time\" content=\"2023-04-04T10:06:35+00:00\" \/>\n<meta property=\"article:modified_time\" content=\"2023-04-21T09:55:34+00:00\" \/>\n<meta property=\"og:image\" content=\"https:\/\/lavostrallar.com\/noticias\/wp-content\/uploads\/2023\/04\/Projecte-abriga-2.jpg\" \/>\n\t<meta property=\"og:image:width\" content=\"1204\" \/>\n\t<meta property=\"og:image:height\" content=\"1600\" \/>\n\t<meta property=\"og:image:type\" content=\"image\/jpeg\" \/>\n<meta name=\"author\" content=\"admin\" \/>\n<meta name=\"twitter:card\" content=\"summary_large_image\" \/>\n<meta name=\"twitter:creator\" content=\"@lavostrallar\" \/>\n<meta name=\"twitter:site\" content=\"@lavostrallar\" \/>\n<meta name=\"twitter:label1\" content=\"Escrit per\" \/>\n\t<meta name=\"twitter:data1\" content=\"admin\" \/>\n\t<meta name=\"twitter:label2\" content=\"Temps estimat de lectura\" \/>\n\t<meta name=\"twitter:data2\" content=\"1 minut\" \/>\n<script type=\"application\/ld+json\" class=\"yoast-schema-graph\">{\"@context\":\"https:\/\/schema.org\",\"@graph\":[{\"@type\":\"Article\",\"@id\":\"https:\/\/lavostrallar.com\/noticias\/ca\/la-vostra-llar-participa-en-el-proyecto-abriga\/#article\",\"isPartOf\":{\"@id\":\"https:\/\/lavostrallar.com\/noticias\/ca\/la-vostra-llar-participa-en-el-proyecto-abriga\/\"},\"author\":{\"name\":\"admin\",\"@id\":\"https:\/\/lavostrallar.com\/noticias\/#\/schema\/person\/39e704b801e0c519c963d9a376e561e5\"},\"headline\":\"Residencias de ancianos La Vostra Llar participa en el Proyecto Abriga\",\"datePublished\":\"2023-04-04T10:06:35+00:00\",\"dateModified\":\"2023-04-21T09:55:34+00:00\",\"mainEntityOfPage\":{\"@id\":\"https:\/\/lavostrallar.com\/noticias\/ca\/la-vostra-llar-participa-en-el-proyecto-abriga\/\"},\"wordCount\":309,\"publisher\":{\"@id\":\"https:\/\/lavostrallar.com\/noticias\/#organization\"},\"image\":{\"@id\":\"https:\/\/lavostrallar.com\/noticias\/ca\/la-vostra-llar-participa-en-el-proyecto-abriga\/#primaryimage\"},\"thumbnailUrl\":\"https:\/\/lavostrallar.com\/noticias\/wp-content\/uploads\/2023\/04\/Projecte-abriga-2.jpg\",\"keywords\":[\"Compromiso social\",\"Residencias de ancianos\"],\"articleSection\":[\"Noticias Blanes\",\"Noticias Clot\",\"Noticias Gr\u00e0cia\",\"Noticias La Rambla\",\"Noticias Les D\u00e0lies\",\"Noticias Les Oliveres\",\"Noticias Matar\u00f3\",\"Noticias Parc G\u00fcell\",\"Noticias Reig\",\"Noticias Terrassa\"],\"inLanguage\":\"ca\"},{\"@type\":\"WebPage\",\"@id\":\"https:\/\/lavostrallar.com\/noticias\/ca\/la-vostra-llar-participa-en-el-proyecto-abriga\/\",\"url\":\"https:\/\/lavostrallar.com\/noticias\/ca\/la-vostra-llar-participa-en-el-proyecto-abriga\/\",\"name\":\"Residencia de ancianos y el Proyecto Abriga - Noticias La Vostra Llar\",\"isPartOf\":{\"@id\":\"https:\/\/lavostrallar.com\/noticias\/#website\"},\"primaryImageOfPage\":{\"@id\":\"https:\/\/lavostrallar.com\/noticias\/ca\/la-vostra-llar-participa-en-el-proyecto-abriga\/#primaryimage\"},\"image\":{\"@id\":\"https:\/\/lavostrallar.com\/noticias\/ca\/la-vostra-llar-participa-en-el-proyecto-abriga\/#primaryimage\"},\"thumbnailUrl\":\"https:\/\/lavostrallar.com\/noticias\/wp-content\/uploads\/2023\/04\/Projecte-abriga-2.jpg\",\"datePublished\":\"2023-04-04T10:06:35+00:00\",\"dateModified\":\"2023-04-21T09:55:34+00:00\",\"description\":\"Las residencias y centros de d\u00eda La Vostra Llar nos involucramos en el Proyecto Abriga impulsado por la organizaci\u00f3n Vida Significativa.\",\"breadcrumb\":{\"@id\":\"https:\/\/lavostrallar.com\/noticias\/ca\/la-vostra-llar-participa-en-el-proyecto-abriga\/#breadcrumb\"},\"inLanguage\":\"ca\",\"potentialAction\":[{\"@type\":\"ReadAction\",\"target\":[\"https:\/\/lavostrallar.com\/noticias\/ca\/la-vostra-llar-participa-en-el-proyecto-abriga\/\"]}]},{\"@type\":\"ImageObject\",\"inLanguage\":\"ca\",\"@id\":\"https:\/\/lavostrallar.com\/noticias\/ca\/la-vostra-llar-participa-en-el-proyecto-abriga\/#primaryimage\",\"url\":\"https:\/\/lavostrallar.com\/noticias\/wp-content\/uploads\/2023\/04\/Projecte-abriga-2.jpg\",\"contentUrl\":\"https:\/\/lavostrallar.com\/noticias\/wp-content\/uploads\/2023\/04\/Projecte-abriga-2.jpg\",\"width\":1204,\"height\":1600,\"caption\":\"Residencia de ancianos - Proyecto abriga\"},{\"@type\":\"BreadcrumbList\",\"@id\":\"https:\/\/lavostrallar.com\/noticias\/ca\/la-vostra-llar-participa-en-el-proyecto-abriga\/#breadcrumb\",\"itemListElement\":[{\"@type\":\"ListItem\",\"position\":1,\"name\":\"Portada\",\"item\":\"https:\/\/lavostrallar.com\/noticias\/\"},{\"@type\":\"ListItem\",\"position\":2,\"name\":\"Residencias de ancianos La Vostra Llar participa en el Proyecto Abriga\"}]},{\"@type\":\"WebSite\",\"@id\":\"https:\/\/lavostrallar.com\/noticias\/#website\",\"url\":\"https:\/\/lavostrallar.com\/noticias\/\",\"name\":\"La Vostra Llar\",\"description\":\"La Vostra Llar gestiona resid\u00e8ncies geri\u00e0triques des de 1987 amb la missi\u00f3 d\u2019oferir assist\u00e8ncia personalitzada per estimular, acollir i atendre les persones grans amb qualsevol grau de depend\u00e8ncia.\",\"publisher\":{\"@id\":\"https:\/\/lavostrallar.com\/noticias\/#organization\"},\"potentialAction\":[{\"@type\":\"SearchAction\",\"target\":{\"@type\":\"EntryPoint\",\"urlTemplate\":\"https:\/\/lavostrallar.com\/noticias\/?s={search_term_string}\"},\"query-input\":{\"@type\":\"PropertyValueSpecification\",\"valueRequired\":true,\"valueName\":\"search_term_string\"}}],\"inLanguage\":\"ca\"},{\"@type\":\"Organization\",\"@id\":\"https:\/\/lavostrallar.com\/noticias\/#organization\",\"name\":\"La Vostra Llar\",\"url\":\"https:\/\/lavostrallar.com\/noticias\/\",\"logo\":{\"@type\":\"ImageObject\",\"inLanguage\":\"ca\",\"@id\":\"https:\/\/lavostrallar.com\/noticias\/#\/schema\/logo\/image\/\",\"url\":\"https:\/\/lavostrallar.com\/noticias\/wp-content\/uploads\/2021\/12\/logo_lavostrallar.png\",\"contentUrl\":\"https:\/\/lavostrallar.com\/noticias\/wp-content\/uploads\/2021\/12\/logo_lavostrallar.png\",\"width\":217,\"height\":109,\"caption\":\"La Vostra Llar\"},\"image\":{\"@id\":\"https:\/\/lavostrallar.com\/noticias\/#\/schema\/logo\/image\/\"},\"sameAs\":[\"https:\/\/www.facebook.com\/lavostra.llar\",\"https:\/\/x.com\/lavostrallar\",\"https:\/\/www.instagram.com\/lavostrallar\/\"]},{\"@type\":\"Person\",\"@id\":\"https:\/\/lavostrallar.com\/noticias\/#\/schema\/person\/39e704b801e0c519c963d9a376e561e5\",\"name\":\"admin\",\"image\":{\"@type\":\"ImageObject\",\"inLanguage\":\"ca\",\"@id\":\"https:\/\/lavostrallar.com\/noticias\/#\/schema\/person\/image\/\",\"url\":\"https:\/\/secure.gravatar.com\/avatar\/9d4580a48cd1910cc51e0dfd3fd063c0caadea953e64fb47c872043d240ffeab?s=96&d=mm&r=g\",\"contentUrl\":\"https:\/\/secure.gravatar.com\/avatar\/9d4580a48cd1910cc51e0dfd3fd063c0caadea953e64fb47c872043d240ffeab?s=96&d=mm&r=g\",\"caption\":\"admin\"},\"sameAs\":[\"https:\/\/lavostrallar.com\"],\"url\":\"https:\/\/lavostrallar.com\/noticias\/ca\/author\/lavostrallar\/\"}]}<\/script>\n<!-- \/ Yoast SEO plugin. -->","yoast_head_json":{"title":"Residencia de ancianos y el Proyecto Abriga - Noticias La Vostra Llar","description":"Les resid\u00e8ncies i centres de dia La Vostra Llar ens involucrem al Projecte Abriga impulsat per l'organitzaci\u00f3 Vida Significativa.","robots":{"index":"index","follow":"follow","max-snippet":"max-snippet:-1","max-image-preview":"max-image-preview:large","max-video-preview":"max-video-preview:-1"},"canonical":"https:\/\/lavostrallar.com\/noticias\/ca\/la-vostra-llar-participa-en-el-proyecto-abriga\/","og_locale":"ca_ES","og_type":"article","og_title":"Residencia de ancianos y el Proyecto Abriga - Noticias La Vostra Llar","og_description":"Las residencias y centros de d\u00eda La Vostra Llar nos involucramos en el Proyecto Abriga impulsado por la organizaci\u00f3n Vida Significativa.","og_url":"https:\/\/lavostrallar.com\/noticias\/ca\/la-vostra-llar-participa-en-el-proyecto-abriga\/","og_site_name":"Noticias La Vostra Llar","article_publisher":"https:\/\/www.facebook.com\/lavostra.llar","article_published_time":"2023-04-04T10:06:35+00:00","article_modified_time":"2023-04-21T09:55:34+00:00","og_image":[{"width":1204,"height":1600,"url":"https:\/\/lavostrallar.com\/noticias\/wp-content\/uploads\/2023\/04\/Projecte-abriga-2.jpg","type":"image\/jpeg"}],"author":"admin","twitter_card":"summary_large_image","twitter_creator":"@lavostrallar","twitter_site":"@lavostrallar","twitter_misc":{"Escrit per":"admin","Temps estimat de lectura":"1 minut"},"schema":{"@context":"https:\/\/schema.org","@graph":[{"@type":"Article","@id":"https:\/\/lavostrallar.com\/noticias\/ca\/la-vostra-llar-participa-en-el-proyecto-abriga\/#article","isPartOf":{"@id":"https:\/\/lavostrallar.com\/noticias\/ca\/la-vostra-llar-participa-en-el-proyecto-abriga\/"},"author":{"name":"admin","@id":"https:\/\/lavostrallar.com\/noticias\/#\/schema\/person\/39e704b801e0c519c963d9a376e561e5"},"headline":"Residencias de ancianos La Vostra Llar participa en el Proyecto Abriga","datePublished":"2023-04-04T10:06:35+00:00","dateModified":"2023-04-21T09:55:34+00:00","mainEntityOfPage":{"@id":"https:\/\/lavostrallar.com\/noticias\/ca\/la-vostra-llar-participa-en-el-proyecto-abriga\/"},"wordCount":309,"publisher":{"@id":"https:\/\/lavostrallar.com\/noticias\/#organization"},"image":{"@id":"https:\/\/lavostrallar.com\/noticias\/ca\/la-vostra-llar-participa-en-el-proyecto-abriga\/#primaryimage"},"thumbnailUrl":"https:\/\/lavostrallar.com\/noticias\/wp-content\/uploads\/2023\/04\/Projecte-abriga-2.jpg","keywords":["Compromiso social","Residencias de ancianos"],"articleSection":["Noticias Blanes","Noticias Clot","Noticias Gr\u00e0cia","Noticias La Rambla","Noticias Les D\u00e0lies","Noticias Les Oliveres","Noticias Matar\u00f3","Noticias Parc G\u00fcell","Noticias Reig","Noticias Terrassa"],"inLanguage":"ca"},{"@type":"WebPage","@id":"https:\/\/lavostrallar.com\/noticias\/ca\/la-vostra-llar-participa-en-el-proyecto-abriga\/","url":"https:\/\/lavostrallar.com\/noticias\/ca\/la-vostra-llar-participa-en-el-proyecto-abriga\/","name":"Residencia de ancianos y el Proyecto Abriga - Noticias La Vostra Llar","isPartOf":{"@id":"https:\/\/lavostrallar.com\/noticias\/#website"},"primaryImageOfPage":{"@id":"https:\/\/lavostrallar.com\/noticias\/ca\/la-vostra-llar-participa-en-el-proyecto-abriga\/#primaryimage"},"image":{"@id":"https:\/\/lavostrallar.com\/noticias\/ca\/la-vostra-llar-participa-en-el-proyecto-abriga\/#primaryimage"},"thumbnailUrl":"https:\/\/lavostrallar.com\/noticias\/wp-content\/uploads\/2023\/04\/Projecte-abriga-2.jpg","datePublished":"2023-04-04T10:06:35+00:00","dateModified":"2023-04-21T09:55:34+00:00","description":"Les resid\u00e8ncies i centres de dia La Vostra Llar ens involucrem al Projecte Abriga impulsat per l'organitzaci\u00f3 Vida Significativa.","breadcrumb":{"@id":"https:\/\/lavostrallar.com\/noticias\/ca\/la-vostra-llar-participa-en-el-proyecto-abriga\/#breadcrumb"},"inLanguage":"ca","potentialAction":[{"@type":"ReadAction","target":["https:\/\/lavostrallar.com\/noticias\/ca\/la-vostra-llar-participa-en-el-proyecto-abriga\/"]}]},{"@type":"ImageObject","inLanguage":"ca","@id":"https:\/\/lavostrallar.com\/noticias\/ca\/la-vostra-llar-participa-en-el-proyecto-abriga\/#primaryimage","url":"https:\/\/lavostrallar.com\/noticias\/wp-content\/uploads\/2023\/04\/Projecte-abriga-2.jpg","contentUrl":"https:\/\/lavostrallar.com\/noticias\/wp-content\/uploads\/2023\/04\/Projecte-abriga-2.jpg","width":1204,"height":1600,"caption":"Residencia de ancianos - Proyecto abriga"},{"@type":"BreadcrumbList","@id":"https:\/\/lavostrallar.com\/noticias\/ca\/la-vostra-llar-participa-en-el-proyecto-abriga\/#breadcrumb","itemListElement":[{"@type":"ListItem","position":1,"name":"Portada","item":"https:\/\/lavostrallar.com\/noticias\/"},{"@type":"ListItem","position":2,"name":"Residencias de ancianos La Vostra Llar participa en el Proyecto Abriga"}]},{"@type":"WebSite","@id":"https:\/\/lavostrallar.com\/noticias\/#website","url":"https:\/\/lavostrallar.com\/noticias\/","name":"La Vostra Llar","description":"La Vostra Llar gestiona resid\u00e8ncies geri\u00e0triques des de 1987 amb la missi\u00f3 d\u2019oferir assist\u00e8ncia personalitzada per estimular, acollir i atendre les persones grans amb qualsevol grau de depend\u00e8ncia.","publisher":{"@id":"https:\/\/lavostrallar.com\/noticias\/#organization"},"potentialAction":[{"@type":"SearchAction","target":{"@type":"EntryPoint","urlTemplate":"https:\/\/lavostrallar.com\/noticias\/?s={search_term_string}"},"query-input":{"@type":"PropertyValueSpecification","valueRequired":true,"valueName":"search_term_string"}}],"inLanguage":"ca"},{"@type":"Organization","@id":"https:\/\/lavostrallar.com\/noticias\/#organization","name":"La Vostra Llar","url":"https:\/\/lavostrallar.com\/noticias\/","logo":{"@type":"ImageObject","inLanguage":"ca","@id":"https:\/\/lavostrallar.com\/noticias\/#\/schema\/logo\/image\/","url":"https:\/\/lavostrallar.com\/noticias\/wp-content\/uploads\/2021\/12\/logo_lavostrallar.png","contentUrl":"https:\/\/lavostrallar.com\/noticias\/wp-content\/uploads\/2021\/12\/logo_lavostrallar.png","width":217,"height":109,"caption":"La Vostra Llar"},"image":{"@id":"https:\/\/lavostrallar.com\/noticias\/#\/schema\/logo\/image\/"},"sameAs":["https:\/\/www.facebook.com\/lavostra.llar","https:\/\/x.com\/lavostrallar","https:\/\/www.instagram.com\/lavostrallar\/"]},{"@type":"Person","@id":"https:\/\/lavostrallar.com\/noticias\/#\/schema\/person\/39e704b801e0c519c963d9a376e561e5","name":"admin","image":{"@type":"ImageObject","inLanguage":"ca","@id":"https:\/\/lavostrallar.com\/noticias\/#\/schema\/person\/image\/","url":"https:\/\/secure.gravatar.com\/avatar\/9d4580a48cd1910cc51e0dfd3fd063c0caadea953e64fb47c872043d240ffeab?s=96&d=mm&r=g","contentUrl":"https:\/\/secure.gravatar.com\/avatar\/9d4580a48cd1910cc51e0dfd3fd063c0caadea953e64fb47c872043d240ffeab?s=96&d=mm&r=g","caption":"admin"},"sameAs":["https:\/\/lavostrallar.com"],"url":"https:\/\/lavostrallar.com\/noticias\/ca\/author\/lavostrallar\/"}]}},"_links":{"self":[{"href":"https:\/\/lavostrallar.com\/noticias\/ca\/wp-json\/wp\/v2\/posts\/24529","targetHints":{"allow":["GET"]}}],"collection":[{"href":"https:\/\/lavostrallar.com\/noticias\/ca\/wp-json\/wp\/v2\/posts"}],"about":[{"href":"https:\/\/lavostrallar.com\/noticias\/ca\/wp-json\/wp\/v2\/types\/post"}],"author":[{"embeddable":true,"href":"https:\/\/lavostrallar.com\/noticias\/ca\/wp-json\/wp\/v2\/users\/1"}],"replies":[{"embeddable":true,"href":"https:\/\/lavostrallar.com\/noticias\/ca\/wp-json\/wp\/v2\/comments?post=24529"}],"version-history":[{"count":2,"href":"https:\/\/lavostrallar.com\/noticias\/ca\/wp-json\/wp\/v2\/posts\/24529\/revisions"}],"predecessor-version":[{"id":24698,"href":"https:\/\/lavostrallar.com\/noticias\/ca\/wp-json\/wp\/v2\/posts\/24529\/revisions\/24698"}],"wp:featuredmedia":[{"embeddable":true,"href":"https:\/\/lavostrallar.com\/noticias\/ca\/wp-json\/wp\/v2\/media\/24530"}],"wp:attachment":[{"href":"https:\/\/lavostrallar.com\/noticias\/ca\/wp-json\/wp\/v2\/media?parent=24529"}],"wp:term":[{"taxonomy":"category","embeddable":true,"href":"https:\/\/lavostrallar.com\/noticias\/ca\/wp-json\/wp\/v2\/categories?post=24529"},{"taxonomy":"post_tag","embeddable":true,"href":"https:\/\/lavostrallar.com\/noticias\/ca\/wp-json\/wp\/v2\/tags?post=24529"}],"curies":[{"name":"wp","href":"https:\/\/api.w.org\/{rel}","templated":true}]}}