	{"id":24712,"date":"2023-04-24T14:13:09","date_gmt":"2023-04-24T14:13:09","guid":{"rendered":"https:\/\/lavostrallar.com\/?p=24712"},"modified":"2023-05-09T08:48:38","modified_gmt":"2023-05-09T08:48:38","slug":"talleres-de-baile-en-clot","status":"publish","type":"post","link":"https:\/\/lavostrallar.com\/noticias\/ca\/talleres-de-baile-en-clot\/","title":{"rendered":"Tallers de ball a la resid\u00e8ncia de gent gran Clot"},"content":{"rendered":"<p class=\"translation-block\">A la resid\u00e8ncia <a href=\"https:\/\/lavostrallar.com\/ca\/residencia-y-centro-de-dia-clot\/\" target=\"_self\">La Vostra Llar Clot<\/a>, tots els dimecres a la tarda , gaudim del taller de dansa, amb residents de diferents perfils, per als quals ballar \u00e9s i ha estat en el passat una activitat d'oci important. Aquest taller es realitza de forma grupal, sota la supervisi\u00f3 del terapeuta ocupacional i la fisioterapeuta, en grups entre 12 i 16 persones. Es realitzen coreografies tant en parella com en grupals, aix\u00ed com activitats relacionades amb el ball.<\/p>\n\n\n\n<h2 class=\"wp-block-heading has-medium-font-size\">Beneficis del ball a les resid\u00e8ncies de gent gran<\/h2>\n\n\n\n<p>Ballar atorga als residents una infinitat de beneficis tant cognitius i funcionals, com emocionals i socials. Entre els beneficis a destacar:<\/p>\n\n\n\n<ul class=\"wp-block-list\">\n<li>Redueix l'estr\u00e8s i allunya la depressi\u00f3.<\/li>\n\n\n\n<li>Ajuda a exercitar la mem\u00f2ria, l'atenci\u00f3 i, si es balla en parella, obliga a coordinar els moviments amb els d'una altra persona.<\/li>\n\n\n\n<li>Potencia l'autoestima i la confian\u00e7a en un mateix, ajuda a v\u00e8ncer la timidesa i millora l'estat d'\u00e0nim.<\/li>\n\n\n\n<li>Enforteix els m\u00fasculs, sobretot de les cames i els malucs i, depenent de la coreografia, tamb\u00e9 dels bra\u00e7os.<\/li>\n\n\n\n<li>Augmenta la flexibilitat i la resist\u00e8ncia.<\/li>\n\n\n\n<li>Millora la coordinaci\u00f3 i l'equilibri, per aix\u00f2 ajuda a prevenir les caigudes en persones grans.<\/li>\n\n\n\n<li>Mant\u00e9 el nostre cervell m\u00e9s irrigat, cosa que ajuda a prevenir el deteriorament cognitiu.<\/li>\n\n\n\n<li>Beneficia el nostre sistema cardiovascular i respiratori.<\/li>\n\n\n\n<li>Afavoreix les relacions socials de la gent gran.<\/li>\n<\/ul>\n\n\n\n<p><\/p>","protected":false},"excerpt":{"rendered":"<p>En la residencia La Vostra Llar Clot, todos los mi\u00e9rcoles por la tarde, disfrutamos del taller de danza, con residentes de diferentes perfiles, para los cuales, bailar es y ha sido en el pasado una actividad de ocio importante. Este taller se realiza de forma grupal, bajo la supervisi\u00f3n del terapeuta ocupacional y la fisioterapeuta, [&hellip;]<\/p>","protected":false},"author":15,"featured_media":24713,"comment_status":"closed","ping_status":"closed","sticky":false,"template":"","format":"standard","meta":{"content-type":"","footnotes":""},"categories":[47],"tags":[69,102,9,64],"class_list":["post-24712","post","type-post","status-publish","format-standard","has-post-thumbnail","hentry","category-noticias-clot","tag-actividades-para-mayores","tag-baile","tag-residencias-de-ancianos","tag-talleres"],"yoast_head":"<!-- This site is optimized with the Yoast SEO plugin v26.0 - https:\/\/yoast.com\/wordpress\/plugins\/seo\/ -->\n<title>Talleres de baile en la residencia de ancianos Clot - Noticias La Vostra Llar<\/title>\n<meta name=\"description\" content=\"Bailar otorga a los residentes un sinf\u00edn de beneficios tanto cognitivos y funcionales, como emocionales y sociales\" \/>\n<meta name=\"robots\" content=\"index, follow, max-snippet:-1, max-image-preview:large, max-video-preview:-1\" \/>\n<link rel=\"canonical\" href=\"https:\/\/lavostrallar.com\/noticias\/ca\/talleres-de-baile-en-clot\/\" \/>\n<meta property=\"og:locale\" content=\"ca_ES\" \/>\n<meta property=\"og:type\" content=\"article\" \/>\n<meta property=\"og:title\" content=\"Talleres de baile en la residencia de ancianos Clot - Noticias La Vostra Llar\" \/>\n<meta property=\"og:description\" content=\"Bailar otorga a los residentes un sinf\u00edn de beneficios tanto cognitivos y funcionales, como emocionales y sociales\" \/>\n<meta property=\"og:url\" content=\"https:\/\/lavostrallar.com\/noticias\/ca\/talleres-de-baile-en-clot\/\" \/>\n<meta property=\"og:site_name\" content=\"Noticias La Vostra Llar\" \/>\n<meta property=\"article:publisher\" content=\"https:\/\/www.facebook.com\/lavostra.llar\" \/>\n<meta property=\"article:published_time\" content=\"2023-04-24T14:13:09+00:00\" \/>\n<meta property=\"article:modified_time\" content=\"2023-05-09T08:48:38+00:00\" \/>\n<meta property=\"og:image\" content=\"https:\/\/lavostrallar.com\/noticias\/wp-content\/uploads\/2023\/04\/IMG-20230308-WA0166.jpg\" \/>\n\t<meta property=\"og:image:width\" content=\"2048\" \/>\n\t<meta property=\"og:image:height\" content=\"1536\" \/>\n\t<meta property=\"og:image:type\" content=\"image\/jpeg\" \/>\n<meta name=\"author\" content=\"clot\" \/>\n<meta name=\"twitter:card\" content=\"summary_large_image\" \/>\n<meta name=\"twitter:creator\" content=\"@lavostrallar\" \/>\n<meta name=\"twitter:site\" content=\"@lavostrallar\" \/>\n<meta name=\"twitter:label1\" content=\"Escrit per\" \/>\n\t<meta name=\"twitter:data1\" content=\"clot\" \/>\n\t<meta name=\"twitter:label2\" content=\"Temps estimat de lectura\" \/>\n\t<meta name=\"twitter:data2\" content=\"1 minut\" \/>\n<script type=\"application\/ld+json\" class=\"yoast-schema-graph\">{\"@context\":\"https:\/\/schema.org\",\"@graph\":[{\"@type\":\"Article\",\"@id\":\"https:\/\/lavostrallar.com\/noticias\/ca\/talleres-de-baile-en-clot\/#article\",\"isPartOf\":{\"@id\":\"https:\/\/lavostrallar.com\/noticias\/ca\/talleres-de-baile-en-clot\/\"},\"author\":{\"name\":\"clot\",\"@id\":\"https:\/\/lavostrallar.com\/noticias\/#\/schema\/person\/2511dfae685f7be889a50167b3d88a38\"},\"headline\":\"Talleres de baile en la residencia de ancianos Clot\",\"datePublished\":\"2023-04-24T14:13:09+00:00\",\"dateModified\":\"2023-05-09T08:48:38+00:00\",\"mainEntityOfPage\":{\"@id\":\"https:\/\/lavostrallar.com\/noticias\/ca\/talleres-de-baile-en-clot\/\"},\"wordCount\":248,\"publisher\":{\"@id\":\"https:\/\/lavostrallar.com\/noticias\/#organization\"},\"image\":{\"@id\":\"https:\/\/lavostrallar.com\/noticias\/ca\/talleres-de-baile-en-clot\/#primaryimage\"},\"thumbnailUrl\":\"https:\/\/lavostrallar.com\/noticias\/wp-content\/uploads\/2023\/04\/IMG-20230308-WA0166.jpg\",\"keywords\":[\"Actividades para mayores\",\"baile\",\"Residencias de ancianos\",\"Talleres\"],\"articleSection\":[\"Noticias Clot\"],\"inLanguage\":\"ca\"},{\"@type\":\"WebPage\",\"@id\":\"https:\/\/lavostrallar.com\/noticias\/ca\/talleres-de-baile-en-clot\/\",\"url\":\"https:\/\/lavostrallar.com\/noticias\/ca\/talleres-de-baile-en-clot\/\",\"name\":\"Talleres de baile en la residencia de ancianos Clot - Noticias La Vostra Llar\",\"isPartOf\":{\"@id\":\"https:\/\/lavostrallar.com\/noticias\/#website\"},\"primaryImageOfPage\":{\"@id\":\"https:\/\/lavostrallar.com\/noticias\/ca\/talleres-de-baile-en-clot\/#primaryimage\"},\"image\":{\"@id\":\"https:\/\/lavostrallar.com\/noticias\/ca\/talleres-de-baile-en-clot\/#primaryimage\"},\"thumbnailUrl\":\"https:\/\/lavostrallar.com\/noticias\/wp-content\/uploads\/2023\/04\/IMG-20230308-WA0166.jpg\",\"datePublished\":\"2023-04-24T14:13:09+00:00\",\"dateModified\":\"2023-05-09T08:48:38+00:00\",\"description\":\"Bailar otorga a los residentes un sinf\u00edn de beneficios tanto cognitivos y funcionales, como emocionales y sociales\",\"breadcrumb\":{\"@id\":\"https:\/\/lavostrallar.com\/noticias\/ca\/talleres-de-baile-en-clot\/#breadcrumb\"},\"inLanguage\":\"ca\",\"potentialAction\":[{\"@type\":\"ReadAction\",\"target\":[\"https:\/\/lavostrallar.com\/noticias\/ca\/talleres-de-baile-en-clot\/\"]}]},{\"@type\":\"ImageObject\",\"inLanguage\":\"ca\",\"@id\":\"https:\/\/lavostrallar.com\/noticias\/ca\/talleres-de-baile-en-clot\/#primaryimage\",\"url\":\"https:\/\/lavostrallar.com\/noticias\/wp-content\/uploads\/2023\/04\/IMG-20230308-WA0166.jpg\",\"contentUrl\":\"https:\/\/lavostrallar.com\/noticias\/wp-content\/uploads\/2023\/04\/IMG-20230308-WA0166.jpg\",\"width\":2048,\"height\":1536,\"caption\":\"baile en residencia de ancianos\"},{\"@type\":\"BreadcrumbList\",\"@id\":\"https:\/\/lavostrallar.com\/noticias\/ca\/talleres-de-baile-en-clot\/#breadcrumb\",\"itemListElement\":[{\"@type\":\"ListItem\",\"position\":1,\"name\":\"Portada\",\"item\":\"https:\/\/lavostrallar.com\/noticias\/\"},{\"@type\":\"ListItem\",\"position\":2,\"name\":\"Talleres de baile en la residencia de ancianos Clot\"}]},{\"@type\":\"WebSite\",\"@id\":\"https:\/\/lavostrallar.com\/noticias\/#website\",\"url\":\"https:\/\/lavostrallar.com\/noticias\/\",\"name\":\"La Vostra Llar\",\"description\":\"La Vostra Llar gestiona resid\u00e8ncies geri\u00e0triques des de 1987 amb la missi\u00f3 d\u2019oferir assist\u00e8ncia personalitzada per estimular, acollir i atendre les persones grans amb qualsevol grau de depend\u00e8ncia.\",\"publisher\":{\"@id\":\"https:\/\/lavostrallar.com\/noticias\/#organization\"},\"potentialAction\":[{\"@type\":\"SearchAction\",\"target\":{\"@type\":\"EntryPoint\",\"urlTemplate\":\"https:\/\/lavostrallar.com\/noticias\/?s={search_term_string}\"},\"query-input\":{\"@type\":\"PropertyValueSpecification\",\"valueRequired\":true,\"valueName\":\"search_term_string\"}}],\"inLanguage\":\"ca\"},{\"@type\":\"Organization\",\"@id\":\"https:\/\/lavostrallar.com\/noticias\/#organization\",\"name\":\"La Vostra Llar\",\"url\":\"https:\/\/lavostrallar.com\/noticias\/\",\"logo\":{\"@type\":\"ImageObject\",\"inLanguage\":\"ca\",\"@id\":\"https:\/\/lavostrallar.com\/noticias\/#\/schema\/logo\/image\/\",\"url\":\"https:\/\/lavostrallar.com\/noticias\/wp-content\/uploads\/2021\/12\/logo_lavostrallar.png\",\"contentUrl\":\"https:\/\/lavostrallar.com\/noticias\/wp-content\/uploads\/2021\/12\/logo_lavostrallar.png\",\"width\":217,\"height\":109,\"caption\":\"La Vostra Llar\"},\"image\":{\"@id\":\"https:\/\/lavostrallar.com\/noticias\/#\/schema\/logo\/image\/\"},\"sameAs\":[\"https:\/\/www.facebook.com\/lavostra.llar\",\"https:\/\/x.com\/lavostrallar\",\"https:\/\/www.instagram.com\/lavostrallar\/\"]},{\"@type\":\"Person\",\"@id\":\"https:\/\/lavostrallar.com\/noticias\/#\/schema\/person\/2511dfae685f7be889a50167b3d88a38\",\"name\":\"clot\",\"image\":{\"@type\":\"ImageObject\",\"inLanguage\":\"ca\",\"@id\":\"https:\/\/lavostrallar.com\/noticias\/#\/schema\/person\/image\/\",\"url\":\"https:\/\/secure.gravatar.com\/avatar\/3c1df0739940f5c4c6ddbf0cbaa0c04d540ea3f04119bc2b24c94557acb1067c?s=96&d=mm&r=g\",\"contentUrl\":\"https:\/\/secure.gravatar.com\/avatar\/3c1df0739940f5c4c6ddbf0cbaa0c04d540ea3f04119bc2b24c94557acb1067c?s=96&d=mm&r=g\",\"caption\":\"clot\"},\"url\":\"https:\/\/lavostrallar.com\/noticias\/ca\/author\/lavostrallar-clot\/\"}]}<\/script>\n<!-- \/ Yoast SEO plugin. -->","yoast_head_json":{"title":"Talleres de baile en la residencia de ancianos Clot - Noticias La Vostra Llar","description":"Ballar atorga als residents una infinitat de beneficis tant cognitius i funcionals, com emocionals i socials","robots":{"index":"index","follow":"follow","max-snippet":"max-snippet:-1","max-image-preview":"max-image-preview:large","max-video-preview":"max-video-preview:-1"},"canonical":"https:\/\/lavostrallar.com\/noticias\/ca\/talleres-de-baile-en-clot\/","og_locale":"ca_ES","og_type":"article","og_title":"Talleres de baile en la residencia de ancianos Clot - Noticias La Vostra Llar","og_description":"Bailar otorga a los residentes un sinf\u00edn de beneficios tanto cognitivos y funcionales, como emocionales y sociales","og_url":"https:\/\/lavostrallar.com\/noticias\/ca\/talleres-de-baile-en-clot\/","og_site_name":"Noticias La Vostra Llar","article_publisher":"https:\/\/www.facebook.com\/lavostra.llar","article_published_time":"2023-04-24T14:13:09+00:00","article_modified_time":"2023-05-09T08:48:38+00:00","og_image":[{"width":2048,"height":1536,"url":"https:\/\/lavostrallar.com\/noticias\/wp-content\/uploads\/2023\/04\/IMG-20230308-WA0166.jpg","type":"image\/jpeg"}],"author":"clot","twitter_card":"summary_large_image","twitter_creator":"@lavostrallar","twitter_site":"@lavostrallar","twitter_misc":{"Escrit per":"clot","Temps estimat de lectura":"1 minut"},"schema":{"@context":"https:\/\/schema.org","@graph":[{"@type":"Article","@id":"https:\/\/lavostrallar.com\/noticias\/ca\/talleres-de-baile-en-clot\/#article","isPartOf":{"@id":"https:\/\/lavostrallar.com\/noticias\/ca\/talleres-de-baile-en-clot\/"},"author":{"name":"clot","@id":"https:\/\/lavostrallar.com\/noticias\/#\/schema\/person\/2511dfae685f7be889a50167b3d88a38"},"headline":"Talleres de baile en la residencia de ancianos Clot","datePublished":"2023-04-24T14:13:09+00:00","dateModified":"2023-05-09T08:48:38+00:00","mainEntityOfPage":{"@id":"https:\/\/lavostrallar.com\/noticias\/ca\/talleres-de-baile-en-clot\/"},"wordCount":248,"publisher":{"@id":"https:\/\/lavostrallar.com\/noticias\/#organization"},"image":{"@id":"https:\/\/lavostrallar.com\/noticias\/ca\/talleres-de-baile-en-clot\/#primaryimage"},"thumbnailUrl":"https:\/\/lavostrallar.com\/noticias\/wp-content\/uploads\/2023\/04\/IMG-20230308-WA0166.jpg","keywords":["Actividades para mayores","baile","Residencias de ancianos","Talleres"],"articleSection":["Noticias Clot"],"inLanguage":"ca"},{"@type":"WebPage","@id":"https:\/\/lavostrallar.com\/noticias\/ca\/talleres-de-baile-en-clot\/","url":"https:\/\/lavostrallar.com\/noticias\/ca\/talleres-de-baile-en-clot\/","name":"Talleres de baile en la residencia de ancianos Clot - Noticias La Vostra Llar","isPartOf":{"@id":"https:\/\/lavostrallar.com\/noticias\/#website"},"primaryImageOfPage":{"@id":"https:\/\/lavostrallar.com\/noticias\/ca\/talleres-de-baile-en-clot\/#primaryimage"},"image":{"@id":"https:\/\/lavostrallar.com\/noticias\/ca\/talleres-de-baile-en-clot\/#primaryimage"},"thumbnailUrl":"https:\/\/lavostrallar.com\/noticias\/wp-content\/uploads\/2023\/04\/IMG-20230308-WA0166.jpg","datePublished":"2023-04-24T14:13:09+00:00","dateModified":"2023-05-09T08:48:38+00:00","description":"Ballar atorga als residents una infinitat de beneficis tant cognitius i funcionals, com emocionals i socials","breadcrumb":{"@id":"https:\/\/lavostrallar.com\/noticias\/ca\/talleres-de-baile-en-clot\/#breadcrumb"},"inLanguage":"ca","potentialAction":[{"@type":"ReadAction","target":["https:\/\/lavostrallar.com\/noticias\/ca\/talleres-de-baile-en-clot\/"]}]},{"@type":"ImageObject","inLanguage":"ca","@id":"https:\/\/lavostrallar.com\/noticias\/ca\/talleres-de-baile-en-clot\/#primaryimage","url":"https:\/\/lavostrallar.com\/noticias\/wp-content\/uploads\/2023\/04\/IMG-20230308-WA0166.jpg","contentUrl":"https:\/\/lavostrallar.com\/noticias\/wp-content\/uploads\/2023\/04\/IMG-20230308-WA0166.jpg","width":2048,"height":1536,"caption":"baile en residencia de ancianos"},{"@type":"BreadcrumbList","@id":"https:\/\/lavostrallar.com\/noticias\/ca\/talleres-de-baile-en-clot\/#breadcrumb","itemListElement":[{"@type":"ListItem","position":1,"name":"Portada","item":"https:\/\/lavostrallar.com\/noticias\/"},{"@type":"ListItem","position":2,"name":"Talleres de baile en la residencia de ancianos Clot"}]},{"@type":"WebSite","@id":"https:\/\/lavostrallar.com\/noticias\/#website","url":"https:\/\/lavostrallar.com\/noticias\/","name":"La Vostra Llar","description":"La Vostra Llar gestiona resid\u00e8ncies geri\u00e0triques des de 1987 amb la missi\u00f3 d\u2019oferir assist\u00e8ncia personalitzada per estimular, acollir i atendre les persones grans amb qualsevol grau de depend\u00e8ncia.","publisher":{"@id":"https:\/\/lavostrallar.com\/noticias\/#organization"},"potentialAction":[{"@type":"SearchAction","target":{"@type":"EntryPoint","urlTemplate":"https:\/\/lavostrallar.com\/noticias\/?s={search_term_string}"},"query-input":{"@type":"PropertyValueSpecification","valueRequired":true,"valueName":"search_term_string"}}],"inLanguage":"ca"},{"@type":"Organization","@id":"https:\/\/lavostrallar.com\/noticias\/#organization","name":"La Vostra Llar","url":"https:\/\/lavostrallar.com\/noticias\/","logo":{"@type":"ImageObject","inLanguage":"ca","@id":"https:\/\/lavostrallar.com\/noticias\/#\/schema\/logo\/image\/","url":"https:\/\/lavostrallar.com\/noticias\/wp-content\/uploads\/2021\/12\/logo_lavostrallar.png","contentUrl":"https:\/\/lavostrallar.com\/noticias\/wp-content\/uploads\/2021\/12\/logo_lavostrallar.png","width":217,"height":109,"caption":"La Vostra Llar"},"image":{"@id":"https:\/\/lavostrallar.com\/noticias\/#\/schema\/logo\/image\/"},"sameAs":["https:\/\/www.facebook.com\/lavostra.llar","https:\/\/x.com\/lavostrallar","https:\/\/www.instagram.com\/lavostrallar\/"]},{"@type":"Person","@id":"https:\/\/lavostrallar.com\/noticias\/#\/schema\/person\/2511dfae685f7be889a50167b3d88a38","name":"clot","image":{"@type":"ImageObject","inLanguage":"ca","@id":"https:\/\/lavostrallar.com\/noticias\/#\/schema\/person\/image\/","url":"https:\/\/secure.gravatar.com\/avatar\/3c1df0739940f5c4c6ddbf0cbaa0c04d540ea3f04119bc2b24c94557acb1067c?s=96&d=mm&r=g","contentUrl":"https:\/\/secure.gravatar.com\/avatar\/3c1df0739940f5c4c6ddbf0cbaa0c04d540ea3f04119bc2b24c94557acb1067c?s=96&d=mm&r=g","caption":"clot"},"url":"https:\/\/lavostrallar.com\/noticias\/ca\/author\/lavostrallar-clot\/"}]}},"_links":{"self":[{"href":"https:\/\/lavostrallar.com\/noticias\/ca\/wp-json\/wp\/v2\/posts\/24712","targetHints":{"allow":["GET"]}}],"collection":[{"href":"https:\/\/lavostrallar.com\/noticias\/ca\/wp-json\/wp\/v2\/posts"}],"about":[{"href":"https:\/\/lavostrallar.com\/noticias\/ca\/wp-json\/wp\/v2\/types\/post"}],"author":[{"embeddable":true,"href":"https:\/\/lavostrallar.com\/noticias\/ca\/wp-json\/wp\/v2\/users\/15"}],"replies":[{"embeddable":true,"href":"https:\/\/lavostrallar.com\/noticias\/ca\/wp-json\/wp\/v2\/comments?post=24712"}],"version-history":[{"count":3,"href":"https:\/\/lavostrallar.com\/noticias\/ca\/wp-json\/wp\/v2\/posts\/24712\/revisions"}],"predecessor-version":[{"id":24843,"href":"https:\/\/lavostrallar.com\/noticias\/ca\/wp-json\/wp\/v2\/posts\/24712\/revisions\/24843"}],"wp:featuredmedia":[{"embeddable":true,"href":"https:\/\/lavostrallar.com\/noticias\/ca\/wp-json\/wp\/v2\/media\/24713"}],"wp:attachment":[{"href":"https:\/\/lavostrallar.com\/noticias\/ca\/wp-json\/wp\/v2\/media?parent=24712"}],"wp:term":[{"taxonomy":"category","embeddable":true,"href":"https:\/\/lavostrallar.com\/noticias\/ca\/wp-json\/wp\/v2\/categories?post=24712"},{"taxonomy":"post_tag","embeddable":true,"href":"https:\/\/lavostrallar.com\/noticias\/ca\/wp-json\/wp\/v2\/tags?post=24712"}],"curies":[{"name":"wp","href":"https:\/\/api.w.org\/{rel}","templated":true}]}}