	{"id":24737,"date":"2023-04-26T09:45:20","date_gmt":"2023-04-26T09:45:20","guid":{"rendered":"https:\/\/lavostrallar.com\/?p=24737"},"modified":"2023-05-18T08:43:56","modified_gmt":"2023-05-18T08:43:56","slug":"paellada-popular-para-comenzar-el-mes-de-mayo-en-mataro","status":"publish","type":"post","link":"https:\/\/lavostrallar.com\/noticias\/ca\/paellada-popular-para-comenzar-el-mes-de-mayo-en-mataro\/","title":{"rendered":"Paellada popular per comen\u00e7ar el mes de maig a la resid\u00e8ncia de gent gran Matar\u00f3"},"content":{"rendered":"<p>Aprofitarem l'arribada del bon temps per gaudir d'una de les nostres celebracions gastron\u00f2miques preferides: l'Arrossada popular. Celebrarem el dia 11 a les 13 hores que hem deixat enrere els abrics per donar la benvinguda als vius colors de les nostres flors i plantes amb una fant\u00e0stica paella a la terrassa.<\/p>\n\n\n\n<h2 class=\"wp-block-heading has-medium-font-size\">Activitats a la resid\u00e8ncia de gent gran<\/h2>\n\n\n\n<p>Farem moltes m\u00e9s activitats l\u00fadiques, cognitives i sensorials a l'aire lliure i a la nostra terrassa, un espai ideal per llegir, prendre el sol o conversar.<\/p>\n\n\n\n<p>Les activitats m\u00e9s destacades que desenvoluparem aquest mes de maig seran les seg\u00fcents:<\/p>\n\n\n\n<p class=\"translation-block\">Cada dimecres a les 11h: assistirem a les sessions participatives de m\u00fasica, dansa i creativitat de <a href=\"http:\/\/artransforma.org\/art\/es\/projecte\/musica-para-el-olvido-residencias-para-personas -majors\/\" target=\"_self\">\"M\u00fasica i dansa per l'oblit\"<\/a> amb els professionals de <strong>ARTransforma<\/strong>.<\/p>\n\n\n\n<p class=\"translation-block\">Dimarts 9 i 23 a les 11h: els nostres grans passejaran amb tricicles el\u00e8ctrics pels voltants de Matar\u00f3, acompanyats de voluntaris del projecte <a href=\"https:\/\/enbicisenseedat.cat\/\" target=\"_self\">Bici Sense Edat<\/a>, gr\u00e0cies a la <a href=\"https:\/\/fundacioiluro.cat\/voluntariat\/\" target=\"_self\">Fundaci\u00f3 Iluro<\/a>.<\/p>\n\n\n\n<p>Dijous 4 a les 13h: gaudirem dels nostres plats preferits al \u201cMen\u00fa de l\u2019avi\u201d. De primer, tindrem mel\u00f3 amb pernil; de segon, llom amb prunes i per postres, arr\u00f2s amb llet.<\/p>\n\n\n\n<p class=\"translation-block\">Dilluns 15 a les 10.30h: passejades terap\u00e8utiques amb el CET de la <a href=\"https:\/\/www.ceomaresme.cat\/\" target=\"_self\">Fundaci\u00f3 Maresme<\/a>.<\/p>\n\n\n\n<p>Dijous 18 a les 11.30 h: actuaci\u00f3 musical a c\u00e0rrec d'un grup de teatre de Matar\u00f3.<\/p>\n\n\n\n<p>Divendres 19 de 9.30 h a 12.30 h: sortida per esmorzar a la Xurreria Rosita de Matar\u00f3. Porres, xocolata, caf\u00e8 amb llet, sucs, etc. ens estan esperant<\/p>\n\n\n\n<p>Dijous 25 al mat\u00ed: servei religi\u00f3s al nostre centre residencial per a tots aquells residents que vulguin assistir.<\/p>\n\n\n\n<p>Dijous 25 a la tarda: celebraci\u00f3 dels aniversaris del mes de maig. Una gran festa amb m\u00fasica, ball, past\u00eds i regals.<\/p>\n\n\n\n<p class=\"translation-block\">Divendres 26 a les 10.45h: actuaci\u00f3 de l'associaci\u00f3 sense \u00e0nim de lucre <a href=\"https:\/\/laforzuda.com\/\" target=\"_self\">La Forzuda<\/a>. Visita teatralitzada en clau d'humor que comptar\u00e0 amb la participaci\u00f3 activa de tots els nostres residents.<\/p>\n\n\n\n<p class=\"translation-block\">A m\u00e9s, continuarem gaudint de la ter\u00e0pia assistida amb gossos amb els terapeutes d'<a href=\"https:\/\/www.itcan.cat\/\" target=\"_self\">ItCan<\/a>. Aquestes sessions es desenvoluparan els dimarts 2, 16 i 30 de les 11h a les 12h.<\/p>\n\n\n\n<p>I no oblidem les nostres activitats psicoestimulatives com: musicoter\u00e0pia, manualitats, bingo, psicomotricitat, estimulaci\u00f3 sensorial, jocs motrius, etc.<\/p>\n\n\n\n<h2 class=\"wp-block-heading has-medium-font-size translation-block\">Un mes de maig ple d'activitats a la <a href=\"https:\/\/lavostrallar.com\/ca\/residencia-mataro\/\" target=\"_self\">resid\u00e8ncia de gent gran Matar\u00f3<\/a>.<\/h2>","protected":false},"excerpt":{"rendered":"<p>Aprovecharemos la llegada del buen tiempo para disfrutar de una de nuestras celebraciones gastron\u00f3micas favoritas: la \u201cPaellada popular\u201d. Celebraremos el d\u00eda 11 a las 13 horas que hemos dejado atr\u00e1s los abrigos para dar la bienvenida a los vivos colores de nuestras flores y plantas con una fant\u00e1stica paella en la terraza. Actividades en la [&hellip;]<\/p>","protected":false},"author":12,"featured_media":24749,"comment_status":"closed","ping_status":"closed","sticky":false,"template":"","format":"standard","meta":{"content-type":"","footnotes":""},"categories":[15],"tags":[69,9],"class_list":["post-24737","post","type-post","status-publish","format-standard","has-post-thumbnail","hentry","category-noticias-mataro","tag-actividades-para-mayores","tag-residencias-de-ancianos"],"yoast_head":"<!-- This site is optimized with the Yoast SEO plugin v26.0 - https:\/\/yoast.com\/wordpress\/plugins\/seo\/ -->\n<title>Mayo en la residencia de mayores Matar\u00f3- Noticias La Vostra Llar<\/title>\n<meta name=\"description\" content=\"Realizaremos actividades l\u00fadicas, cognitivas y sensoriales al aire libre y en nuestra terraza, un espacio ideal para leer, tomar el sol, etc\" \/>\n<meta name=\"robots\" content=\"index, follow, max-snippet:-1, max-image-preview:large, max-video-preview:-1\" \/>\n<link rel=\"canonical\" href=\"https:\/\/lavostrallar.com\/noticias\/ca\/paellada-popular-para-comenzar-el-mes-de-mayo-en-mataro\/\" \/>\n<meta property=\"og:locale\" content=\"ca_ES\" \/>\n<meta property=\"og:type\" content=\"article\" \/>\n<meta property=\"og:title\" content=\"Mayo en la residencia de mayores Matar\u00f3- Noticias La Vostra Llar\" \/>\n<meta property=\"og:description\" content=\"Realizaremos actividades l\u00fadicas, cognitivas y sensoriales al aire libre y en nuestra terraza, un espacio ideal para leer, tomar el sol, etc\" \/>\n<meta property=\"og:url\" content=\"https:\/\/lavostrallar.com\/noticias\/ca\/paellada-popular-para-comenzar-el-mes-de-mayo-en-mataro\/\" \/>\n<meta property=\"og:site_name\" content=\"Noticias La Vostra Llar\" \/>\n<meta property=\"article:publisher\" content=\"https:\/\/www.facebook.com\/lavostra.llar\" \/>\n<meta property=\"article:published_time\" content=\"2023-04-26T09:45:20+00:00\" \/>\n<meta property=\"article:modified_time\" content=\"2023-05-18T08:43:56+00:00\" \/>\n<meta property=\"og:image\" content=\"https:\/\/lavostrallar.com\/noticias\/wp-content\/uploads\/2023\/04\/340977398_625138039434432_3769995948090048763_n.jpg\" \/>\n\t<meta property=\"og:image:width\" content=\"2048\" \/>\n\t<meta property=\"og:image:height\" content=\"1536\" \/>\n\t<meta property=\"og:image:type\" content=\"image\/jpeg\" \/>\n<meta name=\"author\" content=\"lavostrallar Comunicacio\" \/>\n<meta name=\"twitter:card\" content=\"summary_large_image\" \/>\n<meta name=\"twitter:creator\" content=\"@lavostrallar\" \/>\n<meta name=\"twitter:site\" content=\"@lavostrallar\" \/>\n<meta name=\"twitter:label1\" content=\"Escrit per\" \/>\n\t<meta name=\"twitter:data1\" content=\"lavostrallar Comunicacio\" \/>\n\t<meta name=\"twitter:label2\" content=\"Temps estimat de lectura\" \/>\n\t<meta name=\"twitter:data2\" content=\"2 minuts\" \/>\n<script type=\"application\/ld+json\" class=\"yoast-schema-graph\">{\"@context\":\"https:\/\/schema.org\",\"@graph\":[{\"@type\":\"Article\",\"@id\":\"https:\/\/lavostrallar.com\/noticias\/paellada-popular-para-comenzar-el-mes-de-mayo-en-mataro\/#article\",\"isPartOf\":{\"@id\":\"https:\/\/lavostrallar.com\/noticias\/paellada-popular-para-comenzar-el-mes-de-mayo-en-mataro\/\"},\"author\":{\"name\":\"lavostrallar Comunicacio\",\"@id\":\"https:\/\/lavostrallar.com\/noticias\/#\/schema\/person\/321f189af5ebbd679ae095028db43fdd\"},\"headline\":\"Paellada popular para comenzar el mes de mayo en la residencia de mayores Matar\u00f3\",\"datePublished\":\"2023-04-26T09:45:20+00:00\",\"dateModified\":\"2023-05-18T08:43:56+00:00\",\"mainEntityOfPage\":{\"@id\":\"https:\/\/lavostrallar.com\/noticias\/paellada-popular-para-comenzar-el-mes-de-mayo-en-mataro\/\"},\"wordCount\":402,\"publisher\":{\"@id\":\"https:\/\/lavostrallar.com\/noticias\/#organization\"},\"image\":{\"@id\":\"https:\/\/lavostrallar.com\/noticias\/paellada-popular-para-comenzar-el-mes-de-mayo-en-mataro\/#primaryimage\"},\"thumbnailUrl\":\"https:\/\/lavostrallar.com\/noticias\/wp-content\/uploads\/2023\/04\/340977398_625138039434432_3769995948090048763_n.jpg\",\"keywords\":[\"Actividades para mayores\",\"Residencias de ancianos\"],\"articleSection\":[\"Noticias Matar\u00f3\"],\"inLanguage\":\"ca\"},{\"@type\":\"WebPage\",\"@id\":\"https:\/\/lavostrallar.com\/noticias\/paellada-popular-para-comenzar-el-mes-de-mayo-en-mataro\/\",\"url\":\"https:\/\/lavostrallar.com\/noticias\/paellada-popular-para-comenzar-el-mes-de-mayo-en-mataro\/\",\"name\":\"Mayo en la residencia de mayores Matar\u00f3- Noticias La Vostra Llar\",\"isPartOf\":{\"@id\":\"https:\/\/lavostrallar.com\/noticias\/#website\"},\"primaryImageOfPage\":{\"@id\":\"https:\/\/lavostrallar.com\/noticias\/paellada-popular-para-comenzar-el-mes-de-mayo-en-mataro\/#primaryimage\"},\"image\":{\"@id\":\"https:\/\/lavostrallar.com\/noticias\/paellada-popular-para-comenzar-el-mes-de-mayo-en-mataro\/#primaryimage\"},\"thumbnailUrl\":\"https:\/\/lavostrallar.com\/noticias\/wp-content\/uploads\/2023\/04\/340977398_625138039434432_3769995948090048763_n.jpg\",\"datePublished\":\"2023-04-26T09:45:20+00:00\",\"dateModified\":\"2023-05-18T08:43:56+00:00\",\"description\":\"Realizaremos actividades l\u00fadicas, cognitivas y sensoriales al aire libre y en nuestra terraza, un espacio ideal para leer, tomar el sol, etc\",\"breadcrumb\":{\"@id\":\"https:\/\/lavostrallar.com\/noticias\/paellada-popular-para-comenzar-el-mes-de-mayo-en-mataro\/#breadcrumb\"},\"inLanguage\":\"ca\",\"potentialAction\":[{\"@type\":\"ReadAction\",\"target\":[\"https:\/\/lavostrallar.com\/noticias\/paellada-popular-para-comenzar-el-mes-de-mayo-en-mataro\/\"]}]},{\"@type\":\"ImageObject\",\"inLanguage\":\"ca\",\"@id\":\"https:\/\/lavostrallar.com\/noticias\/paellada-popular-para-comenzar-el-mes-de-mayo-en-mataro\/#primaryimage\",\"url\":\"https:\/\/lavostrallar.com\/noticias\/wp-content\/uploads\/2023\/04\/340977398_625138039434432_3769995948090048763_n.jpg\",\"contentUrl\":\"https:\/\/lavostrallar.com\/noticias\/wp-content\/uploads\/2023\/04\/340977398_625138039434432_3769995948090048763_n.jpg\",\"width\":2048,\"height\":1536,\"caption\":\"residencia para mayores\"},{\"@type\":\"BreadcrumbList\",\"@id\":\"https:\/\/lavostrallar.com\/noticias\/paellada-popular-para-comenzar-el-mes-de-mayo-en-mataro\/#breadcrumb\",\"itemListElement\":[{\"@type\":\"ListItem\",\"position\":1,\"name\":\"Portada\",\"item\":\"https:\/\/lavostrallar.com\/noticias\/\"},{\"@type\":\"ListItem\",\"position\":2,\"name\":\"Paellada popular para comenzar el mes de mayo en la residencia de mayores Matar\u00f3\"}]},{\"@type\":\"WebSite\",\"@id\":\"https:\/\/lavostrallar.com\/noticias\/#website\",\"url\":\"https:\/\/lavostrallar.com\/noticias\/\",\"name\":\"La Vostra Llar\",\"description\":\"La Vostra Llar gestiona resid\u00e8ncies geri\u00e0triques des de 1987 amb la missi\u00f3 d\u2019oferir assist\u00e8ncia personalitzada per estimular, acollir i atendre les persones grans amb qualsevol grau de depend\u00e8ncia.\",\"publisher\":{\"@id\":\"https:\/\/lavostrallar.com\/noticias\/#organization\"},\"potentialAction\":[{\"@type\":\"SearchAction\",\"target\":{\"@type\":\"EntryPoint\",\"urlTemplate\":\"https:\/\/lavostrallar.com\/noticias\/?s={search_term_string}\"},\"query-input\":{\"@type\":\"PropertyValueSpecification\",\"valueRequired\":true,\"valueName\":\"search_term_string\"}}],\"inLanguage\":\"ca\"},{\"@type\":\"Organization\",\"@id\":\"https:\/\/lavostrallar.com\/noticias\/#organization\",\"name\":\"La Vostra Llar\",\"url\":\"https:\/\/lavostrallar.com\/noticias\/\",\"logo\":{\"@type\":\"ImageObject\",\"inLanguage\":\"ca\",\"@id\":\"https:\/\/lavostrallar.com\/noticias\/#\/schema\/logo\/image\/\",\"url\":\"https:\/\/lavostrallar.com\/noticias\/wp-content\/uploads\/2021\/12\/logo_lavostrallar.png\",\"contentUrl\":\"https:\/\/lavostrallar.com\/noticias\/wp-content\/uploads\/2021\/12\/logo_lavostrallar.png\",\"width\":217,\"height\":109,\"caption\":\"La Vostra Llar\"},\"image\":{\"@id\":\"https:\/\/lavostrallar.com\/noticias\/#\/schema\/logo\/image\/\"},\"sameAs\":[\"https:\/\/www.facebook.com\/lavostra.llar\",\"https:\/\/x.com\/lavostrallar\",\"https:\/\/www.instagram.com\/lavostrallar\/\"]},{\"@type\":\"Person\",\"@id\":\"https:\/\/lavostrallar.com\/noticias\/#\/schema\/person\/321f189af5ebbd679ae095028db43fdd\",\"name\":\"lavostrallar Comunicacio\",\"image\":{\"@type\":\"ImageObject\",\"inLanguage\":\"ca\",\"@id\":\"https:\/\/lavostrallar.com\/noticias\/#\/schema\/person\/image\/\",\"url\":\"https:\/\/secure.gravatar.com\/avatar\/69a4b73b52c8eedccce42e542861709a5afc2b40e0a43d691da018458db2d41b?s=96&d=mm&r=g\",\"contentUrl\":\"https:\/\/secure.gravatar.com\/avatar\/69a4b73b52c8eedccce42e542861709a5afc2b40e0a43d691da018458db2d41b?s=96&d=mm&r=g\",\"caption\":\"lavostrallar Comunicacio\"},\"url\":\"https:\/\/lavostrallar.com\/noticias\/ca\/author\/lavostrallar-comunicacio\/\"}]}<\/script>\n<!-- \/ Yoast SEO plugin. -->","yoast_head_json":{"title":"Mayo en la residencia de mayores Matar\u00f3- Noticias La Vostra Llar","description":"Realitzarem activitats l\u00fadiques, cognitives i sensorials a l'aire lliure ia la nostra terrassa, un espai ideal per llegir, prendre el sol, etc.","robots":{"index":"index","follow":"follow","max-snippet":"max-snippet:-1","max-image-preview":"max-image-preview:large","max-video-preview":"max-video-preview:-1"},"canonical":"https:\/\/lavostrallar.com\/noticias\/ca\/paellada-popular-para-comenzar-el-mes-de-mayo-en-mataro\/","og_locale":"ca_ES","og_type":"article","og_title":"Mayo en la residencia de mayores Matar\u00f3- Noticias La Vostra Llar","og_description":"Realizaremos actividades l\u00fadicas, cognitivas y sensoriales al aire libre y en nuestra terraza, un espacio ideal para leer, tomar el sol, etc","og_url":"https:\/\/lavostrallar.com\/noticias\/ca\/paellada-popular-para-comenzar-el-mes-de-mayo-en-mataro\/","og_site_name":"Noticias La Vostra Llar","article_publisher":"https:\/\/www.facebook.com\/lavostra.llar","article_published_time":"2023-04-26T09:45:20+00:00","article_modified_time":"2023-05-18T08:43:56+00:00","og_image":[{"width":2048,"height":1536,"url":"https:\/\/lavostrallar.com\/noticias\/wp-content\/uploads\/2023\/04\/340977398_625138039434432_3769995948090048763_n.jpg","type":"image\/jpeg"}],"author":"lavostrallar Comunicacio","twitter_card":"summary_large_image","twitter_creator":"@lavostrallar","twitter_site":"@lavostrallar","twitter_misc":{"Escrit per":"lavostrallar Comunicacio","Temps estimat de lectura":"2 minuts"},"schema":{"@context":"https:\/\/schema.org","@graph":[{"@type":"Article","@id":"https:\/\/lavostrallar.com\/noticias\/paellada-popular-para-comenzar-el-mes-de-mayo-en-mataro\/#article","isPartOf":{"@id":"https:\/\/lavostrallar.com\/noticias\/paellada-popular-para-comenzar-el-mes-de-mayo-en-mataro\/"},"author":{"name":"lavostrallar Comunicacio","@id":"https:\/\/lavostrallar.com\/noticias\/#\/schema\/person\/321f189af5ebbd679ae095028db43fdd"},"headline":"Paellada popular para comenzar el mes de mayo en la residencia de mayores Matar\u00f3","datePublished":"2023-04-26T09:45:20+00:00","dateModified":"2023-05-18T08:43:56+00:00","mainEntityOfPage":{"@id":"https:\/\/lavostrallar.com\/noticias\/paellada-popular-para-comenzar-el-mes-de-mayo-en-mataro\/"},"wordCount":402,"publisher":{"@id":"https:\/\/lavostrallar.com\/noticias\/#organization"},"image":{"@id":"https:\/\/lavostrallar.com\/noticias\/paellada-popular-para-comenzar-el-mes-de-mayo-en-mataro\/#primaryimage"},"thumbnailUrl":"https:\/\/lavostrallar.com\/noticias\/wp-content\/uploads\/2023\/04\/340977398_625138039434432_3769995948090048763_n.jpg","keywords":["Actividades para mayores","Residencias de ancianos"],"articleSection":["Noticias Matar\u00f3"],"inLanguage":"ca"},{"@type":"WebPage","@id":"https:\/\/lavostrallar.com\/noticias\/paellada-popular-para-comenzar-el-mes-de-mayo-en-mataro\/","url":"https:\/\/lavostrallar.com\/noticias\/paellada-popular-para-comenzar-el-mes-de-mayo-en-mataro\/","name":"Mayo en la residencia de mayores Matar\u00f3- Noticias La Vostra Llar","isPartOf":{"@id":"https:\/\/lavostrallar.com\/noticias\/#website"},"primaryImageOfPage":{"@id":"https:\/\/lavostrallar.com\/noticias\/paellada-popular-para-comenzar-el-mes-de-mayo-en-mataro\/#primaryimage"},"image":{"@id":"https:\/\/lavostrallar.com\/noticias\/paellada-popular-para-comenzar-el-mes-de-mayo-en-mataro\/#primaryimage"},"thumbnailUrl":"https:\/\/lavostrallar.com\/noticias\/wp-content\/uploads\/2023\/04\/340977398_625138039434432_3769995948090048763_n.jpg","datePublished":"2023-04-26T09:45:20+00:00","dateModified":"2023-05-18T08:43:56+00:00","description":"Realitzarem activitats l\u00fadiques, cognitives i sensorials a l'aire lliure ia la nostra terrassa, un espai ideal per llegir, prendre el sol, etc.","breadcrumb":{"@id":"https:\/\/lavostrallar.com\/noticias\/paellada-popular-para-comenzar-el-mes-de-mayo-en-mataro\/#breadcrumb"},"inLanguage":"ca","potentialAction":[{"@type":"ReadAction","target":["https:\/\/lavostrallar.com\/noticias\/paellada-popular-para-comenzar-el-mes-de-mayo-en-mataro\/"]}]},{"@type":"ImageObject","inLanguage":"ca","@id":"https:\/\/lavostrallar.com\/noticias\/paellada-popular-para-comenzar-el-mes-de-mayo-en-mataro\/#primaryimage","url":"https:\/\/lavostrallar.com\/noticias\/wp-content\/uploads\/2023\/04\/340977398_625138039434432_3769995948090048763_n.jpg","contentUrl":"https:\/\/lavostrallar.com\/noticias\/wp-content\/uploads\/2023\/04\/340977398_625138039434432_3769995948090048763_n.jpg","width":2048,"height":1536,"caption":"residencia para mayores"},{"@type":"BreadcrumbList","@id":"https:\/\/lavostrallar.com\/noticias\/paellada-popular-para-comenzar-el-mes-de-mayo-en-mataro\/#breadcrumb","itemListElement":[{"@type":"ListItem","position":1,"name":"Portada","item":"https:\/\/lavostrallar.com\/noticias\/"},{"@type":"ListItem","position":2,"name":"Paellada popular para comenzar el mes de mayo en la residencia de mayores Matar\u00f3"}]},{"@type":"WebSite","@id":"https:\/\/lavostrallar.com\/noticias\/#website","url":"https:\/\/lavostrallar.com\/noticias\/","name":"La Vostra Llar","description":"La Vostra Llar gestiona resid\u00e8ncies geri\u00e0triques des de 1987 amb la missi\u00f3 d\u2019oferir assist\u00e8ncia personalitzada per estimular, acollir i atendre les persones grans amb qualsevol grau de depend\u00e8ncia.","publisher":{"@id":"https:\/\/lavostrallar.com\/noticias\/#organization"},"potentialAction":[{"@type":"SearchAction","target":{"@type":"EntryPoint","urlTemplate":"https:\/\/lavostrallar.com\/noticias\/?s={search_term_string}"},"query-input":{"@type":"PropertyValueSpecification","valueRequired":true,"valueName":"search_term_string"}}],"inLanguage":"ca"},{"@type":"Organization","@id":"https:\/\/lavostrallar.com\/noticias\/#organization","name":"La Vostra Llar","url":"https:\/\/lavostrallar.com\/noticias\/","logo":{"@type":"ImageObject","inLanguage":"ca","@id":"https:\/\/lavostrallar.com\/noticias\/#\/schema\/logo\/image\/","url":"https:\/\/lavostrallar.com\/noticias\/wp-content\/uploads\/2021\/12\/logo_lavostrallar.png","contentUrl":"https:\/\/lavostrallar.com\/noticias\/wp-content\/uploads\/2021\/12\/logo_lavostrallar.png","width":217,"height":109,"caption":"La Vostra Llar"},"image":{"@id":"https:\/\/lavostrallar.com\/noticias\/#\/schema\/logo\/image\/"},"sameAs":["https:\/\/www.facebook.com\/lavostra.llar","https:\/\/x.com\/lavostrallar","https:\/\/www.instagram.com\/lavostrallar\/"]},{"@type":"Person","@id":"https:\/\/lavostrallar.com\/noticias\/#\/schema\/person\/321f189af5ebbd679ae095028db43fdd","name":"lavostrallar Comunicacio","image":{"@type":"ImageObject","inLanguage":"ca","@id":"https:\/\/lavostrallar.com\/noticias\/#\/schema\/person\/image\/","url":"https:\/\/secure.gravatar.com\/avatar\/69a4b73b52c8eedccce42e542861709a5afc2b40e0a43d691da018458db2d41b?s=96&d=mm&r=g","contentUrl":"https:\/\/secure.gravatar.com\/avatar\/69a4b73b52c8eedccce42e542861709a5afc2b40e0a43d691da018458db2d41b?s=96&d=mm&r=g","caption":"lavostrallar Comunicacio"},"url":"https:\/\/lavostrallar.com\/noticias\/ca\/author\/lavostrallar-comunicacio\/"}]}},"_links":{"self":[{"href":"https:\/\/lavostrallar.com\/noticias\/ca\/wp-json\/wp\/v2\/posts\/24737","targetHints":{"allow":["GET"]}}],"collection":[{"href":"https:\/\/lavostrallar.com\/noticias\/ca\/wp-json\/wp\/v2\/posts"}],"about":[{"href":"https:\/\/lavostrallar.com\/noticias\/ca\/wp-json\/wp\/v2\/types\/post"}],"author":[{"embeddable":true,"href":"https:\/\/lavostrallar.com\/noticias\/ca\/wp-json\/wp\/v2\/users\/12"}],"replies":[{"embeddable":true,"href":"https:\/\/lavostrallar.com\/noticias\/ca\/wp-json\/wp\/v2\/comments?post=24737"}],"version-history":[{"count":2,"href":"https:\/\/lavostrallar.com\/noticias\/ca\/wp-json\/wp\/v2\/posts\/24737\/revisions"}],"predecessor-version":[{"id":24940,"href":"https:\/\/lavostrallar.com\/noticias\/ca\/wp-json\/wp\/v2\/posts\/24737\/revisions\/24940"}],"wp:featuredmedia":[{"embeddable":true,"href":"https:\/\/lavostrallar.com\/noticias\/ca\/wp-json\/wp\/v2\/media\/24749"}],"wp:attachment":[{"href":"https:\/\/lavostrallar.com\/noticias\/ca\/wp-json\/wp\/v2\/media?parent=24737"}],"wp:term":[{"taxonomy":"category","embeddable":true,"href":"https:\/\/lavostrallar.com\/noticias\/ca\/wp-json\/wp\/v2\/categories?post=24737"},{"taxonomy":"post_tag","embeddable":true,"href":"https:\/\/lavostrallar.com\/noticias\/ca\/wp-json\/wp\/v2\/tags?post=24737"}],"curies":[{"name":"wp","href":"https:\/\/api.w.org\/{rel}","templated":true}]}}