	{"id":24741,"date":"2023-04-26T09:20:37","date_gmt":"2023-04-26T09:20:37","guid":{"rendered":"https:\/\/lavostrallar.com\/?p=24741"},"modified":"2023-05-18T08:29:37","modified_gmt":"2023-05-18T08:29:37","slug":"este-mayo-quitate-el-sayo","status":"publish","type":"post","link":"https:\/\/lavostrallar.com\/noticias\/ca\/este-mayo-quitate-el-sayo\/","title":{"rendered":"Aquest maig ens vam treure el saig a la resid\u00e8ncia Rambla"},"content":{"rendered":"<p>Amb la calor de maig arriben les activitats a l'exterior!<\/p>\n\n\n\n<p>Aquest mes tornem a retrobar-nos amb les passejades terap\u00e8utiques. Els nostres residents han decidit anar a esmorzar a una cafeteria amb els diners que han recaptat amb les seves manualitats a la parada solid\u00e0ria de Sant Jordi. Quina il\u00b7lusi\u00f3!<\/p>\n\n\n\n<p class=\"translation-block\">A m\u00e9s, la terrassa del nostre<a href=\"https:\/\/lavostrallar.com\/ca\/residencia-la-rambla\/\" target=\"_self\"> centre residencial La Rambla<\/a> va agafant forma\u2026 Ja hem cultivat verdures, hortalisses , llegums, etc., hem plantat plantes arom\u00e0tiques i estem organitzant l'espai per fer-ho el m\u00e9s agradable i fresc possible per a tothom. Els i les residents no poden estar m\u00e9s contents!<\/p>\n\n\n\n<h2 class=\"wp-block-heading has-medium-font-size\">M\u00e9s activitats a la resid\u00e8ncia<\/h2>\n\n\n\n<p class=\"translation-block\">Tamb\u00e9 ens hem unit al projecte <a href=\"https:\/\/www.vidasignificativa.org\/vida-significativa\/abriga\/\" target=\"_blank\" rel=\"noreferrer noopener\">Abriga<\/a> amb l'ONG <a href=\"https:\/\/www.vidasignificativa.org\/\" target=\"_self\">Vida significativa<\/a> i, amb l'ajuda de l'equip de gerocultors i gerocultores, els nostres residents teixiran petits quadres de llana per elaborar mantes i lliurar-les a persones en situacions de vulnerabilitat.<\/p>\n\n\n\n<p class=\"translation-block\">A banda d'aquestes activitats extraordin\u00e0ries, seguirem desenvolupant les nostres ter\u00e0pies habituals, com el taller de \"M\u00fasica i dansa per l'oblit\" de <a href=\"http:\/\/artransforma.org\/art\/\" target=\"_blank\" rel=\" noreferrer noopener\">ARTransforma<\/a> i les sessions de ter\u00e0pia amb gossos amb els professionals d'<a href=\"https:\/\/www.itcan.cat\/\" target=\"_blank\" rel=\"noreferrer noopener\">ItCan<\/a>. Aix\u00ed mateix, continuarem amb el programa de psicomotricitat grupal de la nostra fisioterapeuta, taller de llenguatge i reminisc\u00e8ncia que duu a terme la nostra psic\u00f2loga, estimulaci\u00f3 sensorial amb la nostra terapeuta ocupacional i ens divertirem amb tot tipus de jocs de taula amb el nostre equip de gerocultors.<\/p>\n\n\n\n<p>Finalment, la festa m\u00e9s esperada d'aquest mes se celebrar\u00e0 el dia 31. Ens posarem molt macos i guapes per gaudir de la \"Arrossada popular\". Sortirem a la terrassa per veure com es cuina, despr\u00e9s ens encarregarem de no deixar un gra i de no parar de ballar i cantar.<\/p>\n\n\n\n<p>Com podeu observar ens espera un mes carregat d'activitats noves i emocionants, esperem gaudir-ne al m\u00e0xim!<\/p>","protected":false},"excerpt":{"rendered":"<p>\u00a1Con el calor y el mes de mayo llegan las actividades en el exterior! Este mes volvemos a reencontrarnos con los paseos terap\u00e9uticos. Nuestros residentes han decidido irse a desayunar a una cafeter\u00eda con el dinero que han recaudado con sus manualidades en el puesto solidario de Sant Jordi. \u00a1Qu\u00e9 ilusi\u00f3n! Adem\u00e1s, la terraza de [&hellip;]<\/p>","protected":false},"author":5,"featured_media":24750,"comment_status":"closed","ping_status":"closed","sticky":false,"template":"","format":"standard","meta":{"content-type":"","footnotes":""},"categories":[12],"tags":[9],"class_list":["post-24741","post","type-post","status-publish","format-standard","has-post-thumbnail","hentry","category-noticias-la-rambla","tag-residencias-de-ancianos"],"yoast_head":"<!-- This site is optimized with the Yoast SEO plugin v26.0 - https:\/\/yoast.com\/wordpress\/plugins\/seo\/ -->\n<title>Este mayo nos quitamos el sayo en la residencia Rambla - Noticias La Vostra Llar<\/title>\n<meta name=\"description\" content=\"\u00a1Con el calor y el mes de mayo llegan las actividades a la residencia en el exterior! Descubre todo lo que har\u00e1n nuestros residentes\" \/>\n<meta name=\"robots\" content=\"index, follow, max-snippet:-1, max-image-preview:large, max-video-preview:-1\" \/>\n<link rel=\"canonical\" href=\"https:\/\/lavostrallar.com\/noticias\/ca\/este-mayo-quitate-el-sayo\/\" \/>\n<meta property=\"og:locale\" content=\"ca_ES\" \/>\n<meta property=\"og:type\" content=\"article\" \/>\n<meta property=\"og:title\" content=\"Este mayo nos quitamos el sayo en la residencia Rambla - Noticias La Vostra Llar\" \/>\n<meta property=\"og:description\" content=\"\u00a1Con el calor y el mes de mayo llegan las actividades a la residencia en el exterior! Descubre todo lo que har\u00e1n nuestros residentes\" \/>\n<meta property=\"og:url\" content=\"https:\/\/lavostrallar.com\/noticias\/ca\/este-mayo-quitate-el-sayo\/\" \/>\n<meta property=\"og:site_name\" content=\"Noticias La Vostra Llar\" \/>\n<meta property=\"article:publisher\" content=\"https:\/\/www.facebook.com\/lavostra.llar\" \/>\n<meta property=\"article:published_time\" content=\"2023-04-26T09:20:37+00:00\" \/>\n<meta property=\"article:modified_time\" content=\"2023-05-18T08:29:37+00:00\" \/>\n<meta property=\"og:image\" content=\"https:\/\/lavostrallar.com\/noticias\/wp-content\/uploads\/2023\/04\/WhatsApp-Image-2023-04-26-at-11.18.01.jpeg\" \/>\n\t<meta property=\"og:image:width\" content=\"1024\" \/>\n\t<meta property=\"og:image:height\" content=\"768\" \/>\n\t<meta property=\"og:image:type\" content=\"image\/jpeg\" \/>\n<meta name=\"author\" content=\"lavostrallar Rambla\" \/>\n<meta name=\"twitter:card\" content=\"summary_large_image\" \/>\n<meta name=\"twitter:creator\" content=\"@lavostrallar\" \/>\n<meta name=\"twitter:site\" content=\"@lavostrallar\" \/>\n<meta name=\"twitter:label1\" content=\"Escrit per\" \/>\n\t<meta name=\"twitter:data1\" content=\"lavostrallar Rambla\" \/>\n\t<meta name=\"twitter:label2\" content=\"Temps estimat de lectura\" \/>\n\t<meta name=\"twitter:data2\" content=\"2 minuts\" \/>\n<script type=\"application\/ld+json\" class=\"yoast-schema-graph\">{\"@context\":\"https:\/\/schema.org\",\"@graph\":[{\"@type\":\"Article\",\"@id\":\"https:\/\/lavostrallar.com\/noticias\/este-mayo-quitate-el-sayo\/#article\",\"isPartOf\":{\"@id\":\"https:\/\/lavostrallar.com\/noticias\/este-mayo-quitate-el-sayo\/\"},\"author\":{\"name\":\"lavostrallar Rambla\",\"@id\":\"https:\/\/lavostrallar.com\/noticias\/#\/schema\/person\/e7a8b7599f23edb613503af58209a509\"},\"headline\":\"Este mayo nos quitamos el sayo en la residencia Rambla\",\"datePublished\":\"2023-04-26T09:20:37+00:00\",\"dateModified\":\"2023-05-18T08:29:37+00:00\",\"mainEntityOfPage\":{\"@id\":\"https:\/\/lavostrallar.com\/noticias\/este-mayo-quitate-el-sayo\/\"},\"wordCount\":316,\"publisher\":{\"@id\":\"https:\/\/lavostrallar.com\/noticias\/#organization\"},\"image\":{\"@id\":\"https:\/\/lavostrallar.com\/noticias\/este-mayo-quitate-el-sayo\/#primaryimage\"},\"thumbnailUrl\":\"https:\/\/lavostrallar.com\/noticias\/wp-content\/uploads\/2023\/04\/WhatsApp-Image-2023-04-26-at-11.18.01.jpeg\",\"keywords\":[\"Residencias de ancianos\"],\"articleSection\":[\"Noticias La Rambla\"],\"inLanguage\":\"ca\"},{\"@type\":\"WebPage\",\"@id\":\"https:\/\/lavostrallar.com\/noticias\/este-mayo-quitate-el-sayo\/\",\"url\":\"https:\/\/lavostrallar.com\/noticias\/este-mayo-quitate-el-sayo\/\",\"name\":\"Este mayo nos quitamos el sayo en la residencia Rambla - Noticias La Vostra Llar\",\"isPartOf\":{\"@id\":\"https:\/\/lavostrallar.com\/noticias\/#website\"},\"primaryImageOfPage\":{\"@id\":\"https:\/\/lavostrallar.com\/noticias\/este-mayo-quitate-el-sayo\/#primaryimage\"},\"image\":{\"@id\":\"https:\/\/lavostrallar.com\/noticias\/este-mayo-quitate-el-sayo\/#primaryimage\"},\"thumbnailUrl\":\"https:\/\/lavostrallar.com\/noticias\/wp-content\/uploads\/2023\/04\/WhatsApp-Image-2023-04-26-at-11.18.01.jpeg\",\"datePublished\":\"2023-04-26T09:20:37+00:00\",\"dateModified\":\"2023-05-18T08:29:37+00:00\",\"description\":\"\u00a1Con el calor y el mes de mayo llegan las actividades a la residencia en el exterior! Descubre todo lo que har\u00e1n nuestros residentes\",\"breadcrumb\":{\"@id\":\"https:\/\/lavostrallar.com\/noticias\/este-mayo-quitate-el-sayo\/#breadcrumb\"},\"inLanguage\":\"ca\",\"potentialAction\":[{\"@type\":\"ReadAction\",\"target\":[\"https:\/\/lavostrallar.com\/noticias\/este-mayo-quitate-el-sayo\/\"]}]},{\"@type\":\"ImageObject\",\"inLanguage\":\"ca\",\"@id\":\"https:\/\/lavostrallar.com\/noticias\/este-mayo-quitate-el-sayo\/#primaryimage\",\"url\":\"https:\/\/lavostrallar.com\/noticias\/wp-content\/uploads\/2023\/04\/WhatsApp-Image-2023-04-26-at-11.18.01.jpeg\",\"contentUrl\":\"https:\/\/lavostrallar.com\/noticias\/wp-content\/uploads\/2023\/04\/WhatsApp-Image-2023-04-26-at-11.18.01.jpeg\",\"width\":1024,\"height\":768,\"caption\":\"Residencia de ancianos\"},{\"@type\":\"BreadcrumbList\",\"@id\":\"https:\/\/lavostrallar.com\/noticias\/este-mayo-quitate-el-sayo\/#breadcrumb\",\"itemListElement\":[{\"@type\":\"ListItem\",\"position\":1,\"name\":\"Portada\",\"item\":\"https:\/\/lavostrallar.com\/noticias\/\"},{\"@type\":\"ListItem\",\"position\":2,\"name\":\"Este mayo nos quitamos el sayo en la residencia Rambla\"}]},{\"@type\":\"WebSite\",\"@id\":\"https:\/\/lavostrallar.com\/noticias\/#website\",\"url\":\"https:\/\/lavostrallar.com\/noticias\/\",\"name\":\"La Vostra Llar\",\"description\":\"La Vostra Llar gestiona resid\u00e8ncies geri\u00e0triques des de 1987 amb la missi\u00f3 d\u2019oferir assist\u00e8ncia personalitzada per estimular, acollir i atendre les persones grans amb qualsevol grau de depend\u00e8ncia.\",\"publisher\":{\"@id\":\"https:\/\/lavostrallar.com\/noticias\/#organization\"},\"potentialAction\":[{\"@type\":\"SearchAction\",\"target\":{\"@type\":\"EntryPoint\",\"urlTemplate\":\"https:\/\/lavostrallar.com\/noticias\/?s={search_term_string}\"},\"query-input\":{\"@type\":\"PropertyValueSpecification\",\"valueRequired\":true,\"valueName\":\"search_term_string\"}}],\"inLanguage\":\"ca\"},{\"@type\":\"Organization\",\"@id\":\"https:\/\/lavostrallar.com\/noticias\/#organization\",\"name\":\"La Vostra Llar\",\"url\":\"https:\/\/lavostrallar.com\/noticias\/\",\"logo\":{\"@type\":\"ImageObject\",\"inLanguage\":\"ca\",\"@id\":\"https:\/\/lavostrallar.com\/noticias\/#\/schema\/logo\/image\/\",\"url\":\"https:\/\/lavostrallar.com\/noticias\/wp-content\/uploads\/2021\/12\/logo_lavostrallar.png\",\"contentUrl\":\"https:\/\/lavostrallar.com\/noticias\/wp-content\/uploads\/2021\/12\/logo_lavostrallar.png\",\"width\":217,\"height\":109,\"caption\":\"La Vostra Llar\"},\"image\":{\"@id\":\"https:\/\/lavostrallar.com\/noticias\/#\/schema\/logo\/image\/\"},\"sameAs\":[\"https:\/\/www.facebook.com\/lavostra.llar\",\"https:\/\/x.com\/lavostrallar\",\"https:\/\/www.instagram.com\/lavostrallar\/\"]},{\"@type\":\"Person\",\"@id\":\"https:\/\/lavostrallar.com\/noticias\/#\/schema\/person\/e7a8b7599f23edb613503af58209a509\",\"name\":\"lavostrallar Rambla\",\"image\":{\"@type\":\"ImageObject\",\"inLanguage\":\"ca\",\"@id\":\"https:\/\/lavostrallar.com\/noticias\/#\/schema\/person\/image\/\",\"url\":\"https:\/\/secure.gravatar.com\/avatar\/9b06ea4c316d335cb148157c9fd0f82611221ce9c5bf1b148d018ec1d2bfcf68?s=96&d=mm&r=g\",\"contentUrl\":\"https:\/\/secure.gravatar.com\/avatar\/9b06ea4c316d335cb148157c9fd0f82611221ce9c5bf1b148d018ec1d2bfcf68?s=96&d=mm&r=g\",\"caption\":\"lavostrallar Rambla\"},\"sameAs\":[\"lavostrallar\"],\"url\":\"https:\/\/lavostrallar.com\/noticias\/ca\/author\/lavostrallar-rambla\/\"}]}<\/script>\n<!-- \/ Yoast SEO plugin. -->","yoast_head_json":{"title":"Este mayo nos quitamos el sayo en la residencia Rambla - Noticias La Vostra Llar","description":"Amb la calor i el mes de maig arriben les activitats a la resid\u00e8ncia a l'exterior! Descobreix tot all\u00f2 que faran els nostres residents","robots":{"index":"index","follow":"follow","max-snippet":"max-snippet:-1","max-image-preview":"max-image-preview:large","max-video-preview":"max-video-preview:-1"},"canonical":"https:\/\/lavostrallar.com\/noticias\/ca\/este-mayo-quitate-el-sayo\/","og_locale":"ca_ES","og_type":"article","og_title":"Este mayo nos quitamos el sayo en la residencia Rambla - Noticias La Vostra Llar","og_description":"\u00a1Con el calor y el mes de mayo llegan las actividades a la residencia en el exterior! Descubre todo lo que har\u00e1n nuestros residentes","og_url":"https:\/\/lavostrallar.com\/noticias\/ca\/este-mayo-quitate-el-sayo\/","og_site_name":"Noticias La Vostra Llar","article_publisher":"https:\/\/www.facebook.com\/lavostra.llar","article_published_time":"2023-04-26T09:20:37+00:00","article_modified_time":"2023-05-18T08:29:37+00:00","og_image":[{"width":1024,"height":768,"url":"https:\/\/lavostrallar.com\/noticias\/wp-content\/uploads\/2023\/04\/WhatsApp-Image-2023-04-26-at-11.18.01.jpeg","type":"image\/jpeg"}],"author":"lavostrallar Rambla","twitter_card":"summary_large_image","twitter_creator":"@lavostrallar","twitter_site":"@lavostrallar","twitter_misc":{"Escrit per":"lavostrallar Rambla","Temps estimat de lectura":"2 minuts"},"schema":{"@context":"https:\/\/schema.org","@graph":[{"@type":"Article","@id":"https:\/\/lavostrallar.com\/noticias\/este-mayo-quitate-el-sayo\/#article","isPartOf":{"@id":"https:\/\/lavostrallar.com\/noticias\/este-mayo-quitate-el-sayo\/"},"author":{"name":"lavostrallar Rambla","@id":"https:\/\/lavostrallar.com\/noticias\/#\/schema\/person\/e7a8b7599f23edb613503af58209a509"},"headline":"Este mayo nos quitamos el sayo en la residencia Rambla","datePublished":"2023-04-26T09:20:37+00:00","dateModified":"2023-05-18T08:29:37+00:00","mainEntityOfPage":{"@id":"https:\/\/lavostrallar.com\/noticias\/este-mayo-quitate-el-sayo\/"},"wordCount":316,"publisher":{"@id":"https:\/\/lavostrallar.com\/noticias\/#organization"},"image":{"@id":"https:\/\/lavostrallar.com\/noticias\/este-mayo-quitate-el-sayo\/#primaryimage"},"thumbnailUrl":"https:\/\/lavostrallar.com\/noticias\/wp-content\/uploads\/2023\/04\/WhatsApp-Image-2023-04-26-at-11.18.01.jpeg","keywords":["Residencias de ancianos"],"articleSection":["Noticias La Rambla"],"inLanguage":"ca"},{"@type":"WebPage","@id":"https:\/\/lavostrallar.com\/noticias\/este-mayo-quitate-el-sayo\/","url":"https:\/\/lavostrallar.com\/noticias\/este-mayo-quitate-el-sayo\/","name":"Este mayo nos quitamos el sayo en la residencia Rambla - Noticias La Vostra Llar","isPartOf":{"@id":"https:\/\/lavostrallar.com\/noticias\/#website"},"primaryImageOfPage":{"@id":"https:\/\/lavostrallar.com\/noticias\/este-mayo-quitate-el-sayo\/#primaryimage"},"image":{"@id":"https:\/\/lavostrallar.com\/noticias\/este-mayo-quitate-el-sayo\/#primaryimage"},"thumbnailUrl":"https:\/\/lavostrallar.com\/noticias\/wp-content\/uploads\/2023\/04\/WhatsApp-Image-2023-04-26-at-11.18.01.jpeg","datePublished":"2023-04-26T09:20:37+00:00","dateModified":"2023-05-18T08:29:37+00:00","description":"Amb la calor i el mes de maig arriben les activitats a la resid\u00e8ncia a l'exterior! Descobreix tot all\u00f2 que faran els nostres residents","breadcrumb":{"@id":"https:\/\/lavostrallar.com\/noticias\/este-mayo-quitate-el-sayo\/#breadcrumb"},"inLanguage":"ca","potentialAction":[{"@type":"ReadAction","target":["https:\/\/lavostrallar.com\/noticias\/este-mayo-quitate-el-sayo\/"]}]},{"@type":"ImageObject","inLanguage":"ca","@id":"https:\/\/lavostrallar.com\/noticias\/este-mayo-quitate-el-sayo\/#primaryimage","url":"https:\/\/lavostrallar.com\/noticias\/wp-content\/uploads\/2023\/04\/WhatsApp-Image-2023-04-26-at-11.18.01.jpeg","contentUrl":"https:\/\/lavostrallar.com\/noticias\/wp-content\/uploads\/2023\/04\/WhatsApp-Image-2023-04-26-at-11.18.01.jpeg","width":1024,"height":768,"caption":"Residencia de ancianos"},{"@type":"BreadcrumbList","@id":"https:\/\/lavostrallar.com\/noticias\/este-mayo-quitate-el-sayo\/#breadcrumb","itemListElement":[{"@type":"ListItem","position":1,"name":"Portada","item":"https:\/\/lavostrallar.com\/noticias\/"},{"@type":"ListItem","position":2,"name":"Este mayo nos quitamos el sayo en la residencia Rambla"}]},{"@type":"WebSite","@id":"https:\/\/lavostrallar.com\/noticias\/#website","url":"https:\/\/lavostrallar.com\/noticias\/","name":"La Vostra Llar","description":"La Vostra Llar gestiona resid\u00e8ncies geri\u00e0triques des de 1987 amb la missi\u00f3 d\u2019oferir assist\u00e8ncia personalitzada per estimular, acollir i atendre les persones grans amb qualsevol grau de depend\u00e8ncia.","publisher":{"@id":"https:\/\/lavostrallar.com\/noticias\/#organization"},"potentialAction":[{"@type":"SearchAction","target":{"@type":"EntryPoint","urlTemplate":"https:\/\/lavostrallar.com\/noticias\/?s={search_term_string}"},"query-input":{"@type":"PropertyValueSpecification","valueRequired":true,"valueName":"search_term_string"}}],"inLanguage":"ca"},{"@type":"Organization","@id":"https:\/\/lavostrallar.com\/noticias\/#organization","name":"La Vostra Llar","url":"https:\/\/lavostrallar.com\/noticias\/","logo":{"@type":"ImageObject","inLanguage":"ca","@id":"https:\/\/lavostrallar.com\/noticias\/#\/schema\/logo\/image\/","url":"https:\/\/lavostrallar.com\/noticias\/wp-content\/uploads\/2021\/12\/logo_lavostrallar.png","contentUrl":"https:\/\/lavostrallar.com\/noticias\/wp-content\/uploads\/2021\/12\/logo_lavostrallar.png","width":217,"height":109,"caption":"La Vostra Llar"},"image":{"@id":"https:\/\/lavostrallar.com\/noticias\/#\/schema\/logo\/image\/"},"sameAs":["https:\/\/www.facebook.com\/lavostra.llar","https:\/\/x.com\/lavostrallar","https:\/\/www.instagram.com\/lavostrallar\/"]},{"@type":"Person","@id":"https:\/\/lavostrallar.com\/noticias\/#\/schema\/person\/e7a8b7599f23edb613503af58209a509","name":"lavostrallar Rambla","image":{"@type":"ImageObject","inLanguage":"ca","@id":"https:\/\/lavostrallar.com\/noticias\/#\/schema\/person\/image\/","url":"https:\/\/secure.gravatar.com\/avatar\/9b06ea4c316d335cb148157c9fd0f82611221ce9c5bf1b148d018ec1d2bfcf68?s=96&d=mm&r=g","contentUrl":"https:\/\/secure.gravatar.com\/avatar\/9b06ea4c316d335cb148157c9fd0f82611221ce9c5bf1b148d018ec1d2bfcf68?s=96&d=mm&r=g","caption":"lavostrallar Rambla"},"sameAs":["lavostrallar"],"url":"https:\/\/lavostrallar.com\/noticias\/ca\/author\/lavostrallar-rambla\/"}]}},"_links":{"self":[{"href":"https:\/\/lavostrallar.com\/noticias\/ca\/wp-json\/wp\/v2\/posts\/24741","targetHints":{"allow":["GET"]}}],"collection":[{"href":"https:\/\/lavostrallar.com\/noticias\/ca\/wp-json\/wp\/v2\/posts"}],"about":[{"href":"https:\/\/lavostrallar.com\/noticias\/ca\/wp-json\/wp\/v2\/types\/post"}],"author":[{"embeddable":true,"href":"https:\/\/lavostrallar.com\/noticias\/ca\/wp-json\/wp\/v2\/users\/5"}],"replies":[{"embeddable":true,"href":"https:\/\/lavostrallar.com\/noticias\/ca\/wp-json\/wp\/v2\/comments?post=24741"}],"version-history":[{"count":4,"href":"https:\/\/lavostrallar.com\/noticias\/ca\/wp-json\/wp\/v2\/posts\/24741\/revisions"}],"predecessor-version":[{"id":24938,"href":"https:\/\/lavostrallar.com\/noticias\/ca\/wp-json\/wp\/v2\/posts\/24741\/revisions\/24938"}],"wp:featuredmedia":[{"embeddable":true,"href":"https:\/\/lavostrallar.com\/noticias\/ca\/wp-json\/wp\/v2\/media\/24750"}],"wp:attachment":[{"href":"https:\/\/lavostrallar.com\/noticias\/ca\/wp-json\/wp\/v2\/media?parent=24741"}],"wp:term":[{"taxonomy":"category","embeddable":true,"href":"https:\/\/lavostrallar.com\/noticias\/ca\/wp-json\/wp\/v2\/categories?post=24741"},{"taxonomy":"post_tag","embeddable":true,"href":"https:\/\/lavostrallar.com\/noticias\/ca\/wp-json\/wp\/v2\/tags?post=24741"}],"curies":[{"name":"wp","href":"https:\/\/api.w.org\/{rel}","templated":true}]}}