	{"id":24745,"date":"2023-04-26T09:07:58","date_gmt":"2023-04-26T09:07:58","guid":{"rendered":"https:\/\/lavostrallar.com\/?p=24745"},"modified":"2023-05-18T08:09:41","modified_gmt":"2023-05-18T08:09:41","slug":"mayo-la-terraza-de-gracia-abre-las-puertas","status":"publish","type":"post","link":"https:\/\/lavostrallar.com\/noticias\/ca\/mayo-la-terraza-de-gracia-abre-las-puertas\/","title":{"rendered":"Maig: la terrassa de la resid\u00e8ncia de gent gran Gr\u00e0cia obre les portes"},"content":{"rendered":"<p>Ha arribat el bon temps i amb ell arriba la temporada alta de la terrassa a la resid\u00e8ncia <strong><a href=\"https:\/\/lavostrallar.com\/ca\/residencia-dia-gracia\/\">La Vostra Llar Gracia<\/a> de Barcelona<\/strong>...Per estrenar-la com es mareix el dia 17 farem la gran arrossada anual!!<\/p>\n\n\n\n<h2 class=\"wp-block-heading has-medium-font-size\">La terrassa de la resid\u00e8ncia de gent gran <\/h2>\n\n\n\n<p><strong>El nostre petit gran tresor: la terrassa<\/strong>. Durant aquests mesos freds hem\u00a0gaudit\u00a0d'ella les hores que el sol ens ha acompanyat, per\u00f2 la resta del dia l'hem observat des de darrere dels vidres. Ara, amb la caloreta, podem gaudir de la terrassa a tota hora: al mat\u00ed sortim a fer lectura, o b\u00e9 a donar menjar als coloms, els nostres nous habitants, que ja hem comen\u00e7at a posar-los nom i fins i tot alguna menja ja de la nostra m\u00e0.<br><\/p>\n\n\n\n<p>La terrassa \u00e9s un espai ideal per a fer les activitats habituals: els tallers de reminisc\u00e8ncies, estimulaci\u00f3 cognitiva, fisioter\u00e0pia, artter\u00e0pia, jocs motrius, ter\u00e0pia amb els nostres gossets preferits d' <strong>ItCan<\/strong>\u2026. Fins i tot estem pensant a dir-li a Pare Jordi que els dimarts fem\u00a0missa a la fresca\u2026. a veure qu\u00e8 ens diu!<\/p>\n\n\n\n<p><br>Els dimecres la Mireia vindr\u00e0 com sempre a fer-nos viure mil emocions amb la m\u00fasica i el moviment que ens aporta la ter\u00e0pia de <strong>M\u00fasica per l'oblit<\/strong>\u2026. li diem tamb\u00e9 de fer-ho a la terrassa?<br><\/p>\n\n\n\n<p>Tanto&nbsp; sol, tanta actividad nos abre el hambre, suerte que el esperado \u00abmen\u00fa de l&#8217;avi\u00bb nos aporta energ\u00eda para todo el mes. Aun as\u00ed,  si decae la fuerza, podr\u00edamos hacer alg\u00fan&nbsp;\u201cvermutet\u201d&nbsp;en la terraza y rematarlo con la comida del \u00faltimo viernes de mes para celebrar los cumplea\u00f1os de aquellos que han hecho a\u00f1os durante el mayo.<\/p>\n\n\n\n<p><br>Ja sabeu que esteu tots convidats, podeu venir quan vulgueu a compartir amb nosaltres aquests moments tan agradables a la nostra terrassa, el nostre petit gran tresor!<\/p>\n\n\n\n<p>Som-hi!<\/p>\n\n\n\n<h2 class=\"wp-block-heading has-medium-font-size\"><a href=\"https:\/\/lavostrallar.com\/ca\/\">Resid\u00e8ncies de gent gran La Vostra Llar els desitja un feli\u00e7 mes! <\/a><\/h2>","protected":false},"excerpt":{"rendered":"<p>Ha llegado el buen tiempo y con \u00e9l empieza la temporada alta de la terraza de la residencia La Vostra Llar Gracia de Barcelona\u2026.. Para estrenarla a lo grande el d\u00eda 17 haremos \u00a1la gran\u00a0\u201carrossada\u201d\u00a0anual! La terraza de la residencia de ancianos Nuestro peque\u00f1o gran tesoro: la terraza. Durante estos meses fr\u00edos hemos\u00a0disfrutado\u00a0de ella las [&hellip;]<\/p>","protected":false},"author":3,"featured_media":24746,"comment_status":"closed","ping_status":"closed","sticky":false,"template":"","format":"standard","meta":{"content-type":"","footnotes":""},"categories":[18],"tags":[69,9],"class_list":["post-24745","post","type-post","status-publish","format-standard","has-post-thumbnail","hentry","category-noticias-gracia","tag-actividades-para-mayores","tag-residencias-de-ancianos"],"yoast_head":"<!-- This site is optimized with the Yoast SEO plugin v26.0 - https:\/\/yoast.com\/wordpress\/plugins\/seo\/ -->\n<title>La terraza de la residencia de ancianos abre sus puertas - Noticias La Vostra Llar<\/title>\n<meta name=\"description\" content=\"Ha llegado el buen tiempo y con \u00e9l empieza la temporada alta de la terraza de la residencia La Vostra Llar Gr\u00e0cia de Barcelona\" \/>\n<meta name=\"robots\" content=\"index, follow, max-snippet:-1, max-image-preview:large, max-video-preview:-1\" \/>\n<link rel=\"canonical\" href=\"https:\/\/lavostrallar.com\/noticias\/ca\/mayo-la-terraza-de-gracia-abre-las-puertas\/\" \/>\n<meta property=\"og:locale\" content=\"ca_ES\" \/>\n<meta property=\"og:type\" content=\"article\" \/>\n<meta property=\"og:title\" content=\"La terraza de la residencia de ancianos abre sus puertas - Noticias La Vostra Llar\" \/>\n<meta property=\"og:description\" content=\"Ha llegado el buen tiempo y con \u00e9l empieza la temporada alta de la terraza de la residencia La Vostra Llar Gr\u00e0cia de Barcelona\" \/>\n<meta property=\"og:url\" content=\"https:\/\/lavostrallar.com\/noticias\/ca\/mayo-la-terraza-de-gracia-abre-las-puertas\/\" \/>\n<meta property=\"og:site_name\" content=\"Noticias La Vostra Llar\" \/>\n<meta property=\"article:publisher\" content=\"https:\/\/www.facebook.com\/lavostra.llar\" \/>\n<meta property=\"article:published_time\" content=\"2023-04-26T09:07:58+00:00\" \/>\n<meta property=\"article:modified_time\" content=\"2023-05-18T08:09:41+00:00\" \/>\n<meta property=\"og:image\" content=\"https:\/\/lavostrallar.com\/noticias\/wp-content\/uploads\/2023\/04\/IMG-20210526-WA0014.jpg\" \/>\n\t<meta property=\"og:image:width\" content=\"1500\" \/>\n\t<meta property=\"og:image:height\" content=\"1125\" \/>\n\t<meta property=\"og:image:type\" content=\"image\/jpeg\" \/>\n<meta name=\"author\" content=\"lavostrallar Gracia\" \/>\n<meta name=\"twitter:card\" content=\"summary_large_image\" \/>\n<meta name=\"twitter:creator\" content=\"@lavostrallar\" \/>\n<meta name=\"twitter:site\" content=\"@lavostrallar\" \/>\n<meta name=\"twitter:label1\" content=\"Escrit per\" \/>\n\t<meta name=\"twitter:data1\" content=\"lavostrallar Gracia\" \/>\n\t<meta name=\"twitter:label2\" content=\"Temps estimat de lectura\" \/>\n\t<meta name=\"twitter:data2\" content=\"2 minuts\" \/>\n<script type=\"application\/ld+json\" class=\"yoast-schema-graph\">{\"@context\":\"https:\/\/schema.org\",\"@graph\":[{\"@type\":\"Article\",\"@id\":\"https:\/\/lavostrallar.com\/noticias\/mayo-la-terraza-de-gracia-abre-las-puertas\/#article\",\"isPartOf\":{\"@id\":\"https:\/\/lavostrallar.com\/noticias\/mayo-la-terraza-de-gracia-abre-las-puertas\/\"},\"author\":{\"name\":\"lavostrallar Gracia\",\"@id\":\"https:\/\/lavostrallar.com\/noticias\/#\/schema\/person\/98d190b96ca2625c1d1b620c5f85d524\"},\"headline\":\"Mayo: la terraza de la residencia de ancianos Gracia abre las puertas\",\"datePublished\":\"2023-04-26T09:07:58+00:00\",\"dateModified\":\"2023-05-18T08:09:41+00:00\",\"mainEntityOfPage\":{\"@id\":\"https:\/\/lavostrallar.com\/noticias\/mayo-la-terraza-de-gracia-abre-las-puertas\/\"},\"wordCount\":341,\"publisher\":{\"@id\":\"https:\/\/lavostrallar.com\/noticias\/#organization\"},\"image\":{\"@id\":\"https:\/\/lavostrallar.com\/noticias\/mayo-la-terraza-de-gracia-abre-las-puertas\/#primaryimage\"},\"thumbnailUrl\":\"https:\/\/lavostrallar.com\/noticias\/wp-content\/uploads\/2023\/04\/IMG-20210526-WA0014.jpg\",\"keywords\":[\"Actividades para mayores\",\"Residencias de ancianos\"],\"articleSection\":[\"Noticias Gr\u00e0cia\"],\"inLanguage\":\"ca\"},{\"@type\":\"WebPage\",\"@id\":\"https:\/\/lavostrallar.com\/noticias\/mayo-la-terraza-de-gracia-abre-las-puertas\/\",\"url\":\"https:\/\/lavostrallar.com\/noticias\/mayo-la-terraza-de-gracia-abre-las-puertas\/\",\"name\":\"La terraza de la residencia de ancianos abre sus puertas - Noticias La Vostra Llar\",\"isPartOf\":{\"@id\":\"https:\/\/lavostrallar.com\/noticias\/#website\"},\"primaryImageOfPage\":{\"@id\":\"https:\/\/lavostrallar.com\/noticias\/mayo-la-terraza-de-gracia-abre-las-puertas\/#primaryimage\"},\"image\":{\"@id\":\"https:\/\/lavostrallar.com\/noticias\/mayo-la-terraza-de-gracia-abre-las-puertas\/#primaryimage\"},\"thumbnailUrl\":\"https:\/\/lavostrallar.com\/noticias\/wp-content\/uploads\/2023\/04\/IMG-20210526-WA0014.jpg\",\"datePublished\":\"2023-04-26T09:07:58+00:00\",\"dateModified\":\"2023-05-18T08:09:41+00:00\",\"description\":\"Ha llegado el buen tiempo y con \u00e9l empieza la temporada alta de la terraza de la residencia La Vostra Llar Gr\u00e0cia de Barcelona\",\"breadcrumb\":{\"@id\":\"https:\/\/lavostrallar.com\/noticias\/mayo-la-terraza-de-gracia-abre-las-puertas\/#breadcrumb\"},\"inLanguage\":\"ca\",\"potentialAction\":[{\"@type\":\"ReadAction\",\"target\":[\"https:\/\/lavostrallar.com\/noticias\/mayo-la-terraza-de-gracia-abre-las-puertas\/\"]}]},{\"@type\":\"ImageObject\",\"inLanguage\":\"ca\",\"@id\":\"https:\/\/lavostrallar.com\/noticias\/mayo-la-terraza-de-gracia-abre-las-puertas\/#primaryimage\",\"url\":\"https:\/\/lavostrallar.com\/noticias\/wp-content\/uploads\/2023\/04\/IMG-20210526-WA0014.jpg\",\"contentUrl\":\"https:\/\/lavostrallar.com\/noticias\/wp-content\/uploads\/2023\/04\/IMG-20210526-WA0014.jpg\",\"width\":1500,\"height\":1125,\"caption\":\"terraza residencia de ancianos\"},{\"@type\":\"BreadcrumbList\",\"@id\":\"https:\/\/lavostrallar.com\/noticias\/mayo-la-terraza-de-gracia-abre-las-puertas\/#breadcrumb\",\"itemListElement\":[{\"@type\":\"ListItem\",\"position\":1,\"name\":\"Portada\",\"item\":\"https:\/\/lavostrallar.com\/noticias\/\"},{\"@type\":\"ListItem\",\"position\":2,\"name\":\"Mayo: la terraza de la residencia de ancianos Gracia abre las puertas\"}]},{\"@type\":\"WebSite\",\"@id\":\"https:\/\/lavostrallar.com\/noticias\/#website\",\"url\":\"https:\/\/lavostrallar.com\/noticias\/\",\"name\":\"La Vostra Llar\",\"description\":\"La Vostra Llar gestiona resid\u00e8ncies geri\u00e0triques des de 1987 amb la missi\u00f3 d\u2019oferir assist\u00e8ncia personalitzada per estimular, acollir i atendre les persones grans amb qualsevol grau de depend\u00e8ncia.\",\"publisher\":{\"@id\":\"https:\/\/lavostrallar.com\/noticias\/#organization\"},\"potentialAction\":[{\"@type\":\"SearchAction\",\"target\":{\"@type\":\"EntryPoint\",\"urlTemplate\":\"https:\/\/lavostrallar.com\/noticias\/?s={search_term_string}\"},\"query-input\":{\"@type\":\"PropertyValueSpecification\",\"valueRequired\":true,\"valueName\":\"search_term_string\"}}],\"inLanguage\":\"ca\"},{\"@type\":\"Organization\",\"@id\":\"https:\/\/lavostrallar.com\/noticias\/#organization\",\"name\":\"La Vostra Llar\",\"url\":\"https:\/\/lavostrallar.com\/noticias\/\",\"logo\":{\"@type\":\"ImageObject\",\"inLanguage\":\"ca\",\"@id\":\"https:\/\/lavostrallar.com\/noticias\/#\/schema\/logo\/image\/\",\"url\":\"https:\/\/lavostrallar.com\/noticias\/wp-content\/uploads\/2021\/12\/logo_lavostrallar.png\",\"contentUrl\":\"https:\/\/lavostrallar.com\/noticias\/wp-content\/uploads\/2021\/12\/logo_lavostrallar.png\",\"width\":217,\"height\":109,\"caption\":\"La Vostra Llar\"},\"image\":{\"@id\":\"https:\/\/lavostrallar.com\/noticias\/#\/schema\/logo\/image\/\"},\"sameAs\":[\"https:\/\/www.facebook.com\/lavostra.llar\",\"https:\/\/x.com\/lavostrallar\",\"https:\/\/www.instagram.com\/lavostrallar\/\"]},{\"@type\":\"Person\",\"@id\":\"https:\/\/lavostrallar.com\/noticias\/#\/schema\/person\/98d190b96ca2625c1d1b620c5f85d524\",\"name\":\"lavostrallar Gracia\",\"image\":{\"@type\":\"ImageObject\",\"inLanguage\":\"ca\",\"@id\":\"https:\/\/lavostrallar.com\/noticias\/#\/schema\/person\/image\/\",\"url\":\"https:\/\/secure.gravatar.com\/avatar\/22e1dc84f9fddb4b1831e2289bde1824099c3c45d1caa39e81531ea2f7fb0212?s=96&d=mm&r=g\",\"contentUrl\":\"https:\/\/secure.gravatar.com\/avatar\/22e1dc84f9fddb4b1831e2289bde1824099c3c45d1caa39e81531ea2f7fb0212?s=96&d=mm&r=g\",\"caption\":\"lavostrallar Gracia\"},\"sameAs\":[\"lavostrallar\"],\"url\":\"https:\/\/lavostrallar.com\/noticias\/ca\/author\/lavostrallar-gracia\/\"}]}<\/script>\n<!-- \/ Yoast SEO plugin. -->","yoast_head_json":{"title":"La terraza de la residencia de ancianos abre sus puertas - Noticias La Vostra Llar","description":"Ha arribat el bon temps i amb ell comen\u00e7a la temporada alta de la terrassa de la resid\u00e8ncia La Vostra Llar Gr\u00e0cia de Barcelona","robots":{"index":"index","follow":"follow","max-snippet":"max-snippet:-1","max-image-preview":"max-image-preview:large","max-video-preview":"max-video-preview:-1"},"canonical":"https:\/\/lavostrallar.com\/noticias\/ca\/mayo-la-terraza-de-gracia-abre-las-puertas\/","og_locale":"ca_ES","og_type":"article","og_title":"La terraza de la residencia de ancianos abre sus puertas - Noticias La Vostra Llar","og_description":"Ha llegado el buen tiempo y con \u00e9l empieza la temporada alta de la terraza de la residencia La Vostra Llar Gr\u00e0cia de Barcelona","og_url":"https:\/\/lavostrallar.com\/noticias\/ca\/mayo-la-terraza-de-gracia-abre-las-puertas\/","og_site_name":"Noticias La Vostra Llar","article_publisher":"https:\/\/www.facebook.com\/lavostra.llar","article_published_time":"2023-04-26T09:07:58+00:00","article_modified_time":"2023-05-18T08:09:41+00:00","og_image":[{"width":1500,"height":1125,"url":"https:\/\/lavostrallar.com\/noticias\/wp-content\/uploads\/2023\/04\/IMG-20210526-WA0014.jpg","type":"image\/jpeg"}],"author":"lavostrallar Gracia","twitter_card":"summary_large_image","twitter_creator":"@lavostrallar","twitter_site":"@lavostrallar","twitter_misc":{"Escrit per":"lavostrallar Gracia","Temps estimat de lectura":"2 minuts"},"schema":{"@context":"https:\/\/schema.org","@graph":[{"@type":"Article","@id":"https:\/\/lavostrallar.com\/noticias\/mayo-la-terraza-de-gracia-abre-las-puertas\/#article","isPartOf":{"@id":"https:\/\/lavostrallar.com\/noticias\/mayo-la-terraza-de-gracia-abre-las-puertas\/"},"author":{"name":"lavostrallar Gracia","@id":"https:\/\/lavostrallar.com\/noticias\/#\/schema\/person\/98d190b96ca2625c1d1b620c5f85d524"},"headline":"Mayo: la terraza de la residencia de ancianos Gracia abre las puertas","datePublished":"2023-04-26T09:07:58+00:00","dateModified":"2023-05-18T08:09:41+00:00","mainEntityOfPage":{"@id":"https:\/\/lavostrallar.com\/noticias\/mayo-la-terraza-de-gracia-abre-las-puertas\/"},"wordCount":341,"publisher":{"@id":"https:\/\/lavostrallar.com\/noticias\/#organization"},"image":{"@id":"https:\/\/lavostrallar.com\/noticias\/mayo-la-terraza-de-gracia-abre-las-puertas\/#primaryimage"},"thumbnailUrl":"https:\/\/lavostrallar.com\/noticias\/wp-content\/uploads\/2023\/04\/IMG-20210526-WA0014.jpg","keywords":["Actividades para mayores","Residencias de ancianos"],"articleSection":["Noticias Gr\u00e0cia"],"inLanguage":"ca"},{"@type":"WebPage","@id":"https:\/\/lavostrallar.com\/noticias\/mayo-la-terraza-de-gracia-abre-las-puertas\/","url":"https:\/\/lavostrallar.com\/noticias\/mayo-la-terraza-de-gracia-abre-las-puertas\/","name":"La terraza de la residencia de ancianos abre sus puertas - Noticias La Vostra Llar","isPartOf":{"@id":"https:\/\/lavostrallar.com\/noticias\/#website"},"primaryImageOfPage":{"@id":"https:\/\/lavostrallar.com\/noticias\/mayo-la-terraza-de-gracia-abre-las-puertas\/#primaryimage"},"image":{"@id":"https:\/\/lavostrallar.com\/noticias\/mayo-la-terraza-de-gracia-abre-las-puertas\/#primaryimage"},"thumbnailUrl":"https:\/\/lavostrallar.com\/noticias\/wp-content\/uploads\/2023\/04\/IMG-20210526-WA0014.jpg","datePublished":"2023-04-26T09:07:58+00:00","dateModified":"2023-05-18T08:09:41+00:00","description":"Ha arribat el bon temps i amb ell comen\u00e7a la temporada alta de la terrassa de la resid\u00e8ncia La Vostra Llar Gr\u00e0cia de Barcelona","breadcrumb":{"@id":"https:\/\/lavostrallar.com\/noticias\/mayo-la-terraza-de-gracia-abre-las-puertas\/#breadcrumb"},"inLanguage":"ca","potentialAction":[{"@type":"ReadAction","target":["https:\/\/lavostrallar.com\/noticias\/mayo-la-terraza-de-gracia-abre-las-puertas\/"]}]},{"@type":"ImageObject","inLanguage":"ca","@id":"https:\/\/lavostrallar.com\/noticias\/mayo-la-terraza-de-gracia-abre-las-puertas\/#primaryimage","url":"https:\/\/lavostrallar.com\/noticias\/wp-content\/uploads\/2023\/04\/IMG-20210526-WA0014.jpg","contentUrl":"https:\/\/lavostrallar.com\/noticias\/wp-content\/uploads\/2023\/04\/IMG-20210526-WA0014.jpg","width":1500,"height":1125,"caption":"terraza residencia de ancianos"},{"@type":"BreadcrumbList","@id":"https:\/\/lavostrallar.com\/noticias\/mayo-la-terraza-de-gracia-abre-las-puertas\/#breadcrumb","itemListElement":[{"@type":"ListItem","position":1,"name":"Portada","item":"https:\/\/lavostrallar.com\/noticias\/"},{"@type":"ListItem","position":2,"name":"Mayo: la terraza de la residencia de ancianos Gracia abre las puertas"}]},{"@type":"WebSite","@id":"https:\/\/lavostrallar.com\/noticias\/#website","url":"https:\/\/lavostrallar.com\/noticias\/","name":"La Vostra Llar","description":"La Vostra Llar gestiona resid\u00e8ncies geri\u00e0triques des de 1987 amb la missi\u00f3 d\u2019oferir assist\u00e8ncia personalitzada per estimular, acollir i atendre les persones grans amb qualsevol grau de depend\u00e8ncia.","publisher":{"@id":"https:\/\/lavostrallar.com\/noticias\/#organization"},"potentialAction":[{"@type":"SearchAction","target":{"@type":"EntryPoint","urlTemplate":"https:\/\/lavostrallar.com\/noticias\/?s={search_term_string}"},"query-input":{"@type":"PropertyValueSpecification","valueRequired":true,"valueName":"search_term_string"}}],"inLanguage":"ca"},{"@type":"Organization","@id":"https:\/\/lavostrallar.com\/noticias\/#organization","name":"La Vostra Llar","url":"https:\/\/lavostrallar.com\/noticias\/","logo":{"@type":"ImageObject","inLanguage":"ca","@id":"https:\/\/lavostrallar.com\/noticias\/#\/schema\/logo\/image\/","url":"https:\/\/lavostrallar.com\/noticias\/wp-content\/uploads\/2021\/12\/logo_lavostrallar.png","contentUrl":"https:\/\/lavostrallar.com\/noticias\/wp-content\/uploads\/2021\/12\/logo_lavostrallar.png","width":217,"height":109,"caption":"La Vostra Llar"},"image":{"@id":"https:\/\/lavostrallar.com\/noticias\/#\/schema\/logo\/image\/"},"sameAs":["https:\/\/www.facebook.com\/lavostra.llar","https:\/\/x.com\/lavostrallar","https:\/\/www.instagram.com\/lavostrallar\/"]},{"@type":"Person","@id":"https:\/\/lavostrallar.com\/noticias\/#\/schema\/person\/98d190b96ca2625c1d1b620c5f85d524","name":"lavostrallar Gracia","image":{"@type":"ImageObject","inLanguage":"ca","@id":"https:\/\/lavostrallar.com\/noticias\/#\/schema\/person\/image\/","url":"https:\/\/secure.gravatar.com\/avatar\/22e1dc84f9fddb4b1831e2289bde1824099c3c45d1caa39e81531ea2f7fb0212?s=96&d=mm&r=g","contentUrl":"https:\/\/secure.gravatar.com\/avatar\/22e1dc84f9fddb4b1831e2289bde1824099c3c45d1caa39e81531ea2f7fb0212?s=96&d=mm&r=g","caption":"lavostrallar Gracia"},"sameAs":["lavostrallar"],"url":"https:\/\/lavostrallar.com\/noticias\/ca\/author\/lavostrallar-gracia\/"}]}},"_links":{"self":[{"href":"https:\/\/lavostrallar.com\/noticias\/ca\/wp-json\/wp\/v2\/posts\/24745","targetHints":{"allow":["GET"]}}],"collection":[{"href":"https:\/\/lavostrallar.com\/noticias\/ca\/wp-json\/wp\/v2\/posts"}],"about":[{"href":"https:\/\/lavostrallar.com\/noticias\/ca\/wp-json\/wp\/v2\/types\/post"}],"author":[{"embeddable":true,"href":"https:\/\/lavostrallar.com\/noticias\/ca\/wp-json\/wp\/v2\/users\/3"}],"replies":[{"embeddable":true,"href":"https:\/\/lavostrallar.com\/noticias\/ca\/wp-json\/wp\/v2\/comments?post=24745"}],"version-history":[{"count":5,"href":"https:\/\/lavostrallar.com\/noticias\/ca\/wp-json\/wp\/v2\/posts\/24745\/revisions"}],"predecessor-version":[{"id":24936,"href":"https:\/\/lavostrallar.com\/noticias\/ca\/wp-json\/wp\/v2\/posts\/24745\/revisions\/24936"}],"wp:featuredmedia":[{"embeddable":true,"href":"https:\/\/lavostrallar.com\/noticias\/ca\/wp-json\/wp\/v2\/media\/24746"}],"wp:attachment":[{"href":"https:\/\/lavostrallar.com\/noticias\/ca\/wp-json\/wp\/v2\/media?parent=24745"}],"wp:term":[{"taxonomy":"category","embeddable":true,"href":"https:\/\/lavostrallar.com\/noticias\/ca\/wp-json\/wp\/v2\/categories?post=24745"},{"taxonomy":"post_tag","embeddable":true,"href":"https:\/\/lavostrallar.com\/noticias\/ca\/wp-json\/wp\/v2\/tags?post=24745"}],"curies":[{"name":"wp","href":"https:\/\/api.w.org\/{rel}","templated":true}]}}