	{"id":24764,"date":"2023-04-26T14:34:37","date_gmt":"2023-04-26T14:34:37","guid":{"rendered":"https:\/\/lavostrallar.com\/?p=24764"},"modified":"2023-05-18T08:50:58","modified_gmt":"2023-05-18T08:50:58","slug":"a-buena-hora-venga-mayo-el-mejor-mes-de-todo-el-ano","status":"publish","type":"post","link":"https:\/\/lavostrallar.com\/noticias\/ca\/a-buena-hora-venga-mayo-el-mejor-mes-de-todo-el-ano\/","title":{"rendered":"A bona hora vingui maig, el millor mes de tot l'any a la resid\u00e8ncia"},"content":{"rendered":"<p class=\"translation-block\">Arriba el bon temps a la resid\u00e8ncia <strong><a href=\"https:\/\/lavostrallar.com\/ca\/residencia-reig\/\" target=\"_self\">La Vostra Llar Reig<\/a><\/strong>!<\/p>\n\n\n\n<p>Aquest mes podrem gaudir d'una arrossada popular el dia 18 de maig on ballarem, cantarem i gaudirem molt! A m\u00e9s, podrem disfrutar d'un apetit\u00f3s \"men\u00fa de l\u2019avi\" el primer dijous del mes, que consisteix en mel\u00f3 amb pernil, llom amb prunes i arr\u00f2s amb llet.<\/p>\n\n\n\n<h2 class=\"wp-block-heading has-medium-font-size\">Activitats a la resid\u00e8ncia de gent gran<\/h2>\n\n\n\n<p>Pel que fa refer\u00e8ncia a les activitats, comencem un <strong>projecte d'hort<\/strong> en el qual hem plantat enciams, tom\u00e0quets, violetes, orenga, menta, etc. El cuidem amb molt d'afecte. <\/p>\n\n\n\n<p>Tamb\u00e9 participem en el <strong>Projecte Abriga <\/strong>de l'ONG Vida significativa, el qual consisteix a teixir quadres de llana de diferents grand\u00e0ries per a poder finalment i amb ajuda de voluntaris, cosir mantes per a nens i adults en situaci\u00f3 de risc d'exclusi\u00f3 social. Per \u00faltim, seguim amb el projecte de <strong>trobades intergeneracionals<\/strong> amb adolescents del municipi.<\/p>\n\n\n\n<p>Tamb\u00e9, durem a terme activitats dirigides pels t\u00e8cnics en l'\u00e0mbit de la psicologia, la fisioter\u00e0pia, l'educaci\u00f3 social\u2026 sempre de la m\u00e0 dels millors professionals.<\/p>\n\n\n\n<p>Finalment, durem a terme les activitats externes de la resid\u00e8ncia com \u00e9s la ter\u00e0pia de gossos de <strong>ITCAN<\/strong>, <strong>ART transforma<\/strong> i el seu taller de \u00abM\u00fasica i dansa per l'oblit\u00bb\u2026 A part dels serveis de perruqueria i de reflexologia.<\/p>\n\n\n\n<p>El mes de maig, un mes ple d'activitats i projectes molt beneficiosos i divertits!<\/p>","protected":false},"excerpt":{"rendered":"<p>\u00a1Llega el buen tiempo en la residencia La Vostra Llar Reig! \u00a1Este mes podremos disfrutar de una \u00abarrossada\u00bb popular el d\u00eda 18 de mayo donde bailaremos, cantaremos y disfrutaremos mucho! Adem\u00e1s, podremos disfrutar de un apetitoso \u00abmen\u00fa de l&#8217;avi\u00bb el primer jueves del mes, que consiste en mel\u00f3n con jam\u00f3n, lomo con ciruelas y arroz [&hellip;]<\/p>","protected":false},"author":9,"featured_media":24765,"comment_status":"closed","ping_status":"closed","sticky":false,"template":"","format":"standard","meta":{"content-type":"","footnotes":""},"categories":[16],"tags":[69,9],"class_list":["post-24764","post","type-post","status-publish","format-standard","has-post-thumbnail","hentry","category-noticias-reig","tag-actividades-para-mayores","tag-residencias-de-ancianos"],"yoast_head":"<!-- This site is optimized with the Yoast SEO plugin v26.0 - https:\/\/yoast.com\/wordpress\/plugins\/seo\/ -->\n<title>Mayo en la residencia La Vostra Llar Reig - Noticias La Vostra Llar<\/title>\n<meta name=\"description\" content=\"\u00a1Este mes podremos disfrutar en la residencia de una arrozada popular el d\u00eda 18 de mayo donde bailaremos, cantaremos y disfrutaremos mucho!\" \/>\n<meta name=\"robots\" content=\"index, follow, max-snippet:-1, max-image-preview:large, max-video-preview:-1\" \/>\n<link rel=\"canonical\" href=\"https:\/\/lavostrallar.com\/noticias\/ca\/a-buena-hora-venga-mayo-el-mejor-mes-de-todo-el-ano\/\" \/>\n<meta property=\"og:locale\" content=\"ca_ES\" \/>\n<meta property=\"og:type\" content=\"article\" \/>\n<meta property=\"og:title\" content=\"Mayo en la residencia La Vostra Llar Reig - Noticias La Vostra Llar\" \/>\n<meta property=\"og:description\" content=\"\u00a1Este mes podremos disfrutar en la residencia de una arrozada popular el d\u00eda 18 de mayo donde bailaremos, cantaremos y disfrutaremos mucho!\" \/>\n<meta property=\"og:url\" content=\"https:\/\/lavostrallar.com\/noticias\/ca\/a-buena-hora-venga-mayo-el-mejor-mes-de-todo-el-ano\/\" \/>\n<meta property=\"og:site_name\" content=\"Noticias La Vostra Llar\" \/>\n<meta property=\"article:publisher\" content=\"https:\/\/www.facebook.com\/lavostra.llar\" \/>\n<meta property=\"article:published_time\" content=\"2023-04-26T14:34:37+00:00\" \/>\n<meta property=\"article:modified_time\" content=\"2023-05-18T08:50:58+00:00\" \/>\n<meta property=\"og:image\" content=\"https:\/\/lavostrallar.com\/noticias\/wp-content\/uploads\/2023\/04\/IMG-2924-scaled.jpg\" \/>\n\t<meta property=\"og:image:width\" content=\"2560\" \/>\n\t<meta property=\"og:image:height\" content=\"1920\" \/>\n\t<meta property=\"og:image:type\" content=\"image\/jpeg\" \/>\n<meta name=\"author\" content=\"lavostrallar reig\" \/>\n<meta name=\"twitter:card\" content=\"summary_large_image\" \/>\n<meta name=\"twitter:creator\" content=\"@lavostrallar\" \/>\n<meta name=\"twitter:site\" content=\"@lavostrallar\" \/>\n<meta name=\"twitter:label1\" content=\"Escrit per\" \/>\n\t<meta name=\"twitter:data1\" content=\"lavostrallar reig\" \/>\n\t<meta name=\"twitter:label2\" content=\"Temps estimat de lectura\" \/>\n\t<meta name=\"twitter:data2\" content=\"1 minut\" \/>\n<script type=\"application\/ld+json\" class=\"yoast-schema-graph\">{\"@context\":\"https:\/\/schema.org\",\"@graph\":[{\"@type\":\"Article\",\"@id\":\"https:\/\/lavostrallar.com\/noticias\/a-buena-hora-venga-mayo-el-mejor-mes-de-todo-el-ano\/#article\",\"isPartOf\":{\"@id\":\"https:\/\/lavostrallar.com\/noticias\/a-buena-hora-venga-mayo-el-mejor-mes-de-todo-el-ano\/\"},\"author\":{\"name\":\"lavostrallar reig\",\"@id\":\"https:\/\/lavostrallar.com\/noticias\/#\/schema\/person\/f0156d99ab81745b474496cb6568ce8c\"},\"headline\":\"A buena hora venga mayo, el mejor mes de todo el a\u00f1o en la residencia\",\"datePublished\":\"2023-04-26T14:34:37+00:00\",\"dateModified\":\"2023-05-18T08:50:58+00:00\",\"mainEntityOfPage\":{\"@id\":\"https:\/\/lavostrallar.com\/noticias\/a-buena-hora-venga-mayo-el-mejor-mes-de-todo-el-ano\/\"},\"wordCount\":264,\"publisher\":{\"@id\":\"https:\/\/lavostrallar.com\/noticias\/#organization\"},\"image\":{\"@id\":\"https:\/\/lavostrallar.com\/noticias\/a-buena-hora-venga-mayo-el-mejor-mes-de-todo-el-ano\/#primaryimage\"},\"thumbnailUrl\":\"https:\/\/lavostrallar.com\/noticias\/wp-content\/uploads\/2023\/04\/IMG-2924-scaled.jpg\",\"keywords\":[\"Actividades para mayores\",\"Residencias de ancianos\"],\"articleSection\":[\"Noticias Reig\"],\"inLanguage\":\"ca\"},{\"@type\":\"WebPage\",\"@id\":\"https:\/\/lavostrallar.com\/noticias\/a-buena-hora-venga-mayo-el-mejor-mes-de-todo-el-ano\/\",\"url\":\"https:\/\/lavostrallar.com\/noticias\/a-buena-hora-venga-mayo-el-mejor-mes-de-todo-el-ano\/\",\"name\":\"Mayo en la residencia La Vostra Llar Reig - Noticias La Vostra Llar\",\"isPartOf\":{\"@id\":\"https:\/\/lavostrallar.com\/noticias\/#website\"},\"primaryImageOfPage\":{\"@id\":\"https:\/\/lavostrallar.com\/noticias\/a-buena-hora-venga-mayo-el-mejor-mes-de-todo-el-ano\/#primaryimage\"},\"image\":{\"@id\":\"https:\/\/lavostrallar.com\/noticias\/a-buena-hora-venga-mayo-el-mejor-mes-de-todo-el-ano\/#primaryimage\"},\"thumbnailUrl\":\"https:\/\/lavostrallar.com\/noticias\/wp-content\/uploads\/2023\/04\/IMG-2924-scaled.jpg\",\"datePublished\":\"2023-04-26T14:34:37+00:00\",\"dateModified\":\"2023-05-18T08:50:58+00:00\",\"description\":\"\u00a1Este mes podremos disfrutar en la residencia de una arrozada popular el d\u00eda 18 de mayo donde bailaremos, cantaremos y disfrutaremos mucho!\",\"breadcrumb\":{\"@id\":\"https:\/\/lavostrallar.com\/noticias\/a-buena-hora-venga-mayo-el-mejor-mes-de-todo-el-ano\/#breadcrumb\"},\"inLanguage\":\"ca\",\"potentialAction\":[{\"@type\":\"ReadAction\",\"target\":[\"https:\/\/lavostrallar.com\/noticias\/a-buena-hora-venga-mayo-el-mejor-mes-de-todo-el-ano\/\"]}]},{\"@type\":\"ImageObject\",\"inLanguage\":\"ca\",\"@id\":\"https:\/\/lavostrallar.com\/noticias\/a-buena-hora-venga-mayo-el-mejor-mes-de-todo-el-ano\/#primaryimage\",\"url\":\"https:\/\/lavostrallar.com\/noticias\/wp-content\/uploads\/2023\/04\/IMG-2924-scaled.jpg\",\"contentUrl\":\"https:\/\/lavostrallar.com\/noticias\/wp-content\/uploads\/2023\/04\/IMG-2924-scaled.jpg\",\"width\":2560,\"height\":1920,\"caption\":\"residencia de ancianos\"},{\"@type\":\"BreadcrumbList\",\"@id\":\"https:\/\/lavostrallar.com\/noticias\/a-buena-hora-venga-mayo-el-mejor-mes-de-todo-el-ano\/#breadcrumb\",\"itemListElement\":[{\"@type\":\"ListItem\",\"position\":1,\"name\":\"Portada\",\"item\":\"https:\/\/lavostrallar.com\/noticias\/\"},{\"@type\":\"ListItem\",\"position\":2,\"name\":\"A buena hora venga mayo, el mejor mes de todo el a\u00f1o en la residencia\"}]},{\"@type\":\"WebSite\",\"@id\":\"https:\/\/lavostrallar.com\/noticias\/#website\",\"url\":\"https:\/\/lavostrallar.com\/noticias\/\",\"name\":\"La Vostra Llar\",\"description\":\"La Vostra Llar gestiona resid\u00e8ncies geri\u00e0triques des de 1987 amb la missi\u00f3 d\u2019oferir assist\u00e8ncia personalitzada per estimular, acollir i atendre les persones grans amb qualsevol grau de depend\u00e8ncia.\",\"publisher\":{\"@id\":\"https:\/\/lavostrallar.com\/noticias\/#organization\"},\"potentialAction\":[{\"@type\":\"SearchAction\",\"target\":{\"@type\":\"EntryPoint\",\"urlTemplate\":\"https:\/\/lavostrallar.com\/noticias\/?s={search_term_string}\"},\"query-input\":{\"@type\":\"PropertyValueSpecification\",\"valueRequired\":true,\"valueName\":\"search_term_string\"}}],\"inLanguage\":\"ca\"},{\"@type\":\"Organization\",\"@id\":\"https:\/\/lavostrallar.com\/noticias\/#organization\",\"name\":\"La Vostra Llar\",\"url\":\"https:\/\/lavostrallar.com\/noticias\/\",\"logo\":{\"@type\":\"ImageObject\",\"inLanguage\":\"ca\",\"@id\":\"https:\/\/lavostrallar.com\/noticias\/#\/schema\/logo\/image\/\",\"url\":\"https:\/\/lavostrallar.com\/noticias\/wp-content\/uploads\/2021\/12\/logo_lavostrallar.png\",\"contentUrl\":\"https:\/\/lavostrallar.com\/noticias\/wp-content\/uploads\/2021\/12\/logo_lavostrallar.png\",\"width\":217,\"height\":109,\"caption\":\"La Vostra Llar\"},\"image\":{\"@id\":\"https:\/\/lavostrallar.com\/noticias\/#\/schema\/logo\/image\/\"},\"sameAs\":[\"https:\/\/www.facebook.com\/lavostra.llar\",\"https:\/\/x.com\/lavostrallar\",\"https:\/\/www.instagram.com\/lavostrallar\/\"]},{\"@type\":\"Person\",\"@id\":\"https:\/\/lavostrallar.com\/noticias\/#\/schema\/person\/f0156d99ab81745b474496cb6568ce8c\",\"name\":\"lavostrallar reig\",\"image\":{\"@type\":\"ImageObject\",\"inLanguage\":\"ca\",\"@id\":\"https:\/\/lavostrallar.com\/noticias\/#\/schema\/person\/image\/\",\"url\":\"https:\/\/secure.gravatar.com\/avatar\/1bd7948849cba23f3fa24fb357a1b2098ef7bbf716e16675b91d0d85927cbd28?s=96&d=mm&r=g\",\"contentUrl\":\"https:\/\/secure.gravatar.com\/avatar\/1bd7948849cba23f3fa24fb357a1b2098ef7bbf716e16675b91d0d85927cbd28?s=96&d=mm&r=g\",\"caption\":\"lavostrallar reig\"},\"sameAs\":[\"lavostrallar\"],\"url\":\"https:\/\/lavostrallar.com\/noticias\/ca\/author\/lavostrallar-reig\/\"}]}<\/script>\n<!-- \/ Yoast SEO plugin. -->","yoast_head_json":{"title":"Mayo en la residencia La Vostra Llar Reig - Noticias La Vostra Llar","description":"Aquest mes podrem gaudir a la resid\u00e8ncia d\u00b4una arrossada popular el dia 18 de maig on ballarem, cantarem i gaudirem molt!","robots":{"index":"index","follow":"follow","max-snippet":"max-snippet:-1","max-image-preview":"max-image-preview:large","max-video-preview":"max-video-preview:-1"},"canonical":"https:\/\/lavostrallar.com\/noticias\/ca\/a-buena-hora-venga-mayo-el-mejor-mes-de-todo-el-ano\/","og_locale":"ca_ES","og_type":"article","og_title":"Mayo en la residencia La Vostra Llar Reig - Noticias La Vostra Llar","og_description":"\u00a1Este mes podremos disfrutar en la residencia de una arrozada popular el d\u00eda 18 de mayo donde bailaremos, cantaremos y disfrutaremos mucho!","og_url":"https:\/\/lavostrallar.com\/noticias\/ca\/a-buena-hora-venga-mayo-el-mejor-mes-de-todo-el-ano\/","og_site_name":"Noticias La Vostra Llar","article_publisher":"https:\/\/www.facebook.com\/lavostra.llar","article_published_time":"2023-04-26T14:34:37+00:00","article_modified_time":"2023-05-18T08:50:58+00:00","og_image":[{"width":2560,"height":1920,"url":"https:\/\/lavostrallar.com\/noticias\/wp-content\/uploads\/2023\/04\/IMG-2924-scaled.jpg","type":"image\/jpeg"}],"author":"lavostrallar reig","twitter_card":"summary_large_image","twitter_creator":"@lavostrallar","twitter_site":"@lavostrallar","twitter_misc":{"Escrit per":"lavostrallar reig","Temps estimat de lectura":"1 minut"},"schema":{"@context":"https:\/\/schema.org","@graph":[{"@type":"Article","@id":"https:\/\/lavostrallar.com\/noticias\/a-buena-hora-venga-mayo-el-mejor-mes-de-todo-el-ano\/#article","isPartOf":{"@id":"https:\/\/lavostrallar.com\/noticias\/a-buena-hora-venga-mayo-el-mejor-mes-de-todo-el-ano\/"},"author":{"name":"lavostrallar reig","@id":"https:\/\/lavostrallar.com\/noticias\/#\/schema\/person\/f0156d99ab81745b474496cb6568ce8c"},"headline":"A buena hora venga mayo, el mejor mes de todo el a\u00f1o en la residencia","datePublished":"2023-04-26T14:34:37+00:00","dateModified":"2023-05-18T08:50:58+00:00","mainEntityOfPage":{"@id":"https:\/\/lavostrallar.com\/noticias\/a-buena-hora-venga-mayo-el-mejor-mes-de-todo-el-ano\/"},"wordCount":264,"publisher":{"@id":"https:\/\/lavostrallar.com\/noticias\/#organization"},"image":{"@id":"https:\/\/lavostrallar.com\/noticias\/a-buena-hora-venga-mayo-el-mejor-mes-de-todo-el-ano\/#primaryimage"},"thumbnailUrl":"https:\/\/lavostrallar.com\/noticias\/wp-content\/uploads\/2023\/04\/IMG-2924-scaled.jpg","keywords":["Actividades para mayores","Residencias de ancianos"],"articleSection":["Noticias Reig"],"inLanguage":"ca"},{"@type":"WebPage","@id":"https:\/\/lavostrallar.com\/noticias\/a-buena-hora-venga-mayo-el-mejor-mes-de-todo-el-ano\/","url":"https:\/\/lavostrallar.com\/noticias\/a-buena-hora-venga-mayo-el-mejor-mes-de-todo-el-ano\/","name":"Mayo en la residencia La Vostra Llar Reig - Noticias La Vostra Llar","isPartOf":{"@id":"https:\/\/lavostrallar.com\/noticias\/#website"},"primaryImageOfPage":{"@id":"https:\/\/lavostrallar.com\/noticias\/a-buena-hora-venga-mayo-el-mejor-mes-de-todo-el-ano\/#primaryimage"},"image":{"@id":"https:\/\/lavostrallar.com\/noticias\/a-buena-hora-venga-mayo-el-mejor-mes-de-todo-el-ano\/#primaryimage"},"thumbnailUrl":"https:\/\/lavostrallar.com\/noticias\/wp-content\/uploads\/2023\/04\/IMG-2924-scaled.jpg","datePublished":"2023-04-26T14:34:37+00:00","dateModified":"2023-05-18T08:50:58+00:00","description":"Aquest mes podrem gaudir a la resid\u00e8ncia d\u00b4una arrossada popular el dia 18 de maig on ballarem, cantarem i gaudirem molt!","breadcrumb":{"@id":"https:\/\/lavostrallar.com\/noticias\/a-buena-hora-venga-mayo-el-mejor-mes-de-todo-el-ano\/#breadcrumb"},"inLanguage":"ca","potentialAction":[{"@type":"ReadAction","target":["https:\/\/lavostrallar.com\/noticias\/a-buena-hora-venga-mayo-el-mejor-mes-de-todo-el-ano\/"]}]},{"@type":"ImageObject","inLanguage":"ca","@id":"https:\/\/lavostrallar.com\/noticias\/a-buena-hora-venga-mayo-el-mejor-mes-de-todo-el-ano\/#primaryimage","url":"https:\/\/lavostrallar.com\/noticias\/wp-content\/uploads\/2023\/04\/IMG-2924-scaled.jpg","contentUrl":"https:\/\/lavostrallar.com\/noticias\/wp-content\/uploads\/2023\/04\/IMG-2924-scaled.jpg","width":2560,"height":1920,"caption":"residencia de ancianos"},{"@type":"BreadcrumbList","@id":"https:\/\/lavostrallar.com\/noticias\/a-buena-hora-venga-mayo-el-mejor-mes-de-todo-el-ano\/#breadcrumb","itemListElement":[{"@type":"ListItem","position":1,"name":"Portada","item":"https:\/\/lavostrallar.com\/noticias\/"},{"@type":"ListItem","position":2,"name":"A buena hora venga mayo, el mejor mes de todo el a\u00f1o en la residencia"}]},{"@type":"WebSite","@id":"https:\/\/lavostrallar.com\/noticias\/#website","url":"https:\/\/lavostrallar.com\/noticias\/","name":"La Vostra Llar","description":"La Vostra Llar gestiona resid\u00e8ncies geri\u00e0triques des de 1987 amb la missi\u00f3 d\u2019oferir assist\u00e8ncia personalitzada per estimular, acollir i atendre les persones grans amb qualsevol grau de depend\u00e8ncia.","publisher":{"@id":"https:\/\/lavostrallar.com\/noticias\/#organization"},"potentialAction":[{"@type":"SearchAction","target":{"@type":"EntryPoint","urlTemplate":"https:\/\/lavostrallar.com\/noticias\/?s={search_term_string}"},"query-input":{"@type":"PropertyValueSpecification","valueRequired":true,"valueName":"search_term_string"}}],"inLanguage":"ca"},{"@type":"Organization","@id":"https:\/\/lavostrallar.com\/noticias\/#organization","name":"La Vostra Llar","url":"https:\/\/lavostrallar.com\/noticias\/","logo":{"@type":"ImageObject","inLanguage":"ca","@id":"https:\/\/lavostrallar.com\/noticias\/#\/schema\/logo\/image\/","url":"https:\/\/lavostrallar.com\/noticias\/wp-content\/uploads\/2021\/12\/logo_lavostrallar.png","contentUrl":"https:\/\/lavostrallar.com\/noticias\/wp-content\/uploads\/2021\/12\/logo_lavostrallar.png","width":217,"height":109,"caption":"La Vostra Llar"},"image":{"@id":"https:\/\/lavostrallar.com\/noticias\/#\/schema\/logo\/image\/"},"sameAs":["https:\/\/www.facebook.com\/lavostra.llar","https:\/\/x.com\/lavostrallar","https:\/\/www.instagram.com\/lavostrallar\/"]},{"@type":"Person","@id":"https:\/\/lavostrallar.com\/noticias\/#\/schema\/person\/f0156d99ab81745b474496cb6568ce8c","name":"lavostrallar reig","image":{"@type":"ImageObject","inLanguage":"ca","@id":"https:\/\/lavostrallar.com\/noticias\/#\/schema\/person\/image\/","url":"https:\/\/secure.gravatar.com\/avatar\/1bd7948849cba23f3fa24fb357a1b2098ef7bbf716e16675b91d0d85927cbd28?s=96&d=mm&r=g","contentUrl":"https:\/\/secure.gravatar.com\/avatar\/1bd7948849cba23f3fa24fb357a1b2098ef7bbf716e16675b91d0d85927cbd28?s=96&d=mm&r=g","caption":"lavostrallar reig"},"sameAs":["lavostrallar"],"url":"https:\/\/lavostrallar.com\/noticias\/ca\/author\/lavostrallar-reig\/"}]}},"_links":{"self":[{"href":"https:\/\/lavostrallar.com\/noticias\/ca\/wp-json\/wp\/v2\/posts\/24764","targetHints":{"allow":["GET"]}}],"collection":[{"href":"https:\/\/lavostrallar.com\/noticias\/ca\/wp-json\/wp\/v2\/posts"}],"about":[{"href":"https:\/\/lavostrallar.com\/noticias\/ca\/wp-json\/wp\/v2\/types\/post"}],"author":[{"embeddable":true,"href":"https:\/\/lavostrallar.com\/noticias\/ca\/wp-json\/wp\/v2\/users\/9"}],"replies":[{"embeddable":true,"href":"https:\/\/lavostrallar.com\/noticias\/ca\/wp-json\/wp\/v2\/comments?post=24764"}],"version-history":[{"count":3,"href":"https:\/\/lavostrallar.com\/noticias\/ca\/wp-json\/wp\/v2\/posts\/24764\/revisions"}],"predecessor-version":[{"id":24942,"href":"https:\/\/lavostrallar.com\/noticias\/ca\/wp-json\/wp\/v2\/posts\/24764\/revisions\/24942"}],"wp:featuredmedia":[{"embeddable":true,"href":"https:\/\/lavostrallar.com\/noticias\/ca\/wp-json\/wp\/v2\/media\/24765"}],"wp:attachment":[{"href":"https:\/\/lavostrallar.com\/noticias\/ca\/wp-json\/wp\/v2\/media?parent=24764"}],"wp:term":[{"taxonomy":"category","embeddable":true,"href":"https:\/\/lavostrallar.com\/noticias\/ca\/wp-json\/wp\/v2\/categories?post=24764"},{"taxonomy":"post_tag","embeddable":true,"href":"https:\/\/lavostrallar.com\/noticias\/ca\/wp-json\/wp\/v2\/tags?post=24764"}],"curies":[{"name":"wp","href":"https:\/\/api.w.org\/{rel}","templated":true}]}}