	{"id":24768,"date":"2023-04-26T16:49:59","date_gmt":"2023-04-26T16:49:59","guid":{"rendered":"https:\/\/lavostrallar.com\/?p=24768"},"modified":"2023-05-18T10:05:22","modified_gmt":"2023-05-18T10:05:22","slug":"mayo-tiempo-de-terraza-y-solecito","status":"publish","type":"post","link":"https:\/\/lavostrallar.com\/noticias\/ca\/mayo-tiempo-de-terraza-y-solecito\/","title":{"rendered":"Maig, temps de terrassa i solet a la resid\u00e8ncia de gent gran"},"content":{"rendered":"<p>Ja comencem a sentir la caloreta de la primavera a <strong>la<a href=\"https:\/\/lavostrallar.com\/ca\/residencia-parcguell\/\"> residencia y centro de d\u00eda La Vostra Llar Parc G\u00fcell del Guinard\u00f3<\/a><\/strong>, per aix\u00f2 estem aprofitant al m\u00e0xim totes les estones que podem sortir a fer activitats a la terrassa. All\u00e0 ens trobareu si veniu de visita. <\/p>\n\n\n\n<p>Prenem el sol, llegim revistes, fem exercici, manualitats i moltes coses m\u00e9s.<\/p>\n\n\n\n<p>Despr\u00e9s de tot el moviment que vam tenir per Sant Jordi i la nostra meravellosa paradeta, tenim les piles carregades per a totes les activitats que ens esperen el mes de maig.<\/p>\n\n\n\n<p>Hem iniciat un nou projecte de voluntariat intergeneracional amb l'escola <strong>Liceo Castro de Pe\u00f1a<\/strong>, que se suma als altres dos que ja ten\u00edem en proc\u00e9s:<\/p>\n\n\n\n<ul class=\"wp-block-list\">\n<li><strong>Adopta un Abuelo<\/strong>: voluntaris que venen a passar l'estona i parlar amb els residents.<\/li>\n\n\n\n<li>Voluntariat de l'escola <strong>St Peter\u2019s School<\/strong>, en el qual una alumna ve els dimarts a la tarda a fer activitats amb nosaltres. A partir d'ara, tamb\u00e9 vindran grups de 6 o 7 joves els dimecres i dijous a les 17h per a ajudar-nos en les activitats, fer-nos companyia i conversar amb totes nosaltres.<\/li>\n<\/ul>\n\n\n\n<h2 class=\"wp-block-heading has-medium-font-size\">M\u00e9s activitats a la resid\u00e8ncia de gent gran<\/h2>\n\n\n\n<p>A part de les novetats, seguim amb el taller de m\u00fasica tots els divendres a les 11h, i tampoc pot faltar la missa entre les nostres activitats. Els dijous dia 11 i 25 tindrem tamb\u00e9 ter\u00e0pia amb gossos. A m\u00e9s, el taller de lectura es far\u00e0 els dilluns a les 17h i els dijous a les 12h.<\/p>\n\n\n\n<p>Com sempre, seguim les sessions de fisioter\u00e0pia individuals i grupals per mantenir-nos en forma, i amb tallers d'estimulaci\u00f3 sensorial, cognitiva, bingo, lectura de revistes i debat, tallers art\u00edstics i molt m\u00e9s.<\/p>\n\n\n\n<p>El menjar tamb\u00e9 \u00e9s molt important per a nosaltres, per aix\u00f2, el dimarts dia 24 gaudirem de la meravellosa <strong>paellada popular<\/strong>, farem una gran festa, veurem com es cuina la paella i sobretot, gaudirem menjant-la. Finalment, el dimarts 30 celebrarem els aniversaris de les nostres residents nascudes al maig!<\/p>\n\n\n\n<p>Aprofitem que encara no fa gaire calor, i estem al m\u00e0xim d'activitats! Gr\u00e0cies a tots\/es per ser-hi!<\/p>","protected":false},"excerpt":{"rendered":"<p>Ya empezamos a sentir el calorcito de la primavera en la residencia y centro de d\u00eda La Vostra Llar Parc G\u00fcell del Guinard\u00f3, por eso estamos aprovechando al m\u00e1ximo todos los ratos que podemos salir a hacer actividades en la terraza, all\u00ed nos encontrar\u00e9is si ven\u00eds de visita. Tomamos el sol, leemos revistas, hacemos ejercicio, [&hellip;]<\/p>","protected":false},"author":7,"featured_media":24769,"comment_status":"closed","ping_status":"closed","sticky":false,"template":"","format":"standard","meta":{"content-type":"","footnotes":""},"categories":[27],"tags":[69,21,9],"class_list":["post-24768","post","type-post","status-publish","format-standard","has-post-thumbnail","hentry","category-noticias-guell","tag-actividades-para-mayores","tag-atencion-centrada-en-la-persona","tag-residencias-de-ancianos"],"yoast_head":"<!-- This site is optimized with the Yoast SEO plugin v26.0 - https:\/\/yoast.com\/wordpress\/plugins\/seo\/ -->\n<title>Mayo en la residencia de ancianos Parc G\u00fcell - Noticias La Vostra Llar<\/title>\n<meta name=\"description\" content=\"Aprovechamos que todav\u00eda no hace mucho calor, \u00a1y estamos a tope de actividades! \u00a1Gracias a todos\/as por estar ah\u00ed!\" \/>\n<meta name=\"robots\" content=\"index, follow, max-snippet:-1, max-image-preview:large, max-video-preview:-1\" \/>\n<link rel=\"canonical\" href=\"https:\/\/lavostrallar.com\/noticias\/ca\/mayo-tiempo-de-terraza-y-solecito\/\" \/>\n<meta property=\"og:locale\" content=\"ca_ES\" \/>\n<meta property=\"og:type\" content=\"article\" \/>\n<meta property=\"og:title\" content=\"Mayo en la residencia de ancianos Parc G\u00fcell - Noticias La Vostra Llar\" \/>\n<meta property=\"og:description\" content=\"Aprovechamos que todav\u00eda no hace mucho calor, \u00a1y estamos a tope de actividades! \u00a1Gracias a todos\/as por estar ah\u00ed!\" \/>\n<meta property=\"og:url\" content=\"https:\/\/lavostrallar.com\/noticias\/ca\/mayo-tiempo-de-terraza-y-solecito\/\" \/>\n<meta property=\"og:site_name\" content=\"Noticias La Vostra Llar\" \/>\n<meta property=\"article:publisher\" content=\"https:\/\/www.facebook.com\/lavostra.llar\" \/>\n<meta property=\"article:published_time\" content=\"2023-04-26T16:49:59+00:00\" \/>\n<meta property=\"article:modified_time\" content=\"2023-05-18T10:05:22+00:00\" \/>\n<meta property=\"og:image\" content=\"https:\/\/lavostrallar.com\/noticias\/wp-content\/uploads\/2023\/04\/338001763_235977915554118_5098753757117412044_n.jpg\" \/>\n\t<meta property=\"og:image:width\" content=\"2048\" \/>\n\t<meta property=\"og:image:height\" content=\"1642\" \/>\n\t<meta property=\"og:image:type\" content=\"image\/jpeg\" \/>\n<meta name=\"author\" content=\"lavostrallar parcguell\" \/>\n<meta name=\"twitter:card\" content=\"summary_large_image\" \/>\n<meta name=\"twitter:creator\" content=\"@lavostrallar\" \/>\n<meta name=\"twitter:site\" content=\"@lavostrallar\" \/>\n<meta name=\"twitter:label1\" content=\"Escrit per\" \/>\n\t<meta name=\"twitter:data1\" content=\"lavostrallar parcguell\" \/>\n\t<meta name=\"twitter:label2\" content=\"Temps estimat de lectura\" \/>\n\t<meta name=\"twitter:data2\" content=\"2 minuts\" \/>\n<script type=\"application\/ld+json\" class=\"yoast-schema-graph\">{\"@context\":\"https:\/\/schema.org\",\"@graph\":[{\"@type\":\"Article\",\"@id\":\"https:\/\/lavostrallar.com\/noticias\/ca\/mayo-tiempo-de-terraza-y-solecito\/#article\",\"isPartOf\":{\"@id\":\"https:\/\/lavostrallar.com\/noticias\/ca\/mayo-tiempo-de-terraza-y-solecito\/\"},\"author\":{\"name\":\"lavostrallar parcguell\",\"@id\":\"https:\/\/lavostrallar.com\/noticias\/#\/schema\/person\/c9d943fd898d65208f8071af897f2e38\"},\"headline\":\"Mayo, tiempo de terraza y solecito en la residencia de ancianos\",\"datePublished\":\"2023-04-26T16:49:59+00:00\",\"dateModified\":\"2023-05-18T10:05:22+00:00\",\"mainEntityOfPage\":{\"@id\":\"https:\/\/lavostrallar.com\/noticias\/ca\/mayo-tiempo-de-terraza-y-solecito\/\"},\"wordCount\":383,\"publisher\":{\"@id\":\"https:\/\/lavostrallar.com\/noticias\/#organization\"},\"image\":{\"@id\":\"https:\/\/lavostrallar.com\/noticias\/ca\/mayo-tiempo-de-terraza-y-solecito\/#primaryimage\"},\"thumbnailUrl\":\"https:\/\/lavostrallar.com\/noticias\/wp-content\/uploads\/2023\/04\/338001763_235977915554118_5098753757117412044_n.jpg\",\"keywords\":[\"Actividades para mayores\",\"Atenci\u00f3n centrada en la persona\",\"Residencias de ancianos\"],\"articleSection\":[\"Noticias Parc G\u00fcell\"],\"inLanguage\":\"ca\"},{\"@type\":\"WebPage\",\"@id\":\"https:\/\/lavostrallar.com\/noticias\/ca\/mayo-tiempo-de-terraza-y-solecito\/\",\"url\":\"https:\/\/lavostrallar.com\/noticias\/ca\/mayo-tiempo-de-terraza-y-solecito\/\",\"name\":\"Mayo en la residencia de ancianos Parc G\u00fcell - Noticias La Vostra Llar\",\"isPartOf\":{\"@id\":\"https:\/\/lavostrallar.com\/noticias\/#website\"},\"primaryImageOfPage\":{\"@id\":\"https:\/\/lavostrallar.com\/noticias\/ca\/mayo-tiempo-de-terraza-y-solecito\/#primaryimage\"},\"image\":{\"@id\":\"https:\/\/lavostrallar.com\/noticias\/ca\/mayo-tiempo-de-terraza-y-solecito\/#primaryimage\"},\"thumbnailUrl\":\"https:\/\/lavostrallar.com\/noticias\/wp-content\/uploads\/2023\/04\/338001763_235977915554118_5098753757117412044_n.jpg\",\"datePublished\":\"2023-04-26T16:49:59+00:00\",\"dateModified\":\"2023-05-18T10:05:22+00:00\",\"description\":\"Aprovechamos que todav\u00eda no hace mucho calor, \u00a1y estamos a tope de actividades! \u00a1Gracias a todos\/as por estar ah\u00ed!\",\"breadcrumb\":{\"@id\":\"https:\/\/lavostrallar.com\/noticias\/ca\/mayo-tiempo-de-terraza-y-solecito\/#breadcrumb\"},\"inLanguage\":\"ca\",\"potentialAction\":[{\"@type\":\"ReadAction\",\"target\":[\"https:\/\/lavostrallar.com\/noticias\/ca\/mayo-tiempo-de-terraza-y-solecito\/\"]}]},{\"@type\":\"ImageObject\",\"inLanguage\":\"ca\",\"@id\":\"https:\/\/lavostrallar.com\/noticias\/ca\/mayo-tiempo-de-terraza-y-solecito\/#primaryimage\",\"url\":\"https:\/\/lavostrallar.com\/noticias\/wp-content\/uploads\/2023\/04\/338001763_235977915554118_5098753757117412044_n.jpg\",\"contentUrl\":\"https:\/\/lavostrallar.com\/noticias\/wp-content\/uploads\/2023\/04\/338001763_235977915554118_5098753757117412044_n.jpg\",\"width\":2048,\"height\":1642,\"caption\":\"residencia de ancianos\"},{\"@type\":\"BreadcrumbList\",\"@id\":\"https:\/\/lavostrallar.com\/noticias\/ca\/mayo-tiempo-de-terraza-y-solecito\/#breadcrumb\",\"itemListElement\":[{\"@type\":\"ListItem\",\"position\":1,\"name\":\"Portada\",\"item\":\"https:\/\/lavostrallar.com\/noticias\/\"},{\"@type\":\"ListItem\",\"position\":2,\"name\":\"Mayo, tiempo de terraza y solecito en la residencia de ancianos\"}]},{\"@type\":\"WebSite\",\"@id\":\"https:\/\/lavostrallar.com\/noticias\/#website\",\"url\":\"https:\/\/lavostrallar.com\/noticias\/\",\"name\":\"La Vostra Llar\",\"description\":\"La Vostra Llar gestiona resid\u00e8ncies geri\u00e0triques des de 1987 amb la missi\u00f3 d\u2019oferir assist\u00e8ncia personalitzada per estimular, acollir i atendre les persones grans amb qualsevol grau de depend\u00e8ncia.\",\"publisher\":{\"@id\":\"https:\/\/lavostrallar.com\/noticias\/#organization\"},\"potentialAction\":[{\"@type\":\"SearchAction\",\"target\":{\"@type\":\"EntryPoint\",\"urlTemplate\":\"https:\/\/lavostrallar.com\/noticias\/?s={search_term_string}\"},\"query-input\":{\"@type\":\"PropertyValueSpecification\",\"valueRequired\":true,\"valueName\":\"search_term_string\"}}],\"inLanguage\":\"ca\"},{\"@type\":\"Organization\",\"@id\":\"https:\/\/lavostrallar.com\/noticias\/#organization\",\"name\":\"La Vostra Llar\",\"url\":\"https:\/\/lavostrallar.com\/noticias\/\",\"logo\":{\"@type\":\"ImageObject\",\"inLanguage\":\"ca\",\"@id\":\"https:\/\/lavostrallar.com\/noticias\/#\/schema\/logo\/image\/\",\"url\":\"https:\/\/lavostrallar.com\/noticias\/wp-content\/uploads\/2021\/12\/logo_lavostrallar.png\",\"contentUrl\":\"https:\/\/lavostrallar.com\/noticias\/wp-content\/uploads\/2021\/12\/logo_lavostrallar.png\",\"width\":217,\"height\":109,\"caption\":\"La Vostra Llar\"},\"image\":{\"@id\":\"https:\/\/lavostrallar.com\/noticias\/#\/schema\/logo\/image\/\"},\"sameAs\":[\"https:\/\/www.facebook.com\/lavostra.llar\",\"https:\/\/x.com\/lavostrallar\",\"https:\/\/www.instagram.com\/lavostrallar\/\"]},{\"@type\":\"Person\",\"@id\":\"https:\/\/lavostrallar.com\/noticias\/#\/schema\/person\/c9d943fd898d65208f8071af897f2e38\",\"name\":\"lavostrallar parcguell\",\"image\":{\"@type\":\"ImageObject\",\"inLanguage\":\"ca\",\"@id\":\"https:\/\/lavostrallar.com\/noticias\/#\/schema\/person\/image\/\",\"url\":\"https:\/\/secure.gravatar.com\/avatar\/beba5c1ab148a56662695e5000793b5d123c998d3f4606baa65b4bf394dbb680?s=96&d=mm&r=g\",\"contentUrl\":\"https:\/\/secure.gravatar.com\/avatar\/beba5c1ab148a56662695e5000793b5d123c998d3f4606baa65b4bf394dbb680?s=96&d=mm&r=g\",\"caption\":\"lavostrallar parcguell\"},\"url\":\"https:\/\/lavostrallar.com\/noticias\/ca\/author\/lavostrallar-parcguell\/\"}]}<\/script>\n<!-- \/ Yoast SEO plugin. -->","yoast_head_json":{"title":"Mayo en la residencia de ancianos Parc G\u00fcell - Noticias La Vostra Llar","description":"Aprofitem que encara no fa gaire calor, i estem al m\u00e0xim d'activitats! Gr\u00e0cies a tots\/es per ser-hi!","robots":{"index":"index","follow":"follow","max-snippet":"max-snippet:-1","max-image-preview":"max-image-preview:large","max-video-preview":"max-video-preview:-1"},"canonical":"https:\/\/lavostrallar.com\/noticias\/ca\/mayo-tiempo-de-terraza-y-solecito\/","og_locale":"ca_ES","og_type":"article","og_title":"Mayo en la residencia de ancianos Parc G\u00fcell - Noticias La Vostra Llar","og_description":"Aprovechamos que todav\u00eda no hace mucho calor, \u00a1y estamos a tope de actividades! \u00a1Gracias a todos\/as por estar ah\u00ed!","og_url":"https:\/\/lavostrallar.com\/noticias\/ca\/mayo-tiempo-de-terraza-y-solecito\/","og_site_name":"Noticias La Vostra Llar","article_publisher":"https:\/\/www.facebook.com\/lavostra.llar","article_published_time":"2023-04-26T16:49:59+00:00","article_modified_time":"2023-05-18T10:05:22+00:00","og_image":[{"width":2048,"height":1642,"url":"https:\/\/lavostrallar.com\/noticias\/wp-content\/uploads\/2023\/04\/338001763_235977915554118_5098753757117412044_n.jpg","type":"image\/jpeg"}],"author":"lavostrallar parcguell","twitter_card":"summary_large_image","twitter_creator":"@lavostrallar","twitter_site":"@lavostrallar","twitter_misc":{"Escrit per":"lavostrallar parcguell","Temps estimat de lectura":"2 minuts"},"schema":{"@context":"https:\/\/schema.org","@graph":[{"@type":"Article","@id":"https:\/\/lavostrallar.com\/noticias\/ca\/mayo-tiempo-de-terraza-y-solecito\/#article","isPartOf":{"@id":"https:\/\/lavostrallar.com\/noticias\/ca\/mayo-tiempo-de-terraza-y-solecito\/"},"author":{"name":"lavostrallar parcguell","@id":"https:\/\/lavostrallar.com\/noticias\/#\/schema\/person\/c9d943fd898d65208f8071af897f2e38"},"headline":"Mayo, tiempo de terraza y solecito en la residencia de ancianos","datePublished":"2023-04-26T16:49:59+00:00","dateModified":"2023-05-18T10:05:22+00:00","mainEntityOfPage":{"@id":"https:\/\/lavostrallar.com\/noticias\/ca\/mayo-tiempo-de-terraza-y-solecito\/"},"wordCount":383,"publisher":{"@id":"https:\/\/lavostrallar.com\/noticias\/#organization"},"image":{"@id":"https:\/\/lavostrallar.com\/noticias\/ca\/mayo-tiempo-de-terraza-y-solecito\/#primaryimage"},"thumbnailUrl":"https:\/\/lavostrallar.com\/noticias\/wp-content\/uploads\/2023\/04\/338001763_235977915554118_5098753757117412044_n.jpg","keywords":["Actividades para mayores","Atenci\u00f3n centrada en la persona","Residencias de ancianos"],"articleSection":["Noticias Parc G\u00fcell"],"inLanguage":"ca"},{"@type":"WebPage","@id":"https:\/\/lavostrallar.com\/noticias\/ca\/mayo-tiempo-de-terraza-y-solecito\/","url":"https:\/\/lavostrallar.com\/noticias\/ca\/mayo-tiempo-de-terraza-y-solecito\/","name":"Mayo en la residencia de ancianos Parc G\u00fcell - Noticias La Vostra Llar","isPartOf":{"@id":"https:\/\/lavostrallar.com\/noticias\/#website"},"primaryImageOfPage":{"@id":"https:\/\/lavostrallar.com\/noticias\/ca\/mayo-tiempo-de-terraza-y-solecito\/#primaryimage"},"image":{"@id":"https:\/\/lavostrallar.com\/noticias\/ca\/mayo-tiempo-de-terraza-y-solecito\/#primaryimage"},"thumbnailUrl":"https:\/\/lavostrallar.com\/noticias\/wp-content\/uploads\/2023\/04\/338001763_235977915554118_5098753757117412044_n.jpg","datePublished":"2023-04-26T16:49:59+00:00","dateModified":"2023-05-18T10:05:22+00:00","description":"Aprofitem que encara no fa gaire calor, i estem al m\u00e0xim d'activitats! Gr\u00e0cies a tots\/es per ser-hi!","breadcrumb":{"@id":"https:\/\/lavostrallar.com\/noticias\/ca\/mayo-tiempo-de-terraza-y-solecito\/#breadcrumb"},"inLanguage":"ca","potentialAction":[{"@type":"ReadAction","target":["https:\/\/lavostrallar.com\/noticias\/ca\/mayo-tiempo-de-terraza-y-solecito\/"]}]},{"@type":"ImageObject","inLanguage":"ca","@id":"https:\/\/lavostrallar.com\/noticias\/ca\/mayo-tiempo-de-terraza-y-solecito\/#primaryimage","url":"https:\/\/lavostrallar.com\/noticias\/wp-content\/uploads\/2023\/04\/338001763_235977915554118_5098753757117412044_n.jpg","contentUrl":"https:\/\/lavostrallar.com\/noticias\/wp-content\/uploads\/2023\/04\/338001763_235977915554118_5098753757117412044_n.jpg","width":2048,"height":1642,"caption":"residencia de ancianos"},{"@type":"BreadcrumbList","@id":"https:\/\/lavostrallar.com\/noticias\/ca\/mayo-tiempo-de-terraza-y-solecito\/#breadcrumb","itemListElement":[{"@type":"ListItem","position":1,"name":"Portada","item":"https:\/\/lavostrallar.com\/noticias\/"},{"@type":"ListItem","position":2,"name":"Mayo, tiempo de terraza y solecito en la residencia de ancianos"}]},{"@type":"WebSite","@id":"https:\/\/lavostrallar.com\/noticias\/#website","url":"https:\/\/lavostrallar.com\/noticias\/","name":"La Vostra Llar","description":"La Vostra Llar gestiona resid\u00e8ncies geri\u00e0triques des de 1987 amb la missi\u00f3 d\u2019oferir assist\u00e8ncia personalitzada per estimular, acollir i atendre les persones grans amb qualsevol grau de depend\u00e8ncia.","publisher":{"@id":"https:\/\/lavostrallar.com\/noticias\/#organization"},"potentialAction":[{"@type":"SearchAction","target":{"@type":"EntryPoint","urlTemplate":"https:\/\/lavostrallar.com\/noticias\/?s={search_term_string}"},"query-input":{"@type":"PropertyValueSpecification","valueRequired":true,"valueName":"search_term_string"}}],"inLanguage":"ca"},{"@type":"Organization","@id":"https:\/\/lavostrallar.com\/noticias\/#organization","name":"La Vostra Llar","url":"https:\/\/lavostrallar.com\/noticias\/","logo":{"@type":"ImageObject","inLanguage":"ca","@id":"https:\/\/lavostrallar.com\/noticias\/#\/schema\/logo\/image\/","url":"https:\/\/lavostrallar.com\/noticias\/wp-content\/uploads\/2021\/12\/logo_lavostrallar.png","contentUrl":"https:\/\/lavostrallar.com\/noticias\/wp-content\/uploads\/2021\/12\/logo_lavostrallar.png","width":217,"height":109,"caption":"La Vostra Llar"},"image":{"@id":"https:\/\/lavostrallar.com\/noticias\/#\/schema\/logo\/image\/"},"sameAs":["https:\/\/www.facebook.com\/lavostra.llar","https:\/\/x.com\/lavostrallar","https:\/\/www.instagram.com\/lavostrallar\/"]},{"@type":"Person","@id":"https:\/\/lavostrallar.com\/noticias\/#\/schema\/person\/c9d943fd898d65208f8071af897f2e38","name":"lavostrallar parcguell","image":{"@type":"ImageObject","inLanguage":"ca","@id":"https:\/\/lavostrallar.com\/noticias\/#\/schema\/person\/image\/","url":"https:\/\/secure.gravatar.com\/avatar\/beba5c1ab148a56662695e5000793b5d123c998d3f4606baa65b4bf394dbb680?s=96&d=mm&r=g","contentUrl":"https:\/\/secure.gravatar.com\/avatar\/beba5c1ab148a56662695e5000793b5d123c998d3f4606baa65b4bf394dbb680?s=96&d=mm&r=g","caption":"lavostrallar parcguell"},"url":"https:\/\/lavostrallar.com\/noticias\/ca\/author\/lavostrallar-parcguell\/"}]}},"_links":{"self":[{"href":"https:\/\/lavostrallar.com\/noticias\/ca\/wp-json\/wp\/v2\/posts\/24768","targetHints":{"allow":["GET"]}}],"collection":[{"href":"https:\/\/lavostrallar.com\/noticias\/ca\/wp-json\/wp\/v2\/posts"}],"about":[{"href":"https:\/\/lavostrallar.com\/noticias\/ca\/wp-json\/wp\/v2\/types\/post"}],"author":[{"embeddable":true,"href":"https:\/\/lavostrallar.com\/noticias\/ca\/wp-json\/wp\/v2\/users\/7"}],"replies":[{"embeddable":true,"href":"https:\/\/lavostrallar.com\/noticias\/ca\/wp-json\/wp\/v2\/comments?post=24768"}],"version-history":[{"count":5,"href":"https:\/\/lavostrallar.com\/noticias\/ca\/wp-json\/wp\/v2\/posts\/24768\/revisions"}],"predecessor-version":[{"id":24944,"href":"https:\/\/lavostrallar.com\/noticias\/ca\/wp-json\/wp\/v2\/posts\/24768\/revisions\/24944"}],"wp:featuredmedia":[{"embeddable":true,"href":"https:\/\/lavostrallar.com\/noticias\/ca\/wp-json\/wp\/v2\/media\/24769"}],"wp:attachment":[{"href":"https:\/\/lavostrallar.com\/noticias\/ca\/wp-json\/wp\/v2\/media?parent=24768"}],"wp:term":[{"taxonomy":"category","embeddable":true,"href":"https:\/\/lavostrallar.com\/noticias\/ca\/wp-json\/wp\/v2\/categories?post=24768"},{"taxonomy":"post_tag","embeddable":true,"href":"https:\/\/lavostrallar.com\/noticias\/ca\/wp-json\/wp\/v2\/tags?post=24768"}],"curies":[{"name":"wp","href":"https:\/\/api.w.org\/{rel}","templated":true}]}}