	{"id":24888,"date":"2023-05-26T10:24:31","date_gmt":"2023-05-26T10:24:31","guid":{"rendered":"https:\/\/lavostrallar.com\/?p=24888"},"modified":"2023-06-12T14:17:15","modified_gmt":"2023-06-12T14:17:15","slug":"todo-a-punto-para-la-verbena-de-san-juan-en-la-vostra-llar-blanes","status":"publish","type":"post","link":"https:\/\/lavostrallar.com\/noticias\/ca\/todo-a-punto-para-la-verbena-de-san-juan-en-la-vostra-llar-blanes\/","title":{"rendered":"Tot a punt per a la revetlla de Sant Joan a la resid\u00e8ncia La Vostra Llar Blanes"},"content":{"rendered":"<p>El primer dijous de mes celebrarem el \u201cMen\u00fa de l'\u00e0vi\u201d. En aquesta ocasi\u00f3, els nostres residents han triat com a primer plat esqueixada de bacall\u00e0; de segon, dur\u00edcies a la madrilenya i per postres profiterols.<\/p>\n\n\n\n<p class=\"translation-block\">Cada quinze dies, dimarts al mat\u00ed, continuarem gaudint de la ter\u00e0pia assistida amb gossos a trav\u00e9s dels professionals d'<a href=\"https:\/\/www.itcan.cat\/\" target=\"_blank\" rel=\"noreferrer noopener\">ITCAN, Intervencions Assistides amb Gos<\/a>. \nFomentarem l\u00b4activitat f\u00edsica, treballarem l\u2019estimulaci\u00f3 cognitiva i sensorial, afavorirem l\u2019expressi\u00f3 d\u2019emocions i refor\u00e7arem la comunicaci\u00f3 afectiva i l\u00fadica.<\/p>\n\n\n\n<h2 class=\"wp-block-heading has-text-align-center has-luminous-vivid-orange-color has-text-color\" style=\"font-size:17px\"><a href=\"https:\/\/lavostrallar.com\/ca\/residencia-blanes\/\">Descobreix m\u00e9s sobre la resid\u00e8ncia de gent gran a Blanes <\/a><\/h2>\n\n\n\n<p class=\"translation-block\">Els dimecres a la tarda seguirem compartint sessions participatives de m\u00fasica, moviment i creativitat amb les sessions de \u201cM\u00fasica per a l'oblit\u201d d'<a href=\"http:\/\/artransforma.org\/art\/\" target=\"_blank\" rel=\"noreferrer noopener\">ARTransforma<\/a>. Compartirem activitats, jocs, petits concerts, sons, improvisaci\u00f3, can\u00e7ons, moviment\u2026 fomentant l'autonomia, la presa de decisions, la interacci\u00f3 i l'aprenentatge.<\/p>\n\n\n\n<p>L'equip t\u00e8cnic multidisciplinar ha preparat tallers grupals tant de gimn\u00e0stica com d'activitats cognitives, motricitat, mem\u00f2ria, atenci\u00f3... Realitzarem sortides terap\u00e8utiques dues vegades per setmana per mantenir-nos en contacte amb l'entorn, exercitar la ment i viure noves experi\u00e8ncies amb amics, companys i ve\u00efns de Blanes.<\/p>\n\n\n\n<h2 class=\"wp-block-heading has-medium-font-size\">M\u00e9s activitats a la resid\u00e8ncia de gent gran<\/h2>\n\n\n\n<p class=\"translation-block\">Al juny, com a activitat especial, farem un taller de preparaci\u00f3 de <em>smoothies<\/em>, batuts elaborats a base de sucs i trossos de fruita natural que ens ompliran d'energia per celebrar la revetlla de Sant Joan. El dilluns 19 de juny al mat\u00ed comptarem amb l\u2019actuaci\u00f3 musical de Marc Anglarill, que ens far\u00e0 ballar al ritme de balades i pasdobles, i omplir\u00e0 de ritme la nostra festa.<\/p>\n\n\n\n<p class=\"translation-block\">Continuarem gaudint de trobades intergeneracionals amb la visita dels alumnes de l'<a href=\"https:\/\/agora.xtec.cat\/ins-sagulla\/\" target=\"_blank\" rel=\"noreferrer noopener\">Institut S\u2019Agulla<\/a>. Compartirem tardes de jocs, m\u00fasica i confid\u00e8ncies en un espai de conviv\u00e8ncia que ens permetr\u00e0 fomentar el coneixement mutu.<\/p>\n\n\n\n<p class=\"translation-block\">Ensenyarem als joves les peces de roba que estem teixint per a persones en situacions de vulnerabilitat a trav\u00e9s del Projecte Abriga de l'organitzaci\u00f3 sense \u00e0nim de lucre <a href=\"https:\/\/www.vidasignificativa.org\/\" target=\"_blank\" rel=\"noreferrer noopener\">Vida Significativa<\/a>. Estem teixint roba a ganxet per crear mantes de forma col\u00b7lectiva, una activitat que fa sentir els nostres grans part\u00edcips d'una important iniciativa.<\/p>\n\n\n\n<p>I acabarem el mes com es mereix, amb una festa per celebrar els aniversaris de tots els residents nascuts al juny. Regals, past\u00eds d'aniversari i alguna sorpresa tindran els nostres protagonistes.<\/p>","protected":false},"excerpt":{"rendered":"<p>El primer jueves de mes celebraremos el \u00abMen\u00fa del abuel@\u00bb. En esta ocasi\u00f3n, nuestros residentes han elegido como primer plato esqueixada de bacalao; de segundo, callos a la madrile\u00f1a y de postre profiteroles. Cada quince d\u00edas, los martes por la ma\u00f1ana, continuaremos disfrutando de la terapia asistida con perros a trav\u00e9s de los profesionales de [&hellip;]<\/p>","protected":false},"author":12,"featured_media":24896,"comment_status":"closed","ping_status":"closed","sticky":false,"template":"","format":"standard","meta":{"content-type":"","footnotes":""},"categories":[11],"tags":[69,9],"class_list":["post-24888","post","type-post","status-publish","format-standard","has-post-thumbnail","hentry","category-noticias-blanes","tag-actividades-para-mayores","tag-residencias-de-ancianos"],"yoast_head":"<!-- This site is optimized with the Yoast SEO plugin v26.0 - https:\/\/yoast.com\/wordpress\/plugins\/seo\/ -->\n<title>Sant Joan en la residencia La Vostra Llar Blanes - Noticias La Vostra Llar<\/title>\n<meta name=\"description\" content=\"Te contamos qu\u00e9 actividades realizaremos en Junio en la residencia de ancianos La Vostra Llar Blanes. \u00a1No te lo pierdas!\" \/>\n<meta name=\"robots\" content=\"index, follow, max-snippet:-1, max-image-preview:large, max-video-preview:-1\" \/>\n<link rel=\"canonical\" href=\"https:\/\/lavostrallar.com\/noticias\/ca\/todo-a-punto-para-la-verbena-de-san-juan-en-la-vostra-llar-blanes\/\" \/>\n<meta property=\"og:locale\" content=\"ca_ES\" \/>\n<meta property=\"og:type\" content=\"article\" \/>\n<meta property=\"og:title\" content=\"Sant Joan en la residencia La Vostra Llar Blanes - Noticias La Vostra Llar\" \/>\n<meta property=\"og:description\" content=\"Te contamos qu\u00e9 actividades realizaremos en Junio en la residencia de ancianos La Vostra Llar Blanes. \u00a1No te lo pierdas!\" \/>\n<meta property=\"og:url\" content=\"https:\/\/lavostrallar.com\/noticias\/ca\/todo-a-punto-para-la-verbena-de-san-juan-en-la-vostra-llar-blanes\/\" \/>\n<meta property=\"og:site_name\" content=\"Noticias La Vostra Llar\" \/>\n<meta property=\"article:publisher\" content=\"https:\/\/www.facebook.com\/lavostra.llar\" \/>\n<meta property=\"article:published_time\" content=\"2023-05-26T10:24:31+00:00\" \/>\n<meta property=\"article:modified_time\" content=\"2023-06-12T14:17:15+00:00\" \/>\n<meta property=\"og:image\" content=\"https:\/\/lavostrallar.com\/noticias\/wp-content\/uploads\/2023\/05\/Blanes.png\" \/>\n\t<meta property=\"og:image:width\" content=\"1549\" \/>\n\t<meta property=\"og:image:height\" content=\"801\" \/>\n\t<meta property=\"og:image:type\" content=\"image\/png\" \/>\n<meta name=\"author\" content=\"lavostrallar Comunicacio\" \/>\n<meta name=\"twitter:card\" content=\"summary_large_image\" \/>\n<meta name=\"twitter:creator\" content=\"@lavostrallar\" \/>\n<meta name=\"twitter:site\" content=\"@lavostrallar\" \/>\n<meta name=\"twitter:label1\" content=\"Escrit per\" \/>\n\t<meta name=\"twitter:data1\" content=\"lavostrallar Comunicacio\" \/>\n\t<meta name=\"twitter:label2\" content=\"Temps estimat de lectura\" \/>\n\t<meta name=\"twitter:data2\" content=\"2 minuts\" \/>\n<script type=\"application\/ld+json\" class=\"yoast-schema-graph\">{\"@context\":\"https:\/\/schema.org\",\"@graph\":[{\"@type\":\"Article\",\"@id\":\"https:\/\/lavostrallar.com\/noticias\/ca\/todo-a-punto-para-la-verbena-de-san-juan-en-la-vostra-llar-blanes\/#article\",\"isPartOf\":{\"@id\":\"https:\/\/lavostrallar.com\/noticias\/ca\/todo-a-punto-para-la-verbena-de-san-juan-en-la-vostra-llar-blanes\/\"},\"author\":{\"name\":\"lavostrallar Comunicacio\",\"@id\":\"https:\/\/lavostrallar.com\/noticias\/#\/schema\/person\/321f189af5ebbd679ae095028db43fdd\"},\"headline\":\"Todo a punto para la verbena de San Juan en la residencia La Vostra Llar Blanes\",\"datePublished\":\"2023-05-26T10:24:31+00:00\",\"dateModified\":\"2023-06-12T14:17:15+00:00\",\"mainEntityOfPage\":{\"@id\":\"https:\/\/lavostrallar.com\/noticias\/ca\/todo-a-punto-para-la-verbena-de-san-juan-en-la-vostra-llar-blanes\/\"},\"wordCount\":438,\"publisher\":{\"@id\":\"https:\/\/lavostrallar.com\/noticias\/#organization\"},\"image\":{\"@id\":\"https:\/\/lavostrallar.com\/noticias\/ca\/todo-a-punto-para-la-verbena-de-san-juan-en-la-vostra-llar-blanes\/#primaryimage\"},\"thumbnailUrl\":\"https:\/\/lavostrallar.com\/noticias\/wp-content\/uploads\/2023\/05\/Blanes.png\",\"keywords\":[\"Actividades para mayores\",\"Residencias de ancianos\"],\"articleSection\":[\"Noticias Blanes\"],\"inLanguage\":\"ca\"},{\"@type\":\"WebPage\",\"@id\":\"https:\/\/lavostrallar.com\/noticias\/ca\/todo-a-punto-para-la-verbena-de-san-juan-en-la-vostra-llar-blanes\/\",\"url\":\"https:\/\/lavostrallar.com\/noticias\/ca\/todo-a-punto-para-la-verbena-de-san-juan-en-la-vostra-llar-blanes\/\",\"name\":\"Sant Joan en la residencia La Vostra Llar Blanes - Noticias La Vostra Llar\",\"isPartOf\":{\"@id\":\"https:\/\/lavostrallar.com\/noticias\/#website\"},\"primaryImageOfPage\":{\"@id\":\"https:\/\/lavostrallar.com\/noticias\/ca\/todo-a-punto-para-la-verbena-de-san-juan-en-la-vostra-llar-blanes\/#primaryimage\"},\"image\":{\"@id\":\"https:\/\/lavostrallar.com\/noticias\/ca\/todo-a-punto-para-la-verbena-de-san-juan-en-la-vostra-llar-blanes\/#primaryimage\"},\"thumbnailUrl\":\"https:\/\/lavostrallar.com\/noticias\/wp-content\/uploads\/2023\/05\/Blanes.png\",\"datePublished\":\"2023-05-26T10:24:31+00:00\",\"dateModified\":\"2023-06-12T14:17:15+00:00\",\"description\":\"Te contamos qu\u00e9 actividades realizaremos en Junio en la residencia de ancianos La Vostra Llar Blanes. \u00a1No te lo pierdas!\",\"breadcrumb\":{\"@id\":\"https:\/\/lavostrallar.com\/noticias\/ca\/todo-a-punto-para-la-verbena-de-san-juan-en-la-vostra-llar-blanes\/#breadcrumb\"},\"inLanguage\":\"ca\",\"potentialAction\":[{\"@type\":\"ReadAction\",\"target\":[\"https:\/\/lavostrallar.com\/noticias\/ca\/todo-a-punto-para-la-verbena-de-san-juan-en-la-vostra-llar-blanes\/\"]}]},{\"@type\":\"ImageObject\",\"inLanguage\":\"ca\",\"@id\":\"https:\/\/lavostrallar.com\/noticias\/ca\/todo-a-punto-para-la-verbena-de-san-juan-en-la-vostra-llar-blanes\/#primaryimage\",\"url\":\"https:\/\/lavostrallar.com\/noticias\/wp-content\/uploads\/2023\/05\/Blanes.png\",\"contentUrl\":\"https:\/\/lavostrallar.com\/noticias\/wp-content\/uploads\/2023\/05\/Blanes.png\",\"width\":1549,\"height\":801,\"caption\":\"residencia de ancianos - actividades\"},{\"@type\":\"BreadcrumbList\",\"@id\":\"https:\/\/lavostrallar.com\/noticias\/ca\/todo-a-punto-para-la-verbena-de-san-juan-en-la-vostra-llar-blanes\/#breadcrumb\",\"itemListElement\":[{\"@type\":\"ListItem\",\"position\":1,\"name\":\"Portada\",\"item\":\"https:\/\/lavostrallar.com\/noticias\/\"},{\"@type\":\"ListItem\",\"position\":2,\"name\":\"Todo a punto para la verbena de San Juan en la residencia La Vostra Llar Blanes\"}]},{\"@type\":\"WebSite\",\"@id\":\"https:\/\/lavostrallar.com\/noticias\/#website\",\"url\":\"https:\/\/lavostrallar.com\/noticias\/\",\"name\":\"La Vostra Llar\",\"description\":\"La Vostra Llar gestiona resid\u00e8ncies geri\u00e0triques des de 1987 amb la missi\u00f3 d\u2019oferir assist\u00e8ncia personalitzada per estimular, acollir i atendre les persones grans amb qualsevol grau de depend\u00e8ncia.\",\"publisher\":{\"@id\":\"https:\/\/lavostrallar.com\/noticias\/#organization\"},\"potentialAction\":[{\"@type\":\"SearchAction\",\"target\":{\"@type\":\"EntryPoint\",\"urlTemplate\":\"https:\/\/lavostrallar.com\/noticias\/?s={search_term_string}\"},\"query-input\":{\"@type\":\"PropertyValueSpecification\",\"valueRequired\":true,\"valueName\":\"search_term_string\"}}],\"inLanguage\":\"ca\"},{\"@type\":\"Organization\",\"@id\":\"https:\/\/lavostrallar.com\/noticias\/#organization\",\"name\":\"La Vostra Llar\",\"url\":\"https:\/\/lavostrallar.com\/noticias\/\",\"logo\":{\"@type\":\"ImageObject\",\"inLanguage\":\"ca\",\"@id\":\"https:\/\/lavostrallar.com\/noticias\/#\/schema\/logo\/image\/\",\"url\":\"https:\/\/lavostrallar.com\/noticias\/wp-content\/uploads\/2021\/12\/logo_lavostrallar.png\",\"contentUrl\":\"https:\/\/lavostrallar.com\/noticias\/wp-content\/uploads\/2021\/12\/logo_lavostrallar.png\",\"width\":217,\"height\":109,\"caption\":\"La Vostra Llar\"},\"image\":{\"@id\":\"https:\/\/lavostrallar.com\/noticias\/#\/schema\/logo\/image\/\"},\"sameAs\":[\"https:\/\/www.facebook.com\/lavostra.llar\",\"https:\/\/x.com\/lavostrallar\",\"https:\/\/www.instagram.com\/lavostrallar\/\"]},{\"@type\":\"Person\",\"@id\":\"https:\/\/lavostrallar.com\/noticias\/#\/schema\/person\/321f189af5ebbd679ae095028db43fdd\",\"name\":\"lavostrallar Comunicacio\",\"image\":{\"@type\":\"ImageObject\",\"inLanguage\":\"ca\",\"@id\":\"https:\/\/lavostrallar.com\/noticias\/#\/schema\/person\/image\/\",\"url\":\"https:\/\/secure.gravatar.com\/avatar\/69a4b73b52c8eedccce42e542861709a5afc2b40e0a43d691da018458db2d41b?s=96&d=mm&r=g\",\"contentUrl\":\"https:\/\/secure.gravatar.com\/avatar\/69a4b73b52c8eedccce42e542861709a5afc2b40e0a43d691da018458db2d41b?s=96&d=mm&r=g\",\"caption\":\"lavostrallar Comunicacio\"},\"url\":\"https:\/\/lavostrallar.com\/noticias\/ca\/author\/lavostrallar-comunicacio\/\"}]}<\/script>\n<!-- \/ Yoast SEO plugin. -->","yoast_head_json":{"title":"Sant Joan en la residencia La Vostra Llar Blanes - Noticias La Vostra Llar","description":"T'expliquem quines activitats realitzarem al juny a la resid\u00e8ncia de gent gran La Vostra Llar Blanes. No t'ho perdis!","robots":{"index":"index","follow":"follow","max-snippet":"max-snippet:-1","max-image-preview":"max-image-preview:large","max-video-preview":"max-video-preview:-1"},"canonical":"https:\/\/lavostrallar.com\/noticias\/ca\/todo-a-punto-para-la-verbena-de-san-juan-en-la-vostra-llar-blanes\/","og_locale":"ca_ES","og_type":"article","og_title":"Sant Joan en la residencia La Vostra Llar Blanes - Noticias La Vostra Llar","og_description":"Te contamos qu\u00e9 actividades realizaremos en Junio en la residencia de ancianos La Vostra Llar Blanes. \u00a1No te lo pierdas!","og_url":"https:\/\/lavostrallar.com\/noticias\/ca\/todo-a-punto-para-la-verbena-de-san-juan-en-la-vostra-llar-blanes\/","og_site_name":"Noticias La Vostra Llar","article_publisher":"https:\/\/www.facebook.com\/lavostra.llar","article_published_time":"2023-05-26T10:24:31+00:00","article_modified_time":"2023-06-12T14:17:15+00:00","og_image":[{"width":1549,"height":801,"url":"https:\/\/lavostrallar.com\/noticias\/wp-content\/uploads\/2023\/05\/Blanes.png","type":"image\/png"}],"author":"lavostrallar Comunicacio","twitter_card":"summary_large_image","twitter_creator":"@lavostrallar","twitter_site":"@lavostrallar","twitter_misc":{"Escrit per":"lavostrallar Comunicacio","Temps estimat de lectura":"2 minuts"},"schema":{"@context":"https:\/\/schema.org","@graph":[{"@type":"Article","@id":"https:\/\/lavostrallar.com\/noticias\/ca\/todo-a-punto-para-la-verbena-de-san-juan-en-la-vostra-llar-blanes\/#article","isPartOf":{"@id":"https:\/\/lavostrallar.com\/noticias\/ca\/todo-a-punto-para-la-verbena-de-san-juan-en-la-vostra-llar-blanes\/"},"author":{"name":"lavostrallar Comunicacio","@id":"https:\/\/lavostrallar.com\/noticias\/#\/schema\/person\/321f189af5ebbd679ae095028db43fdd"},"headline":"Todo a punto para la verbena de San Juan en la residencia La Vostra Llar Blanes","datePublished":"2023-05-26T10:24:31+00:00","dateModified":"2023-06-12T14:17:15+00:00","mainEntityOfPage":{"@id":"https:\/\/lavostrallar.com\/noticias\/ca\/todo-a-punto-para-la-verbena-de-san-juan-en-la-vostra-llar-blanes\/"},"wordCount":438,"publisher":{"@id":"https:\/\/lavostrallar.com\/noticias\/#organization"},"image":{"@id":"https:\/\/lavostrallar.com\/noticias\/ca\/todo-a-punto-para-la-verbena-de-san-juan-en-la-vostra-llar-blanes\/#primaryimage"},"thumbnailUrl":"https:\/\/lavostrallar.com\/noticias\/wp-content\/uploads\/2023\/05\/Blanes.png","keywords":["Actividades para mayores","Residencias de ancianos"],"articleSection":["Noticias Blanes"],"inLanguage":"ca"},{"@type":"WebPage","@id":"https:\/\/lavostrallar.com\/noticias\/ca\/todo-a-punto-para-la-verbena-de-san-juan-en-la-vostra-llar-blanes\/","url":"https:\/\/lavostrallar.com\/noticias\/ca\/todo-a-punto-para-la-verbena-de-san-juan-en-la-vostra-llar-blanes\/","name":"Sant Joan en la residencia La Vostra Llar Blanes - Noticias La Vostra Llar","isPartOf":{"@id":"https:\/\/lavostrallar.com\/noticias\/#website"},"primaryImageOfPage":{"@id":"https:\/\/lavostrallar.com\/noticias\/ca\/todo-a-punto-para-la-verbena-de-san-juan-en-la-vostra-llar-blanes\/#primaryimage"},"image":{"@id":"https:\/\/lavostrallar.com\/noticias\/ca\/todo-a-punto-para-la-verbena-de-san-juan-en-la-vostra-llar-blanes\/#primaryimage"},"thumbnailUrl":"https:\/\/lavostrallar.com\/noticias\/wp-content\/uploads\/2023\/05\/Blanes.png","datePublished":"2023-05-26T10:24:31+00:00","dateModified":"2023-06-12T14:17:15+00:00","description":"T'expliquem quines activitats realitzarem al juny a la resid\u00e8ncia de gent gran La Vostra Llar Blanes. No t'ho perdis!","breadcrumb":{"@id":"https:\/\/lavostrallar.com\/noticias\/ca\/todo-a-punto-para-la-verbena-de-san-juan-en-la-vostra-llar-blanes\/#breadcrumb"},"inLanguage":"ca","potentialAction":[{"@type":"ReadAction","target":["https:\/\/lavostrallar.com\/noticias\/ca\/todo-a-punto-para-la-verbena-de-san-juan-en-la-vostra-llar-blanes\/"]}]},{"@type":"ImageObject","inLanguage":"ca","@id":"https:\/\/lavostrallar.com\/noticias\/ca\/todo-a-punto-para-la-verbena-de-san-juan-en-la-vostra-llar-blanes\/#primaryimage","url":"https:\/\/lavostrallar.com\/noticias\/wp-content\/uploads\/2023\/05\/Blanes.png","contentUrl":"https:\/\/lavostrallar.com\/noticias\/wp-content\/uploads\/2023\/05\/Blanes.png","width":1549,"height":801,"caption":"residencia de ancianos - actividades"},{"@type":"BreadcrumbList","@id":"https:\/\/lavostrallar.com\/noticias\/ca\/todo-a-punto-para-la-verbena-de-san-juan-en-la-vostra-llar-blanes\/#breadcrumb","itemListElement":[{"@type":"ListItem","position":1,"name":"Portada","item":"https:\/\/lavostrallar.com\/noticias\/"},{"@type":"ListItem","position":2,"name":"Todo a punto para la verbena de San Juan en la residencia La Vostra Llar Blanes"}]},{"@type":"WebSite","@id":"https:\/\/lavostrallar.com\/noticias\/#website","url":"https:\/\/lavostrallar.com\/noticias\/","name":"La Vostra Llar","description":"La Vostra Llar gestiona resid\u00e8ncies geri\u00e0triques des de 1987 amb la missi\u00f3 d\u2019oferir assist\u00e8ncia personalitzada per estimular, acollir i atendre les persones grans amb qualsevol grau de depend\u00e8ncia.","publisher":{"@id":"https:\/\/lavostrallar.com\/noticias\/#organization"},"potentialAction":[{"@type":"SearchAction","target":{"@type":"EntryPoint","urlTemplate":"https:\/\/lavostrallar.com\/noticias\/?s={search_term_string}"},"query-input":{"@type":"PropertyValueSpecification","valueRequired":true,"valueName":"search_term_string"}}],"inLanguage":"ca"},{"@type":"Organization","@id":"https:\/\/lavostrallar.com\/noticias\/#organization","name":"La Vostra Llar","url":"https:\/\/lavostrallar.com\/noticias\/","logo":{"@type":"ImageObject","inLanguage":"ca","@id":"https:\/\/lavostrallar.com\/noticias\/#\/schema\/logo\/image\/","url":"https:\/\/lavostrallar.com\/noticias\/wp-content\/uploads\/2021\/12\/logo_lavostrallar.png","contentUrl":"https:\/\/lavostrallar.com\/noticias\/wp-content\/uploads\/2021\/12\/logo_lavostrallar.png","width":217,"height":109,"caption":"La Vostra Llar"},"image":{"@id":"https:\/\/lavostrallar.com\/noticias\/#\/schema\/logo\/image\/"},"sameAs":["https:\/\/www.facebook.com\/lavostra.llar","https:\/\/x.com\/lavostrallar","https:\/\/www.instagram.com\/lavostrallar\/"]},{"@type":"Person","@id":"https:\/\/lavostrallar.com\/noticias\/#\/schema\/person\/321f189af5ebbd679ae095028db43fdd","name":"lavostrallar Comunicacio","image":{"@type":"ImageObject","inLanguage":"ca","@id":"https:\/\/lavostrallar.com\/noticias\/#\/schema\/person\/image\/","url":"https:\/\/secure.gravatar.com\/avatar\/69a4b73b52c8eedccce42e542861709a5afc2b40e0a43d691da018458db2d41b?s=96&d=mm&r=g","contentUrl":"https:\/\/secure.gravatar.com\/avatar\/69a4b73b52c8eedccce42e542861709a5afc2b40e0a43d691da018458db2d41b?s=96&d=mm&r=g","caption":"lavostrallar Comunicacio"},"url":"https:\/\/lavostrallar.com\/noticias\/ca\/author\/lavostrallar-comunicacio\/"}]}},"_links":{"self":[{"href":"https:\/\/lavostrallar.com\/noticias\/ca\/wp-json\/wp\/v2\/posts\/24888","targetHints":{"allow":["GET"]}}],"collection":[{"href":"https:\/\/lavostrallar.com\/noticias\/ca\/wp-json\/wp\/v2\/posts"}],"about":[{"href":"https:\/\/lavostrallar.com\/noticias\/ca\/wp-json\/wp\/v2\/types\/post"}],"author":[{"embeddable":true,"href":"https:\/\/lavostrallar.com\/noticias\/ca\/wp-json\/wp\/v2\/users\/12"}],"replies":[{"embeddable":true,"href":"https:\/\/lavostrallar.com\/noticias\/ca\/wp-json\/wp\/v2\/comments?post=24888"}],"version-history":[{"count":2,"href":"https:\/\/lavostrallar.com\/noticias\/ca\/wp-json\/wp\/v2\/posts\/24888\/revisions"}],"predecessor-version":[{"id":25246,"href":"https:\/\/lavostrallar.com\/noticias\/ca\/wp-json\/wp\/v2\/posts\/24888\/revisions\/25246"}],"wp:featuredmedia":[{"embeddable":true,"href":"https:\/\/lavostrallar.com\/noticias\/ca\/wp-json\/wp\/v2\/media\/24896"}],"wp:attachment":[{"href":"https:\/\/lavostrallar.com\/noticias\/ca\/wp-json\/wp\/v2\/media?parent=24888"}],"wp:term":[{"taxonomy":"category","embeddable":true,"href":"https:\/\/lavostrallar.com\/noticias\/ca\/wp-json\/wp\/v2\/categories?post=24888"},{"taxonomy":"post_tag","embeddable":true,"href":"https:\/\/lavostrallar.com\/noticias\/ca\/wp-json\/wp\/v2\/tags?post=24888"}],"curies":[{"name":"wp","href":"https:\/\/api.w.org\/{rel}","templated":true}]}}