	{"id":24999,"date":"2023-05-25T14:10:54","date_gmt":"2023-05-25T14:10:54","guid":{"rendered":"https:\/\/lavostrallar.com\/?p=24999"},"modified":"2023-06-07T08:59:20","modified_gmt":"2023-06-07T08:59:20","slug":"actividades-junio-la-vostra-llar-gracia","status":"publish","type":"post","link":"https:\/\/lavostrallar.com\/noticias\/ca\/actividades-junio-la-vostra-llar-gracia\/","title":{"rendered":"Activitats juny a la resid\u00e8ncia de gent gran La Vostra Llar Gr\u00e0cia"},"content":{"rendered":"<p>Com a gran esdeveniment el mes de juny tenim <strong>la revetlla de Sant Joan<\/strong>! Amb tota la il\u00b7lusi\u00f3 del m\u00f3n estem comen\u00e7ant amb els preparatius per a aquesta gran festa. Aprofitant l'arribada del bon temps i la calor, estem preparant la terrassa per a gaudir d'aquest festiu que tant agrada a tots. A m\u00e9s, esperem amb anhel poder escoltar el conjunt musical que ens visita cada any en aquestes festes.<\/p>\n\n\n\n<h2 class=\"wp-block-heading has-medium-font-size\">Activitats a la resid\u00e8ncia de gent gran<\/h2>\n\n\n\n<p>Una de les nostres prioritats ara mateix \u00e9s treballar en la <strong>decoraci\u00f3<\/strong> que, per a aquest Sant Joan, la farem nosaltres mateixos. Volem que sigui una gran festa amb molta diversi\u00f3, per aix\u00f2 no volem oblidar cap detall. Algun consell per a fer una decoraci\u00f3 divertida?<br><br>D'altra banda, volem aprofitar la caloreta per a fer moltes altres activitats, sempre amb la deguda prevenci\u00f3 al sol i la calor. Per a mantenir-nos hidratats de manera saludable, tindrem el <strong>taller de <em>Smoothies<\/em><\/strong> (sucs naturals) en el qual prepararem una s\u00e8rie de sucs amb les fruites fresquetes de la temporada d'estiu. Pot ser que enguany decorem els gots amb barretets a l'estil americ\u00e0?\u2026 podria ser molt divertit. <\/p>\n\n\n\n<p>No ens oblidem de les activitats que fem durant la setmana com la <strong>\u00abM\u00fasica per l\u2019oblit<\/strong>\u00bb o la <strong>ter\u00e0pia amb gossos<\/strong> que tant agrada als nostres residents; els gossos s\u00f3n un amor i ens aporten beneficis que es noten tant al moment com a llarg termini! A m\u00e9s, els caps de setmana rebrem als voluntaris que ens brinden l'oportunitat de realitzar un <strong>rac\u00f3 de lectura<\/strong>.<\/p>\n\n\n\n<p>Com a data assenyalada o tema d'import\u00e0ncia a treballar en les sessions d'estimulaci\u00f3 cognitiva, est\u00e0 el dia del medi ambient, el 5 de juny. Per a aquesta lli\u00e7\u00f3 parlarem sobre els canvis que estan succeint en el planeta i per conseq\u00fc\u00e8ncia en el medi ambient\u2026 la falta de pluges i la desforestaci\u00f3 seran dues de les tem\u00e0tiques m\u00e9s rellevants. <\/p>\n\n\n\n<p>Com cada mes, resulta clau en les activitats de <strong><a href=\"https:\/\/lavostrallar.com\/ca\/residencia-dia-gracia\/\">La Vostra Llar Gr\u00e0cia<\/a><\/strong> la tasca del fisioterapeuta del centre que ens acompanya en els passejos terap\u00e8utics que fem setmanalment i en els tallers de reminisc\u00e8ncia.<\/p>\n\n\n\n<p class=\"translation-block\">Finalment, que aquest mes ja ve ben carregat d'activitats, taller i moltes emocions, tindrem el nostre <a href=\"https:\/\/lavostrallar.com\/ca\/menus-de-las-residencias\/\" target=\"_self\">\u00ab<strong>Men\u00fa de l'avi<\/strong>\u00bb<\/a>, el primer dijous del mes i seguirem contribuint amb el projecte \u00ab<strong>Abriga<\/strong>\u00bb teixint mantes per a persones en situaci\u00f3 de vulnerabilitat.<\/p>","protected":false},"excerpt":{"rendered":"<p>\u00a1Como gran evento en el mes de junio tenemos la verbena de San Juan! Con toda la ilusi\u00f3n del mundo estamos comenzando con los preparativos para esta gran fiesta. Aprovechando la llegada del buen tiempo y el calor, estamos preparando la terraza para disfrutar de este festivo que tanto gusta a todos. Adem\u00e1s, esperamos con [&hellip;]<\/p>","protected":false},"author":3,"featured_media":25004,"comment_status":"closed","ping_status":"closed","sticky":false,"template":"","format":"standard","meta":{"content-type":"","footnotes":""},"categories":[18],"tags":[69,9],"class_list":["post-24999","post","type-post","status-publish","format-standard","has-post-thumbnail","hentry","category-noticias-gracia","tag-actividades-para-mayores","tag-residencias-de-ancianos"],"yoast_head":"<!-- This site is optimized with the Yoast SEO plugin v26.0 - https:\/\/yoast.com\/wordpress\/plugins\/seo\/ -->\n<title>Junio en la residencia de ancianos en Gr\u00e0cia - Noticias La Vostra Llar<\/title>\n<meta name=\"description\" content=\"Te contamos sobre todas las actividades que realizaremos en el mes de junio en la residencia de ancianos La Vostra Llar Gr\u00e0cia\" \/>\n<meta name=\"robots\" content=\"index, follow, max-snippet:-1, max-image-preview:large, max-video-preview:-1\" \/>\n<link rel=\"canonical\" href=\"https:\/\/lavostrallar.com\/noticias\/ca\/actividades-junio-la-vostra-llar-gracia\/\" \/>\n<meta property=\"og:locale\" content=\"ca_ES\" \/>\n<meta property=\"og:type\" content=\"article\" \/>\n<meta property=\"og:title\" content=\"Junio en la residencia de ancianos en Gr\u00e0cia - Noticias La Vostra Llar\" \/>\n<meta property=\"og:description\" content=\"Te contamos sobre todas las actividades que realizaremos en el mes de junio en la residencia de ancianos La Vostra Llar Gr\u00e0cia\" \/>\n<meta property=\"og:url\" content=\"https:\/\/lavostrallar.com\/noticias\/ca\/actividades-junio-la-vostra-llar-gracia\/\" \/>\n<meta property=\"og:site_name\" content=\"Noticias La Vostra Llar\" \/>\n<meta property=\"article:publisher\" content=\"https:\/\/www.facebook.com\/lavostra.llar\" \/>\n<meta property=\"article:published_time\" content=\"2023-05-25T14:10:54+00:00\" \/>\n<meta property=\"article:modified_time\" content=\"2023-06-07T08:59:20+00:00\" \/>\n<meta property=\"og:image\" content=\"https:\/\/lavostrallar.com\/noticias\/wp-content\/uploads\/2023\/05\/paseo-3.jpg\" \/>\n\t<meta property=\"og:image:width\" content=\"2016\" \/>\n\t<meta property=\"og:image:height\" content=\"1512\" \/>\n\t<meta property=\"og:image:type\" content=\"image\/jpeg\" \/>\n<meta name=\"author\" content=\"lavostrallar Gracia\" \/>\n<meta name=\"twitter:card\" content=\"summary_large_image\" \/>\n<meta name=\"twitter:creator\" content=\"@lavostrallar\" \/>\n<meta name=\"twitter:site\" content=\"@lavostrallar\" \/>\n<meta name=\"twitter:label1\" content=\"Escrit per\" \/>\n\t<meta name=\"twitter:data1\" content=\"lavostrallar Gracia\" \/>\n\t<meta name=\"twitter:label2\" content=\"Temps estimat de lectura\" \/>\n\t<meta name=\"twitter:data2\" content=\"2 minuts\" \/>\n<script type=\"application\/ld+json\" class=\"yoast-schema-graph\">{\"@context\":\"https:\/\/schema.org\",\"@graph\":[{\"@type\":\"Article\",\"@id\":\"https:\/\/lavostrallar.com\/noticias\/actividades-junio-la-vostra-llar-gracia\/#article\",\"isPartOf\":{\"@id\":\"https:\/\/lavostrallar.com\/noticias\/actividades-junio-la-vostra-llar-gracia\/\"},\"author\":{\"name\":\"lavostrallar Gracia\",\"@id\":\"https:\/\/lavostrallar.com\/noticias\/#\/schema\/person\/98d190b96ca2625c1d1b620c5f85d524\"},\"headline\":\"Actividades junio en la residencia de ancianos La Vostra Llar Gr\u00e0cia\",\"datePublished\":\"2023-05-25T14:10:54+00:00\",\"dateModified\":\"2023-06-07T08:59:20+00:00\",\"mainEntityOfPage\":{\"@id\":\"https:\/\/lavostrallar.com\/noticias\/actividades-junio-la-vostra-llar-gracia\/\"},\"wordCount\":429,\"publisher\":{\"@id\":\"https:\/\/lavostrallar.com\/noticias\/#organization\"},\"image\":{\"@id\":\"https:\/\/lavostrallar.com\/noticias\/actividades-junio-la-vostra-llar-gracia\/#primaryimage\"},\"thumbnailUrl\":\"https:\/\/lavostrallar.com\/noticias\/wp-content\/uploads\/2023\/05\/paseo-3.jpg\",\"keywords\":[\"Actividades para mayores\",\"Residencias de ancianos\"],\"articleSection\":[\"Noticias Gr\u00e0cia\"],\"inLanguage\":\"ca\"},{\"@type\":\"WebPage\",\"@id\":\"https:\/\/lavostrallar.com\/noticias\/actividades-junio-la-vostra-llar-gracia\/\",\"url\":\"https:\/\/lavostrallar.com\/noticias\/actividades-junio-la-vostra-llar-gracia\/\",\"name\":\"Junio en la residencia de ancianos en Gr\u00e0cia - Noticias La Vostra Llar\",\"isPartOf\":{\"@id\":\"https:\/\/lavostrallar.com\/noticias\/#website\"},\"primaryImageOfPage\":{\"@id\":\"https:\/\/lavostrallar.com\/noticias\/actividades-junio-la-vostra-llar-gracia\/#primaryimage\"},\"image\":{\"@id\":\"https:\/\/lavostrallar.com\/noticias\/actividades-junio-la-vostra-llar-gracia\/#primaryimage\"},\"thumbnailUrl\":\"https:\/\/lavostrallar.com\/noticias\/wp-content\/uploads\/2023\/05\/paseo-3.jpg\",\"datePublished\":\"2023-05-25T14:10:54+00:00\",\"dateModified\":\"2023-06-07T08:59:20+00:00\",\"description\":\"Te contamos sobre todas las actividades que realizaremos en el mes de junio en la residencia de ancianos La Vostra Llar Gr\u00e0cia\",\"breadcrumb\":{\"@id\":\"https:\/\/lavostrallar.com\/noticias\/actividades-junio-la-vostra-llar-gracia\/#breadcrumb\"},\"inLanguage\":\"ca\",\"potentialAction\":[{\"@type\":\"ReadAction\",\"target\":[\"https:\/\/lavostrallar.com\/noticias\/actividades-junio-la-vostra-llar-gracia\/\"]}]},{\"@type\":\"ImageObject\",\"inLanguage\":\"ca\",\"@id\":\"https:\/\/lavostrallar.com\/noticias\/actividades-junio-la-vostra-llar-gracia\/#primaryimage\",\"url\":\"https:\/\/lavostrallar.com\/noticias\/wp-content\/uploads\/2023\/05\/paseo-3.jpg\",\"contentUrl\":\"https:\/\/lavostrallar.com\/noticias\/wp-content\/uploads\/2023\/05\/paseo-3.jpg\",\"width\":2016,\"height\":1512,\"caption\":\"actividades en la residencia de ancianos\"},{\"@type\":\"BreadcrumbList\",\"@id\":\"https:\/\/lavostrallar.com\/noticias\/actividades-junio-la-vostra-llar-gracia\/#breadcrumb\",\"itemListElement\":[{\"@type\":\"ListItem\",\"position\":1,\"name\":\"Portada\",\"item\":\"https:\/\/lavostrallar.com\/noticias\/\"},{\"@type\":\"ListItem\",\"position\":2,\"name\":\"Actividades junio en la residencia de ancianos La Vostra Llar Gr\u00e0cia\"}]},{\"@type\":\"WebSite\",\"@id\":\"https:\/\/lavostrallar.com\/noticias\/#website\",\"url\":\"https:\/\/lavostrallar.com\/noticias\/\",\"name\":\"La Vostra Llar\",\"description\":\"La Vostra Llar gestiona resid\u00e8ncies geri\u00e0triques des de 1987 amb la missi\u00f3 d\u2019oferir assist\u00e8ncia personalitzada per estimular, acollir i atendre les persones grans amb qualsevol grau de depend\u00e8ncia.\",\"publisher\":{\"@id\":\"https:\/\/lavostrallar.com\/noticias\/#organization\"},\"potentialAction\":[{\"@type\":\"SearchAction\",\"target\":{\"@type\":\"EntryPoint\",\"urlTemplate\":\"https:\/\/lavostrallar.com\/noticias\/?s={search_term_string}\"},\"query-input\":{\"@type\":\"PropertyValueSpecification\",\"valueRequired\":true,\"valueName\":\"search_term_string\"}}],\"inLanguage\":\"ca\"},{\"@type\":\"Organization\",\"@id\":\"https:\/\/lavostrallar.com\/noticias\/#organization\",\"name\":\"La Vostra Llar\",\"url\":\"https:\/\/lavostrallar.com\/noticias\/\",\"logo\":{\"@type\":\"ImageObject\",\"inLanguage\":\"ca\",\"@id\":\"https:\/\/lavostrallar.com\/noticias\/#\/schema\/logo\/image\/\",\"url\":\"https:\/\/lavostrallar.com\/noticias\/wp-content\/uploads\/2021\/12\/logo_lavostrallar.png\",\"contentUrl\":\"https:\/\/lavostrallar.com\/noticias\/wp-content\/uploads\/2021\/12\/logo_lavostrallar.png\",\"width\":217,\"height\":109,\"caption\":\"La Vostra Llar\"},\"image\":{\"@id\":\"https:\/\/lavostrallar.com\/noticias\/#\/schema\/logo\/image\/\"},\"sameAs\":[\"https:\/\/www.facebook.com\/lavostra.llar\",\"https:\/\/x.com\/lavostrallar\",\"https:\/\/www.instagram.com\/lavostrallar\/\"]},{\"@type\":\"Person\",\"@id\":\"https:\/\/lavostrallar.com\/noticias\/#\/schema\/person\/98d190b96ca2625c1d1b620c5f85d524\",\"name\":\"lavostrallar Gracia\",\"image\":{\"@type\":\"ImageObject\",\"inLanguage\":\"ca\",\"@id\":\"https:\/\/lavostrallar.com\/noticias\/#\/schema\/person\/image\/\",\"url\":\"https:\/\/secure.gravatar.com\/avatar\/22e1dc84f9fddb4b1831e2289bde1824099c3c45d1caa39e81531ea2f7fb0212?s=96&d=mm&r=g\",\"contentUrl\":\"https:\/\/secure.gravatar.com\/avatar\/22e1dc84f9fddb4b1831e2289bde1824099c3c45d1caa39e81531ea2f7fb0212?s=96&d=mm&r=g\",\"caption\":\"lavostrallar Gracia\"},\"sameAs\":[\"lavostrallar\"],\"url\":\"https:\/\/lavostrallar.com\/noticias\/ca\/author\/lavostrallar-gracia\/\"}]}<\/script>\n<!-- \/ Yoast SEO plugin. -->","yoast_head_json":{"title":"Junio en la residencia de ancianos en Gr\u00e0cia - Noticias La Vostra Llar","description":"T'expliquem sobre totes les activitats que realitzarem al mes de juny a la resid\u00e8ncia de gent gran La Vostra Llar Gr\u00e0cia","robots":{"index":"index","follow":"follow","max-snippet":"max-snippet:-1","max-image-preview":"max-image-preview:large","max-video-preview":"max-video-preview:-1"},"canonical":"https:\/\/lavostrallar.com\/noticias\/ca\/actividades-junio-la-vostra-llar-gracia\/","og_locale":"ca_ES","og_type":"article","og_title":"Junio en la residencia de ancianos en Gr\u00e0cia - Noticias La Vostra Llar","og_description":"Te contamos sobre todas las actividades que realizaremos en el mes de junio en la residencia de ancianos La Vostra Llar Gr\u00e0cia","og_url":"https:\/\/lavostrallar.com\/noticias\/ca\/actividades-junio-la-vostra-llar-gracia\/","og_site_name":"Noticias La Vostra Llar","article_publisher":"https:\/\/www.facebook.com\/lavostra.llar","article_published_time":"2023-05-25T14:10:54+00:00","article_modified_time":"2023-06-07T08:59:20+00:00","og_image":[{"width":2016,"height":1512,"url":"https:\/\/lavostrallar.com\/noticias\/wp-content\/uploads\/2023\/05\/paseo-3.jpg","type":"image\/jpeg"}],"author":"lavostrallar Gracia","twitter_card":"summary_large_image","twitter_creator":"@lavostrallar","twitter_site":"@lavostrallar","twitter_misc":{"Escrit per":"lavostrallar Gracia","Temps estimat de lectura":"2 minuts"},"schema":{"@context":"https:\/\/schema.org","@graph":[{"@type":"Article","@id":"https:\/\/lavostrallar.com\/noticias\/actividades-junio-la-vostra-llar-gracia\/#article","isPartOf":{"@id":"https:\/\/lavostrallar.com\/noticias\/actividades-junio-la-vostra-llar-gracia\/"},"author":{"name":"lavostrallar Gracia","@id":"https:\/\/lavostrallar.com\/noticias\/#\/schema\/person\/98d190b96ca2625c1d1b620c5f85d524"},"headline":"Actividades junio en la residencia de ancianos La Vostra Llar Gr\u00e0cia","datePublished":"2023-05-25T14:10:54+00:00","dateModified":"2023-06-07T08:59:20+00:00","mainEntityOfPage":{"@id":"https:\/\/lavostrallar.com\/noticias\/actividades-junio-la-vostra-llar-gracia\/"},"wordCount":429,"publisher":{"@id":"https:\/\/lavostrallar.com\/noticias\/#organization"},"image":{"@id":"https:\/\/lavostrallar.com\/noticias\/actividades-junio-la-vostra-llar-gracia\/#primaryimage"},"thumbnailUrl":"https:\/\/lavostrallar.com\/noticias\/wp-content\/uploads\/2023\/05\/paseo-3.jpg","keywords":["Actividades para mayores","Residencias de ancianos"],"articleSection":["Noticias Gr\u00e0cia"],"inLanguage":"ca"},{"@type":"WebPage","@id":"https:\/\/lavostrallar.com\/noticias\/actividades-junio-la-vostra-llar-gracia\/","url":"https:\/\/lavostrallar.com\/noticias\/actividades-junio-la-vostra-llar-gracia\/","name":"Junio en la residencia de ancianos en Gr\u00e0cia - Noticias La Vostra Llar","isPartOf":{"@id":"https:\/\/lavostrallar.com\/noticias\/#website"},"primaryImageOfPage":{"@id":"https:\/\/lavostrallar.com\/noticias\/actividades-junio-la-vostra-llar-gracia\/#primaryimage"},"image":{"@id":"https:\/\/lavostrallar.com\/noticias\/actividades-junio-la-vostra-llar-gracia\/#primaryimage"},"thumbnailUrl":"https:\/\/lavostrallar.com\/noticias\/wp-content\/uploads\/2023\/05\/paseo-3.jpg","datePublished":"2023-05-25T14:10:54+00:00","dateModified":"2023-06-07T08:59:20+00:00","description":"T'expliquem sobre totes les activitats que realitzarem al mes de juny a la resid\u00e8ncia de gent gran La Vostra Llar Gr\u00e0cia","breadcrumb":{"@id":"https:\/\/lavostrallar.com\/noticias\/actividades-junio-la-vostra-llar-gracia\/#breadcrumb"},"inLanguage":"ca","potentialAction":[{"@type":"ReadAction","target":["https:\/\/lavostrallar.com\/noticias\/actividades-junio-la-vostra-llar-gracia\/"]}]},{"@type":"ImageObject","inLanguage":"ca","@id":"https:\/\/lavostrallar.com\/noticias\/actividades-junio-la-vostra-llar-gracia\/#primaryimage","url":"https:\/\/lavostrallar.com\/noticias\/wp-content\/uploads\/2023\/05\/paseo-3.jpg","contentUrl":"https:\/\/lavostrallar.com\/noticias\/wp-content\/uploads\/2023\/05\/paseo-3.jpg","width":2016,"height":1512,"caption":"actividades en la residencia de ancianos"},{"@type":"BreadcrumbList","@id":"https:\/\/lavostrallar.com\/noticias\/actividades-junio-la-vostra-llar-gracia\/#breadcrumb","itemListElement":[{"@type":"ListItem","position":1,"name":"Portada","item":"https:\/\/lavostrallar.com\/noticias\/"},{"@type":"ListItem","position":2,"name":"Actividades junio en la residencia de ancianos La Vostra Llar Gr\u00e0cia"}]},{"@type":"WebSite","@id":"https:\/\/lavostrallar.com\/noticias\/#website","url":"https:\/\/lavostrallar.com\/noticias\/","name":"La Vostra Llar","description":"La Vostra Llar gestiona resid\u00e8ncies geri\u00e0triques des de 1987 amb la missi\u00f3 d\u2019oferir assist\u00e8ncia personalitzada per estimular, acollir i atendre les persones grans amb qualsevol grau de depend\u00e8ncia.","publisher":{"@id":"https:\/\/lavostrallar.com\/noticias\/#organization"},"potentialAction":[{"@type":"SearchAction","target":{"@type":"EntryPoint","urlTemplate":"https:\/\/lavostrallar.com\/noticias\/?s={search_term_string}"},"query-input":{"@type":"PropertyValueSpecification","valueRequired":true,"valueName":"search_term_string"}}],"inLanguage":"ca"},{"@type":"Organization","@id":"https:\/\/lavostrallar.com\/noticias\/#organization","name":"La Vostra Llar","url":"https:\/\/lavostrallar.com\/noticias\/","logo":{"@type":"ImageObject","inLanguage":"ca","@id":"https:\/\/lavostrallar.com\/noticias\/#\/schema\/logo\/image\/","url":"https:\/\/lavostrallar.com\/noticias\/wp-content\/uploads\/2021\/12\/logo_lavostrallar.png","contentUrl":"https:\/\/lavostrallar.com\/noticias\/wp-content\/uploads\/2021\/12\/logo_lavostrallar.png","width":217,"height":109,"caption":"La Vostra Llar"},"image":{"@id":"https:\/\/lavostrallar.com\/noticias\/#\/schema\/logo\/image\/"},"sameAs":["https:\/\/www.facebook.com\/lavostra.llar","https:\/\/x.com\/lavostrallar","https:\/\/www.instagram.com\/lavostrallar\/"]},{"@type":"Person","@id":"https:\/\/lavostrallar.com\/noticias\/#\/schema\/person\/98d190b96ca2625c1d1b620c5f85d524","name":"lavostrallar Gracia","image":{"@type":"ImageObject","inLanguage":"ca","@id":"https:\/\/lavostrallar.com\/noticias\/#\/schema\/person\/image\/","url":"https:\/\/secure.gravatar.com\/avatar\/22e1dc84f9fddb4b1831e2289bde1824099c3c45d1caa39e81531ea2f7fb0212?s=96&d=mm&r=g","contentUrl":"https:\/\/secure.gravatar.com\/avatar\/22e1dc84f9fddb4b1831e2289bde1824099c3c45d1caa39e81531ea2f7fb0212?s=96&d=mm&r=g","caption":"lavostrallar Gracia"},"sameAs":["lavostrallar"],"url":"https:\/\/lavostrallar.com\/noticias\/ca\/author\/lavostrallar-gracia\/"}]}},"_links":{"self":[{"href":"https:\/\/lavostrallar.com\/noticias\/ca\/wp-json\/wp\/v2\/posts\/24999","targetHints":{"allow":["GET"]}}],"collection":[{"href":"https:\/\/lavostrallar.com\/noticias\/ca\/wp-json\/wp\/v2\/posts"}],"about":[{"href":"https:\/\/lavostrallar.com\/noticias\/ca\/wp-json\/wp\/v2\/types\/post"}],"author":[{"embeddable":true,"href":"https:\/\/lavostrallar.com\/noticias\/ca\/wp-json\/wp\/v2\/users\/3"}],"replies":[{"embeddable":true,"href":"https:\/\/lavostrallar.com\/noticias\/ca\/wp-json\/wp\/v2\/comments?post=24999"}],"version-history":[{"count":8,"href":"https:\/\/lavostrallar.com\/noticias\/ca\/wp-json\/wp\/v2\/posts\/24999\/revisions"}],"predecessor-version":[{"id":25143,"href":"https:\/\/lavostrallar.com\/noticias\/ca\/wp-json\/wp\/v2\/posts\/24999\/revisions\/25143"}],"wp:featuredmedia":[{"embeddable":true,"href":"https:\/\/lavostrallar.com\/noticias\/ca\/wp-json\/wp\/v2\/media\/25004"}],"wp:attachment":[{"href":"https:\/\/lavostrallar.com\/noticias\/ca\/wp-json\/wp\/v2\/media?parent=24999"}],"wp:term":[{"taxonomy":"category","embeddable":true,"href":"https:\/\/lavostrallar.com\/noticias\/ca\/wp-json\/wp\/v2\/categories?post=24999"},{"taxonomy":"post_tag","embeddable":true,"href":"https:\/\/lavostrallar.com\/noticias\/ca\/wp-json\/wp\/v2\/tags?post=24999"}],"curies":[{"name":"wp","href":"https:\/\/api.w.org\/{rel}","templated":true}]}}