	{"id":25000,"date":"2023-05-26T13:26:37","date_gmt":"2023-05-26T13:26:37","guid":{"rendered":"https:\/\/lavostrallar.com\/?p=25000"},"modified":"2023-06-12T14:40:05","modified_gmt":"2023-06-12T14:40:05","slug":"junio-soleado-y-brillante-te-pone-de-buen-talante","status":"publish","type":"post","link":"https:\/\/lavostrallar.com\/noticias\/ca\/junio-soleado-y-brillante-te-pone-de-buen-talante\/","title":{"rendered":"A la resid\u00e8ncia de gent gran Oliveres, Juny assolellat i brillant, et posa de bon tarann\u00e0"},"content":{"rendered":"<p>Des de <strong><a href=\"https:\/\/lavostrallar.com\/ca\/residencia-les-oliveres\/\">La Vostra Llar Les Oliveres<\/a><\/strong> tenim moltes ganes de comen\u00e7ar aquest nou mes, ple d'activitats emocionants, a m\u00e9s del bon temps, el solet i la calor.<\/p>\n\n\n\n<p>El primer dijous de mes celebrarem el \u00abMen\u00fa de l\u2019avi\u00bb. En aquesta ocasi\u00f3, els nostres residents han triat com a primer plat esqueixada de bacall\u00e0; de segon, callos a la madrilenya i de postres, profiterols.<\/p>\n\n\n\n<p>Els dijous al mat\u00ed continuarem fent sessions participatives de m\u00fasica, moviment i creativitat amb el taller de \u201cM\u00fasica per a l'oblit\u201d&nbsp;<a href=\"http:\/\/artransforma.org\/art\/\">d'ARTransforma<\/a>. En aquests moments, compartim activitats, jocs, petits concerts, instruments, sons, experimentaci\u00f3 musical, improvisaci\u00f3, can\u00e7ons, moviment\u2026 fomentant l'autonomia, la presa de decisions, la interacci\u00f3, el gaudi i l'aprenentatge.<\/p>\n\n\n\n<p>Cada quinze dies, els dimarts a la tarda, continuarem gaudint de la ter\u00e0pia assistida amb gossos a trav\u00e9s dels professionals d'&nbsp;<a href=\"https:\/\/www.itcan.cat\/\">d'ITCAN, Intervencions Assistides amb Gos<\/a>. Treballarem l\u00b4estimulaci\u00f3 cognitiva i sensorial i fomentarem la comunicaci\u00f3 afectiva i l\u00fadica.<\/p>\n\n\n\n<p>I tamb\u00e9, cada quinze dies, dimarts a la tarda, continuarem amb el servei religi\u00f3s de la m\u00e0 del Moss\u00e8n Enric. Ens encanta escoltar les seves s\u00e0vies paraules.<\/p>\n\n\n\n<h2 class=\"wp-block-heading has-medium-font-size\">M\u00e9s activitats a la resid\u00e8ncia de gent gran<\/h2>\n\n\n\n<p>Com sempre, farem sortides terap\u00e8utiques una o dues vegades per setmana per mantenir el contacte amb l'entorn i exercitar el cervell, a m\u00e9s de cantar i parlar de la vida.<\/p>\n\n\n\n<p>Des de fa uns mesos ens acompanyen en el nostre dia a dia, els joves voluntaris de l'Institut de Sant Gregori. Aix\u00ed doncs, cada tarda continuarem gaudint de jocs, m\u00fasica i confid\u00e8ncies per a fomentar el coneixement mutu. Aquest mes, per\u00f2, ja \u00e9s l'\u00faltim que ens acompanyen. Els trobarem a faltar! De cara a mitjans de mes farem una festa de comiat tots junts per a celebrar i agrair-nos m\u00fatuament la companyia durant aquests mesos.<\/p>\n\n\n\n<p>Continuarem amb el Projecte Abriga de l'organitzaci\u00f3 sense \u00e0nim de lucre&nbsp;<a href=\"https:\/\/www.vidasignificativa.org\/\">Vida Significativa<\/a>. Aquest projecte consisteix a crear mantes de forma col\u00b7lectiva amb ganxet, una activitat que fa sentir a la gent gran part\u00edcip d'una iniciativa important.<\/p>\n\n\n\n<p>A m\u00e9s, l'equip t\u00e8cnic multidisciplinari ha preparat tallers grupals tant de gimn\u00e0stica com d'activitats cognitives, motricitat, art, bellesa, relaxaci\u00f3, mem\u00f2ria, atenci\u00f3...<\/p>\n\n\n\n<p>Cada dijous tenim el bingo, que ens encanta. Tamb\u00e9 les sessions de cinema els divendres. Gaudim molt d'aquestes estones.<\/p>\n\n\n\n<p>Com a activitat especial, per preparar-nos per a la revetlla de Sant Joan, farem un taller de preparaci\u00f3 de&nbsp;<em>smoothies<\/em>, batuts elaborats a base de sucs i trossos de fruita natural. Ens quedaran bon\u00edssims!<\/p>\n\n\n\n<p>I, finalment, acabarem el mes amb una gran celebraci\u00f3: els aniversaris de tots els residents nascuts al juny. Els nostres protagonistes tindran m\u00fasica, regals i past\u00eds d'aniversari, a part de festa i molts riures!<\/p>\n\n\n\n<p>Gr\u00e0cies i feli\u00e7 mes de juny!<\/p>\n\n\n\n<h2 class=\"wp-block-heading has-text-align-center has-luminous-vivid-orange-color has-text-color has-medium-font-size\"><a href=\"https:\/\/lavostrallar.com\/ca\/\">Descobreix m\u00e9s sobre les resid\u00e8ncies de gent gran La Vostra Llar<\/a><\/h2>\n\n\n\n<p><\/p>","protected":false},"excerpt":{"rendered":"<p>Desde La Vostra Llar Les Oliveres tenemos muchas ganas de empezar este nuevo mes, lleno de actividades emocionantes, adem\u00e1s del buen tiempo, solecito y calor. El primer jueves de mes celebraremos el \u00abMen\u00fa de l&#8217;avi\u00bb. En esta ocasi\u00f3n, nuestros residentes han elegido como primer plato esqueixada de bacalao; de segundo, callos a la madrile\u00f1a y [&hellip;]<\/p>","protected":false},"author":6,"featured_media":25002,"comment_status":"closed","ping_status":"closed","sticky":false,"template":"","format":"standard","meta":{"content-type":"","footnotes":""},"categories":[14],"tags":[69,9],"class_list":["post-25000","post","type-post","status-publish","format-standard","has-post-thumbnail","hentry","category-noticias-les-oliveres","tag-actividades-para-mayores","tag-residencias-de-ancianos"],"yoast_head":"<!-- This site is optimized with the Yoast SEO plugin v26.0 - https:\/\/yoast.com\/wordpress\/plugins\/seo\/ -->\n<title>Junio en la residencia de ancianos Oliveres - Noticias La Vostra Llar<\/title>\n<meta name=\"description\" content=\"Descubre qu\u00e9 actividades realizaremos en la residencia de ancianos La Vostra Llar Oliveres. Te lo contamos todo aqu\u00ed\" \/>\n<meta name=\"robots\" content=\"index, follow, max-snippet:-1, max-image-preview:large, max-video-preview:-1\" \/>\n<link rel=\"canonical\" href=\"https:\/\/lavostrallar.com\/noticias\/ca\/junio-soleado-y-brillante-te-pone-de-buen-talante\/\" \/>\n<meta property=\"og:locale\" content=\"ca_ES\" \/>\n<meta property=\"og:type\" content=\"article\" \/>\n<meta property=\"og:title\" content=\"Junio en la residencia de ancianos Oliveres - Noticias La Vostra Llar\" \/>\n<meta property=\"og:description\" content=\"Descubre qu\u00e9 actividades realizaremos en la residencia de ancianos La Vostra Llar Oliveres. Te lo contamos todo aqu\u00ed\" \/>\n<meta property=\"og:url\" content=\"https:\/\/lavostrallar.com\/noticias\/ca\/junio-soleado-y-brillante-te-pone-de-buen-talante\/\" \/>\n<meta property=\"og:site_name\" content=\"Noticias La Vostra Llar\" \/>\n<meta property=\"article:publisher\" content=\"https:\/\/www.facebook.com\/lavostra.llar\" \/>\n<meta property=\"article:published_time\" content=\"2023-05-26T13:26:37+00:00\" \/>\n<meta property=\"article:modified_time\" content=\"2023-06-12T14:40:05+00:00\" \/>\n<meta property=\"og:image\" content=\"https:\/\/lavostrallar.com\/noticias\/wp-content\/uploads\/2023\/05\/346039917_1674133749718210_6587435144318916713_n.jpg\" \/>\n\t<meta property=\"og:image:width\" content=\"1536\" \/>\n\t<meta property=\"og:image:height\" content=\"2048\" \/>\n\t<meta property=\"og:image:type\" content=\"image\/jpeg\" \/>\n<meta name=\"author\" content=\"lavostrallar les oliveres\" \/>\n<meta name=\"twitter:card\" content=\"summary_large_image\" \/>\n<meta name=\"twitter:creator\" content=\"@lavostrallar\" \/>\n<meta name=\"twitter:site\" content=\"@lavostrallar\" \/>\n<meta name=\"twitter:label1\" content=\"Escrit per\" \/>\n\t<meta name=\"twitter:data1\" content=\"lavostrallar les oliveres\" \/>\n\t<meta name=\"twitter:label2\" content=\"Temps estimat de lectura\" \/>\n\t<meta name=\"twitter:data2\" content=\"2 minuts\" \/>\n<script type=\"application\/ld+json\" class=\"yoast-schema-graph\">{\"@context\":\"https:\/\/schema.org\",\"@graph\":[{\"@type\":\"Article\",\"@id\":\"https:\/\/lavostrallar.com\/noticias\/ca\/junio-soleado-y-brillante-te-pone-de-buen-talante\/#article\",\"isPartOf\":{\"@id\":\"https:\/\/lavostrallar.com\/noticias\/ca\/junio-soleado-y-brillante-te-pone-de-buen-talante\/\"},\"author\":{\"name\":\"lavostrallar les oliveres\",\"@id\":\"https:\/\/lavostrallar.com\/noticias\/#\/schema\/person\/f4289e6c8ab39fa8174fb0c6961cf3d9\"},\"headline\":\"En la residencia de ancianos Oliveres, Junio soleado y brillante, te pone de buen talante\",\"datePublished\":\"2023-05-26T13:26:37+00:00\",\"dateModified\":\"2023-06-12T14:40:05+00:00\",\"mainEntityOfPage\":{\"@id\":\"https:\/\/lavostrallar.com\/noticias\/ca\/junio-soleado-y-brillante-te-pone-de-buen-talante\/\"},\"wordCount\":513,\"publisher\":{\"@id\":\"https:\/\/lavostrallar.com\/noticias\/#organization\"},\"image\":{\"@id\":\"https:\/\/lavostrallar.com\/noticias\/ca\/junio-soleado-y-brillante-te-pone-de-buen-talante\/#primaryimage\"},\"thumbnailUrl\":\"https:\/\/lavostrallar.com\/noticias\/wp-content\/uploads\/2023\/05\/346039917_1674133749718210_6587435144318916713_n.jpg\",\"keywords\":[\"Actividades para mayores\",\"Residencias de ancianos\"],\"articleSection\":[\"Noticias Les Oliveres\"],\"inLanguage\":\"ca\"},{\"@type\":\"WebPage\",\"@id\":\"https:\/\/lavostrallar.com\/noticias\/ca\/junio-soleado-y-brillante-te-pone-de-buen-talante\/\",\"url\":\"https:\/\/lavostrallar.com\/noticias\/ca\/junio-soleado-y-brillante-te-pone-de-buen-talante\/\",\"name\":\"Junio en la residencia de ancianos Oliveres - Noticias La Vostra Llar\",\"isPartOf\":{\"@id\":\"https:\/\/lavostrallar.com\/noticias\/#website\"},\"primaryImageOfPage\":{\"@id\":\"https:\/\/lavostrallar.com\/noticias\/ca\/junio-soleado-y-brillante-te-pone-de-buen-talante\/#primaryimage\"},\"image\":{\"@id\":\"https:\/\/lavostrallar.com\/noticias\/ca\/junio-soleado-y-brillante-te-pone-de-buen-talante\/#primaryimage\"},\"thumbnailUrl\":\"https:\/\/lavostrallar.com\/noticias\/wp-content\/uploads\/2023\/05\/346039917_1674133749718210_6587435144318916713_n.jpg\",\"datePublished\":\"2023-05-26T13:26:37+00:00\",\"dateModified\":\"2023-06-12T14:40:05+00:00\",\"description\":\"Descubre qu\u00e9 actividades realizaremos en la residencia de ancianos La Vostra Llar Oliveres. Te lo contamos todo aqu\u00ed\",\"breadcrumb\":{\"@id\":\"https:\/\/lavostrallar.com\/noticias\/ca\/junio-soleado-y-brillante-te-pone-de-buen-talante\/#breadcrumb\"},\"inLanguage\":\"ca\",\"potentialAction\":[{\"@type\":\"ReadAction\",\"target\":[\"https:\/\/lavostrallar.com\/noticias\/ca\/junio-soleado-y-brillante-te-pone-de-buen-talante\/\"]}]},{\"@type\":\"ImageObject\",\"inLanguage\":\"ca\",\"@id\":\"https:\/\/lavostrallar.com\/noticias\/ca\/junio-soleado-y-brillante-te-pone-de-buen-talante\/#primaryimage\",\"url\":\"https:\/\/lavostrallar.com\/noticias\/wp-content\/uploads\/2023\/05\/346039917_1674133749718210_6587435144318916713_n.jpg\",\"contentUrl\":\"https:\/\/lavostrallar.com\/noticias\/wp-content\/uploads\/2023\/05\/346039917_1674133749718210_6587435144318916713_n.jpg\",\"width\":1536,\"height\":2048,\"caption\":\"residencia de ancianos Oliveres\"},{\"@type\":\"BreadcrumbList\",\"@id\":\"https:\/\/lavostrallar.com\/noticias\/ca\/junio-soleado-y-brillante-te-pone-de-buen-talante\/#breadcrumb\",\"itemListElement\":[{\"@type\":\"ListItem\",\"position\":1,\"name\":\"Portada\",\"item\":\"https:\/\/lavostrallar.com\/noticias\/\"},{\"@type\":\"ListItem\",\"position\":2,\"name\":\"En la residencia de ancianos Oliveres, Junio soleado y brillante, te pone de buen talante\"}]},{\"@type\":\"WebSite\",\"@id\":\"https:\/\/lavostrallar.com\/noticias\/#website\",\"url\":\"https:\/\/lavostrallar.com\/noticias\/\",\"name\":\"La Vostra Llar\",\"description\":\"La Vostra Llar gestiona resid\u00e8ncies geri\u00e0triques des de 1987 amb la missi\u00f3 d\u2019oferir assist\u00e8ncia personalitzada per estimular, acollir i atendre les persones grans amb qualsevol grau de depend\u00e8ncia.\",\"publisher\":{\"@id\":\"https:\/\/lavostrallar.com\/noticias\/#organization\"},\"potentialAction\":[{\"@type\":\"SearchAction\",\"target\":{\"@type\":\"EntryPoint\",\"urlTemplate\":\"https:\/\/lavostrallar.com\/noticias\/?s={search_term_string}\"},\"query-input\":{\"@type\":\"PropertyValueSpecification\",\"valueRequired\":true,\"valueName\":\"search_term_string\"}}],\"inLanguage\":\"ca\"},{\"@type\":\"Organization\",\"@id\":\"https:\/\/lavostrallar.com\/noticias\/#organization\",\"name\":\"La Vostra Llar\",\"url\":\"https:\/\/lavostrallar.com\/noticias\/\",\"logo\":{\"@type\":\"ImageObject\",\"inLanguage\":\"ca\",\"@id\":\"https:\/\/lavostrallar.com\/noticias\/#\/schema\/logo\/image\/\",\"url\":\"https:\/\/lavostrallar.com\/noticias\/wp-content\/uploads\/2021\/12\/logo_lavostrallar.png\",\"contentUrl\":\"https:\/\/lavostrallar.com\/noticias\/wp-content\/uploads\/2021\/12\/logo_lavostrallar.png\",\"width\":217,\"height\":109,\"caption\":\"La Vostra Llar\"},\"image\":{\"@id\":\"https:\/\/lavostrallar.com\/noticias\/#\/schema\/logo\/image\/\"},\"sameAs\":[\"https:\/\/www.facebook.com\/lavostra.llar\",\"https:\/\/x.com\/lavostrallar\",\"https:\/\/www.instagram.com\/lavostrallar\/\"]},{\"@type\":\"Person\",\"@id\":\"https:\/\/lavostrallar.com\/noticias\/#\/schema\/person\/f4289e6c8ab39fa8174fb0c6961cf3d9\",\"name\":\"lavostrallar les oliveres\",\"image\":{\"@type\":\"ImageObject\",\"inLanguage\":\"ca\",\"@id\":\"https:\/\/lavostrallar.com\/noticias\/#\/schema\/person\/image\/\",\"url\":\"https:\/\/secure.gravatar.com\/avatar\/8a68ffd91f344473a54bf43806c46b546425f438f4ef4581a92a140ec7d5298a?s=96&d=mm&r=g\",\"contentUrl\":\"https:\/\/secure.gravatar.com\/avatar\/8a68ffd91f344473a54bf43806c46b546425f438f4ef4581a92a140ec7d5298a?s=96&d=mm&r=g\",\"caption\":\"lavostrallar les oliveres\"},\"url\":\"https:\/\/lavostrallar.com\/noticias\/ca\/author\/lavostrallar-les-oliveres\/\"}]}<\/script>\n<!-- \/ Yoast SEO plugin. -->","yoast_head_json":{"title":"Junio en la residencia de ancianos Oliveres - Noticias La Vostra Llar","description":"Descobreix quines activitats realitzarem a la resid\u00e8ncia de gent gran La Vostra Llar Oliveres. T'ho expliquem tot aqu\u00ed","robots":{"index":"index","follow":"follow","max-snippet":"max-snippet:-1","max-image-preview":"max-image-preview:large","max-video-preview":"max-video-preview:-1"},"canonical":"https:\/\/lavostrallar.com\/noticias\/ca\/junio-soleado-y-brillante-te-pone-de-buen-talante\/","og_locale":"ca_ES","og_type":"article","og_title":"Junio en la residencia de ancianos Oliveres - Noticias La Vostra Llar","og_description":"Descubre qu\u00e9 actividades realizaremos en la residencia de ancianos La Vostra Llar Oliveres. Te lo contamos todo aqu\u00ed","og_url":"https:\/\/lavostrallar.com\/noticias\/ca\/junio-soleado-y-brillante-te-pone-de-buen-talante\/","og_site_name":"Noticias La Vostra Llar","article_publisher":"https:\/\/www.facebook.com\/lavostra.llar","article_published_time":"2023-05-26T13:26:37+00:00","article_modified_time":"2023-06-12T14:40:05+00:00","og_image":[{"width":1536,"height":2048,"url":"https:\/\/lavostrallar.com\/noticias\/wp-content\/uploads\/2023\/05\/346039917_1674133749718210_6587435144318916713_n.jpg","type":"image\/jpeg"}],"author":"lavostrallar les oliveres","twitter_card":"summary_large_image","twitter_creator":"@lavostrallar","twitter_site":"@lavostrallar","twitter_misc":{"Escrit per":"lavostrallar les oliveres","Temps estimat de lectura":"2 minuts"},"schema":{"@context":"https:\/\/schema.org","@graph":[{"@type":"Article","@id":"https:\/\/lavostrallar.com\/noticias\/ca\/junio-soleado-y-brillante-te-pone-de-buen-talante\/#article","isPartOf":{"@id":"https:\/\/lavostrallar.com\/noticias\/ca\/junio-soleado-y-brillante-te-pone-de-buen-talante\/"},"author":{"name":"lavostrallar les oliveres","@id":"https:\/\/lavostrallar.com\/noticias\/#\/schema\/person\/f4289e6c8ab39fa8174fb0c6961cf3d9"},"headline":"En la residencia de ancianos Oliveres, Junio soleado y brillante, te pone de buen talante","datePublished":"2023-05-26T13:26:37+00:00","dateModified":"2023-06-12T14:40:05+00:00","mainEntityOfPage":{"@id":"https:\/\/lavostrallar.com\/noticias\/ca\/junio-soleado-y-brillante-te-pone-de-buen-talante\/"},"wordCount":513,"publisher":{"@id":"https:\/\/lavostrallar.com\/noticias\/#organization"},"image":{"@id":"https:\/\/lavostrallar.com\/noticias\/ca\/junio-soleado-y-brillante-te-pone-de-buen-talante\/#primaryimage"},"thumbnailUrl":"https:\/\/lavostrallar.com\/noticias\/wp-content\/uploads\/2023\/05\/346039917_1674133749718210_6587435144318916713_n.jpg","keywords":["Actividades para mayores","Residencias de ancianos"],"articleSection":["Noticias Les Oliveres"],"inLanguage":"ca"},{"@type":"WebPage","@id":"https:\/\/lavostrallar.com\/noticias\/ca\/junio-soleado-y-brillante-te-pone-de-buen-talante\/","url":"https:\/\/lavostrallar.com\/noticias\/ca\/junio-soleado-y-brillante-te-pone-de-buen-talante\/","name":"Junio en la residencia de ancianos Oliveres - Noticias La Vostra Llar","isPartOf":{"@id":"https:\/\/lavostrallar.com\/noticias\/#website"},"primaryImageOfPage":{"@id":"https:\/\/lavostrallar.com\/noticias\/ca\/junio-soleado-y-brillante-te-pone-de-buen-talante\/#primaryimage"},"image":{"@id":"https:\/\/lavostrallar.com\/noticias\/ca\/junio-soleado-y-brillante-te-pone-de-buen-talante\/#primaryimage"},"thumbnailUrl":"https:\/\/lavostrallar.com\/noticias\/wp-content\/uploads\/2023\/05\/346039917_1674133749718210_6587435144318916713_n.jpg","datePublished":"2023-05-26T13:26:37+00:00","dateModified":"2023-06-12T14:40:05+00:00","description":"Descobreix quines activitats realitzarem a la resid\u00e8ncia de gent gran La Vostra Llar Oliveres. T'ho expliquem tot aqu\u00ed","breadcrumb":{"@id":"https:\/\/lavostrallar.com\/noticias\/ca\/junio-soleado-y-brillante-te-pone-de-buen-talante\/#breadcrumb"},"inLanguage":"ca","potentialAction":[{"@type":"ReadAction","target":["https:\/\/lavostrallar.com\/noticias\/ca\/junio-soleado-y-brillante-te-pone-de-buen-talante\/"]}]},{"@type":"ImageObject","inLanguage":"ca","@id":"https:\/\/lavostrallar.com\/noticias\/ca\/junio-soleado-y-brillante-te-pone-de-buen-talante\/#primaryimage","url":"https:\/\/lavostrallar.com\/noticias\/wp-content\/uploads\/2023\/05\/346039917_1674133749718210_6587435144318916713_n.jpg","contentUrl":"https:\/\/lavostrallar.com\/noticias\/wp-content\/uploads\/2023\/05\/346039917_1674133749718210_6587435144318916713_n.jpg","width":1536,"height":2048,"caption":"residencia de ancianos Oliveres"},{"@type":"BreadcrumbList","@id":"https:\/\/lavostrallar.com\/noticias\/ca\/junio-soleado-y-brillante-te-pone-de-buen-talante\/#breadcrumb","itemListElement":[{"@type":"ListItem","position":1,"name":"Portada","item":"https:\/\/lavostrallar.com\/noticias\/"},{"@type":"ListItem","position":2,"name":"En la residencia de ancianos Oliveres, Junio soleado y brillante, te pone de buen talante"}]},{"@type":"WebSite","@id":"https:\/\/lavostrallar.com\/noticias\/#website","url":"https:\/\/lavostrallar.com\/noticias\/","name":"La Vostra Llar","description":"La Vostra Llar gestiona resid\u00e8ncies geri\u00e0triques des de 1987 amb la missi\u00f3 d\u2019oferir assist\u00e8ncia personalitzada per estimular, acollir i atendre les persones grans amb qualsevol grau de depend\u00e8ncia.","publisher":{"@id":"https:\/\/lavostrallar.com\/noticias\/#organization"},"potentialAction":[{"@type":"SearchAction","target":{"@type":"EntryPoint","urlTemplate":"https:\/\/lavostrallar.com\/noticias\/?s={search_term_string}"},"query-input":{"@type":"PropertyValueSpecification","valueRequired":true,"valueName":"search_term_string"}}],"inLanguage":"ca"},{"@type":"Organization","@id":"https:\/\/lavostrallar.com\/noticias\/#organization","name":"La Vostra Llar","url":"https:\/\/lavostrallar.com\/noticias\/","logo":{"@type":"ImageObject","inLanguage":"ca","@id":"https:\/\/lavostrallar.com\/noticias\/#\/schema\/logo\/image\/","url":"https:\/\/lavostrallar.com\/noticias\/wp-content\/uploads\/2021\/12\/logo_lavostrallar.png","contentUrl":"https:\/\/lavostrallar.com\/noticias\/wp-content\/uploads\/2021\/12\/logo_lavostrallar.png","width":217,"height":109,"caption":"La Vostra Llar"},"image":{"@id":"https:\/\/lavostrallar.com\/noticias\/#\/schema\/logo\/image\/"},"sameAs":["https:\/\/www.facebook.com\/lavostra.llar","https:\/\/x.com\/lavostrallar","https:\/\/www.instagram.com\/lavostrallar\/"]},{"@type":"Person","@id":"https:\/\/lavostrallar.com\/noticias\/#\/schema\/person\/f4289e6c8ab39fa8174fb0c6961cf3d9","name":"lavostrallar les oliveres","image":{"@type":"ImageObject","inLanguage":"ca","@id":"https:\/\/lavostrallar.com\/noticias\/#\/schema\/person\/image\/","url":"https:\/\/secure.gravatar.com\/avatar\/8a68ffd91f344473a54bf43806c46b546425f438f4ef4581a92a140ec7d5298a?s=96&d=mm&r=g","contentUrl":"https:\/\/secure.gravatar.com\/avatar\/8a68ffd91f344473a54bf43806c46b546425f438f4ef4581a92a140ec7d5298a?s=96&d=mm&r=g","caption":"lavostrallar les oliveres"},"url":"https:\/\/lavostrallar.com\/noticias\/ca\/author\/lavostrallar-les-oliveres\/"}]}},"_links":{"self":[{"href":"https:\/\/lavostrallar.com\/noticias\/ca\/wp-json\/wp\/v2\/posts\/25000","targetHints":{"allow":["GET"]}}],"collection":[{"href":"https:\/\/lavostrallar.com\/noticias\/ca\/wp-json\/wp\/v2\/posts"}],"about":[{"href":"https:\/\/lavostrallar.com\/noticias\/ca\/wp-json\/wp\/v2\/types\/post"}],"author":[{"embeddable":true,"href":"https:\/\/lavostrallar.com\/noticias\/ca\/wp-json\/wp\/v2\/users\/6"}],"replies":[{"embeddable":true,"href":"https:\/\/lavostrallar.com\/noticias\/ca\/wp-json\/wp\/v2\/comments?post=25000"}],"version-history":[{"count":5,"href":"https:\/\/lavostrallar.com\/noticias\/ca\/wp-json\/wp\/v2\/posts\/25000\/revisions"}],"predecessor-version":[{"id":25256,"href":"https:\/\/lavostrallar.com\/noticias\/ca\/wp-json\/wp\/v2\/posts\/25000\/revisions\/25256"}],"wp:featuredmedia":[{"embeddable":true,"href":"https:\/\/lavostrallar.com\/noticias\/ca\/wp-json\/wp\/v2\/media\/25002"}],"wp:attachment":[{"href":"https:\/\/lavostrallar.com\/noticias\/ca\/wp-json\/wp\/v2\/media?parent=25000"}],"wp:term":[{"taxonomy":"category","embeddable":true,"href":"https:\/\/lavostrallar.com\/noticias\/ca\/wp-json\/wp\/v2\/categories?post=25000"},{"taxonomy":"post_tag","embeddable":true,"href":"https:\/\/lavostrallar.com\/noticias\/ca\/wp-json\/wp\/v2\/tags?post=25000"}],"curies":[{"name":"wp","href":"https:\/\/api.w.org\/{rel}","templated":true}]}}