	{"id":25026,"date":"2023-05-26T15:23:50","date_gmt":"2023-05-26T15:23:50","guid":{"rendered":"https:\/\/lavostrallar.com\/?p=25026"},"modified":"2023-06-12T15:39:09","modified_gmt":"2023-06-12T15:39:09","slug":"llega-el-veranito-y-el-calor-a-la-vostra-llar-parc-guell","status":"publish","type":"post","link":"https:\/\/lavostrallar.com\/noticias\/ca\/llega-el-veranito-y-el-calor-a-la-vostra-llar-parc-guell\/","title":{"rendered":"Arriba l'estiuet i la calor a la resid\u00e8ncia de gent gran La Vostra Llar Parc G\u00fcell"},"content":{"rendered":"<p>Comencem l'estiu amb celebracions i amb bones energies!<\/p>\n\n\n\n<p>Dilluns passat dia 29, vam poder gaudir d'una paellada popular amb tots aquells amics i familiars que vau poder assistir. L'arrosset i el bon temps ens va fer donar peu a l'estiu amb molta il\u00b7lusi\u00f3.<\/p>\n\n\n\n<h2 class=\"wp-block-heading has-medium-font-size\">Activitats a la resid\u00e8ncia de gent gran<\/h2>\n\n\n\n<p>Arrenquem juny amb la ter\u00e0pia amb gossos de la m\u00e0 de l'Eli de <a href=\"https:\/\/www.itcan.cat\/\">ItCan<\/a>, els dijous 1, 15 i 29 a les 17h. El mateix dia 1 tindrem el \u00abMen\u00fa de l\u2019*avi\u00bb, que al juny consisteix en esqueixada de bacall\u00e0, callos a la madrilenya i profiterols.<\/p>\n\n\n\n<p>El divendres dia 2 tindrem taller de m\u00fasica de la m\u00e0 de l'Ainara de <a href=\"http:\/\/artransforma.org\/art\/es\/inicio-5\/\">d'ARTransforma<\/a> a les 11h. Just quan acabi tindrem missa a les 12:15h, de la m\u00e0 del Mossen Bruno. Els seg\u00fcents dies del taller de m\u00fasica s\u00f3n el dimarts dia 6 i 13 a les 11h, i el dijous 22 a les 17h, tamb\u00e9 el divendres 30 a les 11h.<\/p>\n\n\n\n<p>Els dilluns 12, 19 i 26 tindrem taller de lectura de la m\u00e0 de la Mar\u00eda, la volunt\u00e0ria de la biblioteca Jaume Fuster. A m\u00e9s, aquest mes gaudirem de trobades intergeneracionals amb l'Escola Jesu\u00eftes Gr\u00e0cia, amb la qual comencem a col\u00b7laborar en aquest \u00faltim trimestre del curs escolar, alumnes de 3r i 4t de l'ESO vindran els dies 12, 13, 14 i 16 a les 11h.<\/p>\n\n\n\n<h2 class=\"wp-block-heading has-text-align-center has-luminous-vivid-orange-color has-text-color\" style=\"font-size:17px\"><a href=\"https:\/\/lavostrallar.com\/ca\/residencia-parcguell\/\">M\u00e9s informaci\u00f3 sobre la resid\u00e8ncia de gent gran Parc G\u00fcell<\/a><\/h2>\n\n\n\n<p>I per descomptat, no podia faltar la gran FESTA DE SANT JOAN! Estarem tot juny preparant la decoraci\u00f3, i el dia 23, el mateix dia de la festivitat, tindrem un gran concert del grup Duo Cabana, i de berenar, coca!<\/p>\n\n\n\n<p>A m\u00e9s, durant tot el mes, com sempre, continuem amb les sessions de fisioter\u00e0pia, amb l'estimulaci\u00f3 sensorial i cognitiva de la m\u00e0 de la Neus, la psic\u00f2loga, i amb la resta d'activitats significatives, com el bingo, taller de lectura, costura, taller art\u00edstic i altre, de la m\u00e0 de l'Ana, l'educadora social.<\/p>\n\n\n\n<p>Finalitzarem amb la celebraci\u00f3 dels aniversaris dels residents nascuts al juny el dimecres dia 28.<\/p>\n\n\n\n<p>A gaudir!<\/p>","protected":false},"excerpt":{"rendered":"<p>\u00a1Empezamos el verano a lo grande y con buenas energ\u00edas! El pasado lunes 29, pudimos disfrutar de una paellada popular con todos aquellos amigos y familiares que pudisteis asistir. El arrozito y el buen tiempo nos hizo dar pie al verano con mucha ilusi\u00f3n. Actividades en la residencia de ancianos Arrancamos junio con la terapia [&hellip;]<\/p>","protected":false},"author":7,"featured_media":25027,"comment_status":"closed","ping_status":"closed","sticky":false,"template":"","format":"standard","meta":{"content-type":"","footnotes":""},"categories":[27],"tags":[69,9],"class_list":["post-25026","post","type-post","status-publish","format-standard","has-post-thumbnail","hentry","category-noticias-guell","tag-actividades-para-mayores","tag-residencias-de-ancianos"],"yoast_head":"<!-- This site is optimized with the Yoast SEO plugin v26.0 - https:\/\/yoast.com\/wordpress\/plugins\/seo\/ -->\n<title>Verano en la residencia de ancianos Parc G\u00fcel - Noticias La Vostra Llar<\/title>\n<meta name=\"description\" content=\"Llega el veranito y el calor a la residencia de ancianos La Vostra Llar Parc G\u00fcell. Descubre qu\u00e9 actividades realizaremos aqu\u00ed\" \/>\n<meta name=\"robots\" content=\"index, follow, max-snippet:-1, max-image-preview:large, max-video-preview:-1\" \/>\n<link rel=\"canonical\" href=\"https:\/\/lavostrallar.com\/noticias\/ca\/llega-el-veranito-y-el-calor-a-la-vostra-llar-parc-guell\/\" \/>\n<meta property=\"og:locale\" content=\"ca_ES\" \/>\n<meta property=\"og:type\" content=\"article\" \/>\n<meta property=\"og:title\" content=\"Verano en la residencia de ancianos Parc G\u00fcel - Noticias La Vostra Llar\" \/>\n<meta property=\"og:description\" content=\"Llega el veranito y el calor a la residencia de ancianos La Vostra Llar Parc G\u00fcell. Descubre qu\u00e9 actividades realizaremos aqu\u00ed\" \/>\n<meta property=\"og:url\" content=\"https:\/\/lavostrallar.com\/noticias\/ca\/llega-el-veranito-y-el-calor-a-la-vostra-llar-parc-guell\/\" \/>\n<meta property=\"og:site_name\" content=\"Noticias La Vostra Llar\" \/>\n<meta property=\"article:publisher\" content=\"https:\/\/www.facebook.com\/lavostra.llar\" \/>\n<meta property=\"article:published_time\" content=\"2023-05-26T15:23:50+00:00\" \/>\n<meta property=\"article:modified_time\" content=\"2023-06-12T15:39:09+00:00\" \/>\n<meta property=\"og:image\" content=\"https:\/\/lavostrallar.com\/noticias\/wp-content\/uploads\/2023\/05\/WhatsApp-Image-2023-05-26-at-13.27.25.jpeg\" \/>\n\t<meta property=\"og:image:width\" content=\"2048\" \/>\n\t<meta property=\"og:image:height\" content=\"1537\" \/>\n\t<meta property=\"og:image:type\" content=\"image\/jpeg\" \/>\n<meta name=\"author\" content=\"lavostrallar parcguell\" \/>\n<meta name=\"twitter:card\" content=\"summary_large_image\" \/>\n<meta name=\"twitter:creator\" content=\"@lavostrallar\" \/>\n<meta name=\"twitter:site\" content=\"@lavostrallar\" \/>\n<meta name=\"twitter:label1\" content=\"Escrit per\" \/>\n\t<meta name=\"twitter:data1\" content=\"lavostrallar parcguell\" \/>\n\t<meta name=\"twitter:label2\" content=\"Temps estimat de lectura\" \/>\n\t<meta name=\"twitter:data2\" content=\"2 minuts\" \/>\n<script type=\"application\/ld+json\" class=\"yoast-schema-graph\">{\"@context\":\"https:\/\/schema.org\",\"@graph\":[{\"@type\":\"Article\",\"@id\":\"https:\/\/lavostrallar.com\/noticias\/ca\/llega-el-veranito-y-el-calor-a-la-vostra-llar-parc-guell\/#article\",\"isPartOf\":{\"@id\":\"https:\/\/lavostrallar.com\/noticias\/ca\/llega-el-veranito-y-el-calor-a-la-vostra-llar-parc-guell\/\"},\"author\":{\"name\":\"lavostrallar parcguell\",\"@id\":\"https:\/\/lavostrallar.com\/noticias\/#\/schema\/person\/c9d943fd898d65208f8071af897f2e38\"},\"headline\":\"Llega el veranito y el calor a la residencia de ancianos La Vostra Llar Parc G\u00fcell\",\"datePublished\":\"2023-05-26T15:23:50+00:00\",\"dateModified\":\"2023-06-12T15:39:09+00:00\",\"mainEntityOfPage\":{\"@id\":\"https:\/\/lavostrallar.com\/noticias\/ca\/llega-el-veranito-y-el-calor-a-la-vostra-llar-parc-guell\/\"},\"wordCount\":376,\"publisher\":{\"@id\":\"https:\/\/lavostrallar.com\/noticias\/#organization\"},\"image\":{\"@id\":\"https:\/\/lavostrallar.com\/noticias\/ca\/llega-el-veranito-y-el-calor-a-la-vostra-llar-parc-guell\/#primaryimage\"},\"thumbnailUrl\":\"https:\/\/lavostrallar.com\/noticias\/wp-content\/uploads\/2023\/05\/WhatsApp-Image-2023-05-26-at-13.27.25.jpeg\",\"keywords\":[\"Actividades para mayores\",\"Residencias de ancianos\"],\"articleSection\":[\"Noticias Parc G\u00fcell\"],\"inLanguage\":\"ca\"},{\"@type\":\"WebPage\",\"@id\":\"https:\/\/lavostrallar.com\/noticias\/ca\/llega-el-veranito-y-el-calor-a-la-vostra-llar-parc-guell\/\",\"url\":\"https:\/\/lavostrallar.com\/noticias\/ca\/llega-el-veranito-y-el-calor-a-la-vostra-llar-parc-guell\/\",\"name\":\"Verano en la residencia de ancianos Parc G\u00fcel - Noticias La Vostra Llar\",\"isPartOf\":{\"@id\":\"https:\/\/lavostrallar.com\/noticias\/#website\"},\"primaryImageOfPage\":{\"@id\":\"https:\/\/lavostrallar.com\/noticias\/ca\/llega-el-veranito-y-el-calor-a-la-vostra-llar-parc-guell\/#primaryimage\"},\"image\":{\"@id\":\"https:\/\/lavostrallar.com\/noticias\/ca\/llega-el-veranito-y-el-calor-a-la-vostra-llar-parc-guell\/#primaryimage\"},\"thumbnailUrl\":\"https:\/\/lavostrallar.com\/noticias\/wp-content\/uploads\/2023\/05\/WhatsApp-Image-2023-05-26-at-13.27.25.jpeg\",\"datePublished\":\"2023-05-26T15:23:50+00:00\",\"dateModified\":\"2023-06-12T15:39:09+00:00\",\"description\":\"Llega el veranito y el calor a la residencia de ancianos La Vostra Llar Parc G\u00fcell. Descubre qu\u00e9 actividades realizaremos aqu\u00ed\",\"breadcrumb\":{\"@id\":\"https:\/\/lavostrallar.com\/noticias\/ca\/llega-el-veranito-y-el-calor-a-la-vostra-llar-parc-guell\/#breadcrumb\"},\"inLanguage\":\"ca\",\"potentialAction\":[{\"@type\":\"ReadAction\",\"target\":[\"https:\/\/lavostrallar.com\/noticias\/ca\/llega-el-veranito-y-el-calor-a-la-vostra-llar-parc-guell\/\"]}]},{\"@type\":\"ImageObject\",\"inLanguage\":\"ca\",\"@id\":\"https:\/\/lavostrallar.com\/noticias\/ca\/llega-el-veranito-y-el-calor-a-la-vostra-llar-parc-guell\/#primaryimage\",\"url\":\"https:\/\/lavostrallar.com\/noticias\/wp-content\/uploads\/2023\/05\/WhatsApp-Image-2023-05-26-at-13.27.25.jpeg\",\"contentUrl\":\"https:\/\/lavostrallar.com\/noticias\/wp-content\/uploads\/2023\/05\/WhatsApp-Image-2023-05-26-at-13.27.25.jpeg\",\"width\":2048,\"height\":1537,\"caption\":\"residencia de ancianos\"},{\"@type\":\"BreadcrumbList\",\"@id\":\"https:\/\/lavostrallar.com\/noticias\/ca\/llega-el-veranito-y-el-calor-a-la-vostra-llar-parc-guell\/#breadcrumb\",\"itemListElement\":[{\"@type\":\"ListItem\",\"position\":1,\"name\":\"Portada\",\"item\":\"https:\/\/lavostrallar.com\/noticias\/\"},{\"@type\":\"ListItem\",\"position\":2,\"name\":\"Llega el veranito y el calor a la residencia de ancianos La Vostra Llar Parc G\u00fcell\"}]},{\"@type\":\"WebSite\",\"@id\":\"https:\/\/lavostrallar.com\/noticias\/#website\",\"url\":\"https:\/\/lavostrallar.com\/noticias\/\",\"name\":\"La Vostra Llar\",\"description\":\"La Vostra Llar gestiona resid\u00e8ncies geri\u00e0triques des de 1987 amb la missi\u00f3 d\u2019oferir assist\u00e8ncia personalitzada per estimular, acollir i atendre les persones grans amb qualsevol grau de depend\u00e8ncia.\",\"publisher\":{\"@id\":\"https:\/\/lavostrallar.com\/noticias\/#organization\"},\"potentialAction\":[{\"@type\":\"SearchAction\",\"target\":{\"@type\":\"EntryPoint\",\"urlTemplate\":\"https:\/\/lavostrallar.com\/noticias\/?s={search_term_string}\"},\"query-input\":{\"@type\":\"PropertyValueSpecification\",\"valueRequired\":true,\"valueName\":\"search_term_string\"}}],\"inLanguage\":\"ca\"},{\"@type\":\"Organization\",\"@id\":\"https:\/\/lavostrallar.com\/noticias\/#organization\",\"name\":\"La Vostra Llar\",\"url\":\"https:\/\/lavostrallar.com\/noticias\/\",\"logo\":{\"@type\":\"ImageObject\",\"inLanguage\":\"ca\",\"@id\":\"https:\/\/lavostrallar.com\/noticias\/#\/schema\/logo\/image\/\",\"url\":\"https:\/\/lavostrallar.com\/noticias\/wp-content\/uploads\/2021\/12\/logo_lavostrallar.png\",\"contentUrl\":\"https:\/\/lavostrallar.com\/noticias\/wp-content\/uploads\/2021\/12\/logo_lavostrallar.png\",\"width\":217,\"height\":109,\"caption\":\"La Vostra Llar\"},\"image\":{\"@id\":\"https:\/\/lavostrallar.com\/noticias\/#\/schema\/logo\/image\/\"},\"sameAs\":[\"https:\/\/www.facebook.com\/lavostra.llar\",\"https:\/\/x.com\/lavostrallar\",\"https:\/\/www.instagram.com\/lavostrallar\/\"]},{\"@type\":\"Person\",\"@id\":\"https:\/\/lavostrallar.com\/noticias\/#\/schema\/person\/c9d943fd898d65208f8071af897f2e38\",\"name\":\"lavostrallar parcguell\",\"image\":{\"@type\":\"ImageObject\",\"inLanguage\":\"ca\",\"@id\":\"https:\/\/lavostrallar.com\/noticias\/#\/schema\/person\/image\/\",\"url\":\"https:\/\/secure.gravatar.com\/avatar\/beba5c1ab148a56662695e5000793b5d123c998d3f4606baa65b4bf394dbb680?s=96&d=mm&r=g\",\"contentUrl\":\"https:\/\/secure.gravatar.com\/avatar\/beba5c1ab148a56662695e5000793b5d123c998d3f4606baa65b4bf394dbb680?s=96&d=mm&r=g\",\"caption\":\"lavostrallar parcguell\"},\"url\":\"https:\/\/lavostrallar.com\/noticias\/ca\/author\/lavostrallar-parcguell\/\"}]}<\/script>\n<!-- \/ Yoast SEO plugin. -->","yoast_head_json":{"title":"Verano en la residencia de ancianos Parc G\u00fcel - Noticias La Vostra Llar","description":"Arriba l'estiuet i la calor a la resid\u00e8ncia de gent gran La Vostra Llar Parc G\u00fcell. Descobreix quines activitats farem aqu\u00ed","robots":{"index":"index","follow":"follow","max-snippet":"max-snippet:-1","max-image-preview":"max-image-preview:large","max-video-preview":"max-video-preview:-1"},"canonical":"https:\/\/lavostrallar.com\/noticias\/ca\/llega-el-veranito-y-el-calor-a-la-vostra-llar-parc-guell\/","og_locale":"ca_ES","og_type":"article","og_title":"Verano en la residencia de ancianos Parc G\u00fcel - Noticias La Vostra Llar","og_description":"Llega el veranito y el calor a la residencia de ancianos La Vostra Llar Parc G\u00fcell. Descubre qu\u00e9 actividades realizaremos aqu\u00ed","og_url":"https:\/\/lavostrallar.com\/noticias\/ca\/llega-el-veranito-y-el-calor-a-la-vostra-llar-parc-guell\/","og_site_name":"Noticias La Vostra Llar","article_publisher":"https:\/\/www.facebook.com\/lavostra.llar","article_published_time":"2023-05-26T15:23:50+00:00","article_modified_time":"2023-06-12T15:39:09+00:00","og_image":[{"width":2048,"height":1537,"url":"https:\/\/lavostrallar.com\/noticias\/wp-content\/uploads\/2023\/05\/WhatsApp-Image-2023-05-26-at-13.27.25.jpeg","type":"image\/jpeg"}],"author":"lavostrallar parcguell","twitter_card":"summary_large_image","twitter_creator":"@lavostrallar","twitter_site":"@lavostrallar","twitter_misc":{"Escrit per":"lavostrallar parcguell","Temps estimat de lectura":"2 minuts"},"schema":{"@context":"https:\/\/schema.org","@graph":[{"@type":"Article","@id":"https:\/\/lavostrallar.com\/noticias\/ca\/llega-el-veranito-y-el-calor-a-la-vostra-llar-parc-guell\/#article","isPartOf":{"@id":"https:\/\/lavostrallar.com\/noticias\/ca\/llega-el-veranito-y-el-calor-a-la-vostra-llar-parc-guell\/"},"author":{"name":"lavostrallar parcguell","@id":"https:\/\/lavostrallar.com\/noticias\/#\/schema\/person\/c9d943fd898d65208f8071af897f2e38"},"headline":"Llega el veranito y el calor a la residencia de ancianos La Vostra Llar Parc G\u00fcell","datePublished":"2023-05-26T15:23:50+00:00","dateModified":"2023-06-12T15:39:09+00:00","mainEntityOfPage":{"@id":"https:\/\/lavostrallar.com\/noticias\/ca\/llega-el-veranito-y-el-calor-a-la-vostra-llar-parc-guell\/"},"wordCount":376,"publisher":{"@id":"https:\/\/lavostrallar.com\/noticias\/#organization"},"image":{"@id":"https:\/\/lavostrallar.com\/noticias\/ca\/llega-el-veranito-y-el-calor-a-la-vostra-llar-parc-guell\/#primaryimage"},"thumbnailUrl":"https:\/\/lavostrallar.com\/noticias\/wp-content\/uploads\/2023\/05\/WhatsApp-Image-2023-05-26-at-13.27.25.jpeg","keywords":["Actividades para mayores","Residencias de ancianos"],"articleSection":["Noticias Parc G\u00fcell"],"inLanguage":"ca"},{"@type":"WebPage","@id":"https:\/\/lavostrallar.com\/noticias\/ca\/llega-el-veranito-y-el-calor-a-la-vostra-llar-parc-guell\/","url":"https:\/\/lavostrallar.com\/noticias\/ca\/llega-el-veranito-y-el-calor-a-la-vostra-llar-parc-guell\/","name":"Verano en la residencia de ancianos Parc G\u00fcel - Noticias La Vostra Llar","isPartOf":{"@id":"https:\/\/lavostrallar.com\/noticias\/#website"},"primaryImageOfPage":{"@id":"https:\/\/lavostrallar.com\/noticias\/ca\/llega-el-veranito-y-el-calor-a-la-vostra-llar-parc-guell\/#primaryimage"},"image":{"@id":"https:\/\/lavostrallar.com\/noticias\/ca\/llega-el-veranito-y-el-calor-a-la-vostra-llar-parc-guell\/#primaryimage"},"thumbnailUrl":"https:\/\/lavostrallar.com\/noticias\/wp-content\/uploads\/2023\/05\/WhatsApp-Image-2023-05-26-at-13.27.25.jpeg","datePublished":"2023-05-26T15:23:50+00:00","dateModified":"2023-06-12T15:39:09+00:00","description":"Arriba l'estiuet i la calor a la resid\u00e8ncia de gent gran La Vostra Llar Parc G\u00fcell. Descobreix quines activitats farem aqu\u00ed","breadcrumb":{"@id":"https:\/\/lavostrallar.com\/noticias\/ca\/llega-el-veranito-y-el-calor-a-la-vostra-llar-parc-guell\/#breadcrumb"},"inLanguage":"ca","potentialAction":[{"@type":"ReadAction","target":["https:\/\/lavostrallar.com\/noticias\/ca\/llega-el-veranito-y-el-calor-a-la-vostra-llar-parc-guell\/"]}]},{"@type":"ImageObject","inLanguage":"ca","@id":"https:\/\/lavostrallar.com\/noticias\/ca\/llega-el-veranito-y-el-calor-a-la-vostra-llar-parc-guell\/#primaryimage","url":"https:\/\/lavostrallar.com\/noticias\/wp-content\/uploads\/2023\/05\/WhatsApp-Image-2023-05-26-at-13.27.25.jpeg","contentUrl":"https:\/\/lavostrallar.com\/noticias\/wp-content\/uploads\/2023\/05\/WhatsApp-Image-2023-05-26-at-13.27.25.jpeg","width":2048,"height":1537,"caption":"residencia de ancianos"},{"@type":"BreadcrumbList","@id":"https:\/\/lavostrallar.com\/noticias\/ca\/llega-el-veranito-y-el-calor-a-la-vostra-llar-parc-guell\/#breadcrumb","itemListElement":[{"@type":"ListItem","position":1,"name":"Portada","item":"https:\/\/lavostrallar.com\/noticias\/"},{"@type":"ListItem","position":2,"name":"Llega el veranito y el calor a la residencia de ancianos La Vostra Llar Parc G\u00fcell"}]},{"@type":"WebSite","@id":"https:\/\/lavostrallar.com\/noticias\/#website","url":"https:\/\/lavostrallar.com\/noticias\/","name":"La Vostra Llar","description":"La Vostra Llar gestiona resid\u00e8ncies geri\u00e0triques des de 1987 amb la missi\u00f3 d\u2019oferir assist\u00e8ncia personalitzada per estimular, acollir i atendre les persones grans amb qualsevol grau de depend\u00e8ncia.","publisher":{"@id":"https:\/\/lavostrallar.com\/noticias\/#organization"},"potentialAction":[{"@type":"SearchAction","target":{"@type":"EntryPoint","urlTemplate":"https:\/\/lavostrallar.com\/noticias\/?s={search_term_string}"},"query-input":{"@type":"PropertyValueSpecification","valueRequired":true,"valueName":"search_term_string"}}],"inLanguage":"ca"},{"@type":"Organization","@id":"https:\/\/lavostrallar.com\/noticias\/#organization","name":"La Vostra Llar","url":"https:\/\/lavostrallar.com\/noticias\/","logo":{"@type":"ImageObject","inLanguage":"ca","@id":"https:\/\/lavostrallar.com\/noticias\/#\/schema\/logo\/image\/","url":"https:\/\/lavostrallar.com\/noticias\/wp-content\/uploads\/2021\/12\/logo_lavostrallar.png","contentUrl":"https:\/\/lavostrallar.com\/noticias\/wp-content\/uploads\/2021\/12\/logo_lavostrallar.png","width":217,"height":109,"caption":"La Vostra Llar"},"image":{"@id":"https:\/\/lavostrallar.com\/noticias\/#\/schema\/logo\/image\/"},"sameAs":["https:\/\/www.facebook.com\/lavostra.llar","https:\/\/x.com\/lavostrallar","https:\/\/www.instagram.com\/lavostrallar\/"]},{"@type":"Person","@id":"https:\/\/lavostrallar.com\/noticias\/#\/schema\/person\/c9d943fd898d65208f8071af897f2e38","name":"lavostrallar parcguell","image":{"@type":"ImageObject","inLanguage":"ca","@id":"https:\/\/lavostrallar.com\/noticias\/#\/schema\/person\/image\/","url":"https:\/\/secure.gravatar.com\/avatar\/beba5c1ab148a56662695e5000793b5d123c998d3f4606baa65b4bf394dbb680?s=96&d=mm&r=g","contentUrl":"https:\/\/secure.gravatar.com\/avatar\/beba5c1ab148a56662695e5000793b5d123c998d3f4606baa65b4bf394dbb680?s=96&d=mm&r=g","caption":"lavostrallar parcguell"},"url":"https:\/\/lavostrallar.com\/noticias\/ca\/author\/lavostrallar-parcguell\/"}]}},"_links":{"self":[{"href":"https:\/\/lavostrallar.com\/noticias\/ca\/wp-json\/wp\/v2\/posts\/25026","targetHints":{"allow":["GET"]}}],"collection":[{"href":"https:\/\/lavostrallar.com\/noticias\/ca\/wp-json\/wp\/v2\/posts"}],"about":[{"href":"https:\/\/lavostrallar.com\/noticias\/ca\/wp-json\/wp\/v2\/types\/post"}],"author":[{"embeddable":true,"href":"https:\/\/lavostrallar.com\/noticias\/ca\/wp-json\/wp\/v2\/users\/7"}],"replies":[{"embeddable":true,"href":"https:\/\/lavostrallar.com\/noticias\/ca\/wp-json\/wp\/v2\/comments?post=25026"}],"version-history":[{"count":5,"href":"https:\/\/lavostrallar.com\/noticias\/ca\/wp-json\/wp\/v2\/posts\/25026\/revisions"}],"predecessor-version":[{"id":25260,"href":"https:\/\/lavostrallar.com\/noticias\/ca\/wp-json\/wp\/v2\/posts\/25026\/revisions\/25260"}],"wp:featuredmedia":[{"embeddable":true,"href":"https:\/\/lavostrallar.com\/noticias\/ca\/wp-json\/wp\/v2\/media\/25027"}],"wp:attachment":[{"href":"https:\/\/lavostrallar.com\/noticias\/ca\/wp-json\/wp\/v2\/media?parent=25026"}],"wp:term":[{"taxonomy":"category","embeddable":true,"href":"https:\/\/lavostrallar.com\/noticias\/ca\/wp-json\/wp\/v2\/categories?post=25026"},{"taxonomy":"post_tag","embeddable":true,"href":"https:\/\/lavostrallar.com\/noticias\/ca\/wp-json\/wp\/v2\/tags?post=25026"}],"curies":[{"name":"wp","href":"https:\/\/api.w.org\/{rel}","templated":true}]}}