	{"id":25894,"date":"2023-07-11T10:11:54","date_gmt":"2023-07-11T08:11:54","guid":{"rendered":"https:\/\/lavostrallar.com\/?p=25894"},"modified":"2023-07-27T13:09:00","modified_gmt":"2023-07-27T11:09:00","slug":"la-importancia-de-trabajar-las-emociones-con-las-personas-mayores","status":"publish","type":"post","link":"https:\/\/lavostrallar.com\/noticias\/ca\/la-importancia-de-trabajar-las-emociones-con-las-personas-mayores\/","title":{"rendered":"Treballar les emocions amb les persones grans"},"content":{"rendered":"<p>A mesura que les persones envelleixen, sovint s'enfronten a una s\u00e8rie de canvis i desafiaments emocionals. \u00c9s en aquest moment de la vida que treballar les emocions amb les persones de la tercera edat esdev\u00e9 especialment rellevant i benefici\u00f3s.<\/p>\n\n\n\n<h2 class=\"wp-block-heading has-medium-font-size\">Emocions i la gent gran Com ajudar-los?<\/h2>\n\n\n\n<p>En primer lloc, l'envelliment pot comportar una s\u00e8rie de p\u00e8rdues i transicions significatives. Els \u00e9ssers estimats poden morir, les habilitats f\u00edsiques poden disminuir i els rols socials poden canviar. Aquests canvis poden desencadenar emocions com ara la tristesa, la solitud, la frustraci\u00f3 o l'ansietat. En treballar les emocions amb la gent gran, se'ls ofereix un <strong>espai segur<\/strong> per expressar i processar aquests sentiments. Aix\u00f2 els pot ajudar a trobar consol i adaptar-se de manera m\u00e9s saludable als canvis que estan experimentant.<\/p>\n\n\n\n<p>A m\u00e9s, treballar les emocions amb la gent gran pot millorar el benestar general. En abordar les emocions negatives i aprendre a conduir-les de manera efectiva, es promou una millor salut mental i emocional. Aix\u00f2 pot reduir l'estr\u00e8s, l'ansietat i la depressi\u00f3 i millorar la qualitat de vida en general. En proporcionar eines i estrat\u00e8gies per bregar amb les emocions, se'ls capacita per <strong>enfrontar de manera m\u00e9s positiva els desafiaments emocionals<\/strong> que poden sorgir.<\/p>\n\n\n\n<p>Les persones grans sovint es poden sentir a\u00efllades o desconnectades a causa de circumst\u00e0ncies com la solitud, la p\u00e8rdua o la dist\u00e0ncia de la fam\u00edlia. Treballar les emocions amb ells pot ajudar a enfortir els lla\u00e7os socials i fomentar la interacci\u00f3 i el suport mutu. En compartir i expressar emocions en un entorn de confian\u00e7a, es creen connexions significatives i es promou un sentit de pertinen\u00e7a i comunitat.<\/p>\n\n\n\n<h2 class=\"wp-block-heading has-medium-font-size\">Beneficis de treballar les emocions amb la gent gran<\/h2>\n\n\n\n<p>Treballar les emocions amb la gent gran pot ajudar a <strong>preservar i enfortir la seva autoestima. <\/strong>A mesura que envellim, \u00e9s habitual experimentar una disminuci\u00f3 de l'autoconfian\u00e7a i una sensaci\u00f3 de p\u00e8rdua d'identitat. En abordar i validar les seves emocions, se'ls ajuda a recon\u00e8ixer i valorar-ne la v\u00e0lua personal. Aix\u00f2 pot promoure m\u00e9s <strong>autoacceptaci\u00f3 i autoestima<\/strong>, cosa que alhora contribueix a un envelliment m\u00e9s saludable i satisfactori.<\/p>\n\n\n\n<p>Per acabar, treballar les emocions reconeix i honra la seva experi\u00e8ncia de vida. Han acumulat saviesa i coneixement al llarg dels anys i poden tenir molt per ensenyar a les generacions m\u00e9s joves. En brindar-los l'oportunitat de compartir les seves experi\u00e8ncies i perspectives emocionals, se'ls atorga un espai per ser valorats i respectats. Aix\u00f2 fomenta un sentit de prop\u00f2sit i contribuci\u00f3 i els permet deixar un llegat emocional significatiu.<\/p>\n\n\n\n<p>A<strong> <a href=\"https:\/\/lavostrallar.com\/ca\/\">La Vostra Llar <\/a><\/strong>creiem que treballar les emocions amb les persones grans \u00e9s fonamental per al seu benestar i qualitat de vida. En abordar i processar les emocions, se'ls brinda <strong>suport emocional<\/strong>, es promou la <strong>salut mental<\/strong> i se <strong>n'enforteix la connexi\u00f3 social<\/strong>. A m\u00e9s, se'ls reconeix com a individus valuosos amb experi\u00e8ncies i saviesa \u00faniques per compartir. En invertir en el benestar emocional, es contribueix a un envelliment m\u00e9s saludable, satisfactori i significatiu.<\/p>\n\n\n\n<h3 class=\"wp-block-heading has-text-align-center has-medium-font-size\"><a href=\"https:\/\/lavostrallar.com\/noticias\/ca\/\">Descobreix m\u00e9s notes de bloc sobre la gent gran<\/a><\/h3>","protected":false},"excerpt":{"rendered":"<p>A medida que las personas envejecen, a menudo se enfrentan a una serie de cambios y desaf\u00edos emocionales. Es en este momento de la vida trabajar las emociones con las personas de la tercera edad se vuelve especialmente relevante y beneficioso. Emociones y las personas mayores \u00bfC\u00f3mo ayudarlos? En primer lugar, el envejecimiento puede traer [&hellip;]<\/p>","protected":false},"author":15,"featured_media":25895,"comment_status":"closed","ping_status":"closed","sticky":false,"template":"","format":"standard","meta":{"content-type":"","footnotes":""},"categories":[11,47,18,12,13,14,15,27,16,19],"tags":[127,126,130,128,129,138,9],"class_list":["post-25894","post","type-post","status-publish","format-standard","has-post-thumbnail","hentry","category-noticias-blanes","category-noticias-clot","category-noticias-gracia","category-noticias-la-rambla","category-noticias-les-dalies","category-noticias-les-oliveres","category-noticias-mataro","category-noticias-guell","category-noticias-reig","category-noticias-terrassa","tag-bienestar-general","tag-emociones","tag-envejecimiento-saludable","tag-expresion","tag-fortaleza-y-seguridad","tag-personas-mayores","tag-residencias-de-ancianos"],"yoast_head":"<!-- This site is optimized with the Yoast SEO plugin v26.0 - https:\/\/yoast.com\/wordpress\/plugins\/seo\/ -->\n<title>Trabajar las emociones con las personas mayores - Noticias La Vostra Llar<\/title>\n<meta name=\"description\" content=\"Trabajar las emociones con las personas mayores en las residencias se vuelve especialmente relevante y beneficioso.\" \/>\n<meta name=\"robots\" content=\"index, follow, max-snippet:-1, max-image-preview:large, max-video-preview:-1\" \/>\n<link rel=\"canonical\" href=\"https:\/\/lavostrallar.com\/noticias\/ca\/la-importancia-de-trabajar-las-emociones-con-las-personas-mayores\/\" \/>\n<meta property=\"og:locale\" content=\"ca_ES\" \/>\n<meta property=\"og:type\" content=\"article\" \/>\n<meta property=\"og:title\" content=\"Trabajar las emociones con las personas mayores - Noticias La Vostra Llar\" \/>\n<meta property=\"og:description\" content=\"Trabajar las emociones con las personas mayores en las residencias se vuelve especialmente relevante y beneficioso.\" \/>\n<meta property=\"og:url\" content=\"https:\/\/lavostrallar.com\/noticias\/ca\/la-importancia-de-trabajar-las-emociones-con-las-personas-mayores\/\" \/>\n<meta property=\"og:site_name\" content=\"Noticias La Vostra Llar\" \/>\n<meta property=\"article:publisher\" content=\"https:\/\/www.facebook.com\/lavostra.llar\" \/>\n<meta property=\"article:published_time\" content=\"2023-07-11T08:11:54+00:00\" \/>\n<meta property=\"article:modified_time\" content=\"2023-07-27T11:09:00+00:00\" \/>\n<meta property=\"og:image\" content=\"https:\/\/lavostrallar.com\/noticias\/wp-content\/uploads\/2023\/07\/IMG-1263-scaled.jpg\" \/>\n\t<meta property=\"og:image:width\" content=\"2560\" \/>\n\t<meta property=\"og:image:height\" content=\"1920\" \/>\n\t<meta property=\"og:image:type\" content=\"image\/jpeg\" \/>\n<meta name=\"author\" content=\"clot\" \/>\n<meta name=\"twitter:card\" content=\"summary_large_image\" \/>\n<meta name=\"twitter:creator\" content=\"@lavostrallar\" \/>\n<meta name=\"twitter:site\" content=\"@lavostrallar\" \/>\n<meta name=\"twitter:label1\" content=\"Escrit per\" \/>\n\t<meta name=\"twitter:data1\" content=\"clot\" \/>\n\t<meta name=\"twitter:label2\" content=\"Temps estimat de lectura\" \/>\n\t<meta name=\"twitter:data2\" content=\"3 minuts\" \/>\n<script type=\"application\/ld+json\" class=\"yoast-schema-graph\">{\"@context\":\"https:\/\/schema.org\",\"@graph\":[{\"@type\":\"Article\",\"@id\":\"https:\/\/lavostrallar.com\/noticias\/la-importancia-de-trabajar-las-emociones-con-las-personas-mayores\/#article\",\"isPartOf\":{\"@id\":\"https:\/\/lavostrallar.com\/noticias\/la-importancia-de-trabajar-las-emociones-con-las-personas-mayores\/\"},\"author\":{\"name\":\"clot\",\"@id\":\"https:\/\/lavostrallar.com\/noticias\/#\/schema\/person\/2511dfae685f7be889a50167b3d88a38\"},\"headline\":\"Trabajar las emociones con las personas mayores\",\"datePublished\":\"2023-07-11T08:11:54+00:00\",\"dateModified\":\"2023-07-27T11:09:00+00:00\",\"mainEntityOfPage\":{\"@id\":\"https:\/\/lavostrallar.com\/noticias\/la-importancia-de-trabajar-las-emociones-con-las-personas-mayores\/\"},\"wordCount\":555,\"publisher\":{\"@id\":\"https:\/\/lavostrallar.com\/noticias\/#organization\"},\"image\":{\"@id\":\"https:\/\/lavostrallar.com\/noticias\/la-importancia-de-trabajar-las-emociones-con-las-personas-mayores\/#primaryimage\"},\"thumbnailUrl\":\"https:\/\/lavostrallar.com\/noticias\/wp-content\/uploads\/2023\/07\/IMG-1263-scaled.jpg\",\"keywords\":[\"bienestar general\",\"emociones\",\"envejecimiento saludable\",\"expresi\u00f3n\",\"fortaleza y seguridad\",\"personas mayores\",\"Residencias de ancianos\"],\"articleSection\":[\"Noticias Blanes\",\"Noticias Clot\",\"Noticias Gr\u00e0cia\",\"Noticias La Rambla\",\"Noticias Les D\u00e0lies\",\"Noticias Les Oliveres\",\"Noticias Matar\u00f3\",\"Noticias Parc G\u00fcell\",\"Noticias Reig\",\"Noticias Terrassa\"],\"inLanguage\":\"ca\"},{\"@type\":\"WebPage\",\"@id\":\"https:\/\/lavostrallar.com\/noticias\/la-importancia-de-trabajar-las-emociones-con-las-personas-mayores\/\",\"url\":\"https:\/\/lavostrallar.com\/noticias\/la-importancia-de-trabajar-las-emociones-con-las-personas-mayores\/\",\"name\":\"Trabajar las emociones con las personas mayores - Noticias La Vostra Llar\",\"isPartOf\":{\"@id\":\"https:\/\/lavostrallar.com\/noticias\/#website\"},\"primaryImageOfPage\":{\"@id\":\"https:\/\/lavostrallar.com\/noticias\/la-importancia-de-trabajar-las-emociones-con-las-personas-mayores\/#primaryimage\"},\"image\":{\"@id\":\"https:\/\/lavostrallar.com\/noticias\/la-importancia-de-trabajar-las-emociones-con-las-personas-mayores\/#primaryimage\"},\"thumbnailUrl\":\"https:\/\/lavostrallar.com\/noticias\/wp-content\/uploads\/2023\/07\/IMG-1263-scaled.jpg\",\"datePublished\":\"2023-07-11T08:11:54+00:00\",\"dateModified\":\"2023-07-27T11:09:00+00:00\",\"description\":\"Trabajar las emociones con las personas mayores en las residencias se vuelve especialmente relevante y beneficioso.\",\"breadcrumb\":{\"@id\":\"https:\/\/lavostrallar.com\/noticias\/la-importancia-de-trabajar-las-emociones-con-las-personas-mayores\/#breadcrumb\"},\"inLanguage\":\"ca\",\"potentialAction\":[{\"@type\":\"ReadAction\",\"target\":[\"https:\/\/lavostrallar.com\/noticias\/la-importancia-de-trabajar-las-emociones-con-las-personas-mayores\/\"]}]},{\"@type\":\"ImageObject\",\"inLanguage\":\"ca\",\"@id\":\"https:\/\/lavostrallar.com\/noticias\/la-importancia-de-trabajar-las-emociones-con-las-personas-mayores\/#primaryimage\",\"url\":\"https:\/\/lavostrallar.com\/noticias\/wp-content\/uploads\/2023\/07\/IMG-1263-scaled.jpg\",\"contentUrl\":\"https:\/\/lavostrallar.com\/noticias\/wp-content\/uploads\/2023\/07\/IMG-1263-scaled.jpg\",\"width\":2560,\"height\":1920,\"caption\":\"personas mayores y emociones\"},{\"@type\":\"BreadcrumbList\",\"@id\":\"https:\/\/lavostrallar.com\/noticias\/la-importancia-de-trabajar-las-emociones-con-las-personas-mayores\/#breadcrumb\",\"itemListElement\":[{\"@type\":\"ListItem\",\"position\":1,\"name\":\"Portada\",\"item\":\"https:\/\/lavostrallar.com\/noticias\/\"},{\"@type\":\"ListItem\",\"position\":2,\"name\":\"Trabajar las emociones con las personas mayores\"}]},{\"@type\":\"WebSite\",\"@id\":\"https:\/\/lavostrallar.com\/noticias\/#website\",\"url\":\"https:\/\/lavostrallar.com\/noticias\/\",\"name\":\"La Vostra Llar\",\"description\":\"La Vostra Llar gestiona resid\u00e8ncies geri\u00e0triques des de 1987 amb la missi\u00f3 d\u2019oferir assist\u00e8ncia personalitzada per estimular, acollir i atendre les persones grans amb qualsevol grau de depend\u00e8ncia.\",\"publisher\":{\"@id\":\"https:\/\/lavostrallar.com\/noticias\/#organization\"},\"potentialAction\":[{\"@type\":\"SearchAction\",\"target\":{\"@type\":\"EntryPoint\",\"urlTemplate\":\"https:\/\/lavostrallar.com\/noticias\/?s={search_term_string}\"},\"query-input\":{\"@type\":\"PropertyValueSpecification\",\"valueRequired\":true,\"valueName\":\"search_term_string\"}}],\"inLanguage\":\"ca\"},{\"@type\":\"Organization\",\"@id\":\"https:\/\/lavostrallar.com\/noticias\/#organization\",\"name\":\"La Vostra Llar\",\"url\":\"https:\/\/lavostrallar.com\/noticias\/\",\"logo\":{\"@type\":\"ImageObject\",\"inLanguage\":\"ca\",\"@id\":\"https:\/\/lavostrallar.com\/noticias\/#\/schema\/logo\/image\/\",\"url\":\"https:\/\/lavostrallar.com\/noticias\/wp-content\/uploads\/2021\/12\/logo_lavostrallar.png\",\"contentUrl\":\"https:\/\/lavostrallar.com\/noticias\/wp-content\/uploads\/2021\/12\/logo_lavostrallar.png\",\"width\":217,\"height\":109,\"caption\":\"La Vostra Llar\"},\"image\":{\"@id\":\"https:\/\/lavostrallar.com\/noticias\/#\/schema\/logo\/image\/\"},\"sameAs\":[\"https:\/\/www.facebook.com\/lavostra.llar\",\"https:\/\/x.com\/lavostrallar\",\"https:\/\/www.instagram.com\/lavostrallar\/\"]},{\"@type\":\"Person\",\"@id\":\"https:\/\/lavostrallar.com\/noticias\/#\/schema\/person\/2511dfae685f7be889a50167b3d88a38\",\"name\":\"clot\",\"image\":{\"@type\":\"ImageObject\",\"inLanguage\":\"ca\",\"@id\":\"https:\/\/lavostrallar.com\/noticias\/#\/schema\/person\/image\/\",\"url\":\"https:\/\/secure.gravatar.com\/avatar\/3c1df0739940f5c4c6ddbf0cbaa0c04d540ea3f04119bc2b24c94557acb1067c?s=96&d=mm&r=g\",\"contentUrl\":\"https:\/\/secure.gravatar.com\/avatar\/3c1df0739940f5c4c6ddbf0cbaa0c04d540ea3f04119bc2b24c94557acb1067c?s=96&d=mm&r=g\",\"caption\":\"clot\"},\"url\":\"https:\/\/lavostrallar.com\/noticias\/ca\/author\/lavostrallar-clot\/\"}]}<\/script>\n<!-- \/ Yoast SEO plugin. -->","yoast_head_json":{"title":"Trabajar las emociones con las personas mayores - Noticias La Vostra Llar","description":"Treballar les emocions amb la gent gran a les resid\u00e8ncies esdev\u00e9 especialment rellevant i benefici\u00f3s.","robots":{"index":"index","follow":"follow","max-snippet":"max-snippet:-1","max-image-preview":"max-image-preview:large","max-video-preview":"max-video-preview:-1"},"canonical":"https:\/\/lavostrallar.com\/noticias\/ca\/la-importancia-de-trabajar-las-emociones-con-las-personas-mayores\/","og_locale":"ca_ES","og_type":"article","og_title":"Trabajar las emociones con las personas mayores - Noticias La Vostra Llar","og_description":"Trabajar las emociones con las personas mayores en las residencias se vuelve especialmente relevante y beneficioso.","og_url":"https:\/\/lavostrallar.com\/noticias\/ca\/la-importancia-de-trabajar-las-emociones-con-las-personas-mayores\/","og_site_name":"Noticias La Vostra Llar","article_publisher":"https:\/\/www.facebook.com\/lavostra.llar","article_published_time":"2023-07-11T08:11:54+00:00","article_modified_time":"2023-07-27T11:09:00+00:00","og_image":[{"width":2560,"height":1920,"url":"https:\/\/lavostrallar.com\/noticias\/wp-content\/uploads\/2023\/07\/IMG-1263-scaled.jpg","type":"image\/jpeg"}],"author":"clot","twitter_card":"summary_large_image","twitter_creator":"@lavostrallar","twitter_site":"@lavostrallar","twitter_misc":{"Escrit per":"clot","Temps estimat de lectura":"3 minuts"},"schema":{"@context":"https:\/\/schema.org","@graph":[{"@type":"Article","@id":"https:\/\/lavostrallar.com\/noticias\/la-importancia-de-trabajar-las-emociones-con-las-personas-mayores\/#article","isPartOf":{"@id":"https:\/\/lavostrallar.com\/noticias\/la-importancia-de-trabajar-las-emociones-con-las-personas-mayores\/"},"author":{"name":"clot","@id":"https:\/\/lavostrallar.com\/noticias\/#\/schema\/person\/2511dfae685f7be889a50167b3d88a38"},"headline":"Trabajar las emociones con las personas mayores","datePublished":"2023-07-11T08:11:54+00:00","dateModified":"2023-07-27T11:09:00+00:00","mainEntityOfPage":{"@id":"https:\/\/lavostrallar.com\/noticias\/la-importancia-de-trabajar-las-emociones-con-las-personas-mayores\/"},"wordCount":555,"publisher":{"@id":"https:\/\/lavostrallar.com\/noticias\/#organization"},"image":{"@id":"https:\/\/lavostrallar.com\/noticias\/la-importancia-de-trabajar-las-emociones-con-las-personas-mayores\/#primaryimage"},"thumbnailUrl":"https:\/\/lavostrallar.com\/noticias\/wp-content\/uploads\/2023\/07\/IMG-1263-scaled.jpg","keywords":["bienestar general","emociones","envejecimiento saludable","expresi\u00f3n","fortaleza y seguridad","personas mayores","Residencias de ancianos"],"articleSection":["Noticias Blanes","Noticias Clot","Noticias Gr\u00e0cia","Noticias La Rambla","Noticias Les D\u00e0lies","Noticias Les Oliveres","Noticias Matar\u00f3","Noticias Parc G\u00fcell","Noticias Reig","Noticias Terrassa"],"inLanguage":"ca"},{"@type":"WebPage","@id":"https:\/\/lavostrallar.com\/noticias\/la-importancia-de-trabajar-las-emociones-con-las-personas-mayores\/","url":"https:\/\/lavostrallar.com\/noticias\/la-importancia-de-trabajar-las-emociones-con-las-personas-mayores\/","name":"Trabajar las emociones con las personas mayores - Noticias La Vostra Llar","isPartOf":{"@id":"https:\/\/lavostrallar.com\/noticias\/#website"},"primaryImageOfPage":{"@id":"https:\/\/lavostrallar.com\/noticias\/la-importancia-de-trabajar-las-emociones-con-las-personas-mayores\/#primaryimage"},"image":{"@id":"https:\/\/lavostrallar.com\/noticias\/la-importancia-de-trabajar-las-emociones-con-las-personas-mayores\/#primaryimage"},"thumbnailUrl":"https:\/\/lavostrallar.com\/noticias\/wp-content\/uploads\/2023\/07\/IMG-1263-scaled.jpg","datePublished":"2023-07-11T08:11:54+00:00","dateModified":"2023-07-27T11:09:00+00:00","description":"Treballar les emocions amb la gent gran a les resid\u00e8ncies esdev\u00e9 especialment rellevant i benefici\u00f3s.","breadcrumb":{"@id":"https:\/\/lavostrallar.com\/noticias\/la-importancia-de-trabajar-las-emociones-con-las-personas-mayores\/#breadcrumb"},"inLanguage":"ca","potentialAction":[{"@type":"ReadAction","target":["https:\/\/lavostrallar.com\/noticias\/la-importancia-de-trabajar-las-emociones-con-las-personas-mayores\/"]}]},{"@type":"ImageObject","inLanguage":"ca","@id":"https:\/\/lavostrallar.com\/noticias\/la-importancia-de-trabajar-las-emociones-con-las-personas-mayores\/#primaryimage","url":"https:\/\/lavostrallar.com\/noticias\/wp-content\/uploads\/2023\/07\/IMG-1263-scaled.jpg","contentUrl":"https:\/\/lavostrallar.com\/noticias\/wp-content\/uploads\/2023\/07\/IMG-1263-scaled.jpg","width":2560,"height":1920,"caption":"personas mayores y emociones"},{"@type":"BreadcrumbList","@id":"https:\/\/lavostrallar.com\/noticias\/la-importancia-de-trabajar-las-emociones-con-las-personas-mayores\/#breadcrumb","itemListElement":[{"@type":"ListItem","position":1,"name":"Portada","item":"https:\/\/lavostrallar.com\/noticias\/"},{"@type":"ListItem","position":2,"name":"Trabajar las emociones con las personas mayores"}]},{"@type":"WebSite","@id":"https:\/\/lavostrallar.com\/noticias\/#website","url":"https:\/\/lavostrallar.com\/noticias\/","name":"La Vostra Llar","description":"La Vostra Llar gestiona resid\u00e8ncies geri\u00e0triques des de 1987 amb la missi\u00f3 d\u2019oferir assist\u00e8ncia personalitzada per estimular, acollir i atendre les persones grans amb qualsevol grau de depend\u00e8ncia.","publisher":{"@id":"https:\/\/lavostrallar.com\/noticias\/#organization"},"potentialAction":[{"@type":"SearchAction","target":{"@type":"EntryPoint","urlTemplate":"https:\/\/lavostrallar.com\/noticias\/?s={search_term_string}"},"query-input":{"@type":"PropertyValueSpecification","valueRequired":true,"valueName":"search_term_string"}}],"inLanguage":"ca"},{"@type":"Organization","@id":"https:\/\/lavostrallar.com\/noticias\/#organization","name":"La Vostra Llar","url":"https:\/\/lavostrallar.com\/noticias\/","logo":{"@type":"ImageObject","inLanguage":"ca","@id":"https:\/\/lavostrallar.com\/noticias\/#\/schema\/logo\/image\/","url":"https:\/\/lavostrallar.com\/noticias\/wp-content\/uploads\/2021\/12\/logo_lavostrallar.png","contentUrl":"https:\/\/lavostrallar.com\/noticias\/wp-content\/uploads\/2021\/12\/logo_lavostrallar.png","width":217,"height":109,"caption":"La Vostra Llar"},"image":{"@id":"https:\/\/lavostrallar.com\/noticias\/#\/schema\/logo\/image\/"},"sameAs":["https:\/\/www.facebook.com\/lavostra.llar","https:\/\/x.com\/lavostrallar","https:\/\/www.instagram.com\/lavostrallar\/"]},{"@type":"Person","@id":"https:\/\/lavostrallar.com\/noticias\/#\/schema\/person\/2511dfae685f7be889a50167b3d88a38","name":"clot","image":{"@type":"ImageObject","inLanguage":"ca","@id":"https:\/\/lavostrallar.com\/noticias\/#\/schema\/person\/image\/","url":"https:\/\/secure.gravatar.com\/avatar\/3c1df0739940f5c4c6ddbf0cbaa0c04d540ea3f04119bc2b24c94557acb1067c?s=96&d=mm&r=g","contentUrl":"https:\/\/secure.gravatar.com\/avatar\/3c1df0739940f5c4c6ddbf0cbaa0c04d540ea3f04119bc2b24c94557acb1067c?s=96&d=mm&r=g","caption":"clot"},"url":"https:\/\/lavostrallar.com\/noticias\/ca\/author\/lavostrallar-clot\/"}]}},"_links":{"self":[{"href":"https:\/\/lavostrallar.com\/noticias\/ca\/wp-json\/wp\/v2\/posts\/25894","targetHints":{"allow":["GET"]}}],"collection":[{"href":"https:\/\/lavostrallar.com\/noticias\/ca\/wp-json\/wp\/v2\/posts"}],"about":[{"href":"https:\/\/lavostrallar.com\/noticias\/ca\/wp-json\/wp\/v2\/types\/post"}],"author":[{"embeddable":true,"href":"https:\/\/lavostrallar.com\/noticias\/ca\/wp-json\/wp\/v2\/users\/15"}],"replies":[{"embeddable":true,"href":"https:\/\/lavostrallar.com\/noticias\/ca\/wp-json\/wp\/v2\/comments?post=25894"}],"version-history":[{"count":4,"href":"https:\/\/lavostrallar.com\/noticias\/ca\/wp-json\/wp\/v2\/posts\/25894\/revisions"}],"predecessor-version":[{"id":26859,"href":"https:\/\/lavostrallar.com\/noticias\/ca\/wp-json\/wp\/v2\/posts\/25894\/revisions\/26859"}],"wp:featuredmedia":[{"embeddable":true,"href":"https:\/\/lavostrallar.com\/noticias\/ca\/wp-json\/wp\/v2\/media\/25895"}],"wp:attachment":[{"href":"https:\/\/lavostrallar.com\/noticias\/ca\/wp-json\/wp\/v2\/media?parent=25894"}],"wp:term":[{"taxonomy":"category","embeddable":true,"href":"https:\/\/lavostrallar.com\/noticias\/ca\/wp-json\/wp\/v2\/categories?post=25894"},{"taxonomy":"post_tag","embeddable":true,"href":"https:\/\/lavostrallar.com\/noticias\/ca\/wp-json\/wp\/v2\/tags?post=25894"}],"curies":[{"name":"wp","href":"https:\/\/api.w.org\/{rel}","templated":true}]}}