	{"id":27680,"date":"2023-09-12T18:44:15","date_gmt":"2023-09-12T16:44:15","guid":{"rendered":"https:\/\/lavostrallar.com\/?p=27680"},"modified":"2023-09-13T09:28:23","modified_gmt":"2023-09-13T07:28:23","slug":"la-adaptacion-de-actividades-de-estimulacion-cognitiva-superando-barreras-sensoriales","status":"publish","type":"post","link":"https:\/\/lavostrallar.com\/noticias\/ca\/la-adaptacion-de-actividades-de-estimulacion-cognitiva-superando-barreras-sensoriales\/","title":{"rendered":"Superant barreres sensorials amb estimulaci\u00f3 cognitiva"},"content":{"rendered":"<p>L'estimulaci\u00f3 cognitiva, a grans trets, \u00e9s un grup d'intervencions terap\u00e8utiques que tenen com a principal objectiu\u00a0<strong>mantenir les capacitats mentals i fer m\u00e9s lenta la deterioraci\u00f3 cognitiva<\/strong>. \u00c9s a dir, conservar, en la mesura del possible, compet\u00e8ncies com la mem\u00f2ria, el llenguatge i la percepci\u00f3, b\u00e9 com a prevenci\u00f3 o de manera terap\u00e8utica en el tractament d'algunes dem\u00e8ncies.<\/p>\n\n\n\n<p>L'estimulaci\u00f3 cognitiva, per tant, \u00e9s vital per a la salut mental de les persones grans. No obstant aix\u00f2, les dificultats auditives i visuals, que s\u00f3n comunes en aquesta etapa de la vida, requereixen activitats adaptades i estrat\u00e8gies espec\u00edfiques.<\/p>\n\n\n\n<p>Davant la p\u00e8rdua auditiva, es poden usar activitats visuals i t\u00e0ctils com a trencaclosques i art per a mantenir l'est\u00edmul cognitiu. En cas de problemes visuals, s\u00f3n beneficiosos recursos com a text ampliat i tecnologia assistencial.<\/p>\n\n\n\n<h5 class=\"wp-block-heading\"><strong>La personalitzaci\u00f3 \u00e9s la clau<\/strong><\/h5>\n\n\n\n<p>Cada persona t\u00e9 limitacions sensorials \u00faniques, per la qual cosa a <strong>La Vostra Llar<\/strong> sabem que ajustar les activitats \u00e9s essencial. A m\u00e9s de mantenir agudesa mental, l'estimulaci\u00f3 cognitiva millora l'autoestima i combat l'a\u00efllament.<\/p>\n\n\n\n<p>En resum, adaptar l'estimulaci\u00f3 cognitiva a desafiaments sensorials en persones grans \u00e9s fonamental per a mantenir el seu benestar mental. Avui dia encara no s'ha trobat una cura que posi fi a les malalties neurodegeneratives, per\u00f2 la reserva cognitiva que es vagi creant al llarg dels anys pot influir a alentir el seu proc\u00e9s, i en qualsevol cas contribueix a millorar el benestar i qualitat de vida.<\/p>\n\n\n\n<h4 class=\"wp-block-heading has-text-align-center\">Llegeix sobre: <a href=\"https:\/\/lavostrallar.com\/ca\/estimulacion-cognitiva-de-ancianos-con-terapia-canina\/\">Estimulaci\u00f3 cognitiva amb ter\u00e0pia canina<\/a><\/h4>","protected":false},"excerpt":{"rendered":"<p>La estimulaci\u00f3n cognitiva, a grandes rasgos, es un grupo de intervenciones terap\u00e9uticas que tienen como principal objetivo\u00a0mantener las capacidades mentales y ralentizar el deterioro cognitivo. Es decir, conservar, dentro de lo posible, competencias como la memoria, el lenguaje y la percepci\u00f3n, bien como prevenci\u00f3n o de forma terap\u00e9utica en el tratamiento de algunas demencias. La [&hellip;]<\/p>","protected":false},"author":6,"featured_media":27683,"comment_status":"closed","ping_status":"closed","sticky":false,"template":"","format":"standard","meta":{"content-type":"","footnotes":""},"categories":[11,47,18,12,13,14,15,27,16,19],"tags":[69,21,146,113,145,9,20,64],"class_list":["post-27680","post","type-post","status-publish","format-standard","has-post-thumbnail","hentry","category-noticias-blanes","category-noticias-clot","category-noticias-gracia","category-noticias-la-rambla","category-noticias-les-dalies","category-noticias-les-oliveres","category-noticias-mataro","category-noticias-guell","category-noticias-reig","category-noticias-terrassa","tag-actividades-para-mayores","tag-atencion-centrada-en-la-persona","tag-barreras-sensoriales","tag-compromiso","tag-estimulacion-cognitiva-2","tag-residencias-de-ancianos","tag-salud-y-envejecimiento-activo","tag-talleres"],"yoast_head":"<!-- This site is optimized with the Yoast SEO plugin v26.0 - https:\/\/yoast.com\/wordpress\/plugins\/seo\/ -->\n<title>Estimulaci\u00f3n cognitiva con barreras sensoriales - Noticias La Vostra Llar<\/title>\n<meta name=\"description\" content=\"La estimulaci\u00f3n cognitiva es vital para la salud mental de las personas mayores. Sin embargo, las dificultades auditivas y visuales\" \/>\n<meta name=\"robots\" content=\"index, follow, max-snippet:-1, max-image-preview:large, max-video-preview:-1\" \/>\n<link rel=\"canonical\" href=\"https:\/\/lavostrallar.com\/noticias\/ca\/la-adaptacion-de-actividades-de-estimulacion-cognitiva-superando-barreras-sensoriales\/\" \/>\n<meta property=\"og:locale\" content=\"ca_ES\" \/>\n<meta property=\"og:type\" content=\"article\" \/>\n<meta property=\"og:title\" content=\"Estimulaci\u00f3n cognitiva con barreras sensoriales - Noticias La Vostra Llar\" \/>\n<meta property=\"og:description\" content=\"La estimulaci\u00f3n cognitiva es vital para la salud mental de las personas mayores. Sin embargo, las dificultades auditivas y visuales\" \/>\n<meta property=\"og:url\" content=\"https:\/\/lavostrallar.com\/noticias\/ca\/la-adaptacion-de-actividades-de-estimulacion-cognitiva-superando-barreras-sensoriales\/\" \/>\n<meta property=\"og:site_name\" content=\"Noticias La Vostra Llar\" \/>\n<meta property=\"article:publisher\" content=\"https:\/\/www.facebook.com\/lavostra.llar\" \/>\n<meta property=\"article:published_time\" content=\"2023-09-12T16:44:15+00:00\" \/>\n<meta property=\"article:modified_time\" content=\"2023-09-13T07:28:23+00:00\" \/>\n<meta property=\"og:image\" content=\"https:\/\/lavostrallar.com\/noticias\/wp-content\/uploads\/2023\/09\/WhatsApp-Image-2023-09-12-at-18.56.19.jpeg\" \/>\n\t<meta property=\"og:image:width\" content=\"2000\" \/>\n\t<meta property=\"og:image:height\" content=\"1500\" \/>\n\t<meta property=\"og:image:type\" content=\"image\/jpeg\" \/>\n<meta name=\"author\" content=\"lavostrallar les oliveres\" \/>\n<meta name=\"twitter:card\" content=\"summary_large_image\" \/>\n<meta name=\"twitter:creator\" content=\"@lavostrallar\" \/>\n<meta name=\"twitter:site\" content=\"@lavostrallar\" \/>\n<meta name=\"twitter:label1\" content=\"Escrit per\" \/>\n\t<meta name=\"twitter:data1\" content=\"lavostrallar les oliveres\" \/>\n\t<meta name=\"twitter:label2\" content=\"Temps estimat de lectura\" \/>\n\t<meta name=\"twitter:data2\" content=\"2 minuts\" \/>\n<script type=\"application\/ld+json\" class=\"yoast-schema-graph\">{\"@context\":\"https:\/\/schema.org\",\"@graph\":[{\"@type\":\"Article\",\"@id\":\"https:\/\/lavostrallar.com\/noticias\/ca\/la-adaptacion-de-actividades-de-estimulacion-cognitiva-superando-barreras-sensoriales\/#article\",\"isPartOf\":{\"@id\":\"https:\/\/lavostrallar.com\/noticias\/ca\/la-adaptacion-de-actividades-de-estimulacion-cognitiva-superando-barreras-sensoriales\/\"},\"author\":{\"name\":\"lavostrallar les oliveres\",\"@id\":\"https:\/\/lavostrallar.com\/noticias\/#\/schema\/person\/f4289e6c8ab39fa8174fb0c6961cf3d9\"},\"headline\":\"Superando barreras sensoriales con estimulaci\u00f3n cognitiva\",\"datePublished\":\"2023-09-12T16:44:15+00:00\",\"dateModified\":\"2023-09-13T07:28:23+00:00\",\"mainEntityOfPage\":{\"@id\":\"https:\/\/lavostrallar.com\/noticias\/ca\/la-adaptacion-de-actividades-de-estimulacion-cognitiva-superando-barreras-sensoriales\/\"},\"wordCount\":274,\"publisher\":{\"@id\":\"https:\/\/lavostrallar.com\/noticias\/#organization\"},\"image\":{\"@id\":\"https:\/\/lavostrallar.com\/noticias\/ca\/la-adaptacion-de-actividades-de-estimulacion-cognitiva-superando-barreras-sensoriales\/#primaryimage\"},\"thumbnailUrl\":\"https:\/\/lavostrallar.com\/noticias\/wp-content\/uploads\/2023\/09\/WhatsApp-Image-2023-09-12-at-18.56.19.jpeg\",\"keywords\":[\"Actividades para mayores\",\"Atenci\u00f3n centrada en la persona\",\"Barreras sensoriales\",\"Compromiso\",\"Estimulacion cognitiva\",\"Residencias de ancianos\",\"Salud y envejecimiento activo\",\"Talleres\"],\"articleSection\":[\"Noticias Blanes\",\"Noticias Clot\",\"Noticias Gr\u00e0cia\",\"Noticias La Rambla\",\"Noticias Les D\u00e0lies\",\"Noticias Les Oliveres\",\"Noticias Matar\u00f3\",\"Noticias Parc G\u00fcell\",\"Noticias Reig\",\"Noticias Terrassa\"],\"inLanguage\":\"ca\"},{\"@type\":\"WebPage\",\"@id\":\"https:\/\/lavostrallar.com\/noticias\/ca\/la-adaptacion-de-actividades-de-estimulacion-cognitiva-superando-barreras-sensoriales\/\",\"url\":\"https:\/\/lavostrallar.com\/noticias\/ca\/la-adaptacion-de-actividades-de-estimulacion-cognitiva-superando-barreras-sensoriales\/\",\"name\":\"Estimulaci\u00f3n cognitiva con barreras sensoriales - Noticias La Vostra Llar\",\"isPartOf\":{\"@id\":\"https:\/\/lavostrallar.com\/noticias\/#website\"},\"primaryImageOfPage\":{\"@id\":\"https:\/\/lavostrallar.com\/noticias\/ca\/la-adaptacion-de-actividades-de-estimulacion-cognitiva-superando-barreras-sensoriales\/#primaryimage\"},\"image\":{\"@id\":\"https:\/\/lavostrallar.com\/noticias\/ca\/la-adaptacion-de-actividades-de-estimulacion-cognitiva-superando-barreras-sensoriales\/#primaryimage\"},\"thumbnailUrl\":\"https:\/\/lavostrallar.com\/noticias\/wp-content\/uploads\/2023\/09\/WhatsApp-Image-2023-09-12-at-18.56.19.jpeg\",\"datePublished\":\"2023-09-12T16:44:15+00:00\",\"dateModified\":\"2023-09-13T07:28:23+00:00\",\"description\":\"La estimulaci\u00f3n cognitiva es vital para la salud mental de las personas mayores. Sin embargo, las dificultades auditivas y visuales\",\"breadcrumb\":{\"@id\":\"https:\/\/lavostrallar.com\/noticias\/ca\/la-adaptacion-de-actividades-de-estimulacion-cognitiva-superando-barreras-sensoriales\/#breadcrumb\"},\"inLanguage\":\"ca\",\"potentialAction\":[{\"@type\":\"ReadAction\",\"target\":[\"https:\/\/lavostrallar.com\/noticias\/ca\/la-adaptacion-de-actividades-de-estimulacion-cognitiva-superando-barreras-sensoriales\/\"]}]},{\"@type\":\"ImageObject\",\"inLanguage\":\"ca\",\"@id\":\"https:\/\/lavostrallar.com\/noticias\/ca\/la-adaptacion-de-actividades-de-estimulacion-cognitiva-superando-barreras-sensoriales\/#primaryimage\",\"url\":\"https:\/\/lavostrallar.com\/noticias\/wp-content\/uploads\/2023\/09\/WhatsApp-Image-2023-09-12-at-18.56.19.jpeg\",\"contentUrl\":\"https:\/\/lavostrallar.com\/noticias\/wp-content\/uploads\/2023\/09\/WhatsApp-Image-2023-09-12-at-18.56.19.jpeg\",\"width\":2000,\"height\":1500},{\"@type\":\"BreadcrumbList\",\"@id\":\"https:\/\/lavostrallar.com\/noticias\/ca\/la-adaptacion-de-actividades-de-estimulacion-cognitiva-superando-barreras-sensoriales\/#breadcrumb\",\"itemListElement\":[{\"@type\":\"ListItem\",\"position\":1,\"name\":\"Portada\",\"item\":\"https:\/\/lavostrallar.com\/noticias\/\"},{\"@type\":\"ListItem\",\"position\":2,\"name\":\"Superando barreras sensoriales con estimulaci\u00f3n cognitiva\"}]},{\"@type\":\"WebSite\",\"@id\":\"https:\/\/lavostrallar.com\/noticias\/#website\",\"url\":\"https:\/\/lavostrallar.com\/noticias\/\",\"name\":\"La Vostra Llar\",\"description\":\"La Vostra Llar gestiona resid\u00e8ncies geri\u00e0triques des de 1987 amb la missi\u00f3 d\u2019oferir assist\u00e8ncia personalitzada per estimular, acollir i atendre les persones grans amb qualsevol grau de depend\u00e8ncia.\",\"publisher\":{\"@id\":\"https:\/\/lavostrallar.com\/noticias\/#organization\"},\"potentialAction\":[{\"@type\":\"SearchAction\",\"target\":{\"@type\":\"EntryPoint\",\"urlTemplate\":\"https:\/\/lavostrallar.com\/noticias\/?s={search_term_string}\"},\"query-input\":{\"@type\":\"PropertyValueSpecification\",\"valueRequired\":true,\"valueName\":\"search_term_string\"}}],\"inLanguage\":\"ca\"},{\"@type\":\"Organization\",\"@id\":\"https:\/\/lavostrallar.com\/noticias\/#organization\",\"name\":\"La Vostra Llar\",\"url\":\"https:\/\/lavostrallar.com\/noticias\/\",\"logo\":{\"@type\":\"ImageObject\",\"inLanguage\":\"ca\",\"@id\":\"https:\/\/lavostrallar.com\/noticias\/#\/schema\/logo\/image\/\",\"url\":\"https:\/\/lavostrallar.com\/noticias\/wp-content\/uploads\/2021\/12\/logo_lavostrallar.png\",\"contentUrl\":\"https:\/\/lavostrallar.com\/noticias\/wp-content\/uploads\/2021\/12\/logo_lavostrallar.png\",\"width\":217,\"height\":109,\"caption\":\"La Vostra Llar\"},\"image\":{\"@id\":\"https:\/\/lavostrallar.com\/noticias\/#\/schema\/logo\/image\/\"},\"sameAs\":[\"https:\/\/www.facebook.com\/lavostra.llar\",\"https:\/\/x.com\/lavostrallar\",\"https:\/\/www.instagram.com\/lavostrallar\/\"]},{\"@type\":\"Person\",\"@id\":\"https:\/\/lavostrallar.com\/noticias\/#\/schema\/person\/f4289e6c8ab39fa8174fb0c6961cf3d9\",\"name\":\"lavostrallar les oliveres\",\"image\":{\"@type\":\"ImageObject\",\"inLanguage\":\"ca\",\"@id\":\"https:\/\/lavostrallar.com\/noticias\/#\/schema\/person\/image\/\",\"url\":\"https:\/\/secure.gravatar.com\/avatar\/8a68ffd91f344473a54bf43806c46b546425f438f4ef4581a92a140ec7d5298a?s=96&d=mm&r=g\",\"contentUrl\":\"https:\/\/secure.gravatar.com\/avatar\/8a68ffd91f344473a54bf43806c46b546425f438f4ef4581a92a140ec7d5298a?s=96&d=mm&r=g\",\"caption\":\"lavostrallar les oliveres\"},\"url\":\"https:\/\/lavostrallar.com\/noticias\/ca\/author\/lavostrallar-les-oliveres\/\"}]}<\/script>\n<!-- \/ Yoast SEO plugin. -->","yoast_head_json":{"title":"Estimulaci\u00f3n cognitiva con barreras sensoriales - Noticias La Vostra Llar","description":"L'estimulaci\u00f3 cognitiva \u00e9s vital per a la salut mental de la gent gran. No obstant aix\u00f2, les dificultats auditives i visuals","robots":{"index":"index","follow":"follow","max-snippet":"max-snippet:-1","max-image-preview":"max-image-preview:large","max-video-preview":"max-video-preview:-1"},"canonical":"https:\/\/lavostrallar.com\/noticias\/ca\/la-adaptacion-de-actividades-de-estimulacion-cognitiva-superando-barreras-sensoriales\/","og_locale":"ca_ES","og_type":"article","og_title":"Estimulaci\u00f3n cognitiva con barreras sensoriales - Noticias La Vostra Llar","og_description":"La estimulaci\u00f3n cognitiva es vital para la salud mental de las personas mayores. Sin embargo, las dificultades auditivas y visuales","og_url":"https:\/\/lavostrallar.com\/noticias\/ca\/la-adaptacion-de-actividades-de-estimulacion-cognitiva-superando-barreras-sensoriales\/","og_site_name":"Noticias La Vostra Llar","article_publisher":"https:\/\/www.facebook.com\/lavostra.llar","article_published_time":"2023-09-12T16:44:15+00:00","article_modified_time":"2023-09-13T07:28:23+00:00","og_image":[{"width":2000,"height":1500,"url":"https:\/\/lavostrallar.com\/noticias\/wp-content\/uploads\/2023\/09\/WhatsApp-Image-2023-09-12-at-18.56.19.jpeg","type":"image\/jpeg"}],"author":"lavostrallar les oliveres","twitter_card":"summary_large_image","twitter_creator":"@lavostrallar","twitter_site":"@lavostrallar","twitter_misc":{"Escrit per":"lavostrallar les oliveres","Temps estimat de lectura":"2 minuts"},"schema":{"@context":"https:\/\/schema.org","@graph":[{"@type":"Article","@id":"https:\/\/lavostrallar.com\/noticias\/ca\/la-adaptacion-de-actividades-de-estimulacion-cognitiva-superando-barreras-sensoriales\/#article","isPartOf":{"@id":"https:\/\/lavostrallar.com\/noticias\/ca\/la-adaptacion-de-actividades-de-estimulacion-cognitiva-superando-barreras-sensoriales\/"},"author":{"name":"lavostrallar les oliveres","@id":"https:\/\/lavostrallar.com\/noticias\/#\/schema\/person\/f4289e6c8ab39fa8174fb0c6961cf3d9"},"headline":"Superando barreras sensoriales con estimulaci\u00f3n cognitiva","datePublished":"2023-09-12T16:44:15+00:00","dateModified":"2023-09-13T07:28:23+00:00","mainEntityOfPage":{"@id":"https:\/\/lavostrallar.com\/noticias\/ca\/la-adaptacion-de-actividades-de-estimulacion-cognitiva-superando-barreras-sensoriales\/"},"wordCount":274,"publisher":{"@id":"https:\/\/lavostrallar.com\/noticias\/#organization"},"image":{"@id":"https:\/\/lavostrallar.com\/noticias\/ca\/la-adaptacion-de-actividades-de-estimulacion-cognitiva-superando-barreras-sensoriales\/#primaryimage"},"thumbnailUrl":"https:\/\/lavostrallar.com\/noticias\/wp-content\/uploads\/2023\/09\/WhatsApp-Image-2023-09-12-at-18.56.19.jpeg","keywords":["Actividades para mayores","Atenci\u00f3n centrada en la persona","Barreras sensoriales","Compromiso","Estimulacion cognitiva","Residencias de ancianos","Salud y envejecimiento activo","Talleres"],"articleSection":["Noticias Blanes","Noticias Clot","Noticias Gr\u00e0cia","Noticias La Rambla","Noticias Les D\u00e0lies","Noticias Les Oliveres","Noticias Matar\u00f3","Noticias Parc G\u00fcell","Noticias Reig","Noticias Terrassa"],"inLanguage":"ca"},{"@type":"WebPage","@id":"https:\/\/lavostrallar.com\/noticias\/ca\/la-adaptacion-de-actividades-de-estimulacion-cognitiva-superando-barreras-sensoriales\/","url":"https:\/\/lavostrallar.com\/noticias\/ca\/la-adaptacion-de-actividades-de-estimulacion-cognitiva-superando-barreras-sensoriales\/","name":"Estimulaci\u00f3n cognitiva con barreras sensoriales - Noticias La Vostra Llar","isPartOf":{"@id":"https:\/\/lavostrallar.com\/noticias\/#website"},"primaryImageOfPage":{"@id":"https:\/\/lavostrallar.com\/noticias\/ca\/la-adaptacion-de-actividades-de-estimulacion-cognitiva-superando-barreras-sensoriales\/#primaryimage"},"image":{"@id":"https:\/\/lavostrallar.com\/noticias\/ca\/la-adaptacion-de-actividades-de-estimulacion-cognitiva-superando-barreras-sensoriales\/#primaryimage"},"thumbnailUrl":"https:\/\/lavostrallar.com\/noticias\/wp-content\/uploads\/2023\/09\/WhatsApp-Image-2023-09-12-at-18.56.19.jpeg","datePublished":"2023-09-12T16:44:15+00:00","dateModified":"2023-09-13T07:28:23+00:00","description":"L'estimulaci\u00f3 cognitiva \u00e9s vital per a la salut mental de la gent gran. No obstant aix\u00f2, les dificultats auditives i visuals","breadcrumb":{"@id":"https:\/\/lavostrallar.com\/noticias\/ca\/la-adaptacion-de-actividades-de-estimulacion-cognitiva-superando-barreras-sensoriales\/#breadcrumb"},"inLanguage":"ca","potentialAction":[{"@type":"ReadAction","target":["https:\/\/lavostrallar.com\/noticias\/ca\/la-adaptacion-de-actividades-de-estimulacion-cognitiva-superando-barreras-sensoriales\/"]}]},{"@type":"ImageObject","inLanguage":"ca","@id":"https:\/\/lavostrallar.com\/noticias\/ca\/la-adaptacion-de-actividades-de-estimulacion-cognitiva-superando-barreras-sensoriales\/#primaryimage","url":"https:\/\/lavostrallar.com\/noticias\/wp-content\/uploads\/2023\/09\/WhatsApp-Image-2023-09-12-at-18.56.19.jpeg","contentUrl":"https:\/\/lavostrallar.com\/noticias\/wp-content\/uploads\/2023\/09\/WhatsApp-Image-2023-09-12-at-18.56.19.jpeg","width":2000,"height":1500},{"@type":"BreadcrumbList","@id":"https:\/\/lavostrallar.com\/noticias\/ca\/la-adaptacion-de-actividades-de-estimulacion-cognitiva-superando-barreras-sensoriales\/#breadcrumb","itemListElement":[{"@type":"ListItem","position":1,"name":"Portada","item":"https:\/\/lavostrallar.com\/noticias\/"},{"@type":"ListItem","position":2,"name":"Superando barreras sensoriales con estimulaci\u00f3n cognitiva"}]},{"@type":"WebSite","@id":"https:\/\/lavostrallar.com\/noticias\/#website","url":"https:\/\/lavostrallar.com\/noticias\/","name":"La Vostra Llar","description":"La Vostra Llar gestiona resid\u00e8ncies geri\u00e0triques des de 1987 amb la missi\u00f3 d\u2019oferir assist\u00e8ncia personalitzada per estimular, acollir i atendre les persones grans amb qualsevol grau de depend\u00e8ncia.","publisher":{"@id":"https:\/\/lavostrallar.com\/noticias\/#organization"},"potentialAction":[{"@type":"SearchAction","target":{"@type":"EntryPoint","urlTemplate":"https:\/\/lavostrallar.com\/noticias\/?s={search_term_string}"},"query-input":{"@type":"PropertyValueSpecification","valueRequired":true,"valueName":"search_term_string"}}],"inLanguage":"ca"},{"@type":"Organization","@id":"https:\/\/lavostrallar.com\/noticias\/#organization","name":"La Vostra Llar","url":"https:\/\/lavostrallar.com\/noticias\/","logo":{"@type":"ImageObject","inLanguage":"ca","@id":"https:\/\/lavostrallar.com\/noticias\/#\/schema\/logo\/image\/","url":"https:\/\/lavostrallar.com\/noticias\/wp-content\/uploads\/2021\/12\/logo_lavostrallar.png","contentUrl":"https:\/\/lavostrallar.com\/noticias\/wp-content\/uploads\/2021\/12\/logo_lavostrallar.png","width":217,"height":109,"caption":"La Vostra Llar"},"image":{"@id":"https:\/\/lavostrallar.com\/noticias\/#\/schema\/logo\/image\/"},"sameAs":["https:\/\/www.facebook.com\/lavostra.llar","https:\/\/x.com\/lavostrallar","https:\/\/www.instagram.com\/lavostrallar\/"]},{"@type":"Person","@id":"https:\/\/lavostrallar.com\/noticias\/#\/schema\/person\/f4289e6c8ab39fa8174fb0c6961cf3d9","name":"lavostrallar les oliveres","image":{"@type":"ImageObject","inLanguage":"ca","@id":"https:\/\/lavostrallar.com\/noticias\/#\/schema\/person\/image\/","url":"https:\/\/secure.gravatar.com\/avatar\/8a68ffd91f344473a54bf43806c46b546425f438f4ef4581a92a140ec7d5298a?s=96&d=mm&r=g","contentUrl":"https:\/\/secure.gravatar.com\/avatar\/8a68ffd91f344473a54bf43806c46b546425f438f4ef4581a92a140ec7d5298a?s=96&d=mm&r=g","caption":"lavostrallar les oliveres"},"url":"https:\/\/lavostrallar.com\/noticias\/ca\/author\/lavostrallar-les-oliveres\/"}]}},"_links":{"self":[{"href":"https:\/\/lavostrallar.com\/noticias\/ca\/wp-json\/wp\/v2\/posts\/27680","targetHints":{"allow":["GET"]}}],"collection":[{"href":"https:\/\/lavostrallar.com\/noticias\/ca\/wp-json\/wp\/v2\/posts"}],"about":[{"href":"https:\/\/lavostrallar.com\/noticias\/ca\/wp-json\/wp\/v2\/types\/post"}],"author":[{"embeddable":true,"href":"https:\/\/lavostrallar.com\/noticias\/ca\/wp-json\/wp\/v2\/users\/6"}],"replies":[{"embeddable":true,"href":"https:\/\/lavostrallar.com\/noticias\/ca\/wp-json\/wp\/v2\/comments?post=27680"}],"version-history":[{"count":2,"href":"https:\/\/lavostrallar.com\/noticias\/ca\/wp-json\/wp\/v2\/posts\/27680\/revisions"}],"predecessor-version":[{"id":27690,"href":"https:\/\/lavostrallar.com\/noticias\/ca\/wp-json\/wp\/v2\/posts\/27680\/revisions\/27690"}],"wp:featuredmedia":[{"embeddable":true,"href":"https:\/\/lavostrallar.com\/noticias\/ca\/wp-json\/wp\/v2\/media\/27683"}],"wp:attachment":[{"href":"https:\/\/lavostrallar.com\/noticias\/ca\/wp-json\/wp\/v2\/media?parent=27680"}],"wp:term":[{"taxonomy":"category","embeddable":true,"href":"https:\/\/lavostrallar.com\/noticias\/ca\/wp-json\/wp\/v2\/categories?post=27680"},{"taxonomy":"post_tag","embeddable":true,"href":"https:\/\/lavostrallar.com\/noticias\/ca\/wp-json\/wp\/v2\/tags?post=27680"}],"curies":[{"name":"wp","href":"https:\/\/api.w.org\/{rel}","templated":true}]}}