	{"id":27749,"date":"2023-09-21T09:08:44","date_gmt":"2023-09-21T07:08:44","guid":{"rendered":"https:\/\/lavostrallar.com\/?p=27749"},"modified":"2025-02-06T12:54:16","modified_gmt":"2025-02-06T10:54:16","slug":"dia-mundial-del-alzheimer-2023-la-vostra-llar-y-su-compromiso-con-la-conciencia","status":"publish","type":"post","link":"https:\/\/lavostrallar.com\/noticias\/ca\/dia-mundial-del-alzheimer-2023-la-vostra-llar-y-su-compromiso-con-la-conciencia\/","title":{"rendered":"Dia Mundial de l'Alzheimer: La Vostra Llar i el seu comprom\u00eds amb la consci\u00e8ncia"},"content":{"rendered":"<p>L'Alzheimer \u00e9s una malaltia neurodegenerativa, que sol tenir un inici lent, silenci\u00f3s, i permanent. Un 5% de les persones de 65 anys pateixen la malaltia i en majors de 80 anys el percentatge augmenta fins al 40% segons la <a href=\"https:\/\/www.epdata.es\/datos\/cifras-alzheimer-espana-numero-personas-mortalidad-muertes-graficos-datos\/671\">SEN<\/a>, Societat Espanyola de Neurologia. A m\u00e9s, l'edat suposa el primer factor de risc per a desenvolupar Alzheimer.<\/p>\n\n\n\n<h5 class=\"wp-block-heading\"><strong>Consci\u00e8ncia i Alzheimer: un comprom\u00eds inesgotable<\/strong><\/h5>\n\n\n\n<p>Al grup residencial <strong>La Vostra Llar<\/strong>, entenem que \u00e9s una malaltia que afecta no nom\u00e9s als qui la pateixen, sin\u00f3 tamb\u00e9 als seus \u00e9ssers estimats i cuidadors. Creiem fermament en la import\u00e0ncia de la consci\u00e8ncia, l'educaci\u00f3 i el suport continu per a aquells que afronten aquesta afecci\u00f3 i les seves fam\u00edlies. En conson\u00e0ncia, els nostres programes i activitats relacionades amb l'Alzheimer es desenvolupen de manera cont\u00ednua, amb l'objectiu de brindar un ambient enriquidor i estimulant per als nostres residents, contribuint en el coneixement i comprensi\u00f3 de la malaltia.<\/p>\n\n\n\n<h5 class=\"wp-block-heading\"><strong>\u00c0lbums de records: capturant moments especials<\/strong><\/h5>\n\n\n\n<p>Per a commemorar el 21 de setembre, Dia Mundial de l'Alzheimer, volem compartir la nostra iniciativa per a capturar moments especials: la creaci\u00f3 d'\u00e0lbums de fotografies amb les millors imatges d\u2019aquest any a les nostres resid\u00e8ncies i centres de dia. Sabem que els records s\u00f3n un tresor inavaluable i volem conservar-los per sempre.<\/p>\n\n\n\n<p>Al llarg de l'any, hem estat documentant amb fotografies els moments feli\u00e7os, els somriures, les amistats i les activitats especials que els nostres residents han gaudit a La Vostra Llar.<\/p>\n\n\n\n<p>Ara, les imatges s'han projectat a les pantalles dels centres perqu\u00e8, de manera col\u00b7lectiva, les persones grans puguin triar les m\u00e9s importants i representatives de l'any per a elles. A m\u00e9s dels records visuals, els \u00e0lbums confeccionats per residents i t\u00e8cnics de les resid\u00e8ncies, tamb\u00e9 inclouen comentaris i an\u00e8cdotes relacionats amb aquests moments.<\/p>\n\n\n\n<p>Per tant, durant tot el mes, treballem amb els residents per a la creaci\u00f3 dels \u00e0lbums d'imatges per a poder fer mem\u00f2ria de les an\u00e8cdotes i viv\u00e8ncies compartides, enfortint les capacitats cognitives i fomentant les activitats en grup.<\/p>\n\n\n\n<p>Aix\u00ed mateix, com volem que aquests petits recopilatoris de records perdurin en el temps i la mem\u00f2ria, viatjaran d'una resid\u00e8ncia a una altra per a poder compartir viv\u00e8ncies. Una vegada finalitzat el viatge, els llibres tornaran a casa seva perqu\u00e8 familiars, amics i residents els puguin consultar sempre que vulguin, a m\u00e9s de convertir-se en una perfecta carta de presentaci\u00f3 del dia a dia de les nostres resid\u00e8ncies i centres de dia per a futures fam\u00edlies.<\/p>\n\n\n\n<h5 class=\"wp-block-heading\"><strong>Forjant un futur sense Alzheimer<\/strong><\/h5>\n\n\n\n<p>A La Vostra Llar, el nostre comprom\u00eds amb la lluita contra l'Alzheimer s'est\u00e9n cap al futur amb una determinaci\u00f3 inesgotable. No es limita a un sol dia, sin\u00f3 que \u00e9s un viatge continu en el qual treballem per a fer costat als qui enfronten aquesta afecci\u00f3 i els seus \u00e9ssers estimats.<\/p>\n\n\n\n<p>A m\u00e9s, estem compromesos a continuar buscant noves maneres de millorar la qualitat de vida dels nostres residents, a promoure la recerca i a expandir els nostres esfor\u00e7os perqu\u00e8 cada vegada m\u00e9s persones puguin comprendre i afrontar la malaltia. Mirem cap endavant amb esperan\u00e7a, sabent que, en comunitat, podem forjar un futur en el qual l'Alzheimer sigui un desafiament superat.<\/p>\n\n\n\n<p>Si tens alguna pregunta sobre un familiar amb Alzheimer, <a href=\"https:\/\/lavostrallar.com\/ca\/alzheimer\/\">l'equip de La Vostra Llar<\/a> et pot ajudar a resoldre possibles dubtes. Posa't en contacte amb nosaltres en qualsevol moment.<\/p>\n\n\n\n<h4 class=\"wp-block-heading has-text-align-center\">Llegeix sobre<strong>: <\/strong><a href=\"https:\/\/lavostrallar.com\/ca\/que-podemos-hacer-para-prevenir-el-alzheimer\/\"><strong>Qu\u00e8 podem fer per a prevenir l'Alzheimer?<\/strong><\/a><\/h4>","protected":false},"excerpt":{"rendered":"<p>El Alzheimer es una enfermedad neurodegenerativa, que suele tener un inicio lento, silencioso, y permanente. Un 5% de las personas de 65 a\u00f1os padecen la enfermedad y en mayores de 80 a\u00f1os el porcentaje aumenta hasta el 40% seg\u00fan la SEN, Sociedad Espa\u00f1ola de Neurolog\u00eda. Adem\u00e1s, la edad supone el primer factor de riesgo para [&hellip;]<\/p>","protected":false},"author":12,"featured_media":27750,"comment_status":"closed","ping_status":"closed","sticky":false,"template":"","format":"standard","meta":{"content-type":"","footnotes":""},"categories":[11,47,18,12,13,14,15,27,16,19],"tags":[69,49,21,7,152,9,20,64,56],"class_list":["post-27749","post","type-post","status-publish","format-standard","has-post-thumbnail","hentry","category-noticias-blanes","category-noticias-clot","category-noticias-gracia","category-noticias-la-rambla","category-noticias-les-dalies","category-noticias-les-oliveres","category-noticias-mataro","category-noticias-guell","category-noticias-reig","category-noticias-terrassa","tag-actividades-para-mayores","tag-alzheimer","tag-atencion-centrada-en-la-persona","tag-compromiso-social","tag-dia-mundial-del-alzheimer","tag-residencias-de-ancianos","tag-salud-y-envejecimiento-activo","tag-talleres","tag-terapia"],"yoast_head":"<!-- This site is optimized with the Yoast SEO plugin v26.0 - https:\/\/yoast.com\/wordpress\/plugins\/seo\/ -->\n<title>Dia Mundial del Alzheimer 2023 en La Vostra Llar - Noticias La Vostra Llar<\/title>\n<meta name=\"description\" content=\"Para conmemorar el 21 de septiembre, D\u00eda Mundial del Alzheimer, nuestra iniciativa especial: la creaci\u00f3n de \u00e1lbumes de fotos\" \/>\n<meta name=\"robots\" content=\"index, follow, max-snippet:-1, max-image-preview:large, max-video-preview:-1\" \/>\n<link rel=\"canonical\" href=\"https:\/\/lavostrallar.com\/noticias\/ca\/dia-mundial-del-alzheimer-2023-la-vostra-llar-y-su-compromiso-con-la-conciencia\/\" \/>\n<meta property=\"og:locale\" content=\"ca_ES\" \/>\n<meta property=\"og:type\" content=\"article\" \/>\n<meta property=\"og:title\" content=\"Dia Mundial del Alzheimer 2023 en La Vostra Llar - Noticias La Vostra Llar\" \/>\n<meta property=\"og:description\" content=\"Para conmemorar el 21 de septiembre, D\u00eda Mundial del Alzheimer, nuestra iniciativa especial: la creaci\u00f3n de \u00e1lbumes de fotos\" \/>\n<meta property=\"og:url\" content=\"https:\/\/lavostrallar.com\/noticias\/ca\/dia-mundial-del-alzheimer-2023-la-vostra-llar-y-su-compromiso-con-la-conciencia\/\" \/>\n<meta property=\"og:site_name\" content=\"Noticias La Vostra Llar\" \/>\n<meta property=\"article:publisher\" content=\"https:\/\/www.facebook.com\/lavostra.llar\" \/>\n<meta property=\"article:published_time\" content=\"2023-09-21T07:08:44+00:00\" \/>\n<meta property=\"article:modified_time\" content=\"2025-02-06T10:54:16+00:00\" \/>\n<meta property=\"og:image\" content=\"https:\/\/lavostrallar.com\/noticias\/wp-content\/uploads\/2023\/09\/370791277_697982179042196_4915269363955539725_n.jpg\" \/>\n\t<meta property=\"og:image:width\" content=\"2000\" \/>\n\t<meta property=\"og:image:height\" content=\"1500\" \/>\n\t<meta property=\"og:image:type\" content=\"image\/jpeg\" \/>\n<meta name=\"author\" content=\"lavostrallar Comunicacio\" \/>\n<meta name=\"twitter:card\" content=\"summary_large_image\" \/>\n<meta name=\"twitter:creator\" content=\"@lavostrallar\" \/>\n<meta name=\"twitter:site\" content=\"@lavostrallar\" \/>\n<meta name=\"twitter:label1\" content=\"Escrit per\" \/>\n\t<meta name=\"twitter:data1\" content=\"lavostrallar Comunicacio\" \/>\n\t<meta name=\"twitter:label2\" content=\"Temps estimat de lectura\" \/>\n\t<meta name=\"twitter:data2\" content=\"3 minuts\" \/>\n<script type=\"application\/ld+json\" class=\"yoast-schema-graph\">{\"@context\":\"https:\/\/schema.org\",\"@graph\":[{\"@type\":\"Article\",\"@id\":\"https:\/\/lavostrallar.com\/noticias\/ca\/dia-mundial-del-alzheimer-2023-la-vostra-llar-y-su-compromiso-con-la-conciencia\/#article\",\"isPartOf\":{\"@id\":\"https:\/\/lavostrallar.com\/noticias\/ca\/dia-mundial-del-alzheimer-2023-la-vostra-llar-y-su-compromiso-con-la-conciencia\/\"},\"author\":{\"name\":\"lavostrallar Comunicacio\",\"@id\":\"https:\/\/lavostrallar.com\/noticias\/#\/schema\/person\/321f189af5ebbd679ae095028db43fdd\"},\"headline\":\"D\u00eda Mundial del Alzheimer: La Vostra Llar y su compromiso con la conciencia\",\"datePublished\":\"2023-09-21T07:08:44+00:00\",\"dateModified\":\"2025-02-06T10:54:16+00:00\",\"mainEntityOfPage\":{\"@id\":\"https:\/\/lavostrallar.com\/noticias\/ca\/dia-mundial-del-alzheimer-2023-la-vostra-llar-y-su-compromiso-con-la-conciencia\/\"},\"wordCount\":610,\"publisher\":{\"@id\":\"https:\/\/lavostrallar.com\/noticias\/#organization\"},\"image\":{\"@id\":\"https:\/\/lavostrallar.com\/noticias\/ca\/dia-mundial-del-alzheimer-2023-la-vostra-llar-y-su-compromiso-con-la-conciencia\/#primaryimage\"},\"thumbnailUrl\":\"https:\/\/lavostrallar.com\/noticias\/wp-content\/uploads\/2023\/09\/370791277_697982179042196_4915269363955539725_n.jpg\",\"keywords\":[\"Actividades para mayores\",\"alzheimer\",\"Atenci\u00f3n centrada en la persona\",\"Compromiso social\",\"Dia mundial del Alzheimer\",\"Residencias de ancianos\",\"Salud y envejecimiento activo\",\"Talleres\",\"Terapia\"],\"articleSection\":[\"Noticias Blanes\",\"Noticias Clot\",\"Noticias Gr\u00e0cia\",\"Noticias La Rambla\",\"Noticias Les D\u00e0lies\",\"Noticias Les Oliveres\",\"Noticias Matar\u00f3\",\"Noticias Parc G\u00fcell\",\"Noticias Reig\",\"Noticias Terrassa\"],\"inLanguage\":\"ca\"},{\"@type\":\"WebPage\",\"@id\":\"https:\/\/lavostrallar.com\/noticias\/ca\/dia-mundial-del-alzheimer-2023-la-vostra-llar-y-su-compromiso-con-la-conciencia\/\",\"url\":\"https:\/\/lavostrallar.com\/noticias\/ca\/dia-mundial-del-alzheimer-2023-la-vostra-llar-y-su-compromiso-con-la-conciencia\/\",\"name\":\"Dia Mundial del Alzheimer 2023 en La Vostra Llar - Noticias La Vostra Llar\",\"isPartOf\":{\"@id\":\"https:\/\/lavostrallar.com\/noticias\/#website\"},\"primaryImageOfPage\":{\"@id\":\"https:\/\/lavostrallar.com\/noticias\/ca\/dia-mundial-del-alzheimer-2023-la-vostra-llar-y-su-compromiso-con-la-conciencia\/#primaryimage\"},\"image\":{\"@id\":\"https:\/\/lavostrallar.com\/noticias\/ca\/dia-mundial-del-alzheimer-2023-la-vostra-llar-y-su-compromiso-con-la-conciencia\/#primaryimage\"},\"thumbnailUrl\":\"https:\/\/lavostrallar.com\/noticias\/wp-content\/uploads\/2023\/09\/370791277_697982179042196_4915269363955539725_n.jpg\",\"datePublished\":\"2023-09-21T07:08:44+00:00\",\"dateModified\":\"2025-02-06T10:54:16+00:00\",\"description\":\"Para conmemorar el 21 de septiembre, D\u00eda Mundial del Alzheimer, nuestra iniciativa especial: la creaci\u00f3n de \u00e1lbumes de fotos\",\"breadcrumb\":{\"@id\":\"https:\/\/lavostrallar.com\/noticias\/ca\/dia-mundial-del-alzheimer-2023-la-vostra-llar-y-su-compromiso-con-la-conciencia\/#breadcrumb\"},\"inLanguage\":\"ca\",\"potentialAction\":[{\"@type\":\"ReadAction\",\"target\":[\"https:\/\/lavostrallar.com\/noticias\/ca\/dia-mundial-del-alzheimer-2023-la-vostra-llar-y-su-compromiso-con-la-conciencia\/\"]}]},{\"@type\":\"ImageObject\",\"inLanguage\":\"ca\",\"@id\":\"https:\/\/lavostrallar.com\/noticias\/ca\/dia-mundial-del-alzheimer-2023-la-vostra-llar-y-su-compromiso-con-la-conciencia\/#primaryimage\",\"url\":\"https:\/\/lavostrallar.com\/noticias\/wp-content\/uploads\/2023\/09\/370791277_697982179042196_4915269363955539725_n.jpg\",\"contentUrl\":\"https:\/\/lavostrallar.com\/noticias\/wp-content\/uploads\/2023\/09\/370791277_697982179042196_4915269363955539725_n.jpg\",\"width\":2000,\"height\":1500},{\"@type\":\"BreadcrumbList\",\"@id\":\"https:\/\/lavostrallar.com\/noticias\/ca\/dia-mundial-del-alzheimer-2023-la-vostra-llar-y-su-compromiso-con-la-conciencia\/#breadcrumb\",\"itemListElement\":[{\"@type\":\"ListItem\",\"position\":1,\"name\":\"Portada\",\"item\":\"https:\/\/lavostrallar.com\/noticias\/\"},{\"@type\":\"ListItem\",\"position\":2,\"name\":\"D\u00eda Mundial del Alzheimer: La Vostra Llar y su compromiso con la conciencia\"}]},{\"@type\":\"WebSite\",\"@id\":\"https:\/\/lavostrallar.com\/noticias\/#website\",\"url\":\"https:\/\/lavostrallar.com\/noticias\/\",\"name\":\"La Vostra Llar\",\"description\":\"La Vostra Llar gestiona resid\u00e8ncies geri\u00e0triques des de 1987 amb la missi\u00f3 d\u2019oferir assist\u00e8ncia personalitzada per estimular, acollir i atendre les persones grans amb qualsevol grau de depend\u00e8ncia.\",\"publisher\":{\"@id\":\"https:\/\/lavostrallar.com\/noticias\/#organization\"},\"potentialAction\":[{\"@type\":\"SearchAction\",\"target\":{\"@type\":\"EntryPoint\",\"urlTemplate\":\"https:\/\/lavostrallar.com\/noticias\/?s={search_term_string}\"},\"query-input\":{\"@type\":\"PropertyValueSpecification\",\"valueRequired\":true,\"valueName\":\"search_term_string\"}}],\"inLanguage\":\"ca\"},{\"@type\":\"Organization\",\"@id\":\"https:\/\/lavostrallar.com\/noticias\/#organization\",\"name\":\"La Vostra Llar\",\"url\":\"https:\/\/lavostrallar.com\/noticias\/\",\"logo\":{\"@type\":\"ImageObject\",\"inLanguage\":\"ca\",\"@id\":\"https:\/\/lavostrallar.com\/noticias\/#\/schema\/logo\/image\/\",\"url\":\"https:\/\/lavostrallar.com\/noticias\/wp-content\/uploads\/2021\/12\/logo_lavostrallar.png\",\"contentUrl\":\"https:\/\/lavostrallar.com\/noticias\/wp-content\/uploads\/2021\/12\/logo_lavostrallar.png\",\"width\":217,\"height\":109,\"caption\":\"La Vostra Llar\"},\"image\":{\"@id\":\"https:\/\/lavostrallar.com\/noticias\/#\/schema\/logo\/image\/\"},\"sameAs\":[\"https:\/\/www.facebook.com\/lavostra.llar\",\"https:\/\/x.com\/lavostrallar\",\"https:\/\/www.instagram.com\/lavostrallar\/\"]},{\"@type\":\"Person\",\"@id\":\"https:\/\/lavostrallar.com\/noticias\/#\/schema\/person\/321f189af5ebbd679ae095028db43fdd\",\"name\":\"lavostrallar Comunicacio\",\"image\":{\"@type\":\"ImageObject\",\"inLanguage\":\"ca\",\"@id\":\"https:\/\/lavostrallar.com\/noticias\/#\/schema\/person\/image\/\",\"url\":\"https:\/\/secure.gravatar.com\/avatar\/69a4b73b52c8eedccce42e542861709a5afc2b40e0a43d691da018458db2d41b?s=96&d=mm&r=g\",\"contentUrl\":\"https:\/\/secure.gravatar.com\/avatar\/69a4b73b52c8eedccce42e542861709a5afc2b40e0a43d691da018458db2d41b?s=96&d=mm&r=g\",\"caption\":\"lavostrallar Comunicacio\"},\"url\":\"https:\/\/lavostrallar.com\/noticias\/ca\/author\/lavostrallar-comunicacio\/\"}]}<\/script>\n<!-- \/ Yoast SEO plugin. -->","yoast_head_json":{"title":"Dia Mundial del Alzheimer 2023 en La Vostra Llar - Noticias La Vostra Llar","description":"Per commemorar el 21 de setembre, Dia Mundial de l'Alzheimer, la nostra iniciativa especial: la creaci\u00f3 d'\u00e0lbums de fotos Vostra Llar - La Vostra Llar","robots":{"index":"index","follow":"follow","max-snippet":"max-snippet:-1","max-image-preview":"max-image-preview:large","max-video-preview":"max-video-preview:-1"},"canonical":"https:\/\/lavostrallar.com\/noticias\/ca\/dia-mundial-del-alzheimer-2023-la-vostra-llar-y-su-compromiso-con-la-conciencia\/","og_locale":"ca_ES","og_type":"article","og_title":"Dia Mundial del Alzheimer 2023 en La Vostra Llar - Noticias La Vostra Llar","og_description":"Para conmemorar el 21 de septiembre, D\u00eda Mundial del Alzheimer, nuestra iniciativa especial: la creaci\u00f3n de \u00e1lbumes de fotos","og_url":"https:\/\/lavostrallar.com\/noticias\/ca\/dia-mundial-del-alzheimer-2023-la-vostra-llar-y-su-compromiso-con-la-conciencia\/","og_site_name":"Noticias La Vostra Llar","article_publisher":"https:\/\/www.facebook.com\/lavostra.llar","article_published_time":"2023-09-21T07:08:44+00:00","article_modified_time":"2025-02-06T10:54:16+00:00","og_image":[{"width":2000,"height":1500,"url":"https:\/\/lavostrallar.com\/noticias\/wp-content\/uploads\/2023\/09\/370791277_697982179042196_4915269363955539725_n.jpg","type":"image\/jpeg"}],"author":"lavostrallar Comunicacio","twitter_card":"summary_large_image","twitter_creator":"@lavostrallar","twitter_site":"@lavostrallar","twitter_misc":{"Escrit per":"lavostrallar Comunicacio","Temps estimat de lectura":"3 minuts"},"schema":{"@context":"https:\/\/schema.org","@graph":[{"@type":"Article","@id":"https:\/\/lavostrallar.com\/noticias\/ca\/dia-mundial-del-alzheimer-2023-la-vostra-llar-y-su-compromiso-con-la-conciencia\/#article","isPartOf":{"@id":"https:\/\/lavostrallar.com\/noticias\/ca\/dia-mundial-del-alzheimer-2023-la-vostra-llar-y-su-compromiso-con-la-conciencia\/"},"author":{"name":"lavostrallar Comunicacio","@id":"https:\/\/lavostrallar.com\/noticias\/#\/schema\/person\/321f189af5ebbd679ae095028db43fdd"},"headline":"D\u00eda Mundial del Alzheimer: La Vostra Llar y su compromiso con la conciencia","datePublished":"2023-09-21T07:08:44+00:00","dateModified":"2025-02-06T10:54:16+00:00","mainEntityOfPage":{"@id":"https:\/\/lavostrallar.com\/noticias\/ca\/dia-mundial-del-alzheimer-2023-la-vostra-llar-y-su-compromiso-con-la-conciencia\/"},"wordCount":610,"publisher":{"@id":"https:\/\/lavostrallar.com\/noticias\/#organization"},"image":{"@id":"https:\/\/lavostrallar.com\/noticias\/ca\/dia-mundial-del-alzheimer-2023-la-vostra-llar-y-su-compromiso-con-la-conciencia\/#primaryimage"},"thumbnailUrl":"https:\/\/lavostrallar.com\/noticias\/wp-content\/uploads\/2023\/09\/370791277_697982179042196_4915269363955539725_n.jpg","keywords":["Actividades para mayores","alzheimer","Atenci\u00f3n centrada en la persona","Compromiso social","Dia mundial del Alzheimer","Residencias de ancianos","Salud y envejecimiento activo","Talleres","Terapia"],"articleSection":["Noticias Blanes","Noticias Clot","Noticias Gr\u00e0cia","Noticias La Rambla","Noticias Les D\u00e0lies","Noticias Les Oliveres","Noticias Matar\u00f3","Noticias Parc G\u00fcell","Noticias Reig","Noticias Terrassa"],"inLanguage":"ca"},{"@type":"WebPage","@id":"https:\/\/lavostrallar.com\/noticias\/ca\/dia-mundial-del-alzheimer-2023-la-vostra-llar-y-su-compromiso-con-la-conciencia\/","url":"https:\/\/lavostrallar.com\/noticias\/ca\/dia-mundial-del-alzheimer-2023-la-vostra-llar-y-su-compromiso-con-la-conciencia\/","name":"Dia Mundial del Alzheimer 2023 en La Vostra Llar - Noticias La Vostra Llar","isPartOf":{"@id":"https:\/\/lavostrallar.com\/noticias\/#website"},"primaryImageOfPage":{"@id":"https:\/\/lavostrallar.com\/noticias\/ca\/dia-mundial-del-alzheimer-2023-la-vostra-llar-y-su-compromiso-con-la-conciencia\/#primaryimage"},"image":{"@id":"https:\/\/lavostrallar.com\/noticias\/ca\/dia-mundial-del-alzheimer-2023-la-vostra-llar-y-su-compromiso-con-la-conciencia\/#primaryimage"},"thumbnailUrl":"https:\/\/lavostrallar.com\/noticias\/wp-content\/uploads\/2023\/09\/370791277_697982179042196_4915269363955539725_n.jpg","datePublished":"2023-09-21T07:08:44+00:00","dateModified":"2025-02-06T10:54:16+00:00","description":"Per commemorar el 21 de setembre, Dia Mundial de l'Alzheimer, la nostra iniciativa especial: la creaci\u00f3 d'\u00e0lbums de fotos Vostra Llar - La Vostra Llar","breadcrumb":{"@id":"https:\/\/lavostrallar.com\/noticias\/ca\/dia-mundial-del-alzheimer-2023-la-vostra-llar-y-su-compromiso-con-la-conciencia\/#breadcrumb"},"inLanguage":"ca","potentialAction":[{"@type":"ReadAction","target":["https:\/\/lavostrallar.com\/noticias\/ca\/dia-mundial-del-alzheimer-2023-la-vostra-llar-y-su-compromiso-con-la-conciencia\/"]}]},{"@type":"ImageObject","inLanguage":"ca","@id":"https:\/\/lavostrallar.com\/noticias\/ca\/dia-mundial-del-alzheimer-2023-la-vostra-llar-y-su-compromiso-con-la-conciencia\/#primaryimage","url":"https:\/\/lavostrallar.com\/noticias\/wp-content\/uploads\/2023\/09\/370791277_697982179042196_4915269363955539725_n.jpg","contentUrl":"https:\/\/lavostrallar.com\/noticias\/wp-content\/uploads\/2023\/09\/370791277_697982179042196_4915269363955539725_n.jpg","width":2000,"height":1500},{"@type":"BreadcrumbList","@id":"https:\/\/lavostrallar.com\/noticias\/ca\/dia-mundial-del-alzheimer-2023-la-vostra-llar-y-su-compromiso-con-la-conciencia\/#breadcrumb","itemListElement":[{"@type":"ListItem","position":1,"name":"Portada","item":"https:\/\/lavostrallar.com\/noticias\/"},{"@type":"ListItem","position":2,"name":"D\u00eda Mundial del Alzheimer: La Vostra Llar y su compromiso con la conciencia"}]},{"@type":"WebSite","@id":"https:\/\/lavostrallar.com\/noticias\/#website","url":"https:\/\/lavostrallar.com\/noticias\/","name":"La Vostra Llar","description":"La Vostra Llar gestiona resid\u00e8ncies geri\u00e0triques des de 1987 amb la missi\u00f3 d\u2019oferir assist\u00e8ncia personalitzada per estimular, acollir i atendre les persones grans amb qualsevol grau de depend\u00e8ncia.","publisher":{"@id":"https:\/\/lavostrallar.com\/noticias\/#organization"},"potentialAction":[{"@type":"SearchAction","target":{"@type":"EntryPoint","urlTemplate":"https:\/\/lavostrallar.com\/noticias\/?s={search_term_string}"},"query-input":{"@type":"PropertyValueSpecification","valueRequired":true,"valueName":"search_term_string"}}],"inLanguage":"ca"},{"@type":"Organization","@id":"https:\/\/lavostrallar.com\/noticias\/#organization","name":"La Vostra Llar","url":"https:\/\/lavostrallar.com\/noticias\/","logo":{"@type":"ImageObject","inLanguage":"ca","@id":"https:\/\/lavostrallar.com\/noticias\/#\/schema\/logo\/image\/","url":"https:\/\/lavostrallar.com\/noticias\/wp-content\/uploads\/2021\/12\/logo_lavostrallar.png","contentUrl":"https:\/\/lavostrallar.com\/noticias\/wp-content\/uploads\/2021\/12\/logo_lavostrallar.png","width":217,"height":109,"caption":"La Vostra Llar"},"image":{"@id":"https:\/\/lavostrallar.com\/noticias\/#\/schema\/logo\/image\/"},"sameAs":["https:\/\/www.facebook.com\/lavostra.llar","https:\/\/x.com\/lavostrallar","https:\/\/www.instagram.com\/lavostrallar\/"]},{"@type":"Person","@id":"https:\/\/lavostrallar.com\/noticias\/#\/schema\/person\/321f189af5ebbd679ae095028db43fdd","name":"lavostrallar Comunicacio","image":{"@type":"ImageObject","inLanguage":"ca","@id":"https:\/\/lavostrallar.com\/noticias\/#\/schema\/person\/image\/","url":"https:\/\/secure.gravatar.com\/avatar\/69a4b73b52c8eedccce42e542861709a5afc2b40e0a43d691da018458db2d41b?s=96&d=mm&r=g","contentUrl":"https:\/\/secure.gravatar.com\/avatar\/69a4b73b52c8eedccce42e542861709a5afc2b40e0a43d691da018458db2d41b?s=96&d=mm&r=g","caption":"lavostrallar Comunicacio"},"url":"https:\/\/lavostrallar.com\/noticias\/ca\/author\/lavostrallar-comunicacio\/"}]}},"_links":{"self":[{"href":"https:\/\/lavostrallar.com\/noticias\/ca\/wp-json\/wp\/v2\/posts\/27749","targetHints":{"allow":["GET"]}}],"collection":[{"href":"https:\/\/lavostrallar.com\/noticias\/ca\/wp-json\/wp\/v2\/posts"}],"about":[{"href":"https:\/\/lavostrallar.com\/noticias\/ca\/wp-json\/wp\/v2\/types\/post"}],"author":[{"embeddable":true,"href":"https:\/\/lavostrallar.com\/noticias\/ca\/wp-json\/wp\/v2\/users\/12"}],"replies":[{"embeddable":true,"href":"https:\/\/lavostrallar.com\/noticias\/ca\/wp-json\/wp\/v2\/comments?post=27749"}],"version-history":[{"count":2,"href":"https:\/\/lavostrallar.com\/noticias\/ca\/wp-json\/wp\/v2\/posts\/27749\/revisions"}],"predecessor-version":[{"id":34292,"href":"https:\/\/lavostrallar.com\/noticias\/ca\/wp-json\/wp\/v2\/posts\/27749\/revisions\/34292"}],"wp:featuredmedia":[{"embeddable":true,"href":"https:\/\/lavostrallar.com\/noticias\/ca\/wp-json\/wp\/v2\/media\/27750"}],"wp:attachment":[{"href":"https:\/\/lavostrallar.com\/noticias\/ca\/wp-json\/wp\/v2\/media?parent=27749"}],"wp:term":[{"taxonomy":"category","embeddable":true,"href":"https:\/\/lavostrallar.com\/noticias\/ca\/wp-json\/wp\/v2\/categories?post=27749"},{"taxonomy":"post_tag","embeddable":true,"href":"https:\/\/lavostrallar.com\/noticias\/ca\/wp-json\/wp\/v2\/tags?post=27749"}],"curies":[{"name":"wp","href":"https:\/\/api.w.org\/{rel}","templated":true}]}}