	{"id":28039,"date":"2023-10-05T11:50:06","date_gmt":"2023-10-05T09:50:06","guid":{"rendered":"https:\/\/lavostrallar.com\/?p=28039"},"modified":"2023-10-05T11:50:07","modified_gmt":"2023-10-05T09:50:07","slug":"calidad-en-nuestras-cocinas","status":"publish","type":"post","link":"https:\/\/lavostrallar.com\/noticias\/ca\/calidad-en-nuestras-cocinas\/","title":{"rendered":"Qualitat a les nostres cuines"},"content":{"rendered":"<p>A les <strong>resid\u00e8ncies i centres de dia La Vostra Llar <\/strong>volem assegurar que es compleixen els reglaments de <strong>qualitat i seguretat aliment\u00e0ria<\/strong> per aconseguir una alimentaci\u00f3 saludable, nutritiva i inn\u00f2cua.<\/p>\n\n\n\n<p>Aquesta normativa la marca el <strong><a href=\"https:\/\/www.boe.es\/buscar\/doc.php?id=DOUE-L-2004-81035\">Reglament (CE) 852\/2004<\/a><\/strong> que estableix una s\u00e8rie de pautes generals en mat\u00e8ria d'higiene dels productes alimentaris que han de complir els operadors d'empreses del sector de l'alimentaci\u00f3, implementant un sistema d'an\u00e0lisi de perills i punts de control cr\u00edtics (APPCC).<\/p>\n\n\n\n<p>Als nostres centres de dia i resid\u00e8ncies, a banda de les auditories oficials de la Generalitat de Catalunya, realitzem volunt\u00e0riament <strong>dues<\/strong> <strong>auditories internes<\/strong> higi\u00e8nic-sanit\u00e0ries a l'any a les cuines dels nostres centres.<\/p>\n\n\n\n<p>Aquestes auditories s\u00f3n executades per auditors i consultors de seguretat aliment\u00e0ria de la nostra empresa col\u00b7laboradora <strong>Central Borne<\/strong>.<\/p>\n\n\n\n<p>Les auditories es fan mitjan\u00e7ant una llista de verificaci\u00f3 eficient i alineada amb els objectius de <strong>La Vostra Llar<\/strong> en les quals valorem, entre altres coses:<\/p>\n\n\n\n<ol class=\"wp-block-list\" type=\"1\">\n<li>Que es compleix la norma APPCC d'innocu\u00eftat, de manera que assegurem l'abs\u00e8ncia de perill en els aliments que puguin perjudicar la salut dels consumidors.<\/li>\n\n\n\n<li>Que se segueixen les fitxes t\u00e8cniques de les receptes.<\/li>\n\n\n\n<li>Que s'efectuen els registres de temperatura i incid\u00e8ncies que marca la normativa.<\/li>\n\n\n\n<li>Que els magatzems i les zones de treball estan netes, higienitzades i ordenades.<\/li>\n\n\n\n<li>Que se segueix el men\u00fa pautat i se serveixen les quantitats d'aliment que prescriu la dietista-nutricionista.<\/li>\n<\/ol>\n\n\n\n<p>Un cop feta l'auditoria a cada centre, s'envia un informe a la responsable de qualitat perqu\u00e8 faci seguiment de les millores proposades.<\/p>\n\n\n\n<h5 class=\"wp-block-heading\">Els beneficis que obtenim amb aquest servei s\u00f3n:<\/h5>\n\n\n\n<ol class=\"wp-block-list\" type=\"1\">\n<li>&nbsp;Tenim el control sobre la seguretat aliment\u00e0ria dels aliments que elaborem.<\/li>\n\n\n\n<li>Assegurem que es compleix la normativa, les lleis i els reglaments.<\/li>\n\n\n\n<li>Prevenim riscos i perills alimentaris.<\/li>\n\n\n\n<li>Assegurem un m\u00e8tode de treball amb una bona gesti\u00f3.<\/li>\n\n\n\n<li>Transmetem m\u00e9s confian\u00e7a als nostres clients i les seves fam\u00edlies.<\/li>\n\n\n\n<li>Assegurem que els nostres usuaris estan ben nodrits.<\/li>\n<\/ol>","protected":false},"excerpt":{"rendered":"<p>En las residencias y centros de d\u00eda La Vostra Llar queremos asegurar que se cumplen los reglamentos de calidad y seguridad alimentaria para lograr una alimentaci\u00f3n saludable, nutritiva e inocua. Esta normativa la marca el Reglamento (CE) 852\/2004 que establece una serie de pautas generales en materia de higiene de los productos alimenticios que deben [&hellip;]<\/p>","protected":false},"author":12,"featured_media":28040,"comment_status":"closed","ping_status":"closed","sticky":false,"template":"","format":"standard","meta":{"content-type":"","footnotes":""},"categories":[11,47,18,12,13,14,15,27,16,19],"tags":[21,163,164,9,20],"class_list":["post-28039","post","type-post","status-publish","format-standard","has-post-thumbnail","hentry","category-noticias-blanes","category-noticias-clot","category-noticias-gracia","category-noticias-la-rambla","category-noticias-les-dalies","category-noticias-les-oliveres","category-noticias-mataro","category-noticias-guell","category-noticias-reig","category-noticias-terrassa","tag-atencion-centrada-en-la-persona","tag-calidad-alimentaria","tag-menus-en-las-residencias","tag-residencias-de-ancianos","tag-salud-y-envejecimiento-activo"],"yoast_head":"<!-- This site is optimized with the Yoast SEO plugin v26.0 - https:\/\/yoast.com\/wordpress\/plugins\/seo\/ -->\n<title>Calidad en nuestras cocinas - Noticias La Vostra Llar<\/title>\n<meta name=\"description\" content=\"En las residencias y centros de d\u00eda La Vostra Llar queremos asegurar que se cumplen los reglamentos de calidad y seguridad alimentaria\" \/>\n<meta name=\"robots\" content=\"index, follow, max-snippet:-1, max-image-preview:large, max-video-preview:-1\" \/>\n<link rel=\"canonical\" href=\"https:\/\/lavostrallar.com\/noticias\/ca\/calidad-en-nuestras-cocinas\/\" \/>\n<meta property=\"og:locale\" content=\"ca_ES\" \/>\n<meta property=\"og:type\" content=\"article\" \/>\n<meta property=\"og:title\" content=\"Calidad en nuestras cocinas - Noticias La Vostra Llar\" \/>\n<meta property=\"og:description\" content=\"En las residencias y centros de d\u00eda La Vostra Llar queremos asegurar que se cumplen los reglamentos de calidad y seguridad alimentaria\" \/>\n<meta property=\"og:url\" content=\"https:\/\/lavostrallar.com\/noticias\/ca\/calidad-en-nuestras-cocinas\/\" \/>\n<meta property=\"og:site_name\" content=\"Noticias La Vostra Llar\" \/>\n<meta property=\"article:publisher\" content=\"https:\/\/www.facebook.com\/lavostra.llar\" \/>\n<meta property=\"article:published_time\" content=\"2023-10-05T09:50:06+00:00\" \/>\n<meta property=\"article:modified_time\" content=\"2023-10-05T09:50:07+00:00\" \/>\n<meta property=\"og:image\" content=\"https:\/\/lavostrallar.com\/noticias\/wp-content\/uploads\/2023\/10\/Foto-articulo-dietista.jpg\" \/>\n\t<meta property=\"og:image:width\" content=\"873\" \/>\n\t<meta property=\"og:image:height\" content=\"601\" \/>\n\t<meta property=\"og:image:type\" content=\"image\/jpeg\" \/>\n<meta name=\"author\" content=\"lavostrallar Comunicacio\" \/>\n<meta name=\"twitter:card\" content=\"summary_large_image\" \/>\n<meta name=\"twitter:creator\" content=\"@lavostrallar\" \/>\n<meta name=\"twitter:site\" content=\"@lavostrallar\" \/>\n<meta name=\"twitter:label1\" content=\"Escrit per\" \/>\n\t<meta name=\"twitter:data1\" content=\"lavostrallar Comunicacio\" \/>\n\t<meta name=\"twitter:label2\" content=\"Temps estimat de lectura\" \/>\n\t<meta name=\"twitter:data2\" content=\"2 minuts\" \/>\n<script type=\"application\/ld+json\" class=\"yoast-schema-graph\">{\"@context\":\"https:\/\/schema.org\",\"@graph\":[{\"@type\":\"Article\",\"@id\":\"https:\/\/lavostrallar.com\/noticias\/calidad-en-nuestras-cocinas\/#article\",\"isPartOf\":{\"@id\":\"https:\/\/lavostrallar.com\/noticias\/calidad-en-nuestras-cocinas\/\"},\"author\":{\"name\":\"lavostrallar Comunicacio\",\"@id\":\"https:\/\/lavostrallar.com\/noticias\/#\/schema\/person\/321f189af5ebbd679ae095028db43fdd\"},\"headline\":\"Calidad en nuestras cocinas\",\"datePublished\":\"2023-10-05T09:50:06+00:00\",\"dateModified\":\"2023-10-05T09:50:07+00:00\",\"mainEntityOfPage\":{\"@id\":\"https:\/\/lavostrallar.com\/noticias\/calidad-en-nuestras-cocinas\/\"},\"wordCount\":337,\"publisher\":{\"@id\":\"https:\/\/lavostrallar.com\/noticias\/#organization\"},\"image\":{\"@id\":\"https:\/\/lavostrallar.com\/noticias\/calidad-en-nuestras-cocinas\/#primaryimage\"},\"thumbnailUrl\":\"https:\/\/lavostrallar.com\/noticias\/wp-content\/uploads\/2023\/10\/Foto-articulo-dietista.jpg\",\"keywords\":[\"Atenci\u00f3n centrada en la persona\",\"Calidad alimentaria\",\"Men\u00fas en las residencias\",\"Residencias de ancianos\",\"Salud y envejecimiento activo\"],\"articleSection\":[\"Noticias Blanes\",\"Noticias Clot\",\"Noticias Gr\u00e0cia\",\"Noticias La Rambla\",\"Noticias Les D\u00e0lies\",\"Noticias Les Oliveres\",\"Noticias Matar\u00f3\",\"Noticias Parc G\u00fcell\",\"Noticias Reig\",\"Noticias Terrassa\"],\"inLanguage\":\"ca\"},{\"@type\":\"WebPage\",\"@id\":\"https:\/\/lavostrallar.com\/noticias\/calidad-en-nuestras-cocinas\/\",\"url\":\"https:\/\/lavostrallar.com\/noticias\/calidad-en-nuestras-cocinas\/\",\"name\":\"Calidad en nuestras cocinas - Noticias La Vostra Llar\",\"isPartOf\":{\"@id\":\"https:\/\/lavostrallar.com\/noticias\/#website\"},\"primaryImageOfPage\":{\"@id\":\"https:\/\/lavostrallar.com\/noticias\/calidad-en-nuestras-cocinas\/#primaryimage\"},\"image\":{\"@id\":\"https:\/\/lavostrallar.com\/noticias\/calidad-en-nuestras-cocinas\/#primaryimage\"},\"thumbnailUrl\":\"https:\/\/lavostrallar.com\/noticias\/wp-content\/uploads\/2023\/10\/Foto-articulo-dietista.jpg\",\"datePublished\":\"2023-10-05T09:50:06+00:00\",\"dateModified\":\"2023-10-05T09:50:07+00:00\",\"description\":\"En las residencias y centros de d\u00eda La Vostra Llar queremos asegurar que se cumplen los reglamentos de calidad y seguridad alimentaria\",\"breadcrumb\":{\"@id\":\"https:\/\/lavostrallar.com\/noticias\/calidad-en-nuestras-cocinas\/#breadcrumb\"},\"inLanguage\":\"ca\",\"potentialAction\":[{\"@type\":\"ReadAction\",\"target\":[\"https:\/\/lavostrallar.com\/noticias\/calidad-en-nuestras-cocinas\/\"]}]},{\"@type\":\"ImageObject\",\"inLanguage\":\"ca\",\"@id\":\"https:\/\/lavostrallar.com\/noticias\/calidad-en-nuestras-cocinas\/#primaryimage\",\"url\":\"https:\/\/lavostrallar.com\/noticias\/wp-content\/uploads\/2023\/10\/Foto-articulo-dietista.jpg\",\"contentUrl\":\"https:\/\/lavostrallar.com\/noticias\/wp-content\/uploads\/2023\/10\/Foto-articulo-dietista.jpg\",\"width\":873,\"height\":601},{\"@type\":\"BreadcrumbList\",\"@id\":\"https:\/\/lavostrallar.com\/noticias\/calidad-en-nuestras-cocinas\/#breadcrumb\",\"itemListElement\":[{\"@type\":\"ListItem\",\"position\":1,\"name\":\"Portada\",\"item\":\"https:\/\/lavostrallar.com\/noticias\/\"},{\"@type\":\"ListItem\",\"position\":2,\"name\":\"Calidad en nuestras cocinas\"}]},{\"@type\":\"WebSite\",\"@id\":\"https:\/\/lavostrallar.com\/noticias\/#website\",\"url\":\"https:\/\/lavostrallar.com\/noticias\/\",\"name\":\"La Vostra Llar\",\"description\":\"La Vostra Llar gestiona resid\u00e8ncies geri\u00e0triques des de 1987 amb la missi\u00f3 d\u2019oferir assist\u00e8ncia personalitzada per estimular, acollir i atendre les persones grans amb qualsevol grau de depend\u00e8ncia.\",\"publisher\":{\"@id\":\"https:\/\/lavostrallar.com\/noticias\/#organization\"},\"potentialAction\":[{\"@type\":\"SearchAction\",\"target\":{\"@type\":\"EntryPoint\",\"urlTemplate\":\"https:\/\/lavostrallar.com\/noticias\/?s={search_term_string}\"},\"query-input\":{\"@type\":\"PropertyValueSpecification\",\"valueRequired\":true,\"valueName\":\"search_term_string\"}}],\"inLanguage\":\"ca\"},{\"@type\":\"Organization\",\"@id\":\"https:\/\/lavostrallar.com\/noticias\/#organization\",\"name\":\"La Vostra Llar\",\"url\":\"https:\/\/lavostrallar.com\/noticias\/\",\"logo\":{\"@type\":\"ImageObject\",\"inLanguage\":\"ca\",\"@id\":\"https:\/\/lavostrallar.com\/noticias\/#\/schema\/logo\/image\/\",\"url\":\"https:\/\/lavostrallar.com\/noticias\/wp-content\/uploads\/2021\/12\/logo_lavostrallar.png\",\"contentUrl\":\"https:\/\/lavostrallar.com\/noticias\/wp-content\/uploads\/2021\/12\/logo_lavostrallar.png\",\"width\":217,\"height\":109,\"caption\":\"La Vostra Llar\"},\"image\":{\"@id\":\"https:\/\/lavostrallar.com\/noticias\/#\/schema\/logo\/image\/\"},\"sameAs\":[\"https:\/\/www.facebook.com\/lavostra.llar\",\"https:\/\/x.com\/lavostrallar\",\"https:\/\/www.instagram.com\/lavostrallar\/\"]},{\"@type\":\"Person\",\"@id\":\"https:\/\/lavostrallar.com\/noticias\/#\/schema\/person\/321f189af5ebbd679ae095028db43fdd\",\"name\":\"lavostrallar Comunicacio\",\"image\":{\"@type\":\"ImageObject\",\"inLanguage\":\"ca\",\"@id\":\"https:\/\/lavostrallar.com\/noticias\/#\/schema\/person\/image\/\",\"url\":\"https:\/\/secure.gravatar.com\/avatar\/69a4b73b52c8eedccce42e542861709a5afc2b40e0a43d691da018458db2d41b?s=96&d=mm&r=g\",\"contentUrl\":\"https:\/\/secure.gravatar.com\/avatar\/69a4b73b52c8eedccce42e542861709a5afc2b40e0a43d691da018458db2d41b?s=96&d=mm&r=g\",\"caption\":\"lavostrallar Comunicacio\"},\"url\":\"https:\/\/lavostrallar.com\/noticias\/ca\/author\/lavostrallar-comunicacio\/\"}]}<\/script>\n<!-- \/ Yoast SEO plugin. -->","yoast_head_json":{"title":"Calidad en nuestras cocinas - Noticias La Vostra Llar","description":"A les resid\u00e8ncies i centres de dia La vostra Llar volem assegurar que es compleixen els reglaments de qualitat i seguretat aliment\u00e0ria","robots":{"index":"index","follow":"follow","max-snippet":"max-snippet:-1","max-image-preview":"max-image-preview:large","max-video-preview":"max-video-preview:-1"},"canonical":"https:\/\/lavostrallar.com\/noticias\/ca\/calidad-en-nuestras-cocinas\/","og_locale":"ca_ES","og_type":"article","og_title":"Calidad en nuestras cocinas - Noticias La Vostra Llar","og_description":"En las residencias y centros de d\u00eda La Vostra Llar queremos asegurar que se cumplen los reglamentos de calidad y seguridad alimentaria","og_url":"https:\/\/lavostrallar.com\/noticias\/ca\/calidad-en-nuestras-cocinas\/","og_site_name":"Noticias La Vostra Llar","article_publisher":"https:\/\/www.facebook.com\/lavostra.llar","article_published_time":"2023-10-05T09:50:06+00:00","article_modified_time":"2023-10-05T09:50:07+00:00","og_image":[{"width":873,"height":601,"url":"https:\/\/lavostrallar.com\/noticias\/wp-content\/uploads\/2023\/10\/Foto-articulo-dietista.jpg","type":"image\/jpeg"}],"author":"lavostrallar Comunicacio","twitter_card":"summary_large_image","twitter_creator":"@lavostrallar","twitter_site":"@lavostrallar","twitter_misc":{"Escrit per":"lavostrallar Comunicacio","Temps estimat de lectura":"2 minuts"},"schema":{"@context":"https:\/\/schema.org","@graph":[{"@type":"Article","@id":"https:\/\/lavostrallar.com\/noticias\/calidad-en-nuestras-cocinas\/#article","isPartOf":{"@id":"https:\/\/lavostrallar.com\/noticias\/calidad-en-nuestras-cocinas\/"},"author":{"name":"lavostrallar Comunicacio","@id":"https:\/\/lavostrallar.com\/noticias\/#\/schema\/person\/321f189af5ebbd679ae095028db43fdd"},"headline":"Calidad en nuestras cocinas","datePublished":"2023-10-05T09:50:06+00:00","dateModified":"2023-10-05T09:50:07+00:00","mainEntityOfPage":{"@id":"https:\/\/lavostrallar.com\/noticias\/calidad-en-nuestras-cocinas\/"},"wordCount":337,"publisher":{"@id":"https:\/\/lavostrallar.com\/noticias\/#organization"},"image":{"@id":"https:\/\/lavostrallar.com\/noticias\/calidad-en-nuestras-cocinas\/#primaryimage"},"thumbnailUrl":"https:\/\/lavostrallar.com\/noticias\/wp-content\/uploads\/2023\/10\/Foto-articulo-dietista.jpg","keywords":["Atenci\u00f3n centrada en la persona","Calidad alimentaria","Men\u00fas en las residencias","Residencias de ancianos","Salud y envejecimiento activo"],"articleSection":["Noticias Blanes","Noticias Clot","Noticias Gr\u00e0cia","Noticias La Rambla","Noticias Les D\u00e0lies","Noticias Les Oliveres","Noticias Matar\u00f3","Noticias Parc G\u00fcell","Noticias Reig","Noticias Terrassa"],"inLanguage":"ca"},{"@type":"WebPage","@id":"https:\/\/lavostrallar.com\/noticias\/calidad-en-nuestras-cocinas\/","url":"https:\/\/lavostrallar.com\/noticias\/calidad-en-nuestras-cocinas\/","name":"Calidad en nuestras cocinas - Noticias La Vostra Llar","isPartOf":{"@id":"https:\/\/lavostrallar.com\/noticias\/#website"},"primaryImageOfPage":{"@id":"https:\/\/lavostrallar.com\/noticias\/calidad-en-nuestras-cocinas\/#primaryimage"},"image":{"@id":"https:\/\/lavostrallar.com\/noticias\/calidad-en-nuestras-cocinas\/#primaryimage"},"thumbnailUrl":"https:\/\/lavostrallar.com\/noticias\/wp-content\/uploads\/2023\/10\/Foto-articulo-dietista.jpg","datePublished":"2023-10-05T09:50:06+00:00","dateModified":"2023-10-05T09:50:07+00:00","description":"A les resid\u00e8ncies i centres de dia La vostra Llar volem assegurar que es compleixen els reglaments de qualitat i seguretat aliment\u00e0ria","breadcrumb":{"@id":"https:\/\/lavostrallar.com\/noticias\/calidad-en-nuestras-cocinas\/#breadcrumb"},"inLanguage":"ca","potentialAction":[{"@type":"ReadAction","target":["https:\/\/lavostrallar.com\/noticias\/calidad-en-nuestras-cocinas\/"]}]},{"@type":"ImageObject","inLanguage":"ca","@id":"https:\/\/lavostrallar.com\/noticias\/calidad-en-nuestras-cocinas\/#primaryimage","url":"https:\/\/lavostrallar.com\/noticias\/wp-content\/uploads\/2023\/10\/Foto-articulo-dietista.jpg","contentUrl":"https:\/\/lavostrallar.com\/noticias\/wp-content\/uploads\/2023\/10\/Foto-articulo-dietista.jpg","width":873,"height":601},{"@type":"BreadcrumbList","@id":"https:\/\/lavostrallar.com\/noticias\/calidad-en-nuestras-cocinas\/#breadcrumb","itemListElement":[{"@type":"ListItem","position":1,"name":"Portada","item":"https:\/\/lavostrallar.com\/noticias\/"},{"@type":"ListItem","position":2,"name":"Calidad en nuestras cocinas"}]},{"@type":"WebSite","@id":"https:\/\/lavostrallar.com\/noticias\/#website","url":"https:\/\/lavostrallar.com\/noticias\/","name":"La Vostra Llar","description":"La Vostra Llar gestiona resid\u00e8ncies geri\u00e0triques des de 1987 amb la missi\u00f3 d\u2019oferir assist\u00e8ncia personalitzada per estimular, acollir i atendre les persones grans amb qualsevol grau de depend\u00e8ncia.","publisher":{"@id":"https:\/\/lavostrallar.com\/noticias\/#organization"},"potentialAction":[{"@type":"SearchAction","target":{"@type":"EntryPoint","urlTemplate":"https:\/\/lavostrallar.com\/noticias\/?s={search_term_string}"},"query-input":{"@type":"PropertyValueSpecification","valueRequired":true,"valueName":"search_term_string"}}],"inLanguage":"ca"},{"@type":"Organization","@id":"https:\/\/lavostrallar.com\/noticias\/#organization","name":"La Vostra Llar","url":"https:\/\/lavostrallar.com\/noticias\/","logo":{"@type":"ImageObject","inLanguage":"ca","@id":"https:\/\/lavostrallar.com\/noticias\/#\/schema\/logo\/image\/","url":"https:\/\/lavostrallar.com\/noticias\/wp-content\/uploads\/2021\/12\/logo_lavostrallar.png","contentUrl":"https:\/\/lavostrallar.com\/noticias\/wp-content\/uploads\/2021\/12\/logo_lavostrallar.png","width":217,"height":109,"caption":"La Vostra Llar"},"image":{"@id":"https:\/\/lavostrallar.com\/noticias\/#\/schema\/logo\/image\/"},"sameAs":["https:\/\/www.facebook.com\/lavostra.llar","https:\/\/x.com\/lavostrallar","https:\/\/www.instagram.com\/lavostrallar\/"]},{"@type":"Person","@id":"https:\/\/lavostrallar.com\/noticias\/#\/schema\/person\/321f189af5ebbd679ae095028db43fdd","name":"lavostrallar Comunicacio","image":{"@type":"ImageObject","inLanguage":"ca","@id":"https:\/\/lavostrallar.com\/noticias\/#\/schema\/person\/image\/","url":"https:\/\/secure.gravatar.com\/avatar\/69a4b73b52c8eedccce42e542861709a5afc2b40e0a43d691da018458db2d41b?s=96&d=mm&r=g","contentUrl":"https:\/\/secure.gravatar.com\/avatar\/69a4b73b52c8eedccce42e542861709a5afc2b40e0a43d691da018458db2d41b?s=96&d=mm&r=g","caption":"lavostrallar Comunicacio"},"url":"https:\/\/lavostrallar.com\/noticias\/ca\/author\/lavostrallar-comunicacio\/"}]}},"_links":{"self":[{"href":"https:\/\/lavostrallar.com\/noticias\/ca\/wp-json\/wp\/v2\/posts\/28039","targetHints":{"allow":["GET"]}}],"collection":[{"href":"https:\/\/lavostrallar.com\/noticias\/ca\/wp-json\/wp\/v2\/posts"}],"about":[{"href":"https:\/\/lavostrallar.com\/noticias\/ca\/wp-json\/wp\/v2\/types\/post"}],"author":[{"embeddable":true,"href":"https:\/\/lavostrallar.com\/noticias\/ca\/wp-json\/wp\/v2\/users\/12"}],"replies":[{"embeddable":true,"href":"https:\/\/lavostrallar.com\/noticias\/ca\/wp-json\/wp\/v2\/comments?post=28039"}],"version-history":[{"count":1,"href":"https:\/\/lavostrallar.com\/noticias\/ca\/wp-json\/wp\/v2\/posts\/28039\/revisions"}],"predecessor-version":[{"id":28041,"href":"https:\/\/lavostrallar.com\/noticias\/ca\/wp-json\/wp\/v2\/posts\/28039\/revisions\/28041"}],"wp:featuredmedia":[{"embeddable":true,"href":"https:\/\/lavostrallar.com\/noticias\/ca\/wp-json\/wp\/v2\/media\/28040"}],"wp:attachment":[{"href":"https:\/\/lavostrallar.com\/noticias\/ca\/wp-json\/wp\/v2\/media?parent=28039"}],"wp:term":[{"taxonomy":"category","embeddable":true,"href":"https:\/\/lavostrallar.com\/noticias\/ca\/wp-json\/wp\/v2\/categories?post=28039"},{"taxonomy":"post_tag","embeddable":true,"href":"https:\/\/lavostrallar.com\/noticias\/ca\/wp-json\/wp\/v2\/tags?post=28039"}],"curies":[{"name":"wp","href":"https:\/\/api.w.org\/{rel}","templated":true}]}}