	{"id":33195,"date":"2024-07-12T07:50:58","date_gmt":"2024-07-12T06:50:58","guid":{"rendered":"https:\/\/lavostrallar.com\/noticias\/?p=33195"},"modified":"2024-07-12T07:50:59","modified_gmt":"2024-07-12T06:50:59","slug":"que-ocurre-cuando-un-anciano-deja-de-comer","status":"publish","type":"post","link":"https:\/\/lavostrallar.com\/noticias\/ca\/que-ocurre-cuando-un-anciano-deja-de-comer\/","title":{"rendered":"Qu\u00e8 passa quan una persona gran deixa de menjar?"},"content":{"rendered":"<h4 class=\"wp-block-heading\"><strong>La import\u00e0ncia de la dieta per a persones grans<\/strong><\/h4>\n\n\n\n<p>L'alimentaci\u00f3 adequada \u00e9s fonamental per a mantenir la salut i el benestar en totes les etapes de la vida, per\u00f2 es torna encara m\u00e9s crucial durant la vellesa. Una dieta equilibrada pot prevenir diverses malalties, millorar la qualitat de vida i mantenir l'energia i la vitalitat de les persones grans. A les resid\u00e8ncies i centres de dia <strong>La Vostra Llar<\/strong>, prestem especial atenci\u00f3 a la nutrici\u00f3 dels residents, oferint 11 men\u00fas diferents adaptats a les necessitats nutricionals, al\u00b7lerg\u00f2genes i de degluci\u00f3 dels usuaris.<\/p>\n\n\n\n<h4 class=\"wp-block-heading\"><strong>Qu\u00e8 \u00e9s la hipoor\u00e8xia?<\/strong><\/h4>\n\n\n\n<p>La <strong><a href=\"https:\/\/arribasalud.com\/hiporexia\/\">hipoor\u00e8xia<\/a><\/strong> La hipoor\u00e8xia \u00e9s generalment coneguda com la p\u00e8rdua de gana en persones grans. \u00c9s un trastorn molt freq\u00fcent, per\u00f2, malgrat ser perill\u00f3s, no es considera una malaltia. La falta de gana pot ser causada per molts factors, tant psicol\u00f2gics com fisiol\u00f2gics:<\/p>\n\n\n\n<ol class=\"wp-block-list\" start=\"1\">\n<li><strong>Factors psicol\u00f2gics<\/strong>: depressi\u00f3, ansietat, estr\u00e8s i dol poden contribuir significativament a la p\u00e8rdua de les ganes de menjar.<\/li>\n\n\n\n<li><strong>Factors fisiol\u00f2gics<\/strong>: malalties cr\u00f2niques, problemes dentals, efectes secundaris de medicaments, i canvis en el metabolisme relacionats amb l'edat poden influir en la disminuci\u00f3 de les ganes de menjar.<\/li>\n<\/ol>\n\n\n\n<h4 class=\"wp-block-heading\"><strong>Qu\u00e8 passa quan una persona gran deixa de menjar saludable<\/strong><\/h4>\n\n\n\n<p>Quan una persona gran deixa de menjar de manera saludable, pot experimentar una s\u00e8rie de conseq\u00fc\u00e8ncies negatives per a la seva salut. La falta de nutrients essencials pot portar a la p\u00e8rdua de pes, feblesa muscular, disminuci\u00f3 de la immunitat i un major risc de malalties. A m\u00e9s, la desnutrici\u00f3 pot afectar negativament l'estat d'\u00e0nim i la qualitat de vida en general.<\/p>\n\n\n\n<h4 class=\"wp-block-heading\"><strong>Consells per a millorar l'alimentaci\u00f3 de la gent gran<\/strong><\/h4>\n\n\n\n<ol class=\"wp-block-list\" start=\"1\">\n<li><strong>Parar atenci\u00f3 als seus gustos:<\/strong> si es coneixen les prefer\u00e8ncies aliment\u00e0ries i se\u2019ls hi ofereix, ser\u00e0 m\u00e9s f\u00e0cil que mengin. Es poden donar fins i tot fora dels horaris de menjar, ja que el m\u00e9s important \u00e9s que mengin.<\/li>\n\n\n\n<li><strong>Completar els menjars amb begudes nutritives:<\/strong> completar els menjars amb alguna beguda que aporti vitamines, minerals, fins i tot prote\u00efnes \u00e9s una bona opci\u00f3 perqu\u00e8 ingereixin les dosis de nutrients recomanats di\u00e0riament.<\/li>\n\n\n\n<li><strong>Incloure aliments energ\u00e8tics i nutritius:<\/strong> afegir a la seva dieta aliments que puguin aportar molta energia i varietat de nutrients en molt poques quantitats. Una opci\u00f3 \u00e9s combinar iogurt amb fruita fresca i seca trossejada.<\/li>\n\n\n\n<li><strong>Reduir porcions i augmentar la freq\u00fc\u00e8ncia de menjars:<\/strong> les persones grans s\u00f3n m\u00e9s propenses a menjar si se'ls ofereix petites quantitats de menjar.<\/li>\n<\/ol>\n\n\n\n<h4 class=\"wp-block-heading\"><strong>5 idees d\u2019aliments per a persones grans amb hipoor\u00e8xia<\/strong><\/h4>\n\n\n\n<ol class=\"wp-block-list\" start=\"1\">\n<li><strong>Sopes i pur\u00e9s nutritius<\/strong>: f\u00e0cils de digerir i plens de nutrients, les sopes i pur\u00e9s s\u00f3n una excel\u00b7lent opci\u00f3 per a la gent gran.<\/li>\n\n\n\n<li><strong>Peix al forn amb vegetals<\/strong>: amb \u00e0cids grassos omega-3, el peix \u00e9s una opci\u00f3 saludable i deliciosa.<\/li>\n\n\n\n<li><strong>Batuts de fruites i vegetals<\/strong>: una manera senzilla d'assegurar-se que les persones grans consumeixin suficients fruites i verdures.<\/li>\n\n\n\n<li><strong>Guisats i estofats<\/strong>plats complets que combinen prote\u00efnes, carbohidrats i vegetals en un sol menjar.<\/li>\n\n\n\n<li><strong>Civada amb fruites i nous<\/strong>: un esmorzar nutritiu i f\u00e0cil de preparar que proporciona energia per a tot el dia.<\/li>\n<\/ol>\n\n\n\n<p><\/p>\n\n\n\n<p>Amb aquesta guia b\u00e0sica proporcionada pels centres residencials <a href=\"https:\/\/lavostrallar.com\/ca\/\"><strong>La Vostra Llar<\/strong><\/a>, aprendr\u00e0s a controlar la situaci\u00f3 quan una persona gran deixa de menjar. Si la situaci\u00f3 no millora, et recomanem consultar a un especialista.<\/p>","protected":false},"excerpt":{"rendered":"<p>La importancia de la dieta para personas mayores La alimentaci\u00f3n adecuada es fundamental para mantener la salud y el bienestar en todas las etapas de la vida, pero se vuelve a\u00fan m\u00e1s crucial en la vejez. Una dieta equilibrada puede prevenir diversas enfermedades, mejorar la calidad de vida y mantener la energ\u00eda y la vitalidad [&hellip;]<\/p>","protected":false},"author":12,"featured_media":33197,"comment_status":"closed","ping_status":"closed","sticky":false,"template":"","format":"standard","meta":{"content-type":"","footnotes":""},"categories":[11,47,256,18,245,12,13,14,15,27,16,19],"tags":[21,7,278,277,276,9,20],"class_list":["post-33195","post","type-post","status-publish","format-standard","has-post-thumbnail","hentry","category-noticias-blanes","category-noticias-clot","category-noticias-esplugues","category-noticias-gracia","category-noticias-la-marina","category-noticias-la-rambla","category-noticias-les-dalies","category-noticias-les-oliveres","category-noticias-mataro","category-noticias-guell","category-noticias-reig","category-noticias-terrassa","tag-atencion-centrada-en-la-persona","tag-compromiso-social","tag-dieta-en-ancianos","tag-hiporexia","tag-nutricion-en-personas-amyores","tag-residencias-de-ancianos","tag-salud-y-envejecimiento-activo"],"yoast_head":"<!-- This site is optimized with the Yoast SEO plugin v26.0 - https:\/\/yoast.com\/wordpress\/plugins\/seo\/ -->\n<title>\u00bfQu\u00e9 ocurre cuando un anciano deja de comer? - Noticias La Vostra Llar<\/title>\n<meta name=\"description\" content=\"Descubre las causas y consecuencias cuando un anciano deja de comer. Encuentra respuestas y soluciones en nuestra gu\u00eda especializada.\" \/>\n<meta name=\"robots\" content=\"index, follow, max-snippet:-1, max-image-preview:large, max-video-preview:-1\" \/>\n<link rel=\"canonical\" href=\"https:\/\/lavostrallar.com\/noticias\/ca\/que-ocurre-cuando-un-anciano-deja-de-comer\/\" \/>\n<meta property=\"og:locale\" content=\"ca_ES\" \/>\n<meta property=\"og:type\" content=\"article\" \/>\n<meta property=\"og:title\" content=\"\u00bfQu\u00e9 ocurre cuando un anciano deja de comer? - Noticias La Vostra Llar\" \/>\n<meta property=\"og:description\" content=\"Descubre las causas y consecuencias cuando un anciano deja de comer. Encuentra respuestas y soluciones en nuestra gu\u00eda especializada.\" \/>\n<meta property=\"og:url\" content=\"https:\/\/lavostrallar.com\/noticias\/ca\/que-ocurre-cuando-un-anciano-deja-de-comer\/\" \/>\n<meta property=\"og:site_name\" content=\"Noticias La Vostra Llar\" \/>\n<meta property=\"article:publisher\" content=\"https:\/\/www.facebook.com\/lavostra.llar\" \/>\n<meta property=\"article:published_time\" content=\"2024-07-12T06:50:58+00:00\" \/>\n<meta property=\"article:modified_time\" content=\"2024-07-12T06:50:59+00:00\" \/>\n<meta property=\"og:image\" content=\"https:\/\/lavostrallar.com\/noticias\/wp-content\/uploads\/2024\/07\/449612799_1049272190531646_5318238708117307174_n.jpg\" \/>\n\t<meta property=\"og:image:width\" content=\"1536\" \/>\n\t<meta property=\"og:image:height\" content=\"1352\" \/>\n\t<meta property=\"og:image:type\" content=\"image\/jpeg\" \/>\n<meta name=\"author\" content=\"lavostrallar Comunicacio\" \/>\n<meta name=\"twitter:card\" content=\"summary_large_image\" \/>\n<meta name=\"twitter:creator\" content=\"@lavostrallar\" \/>\n<meta name=\"twitter:site\" content=\"@lavostrallar\" \/>\n<meta name=\"twitter:label1\" content=\"Escrit per\" \/>\n\t<meta name=\"twitter:data1\" content=\"lavostrallar Comunicacio\" \/>\n\t<meta name=\"twitter:label2\" content=\"Temps estimat de lectura\" \/>\n\t<meta name=\"twitter:data2\" content=\"3 minuts\" \/>\n<script type=\"application\/ld+json\" class=\"yoast-schema-graph\">{\"@context\":\"https:\/\/schema.org\",\"@graph\":[{\"@type\":\"Article\",\"@id\":\"https:\/\/lavostrallar.com\/noticias\/ca\/que-ocurre-cuando-un-anciano-deja-de-comer\/#article\",\"isPartOf\":{\"@id\":\"https:\/\/lavostrallar.com\/noticias\/ca\/que-ocurre-cuando-un-anciano-deja-de-comer\/\"},\"author\":{\"name\":\"lavostrallar Comunicacio\",\"@id\":\"https:\/\/lavostrallar.com\/noticias\/#\/schema\/person\/321f189af5ebbd679ae095028db43fdd\"},\"headline\":\"\u00bfQu\u00e9 ocurre cuando un anciano deja de comer?\",\"datePublished\":\"2024-07-12T06:50:58+00:00\",\"dateModified\":\"2024-07-12T06:50:59+00:00\",\"mainEntityOfPage\":{\"@id\":\"https:\/\/lavostrallar.com\/noticias\/ca\/que-ocurre-cuando-un-anciano-deja-de-comer\/\"},\"wordCount\":584,\"publisher\":{\"@id\":\"https:\/\/lavostrallar.com\/noticias\/#organization\"},\"image\":{\"@id\":\"https:\/\/lavostrallar.com\/noticias\/ca\/que-ocurre-cuando-un-anciano-deja-de-comer\/#primaryimage\"},\"thumbnailUrl\":\"https:\/\/lavostrallar.com\/noticias\/wp-content\/uploads\/2024\/07\/449612799_1049272190531646_5318238708117307174_n.jpg\",\"keywords\":[\"Atenci\u00f3n centrada en la persona\",\"Compromiso social\",\"Dieta en ancianos\",\"Hiporexia\",\"Nutricion en personas amyores\",\"Residencias de ancianos\",\"Salud y envejecimiento activo\"],\"articleSection\":[\"Noticias Blanes\",\"Noticias Clot\",\"Noticias Esplugues\",\"Noticias Gr\u00e0cia\",\"Noticias La Marina\",\"Noticias La Rambla\",\"Noticias Les D\u00e0lies\",\"Noticias Les Oliveres\",\"Noticias Matar\u00f3\",\"Noticias Parc G\u00fcell\",\"Noticias Reig\",\"Noticias Terrassa\"],\"inLanguage\":\"ca\"},{\"@type\":\"WebPage\",\"@id\":\"https:\/\/lavostrallar.com\/noticias\/ca\/que-ocurre-cuando-un-anciano-deja-de-comer\/\",\"url\":\"https:\/\/lavostrallar.com\/noticias\/ca\/que-ocurre-cuando-un-anciano-deja-de-comer\/\",\"name\":\"\u00bfQu\u00e9 ocurre cuando un anciano deja de comer? - Noticias La Vostra Llar\",\"isPartOf\":{\"@id\":\"https:\/\/lavostrallar.com\/noticias\/#website\"},\"primaryImageOfPage\":{\"@id\":\"https:\/\/lavostrallar.com\/noticias\/ca\/que-ocurre-cuando-un-anciano-deja-de-comer\/#primaryimage\"},\"image\":{\"@id\":\"https:\/\/lavostrallar.com\/noticias\/ca\/que-ocurre-cuando-un-anciano-deja-de-comer\/#primaryimage\"},\"thumbnailUrl\":\"https:\/\/lavostrallar.com\/noticias\/wp-content\/uploads\/2024\/07\/449612799_1049272190531646_5318238708117307174_n.jpg\",\"datePublished\":\"2024-07-12T06:50:58+00:00\",\"dateModified\":\"2024-07-12T06:50:59+00:00\",\"description\":\"Descubre las causas y consecuencias cuando un anciano deja de comer. Encuentra respuestas y soluciones en nuestra gu\u00eda especializada.\",\"breadcrumb\":{\"@id\":\"https:\/\/lavostrallar.com\/noticias\/ca\/que-ocurre-cuando-un-anciano-deja-de-comer\/#breadcrumb\"},\"inLanguage\":\"ca\",\"potentialAction\":[{\"@type\":\"ReadAction\",\"target\":[\"https:\/\/lavostrallar.com\/noticias\/ca\/que-ocurre-cuando-un-anciano-deja-de-comer\/\"]}]},{\"@type\":\"ImageObject\",\"inLanguage\":\"ca\",\"@id\":\"https:\/\/lavostrallar.com\/noticias\/ca\/que-ocurre-cuando-un-anciano-deja-de-comer\/#primaryimage\",\"url\":\"https:\/\/lavostrallar.com\/noticias\/wp-content\/uploads\/2024\/07\/449612799_1049272190531646_5318238708117307174_n.jpg\",\"contentUrl\":\"https:\/\/lavostrallar.com\/noticias\/wp-content\/uploads\/2024\/07\/449612799_1049272190531646_5318238708117307174_n.jpg\",\"width\":1536,\"height\":1352},{\"@type\":\"BreadcrumbList\",\"@id\":\"https:\/\/lavostrallar.com\/noticias\/ca\/que-ocurre-cuando-un-anciano-deja-de-comer\/#breadcrumb\",\"itemListElement\":[{\"@type\":\"ListItem\",\"position\":1,\"name\":\"Portada\",\"item\":\"https:\/\/lavostrallar.com\/noticias\/\"},{\"@type\":\"ListItem\",\"position\":2,\"name\":\"\u00bfQu\u00e9 ocurre cuando un anciano deja de comer?\"}]},{\"@type\":\"WebSite\",\"@id\":\"https:\/\/lavostrallar.com\/noticias\/#website\",\"url\":\"https:\/\/lavostrallar.com\/noticias\/\",\"name\":\"La Vostra Llar\",\"description\":\"La Vostra Llar gestiona resid\u00e8ncies geri\u00e0triques des de 1987 amb la missi\u00f3 d\u2019oferir assist\u00e8ncia personalitzada per estimular, acollir i atendre les persones grans amb qualsevol grau de depend\u00e8ncia.\",\"publisher\":{\"@id\":\"https:\/\/lavostrallar.com\/noticias\/#organization\"},\"potentialAction\":[{\"@type\":\"SearchAction\",\"target\":{\"@type\":\"EntryPoint\",\"urlTemplate\":\"https:\/\/lavostrallar.com\/noticias\/?s={search_term_string}\"},\"query-input\":{\"@type\":\"PropertyValueSpecification\",\"valueRequired\":true,\"valueName\":\"search_term_string\"}}],\"inLanguage\":\"ca\"},{\"@type\":\"Organization\",\"@id\":\"https:\/\/lavostrallar.com\/noticias\/#organization\",\"name\":\"La Vostra Llar\",\"url\":\"https:\/\/lavostrallar.com\/noticias\/\",\"logo\":{\"@type\":\"ImageObject\",\"inLanguage\":\"ca\",\"@id\":\"https:\/\/lavostrallar.com\/noticias\/#\/schema\/logo\/image\/\",\"url\":\"https:\/\/lavostrallar.com\/noticias\/wp-content\/uploads\/2021\/12\/logo_lavostrallar.png\",\"contentUrl\":\"https:\/\/lavostrallar.com\/noticias\/wp-content\/uploads\/2021\/12\/logo_lavostrallar.png\",\"width\":217,\"height\":109,\"caption\":\"La Vostra Llar\"},\"image\":{\"@id\":\"https:\/\/lavostrallar.com\/noticias\/#\/schema\/logo\/image\/\"},\"sameAs\":[\"https:\/\/www.facebook.com\/lavostra.llar\",\"https:\/\/x.com\/lavostrallar\",\"https:\/\/www.instagram.com\/lavostrallar\/\"]},{\"@type\":\"Person\",\"@id\":\"https:\/\/lavostrallar.com\/noticias\/#\/schema\/person\/321f189af5ebbd679ae095028db43fdd\",\"name\":\"lavostrallar Comunicacio\",\"image\":{\"@type\":\"ImageObject\",\"inLanguage\":\"ca\",\"@id\":\"https:\/\/lavostrallar.com\/noticias\/#\/schema\/person\/image\/\",\"url\":\"https:\/\/secure.gravatar.com\/avatar\/69a4b73b52c8eedccce42e542861709a5afc2b40e0a43d691da018458db2d41b?s=96&d=mm&r=g\",\"contentUrl\":\"https:\/\/secure.gravatar.com\/avatar\/69a4b73b52c8eedccce42e542861709a5afc2b40e0a43d691da018458db2d41b?s=96&d=mm&r=g\",\"caption\":\"lavostrallar Comunicacio\"},\"url\":\"https:\/\/lavostrallar.com\/noticias\/ca\/author\/lavostrallar-comunicacio\/\"}]}<\/script>\n<!-- \/ Yoast SEO plugin. -->","yoast_head_json":{"title":"Qu\u00e8 passa quan un avi deixa de menjar? - Not\u00edcies La Vostra Llar","description":"Descubre las causas y consecuencias cuando un anciano deja de comer. Encuentra respuestas y soluciones en nuestra gu\u00eda especializada.","robots":{"index":"index","follow":"follow","max-snippet":"max-snippet:-1","max-image-preview":"max-image-preview:large","max-video-preview":"max-video-preview:-1"},"canonical":"https:\/\/lavostrallar.com\/noticias\/ca\/que-ocurre-cuando-un-anciano-deja-de-comer\/","og_locale":"ca_ES","og_type":"article","og_title":"\u00bfQu\u00e9 ocurre cuando un anciano deja de comer? - Noticias La Vostra Llar","og_description":"Descubre las causas y consecuencias cuando un anciano deja de comer. Encuentra respuestas y soluciones en nuestra gu\u00eda especializada.","og_url":"https:\/\/lavostrallar.com\/noticias\/ca\/que-ocurre-cuando-un-anciano-deja-de-comer\/","og_site_name":"Noticias La Vostra Llar","article_publisher":"https:\/\/www.facebook.com\/lavostra.llar","article_published_time":"2024-07-12T06:50:58+00:00","article_modified_time":"2024-07-12T06:50:59+00:00","og_image":[{"width":1536,"height":1352,"url":"https:\/\/lavostrallar.com\/noticias\/wp-content\/uploads\/2024\/07\/449612799_1049272190531646_5318238708117307174_n.jpg","type":"image\/jpeg"}],"author":"lavostrallar Comunicacio","twitter_card":"summary_large_image","twitter_creator":"@lavostrallar","twitter_site":"@lavostrallar","twitter_misc":{"Escrit per":"lavostrallar Comunicacio","Temps estimat de lectura":"3 minuts"},"schema":{"@context":"https:\/\/schema.org","@graph":[{"@type":"Article","@id":"https:\/\/lavostrallar.com\/noticias\/ca\/que-ocurre-cuando-un-anciano-deja-de-comer\/#article","isPartOf":{"@id":"https:\/\/lavostrallar.com\/noticias\/ca\/que-ocurre-cuando-un-anciano-deja-de-comer\/"},"author":{"name":"lavostrallar Comunicacio","@id":"https:\/\/lavostrallar.com\/noticias\/#\/schema\/person\/321f189af5ebbd679ae095028db43fdd"},"headline":"\u00bfQu\u00e9 ocurre cuando un anciano deja de comer?","datePublished":"2024-07-12T06:50:58+00:00","dateModified":"2024-07-12T06:50:59+00:00","mainEntityOfPage":{"@id":"https:\/\/lavostrallar.com\/noticias\/ca\/que-ocurre-cuando-un-anciano-deja-de-comer\/"},"wordCount":584,"publisher":{"@id":"https:\/\/lavostrallar.com\/noticias\/#organization"},"image":{"@id":"https:\/\/lavostrallar.com\/noticias\/ca\/que-ocurre-cuando-un-anciano-deja-de-comer\/#primaryimage"},"thumbnailUrl":"https:\/\/lavostrallar.com\/noticias\/wp-content\/uploads\/2024\/07\/449612799_1049272190531646_5318238708117307174_n.jpg","keywords":["Atenci\u00f3n centrada en la persona","Compromiso social","Dieta en ancianos","Hiporexia","Nutricion en personas amyores","Residencias de ancianos","Salud y envejecimiento activo"],"articleSection":["Noticias Blanes","Noticias Clot","Noticias Esplugues","Noticias Gr\u00e0cia","Noticias La Marina","Noticias La Rambla","Noticias Les D\u00e0lies","Noticias Les Oliveres","Noticias Matar\u00f3","Noticias Parc G\u00fcell","Noticias Reig","Noticias Terrassa"],"inLanguage":"ca"},{"@type":"WebPage","@id":"https:\/\/lavostrallar.com\/noticias\/ca\/que-ocurre-cuando-un-anciano-deja-de-comer\/","url":"https:\/\/lavostrallar.com\/noticias\/ca\/que-ocurre-cuando-un-anciano-deja-de-comer\/","name":"Qu\u00e8 passa quan un avi deixa de menjar? - Not\u00edcies La Vostra Llar","isPartOf":{"@id":"https:\/\/lavostrallar.com\/noticias\/#website"},"primaryImageOfPage":{"@id":"https:\/\/lavostrallar.com\/noticias\/ca\/que-ocurre-cuando-un-anciano-deja-de-comer\/#primaryimage"},"image":{"@id":"https:\/\/lavostrallar.com\/noticias\/ca\/que-ocurre-cuando-un-anciano-deja-de-comer\/#primaryimage"},"thumbnailUrl":"https:\/\/lavostrallar.com\/noticias\/wp-content\/uploads\/2024\/07\/449612799_1049272190531646_5318238708117307174_n.jpg","datePublished":"2024-07-12T06:50:58+00:00","dateModified":"2024-07-12T06:50:59+00:00","description":"Descubre las causas y consecuencias cuando un anciano deja de comer. Encuentra respuestas y soluciones en nuestra gu\u00eda especializada.","breadcrumb":{"@id":"https:\/\/lavostrallar.com\/noticias\/ca\/que-ocurre-cuando-un-anciano-deja-de-comer\/#breadcrumb"},"inLanguage":"ca","potentialAction":[{"@type":"ReadAction","target":["https:\/\/lavostrallar.com\/noticias\/ca\/que-ocurre-cuando-un-anciano-deja-de-comer\/"]}]},{"@type":"ImageObject","inLanguage":"ca","@id":"https:\/\/lavostrallar.com\/noticias\/ca\/que-ocurre-cuando-un-anciano-deja-de-comer\/#primaryimage","url":"https:\/\/lavostrallar.com\/noticias\/wp-content\/uploads\/2024\/07\/449612799_1049272190531646_5318238708117307174_n.jpg","contentUrl":"https:\/\/lavostrallar.com\/noticias\/wp-content\/uploads\/2024\/07\/449612799_1049272190531646_5318238708117307174_n.jpg","width":1536,"height":1352},{"@type":"BreadcrumbList","@id":"https:\/\/lavostrallar.com\/noticias\/ca\/que-ocurre-cuando-un-anciano-deja-de-comer\/#breadcrumb","itemListElement":[{"@type":"ListItem","position":1,"name":"Portada","item":"https:\/\/lavostrallar.com\/noticias\/"},{"@type":"ListItem","position":2,"name":"\u00bfQu\u00e9 ocurre cuando un anciano deja de comer?"}]},{"@type":"WebSite","@id":"https:\/\/lavostrallar.com\/noticias\/#website","url":"https:\/\/lavostrallar.com\/noticias\/","name":"La Vostra Llar","description":"La Vostra Llar gestiona resid\u00e8ncies geri\u00e0triques des de 1987 amb la missi\u00f3 d\u2019oferir assist\u00e8ncia personalitzada per estimular, acollir i atendre les persones grans amb qualsevol grau de depend\u00e8ncia.","publisher":{"@id":"https:\/\/lavostrallar.com\/noticias\/#organization"},"potentialAction":[{"@type":"SearchAction","target":{"@type":"EntryPoint","urlTemplate":"https:\/\/lavostrallar.com\/noticias\/?s={search_term_string}"},"query-input":{"@type":"PropertyValueSpecification","valueRequired":true,"valueName":"search_term_string"}}],"inLanguage":"ca"},{"@type":"Organization","@id":"https:\/\/lavostrallar.com\/noticias\/#organization","name":"La Vostra Llar","url":"https:\/\/lavostrallar.com\/noticias\/","logo":{"@type":"ImageObject","inLanguage":"ca","@id":"https:\/\/lavostrallar.com\/noticias\/#\/schema\/logo\/image\/","url":"https:\/\/lavostrallar.com\/noticias\/wp-content\/uploads\/2021\/12\/logo_lavostrallar.png","contentUrl":"https:\/\/lavostrallar.com\/noticias\/wp-content\/uploads\/2021\/12\/logo_lavostrallar.png","width":217,"height":109,"caption":"La Vostra Llar"},"image":{"@id":"https:\/\/lavostrallar.com\/noticias\/#\/schema\/logo\/image\/"},"sameAs":["https:\/\/www.facebook.com\/lavostra.llar","https:\/\/x.com\/lavostrallar","https:\/\/www.instagram.com\/lavostrallar\/"]},{"@type":"Person","@id":"https:\/\/lavostrallar.com\/noticias\/#\/schema\/person\/321f189af5ebbd679ae095028db43fdd","name":"lavostrallar Comunicacio","image":{"@type":"ImageObject","inLanguage":"ca","@id":"https:\/\/lavostrallar.com\/noticias\/#\/schema\/person\/image\/","url":"https:\/\/secure.gravatar.com\/avatar\/69a4b73b52c8eedccce42e542861709a5afc2b40e0a43d691da018458db2d41b?s=96&d=mm&r=g","contentUrl":"https:\/\/secure.gravatar.com\/avatar\/69a4b73b52c8eedccce42e542861709a5afc2b40e0a43d691da018458db2d41b?s=96&d=mm&r=g","caption":"lavostrallar Comunicacio"},"url":"https:\/\/lavostrallar.com\/noticias\/ca\/author\/lavostrallar-comunicacio\/"}]}},"_links":{"self":[{"href":"https:\/\/lavostrallar.com\/noticias\/ca\/wp-json\/wp\/v2\/posts\/33195","targetHints":{"allow":["GET"]}}],"collection":[{"href":"https:\/\/lavostrallar.com\/noticias\/ca\/wp-json\/wp\/v2\/posts"}],"about":[{"href":"https:\/\/lavostrallar.com\/noticias\/ca\/wp-json\/wp\/v2\/types\/post"}],"author":[{"embeddable":true,"href":"https:\/\/lavostrallar.com\/noticias\/ca\/wp-json\/wp\/v2\/users\/12"}],"replies":[{"embeddable":true,"href":"https:\/\/lavostrallar.com\/noticias\/ca\/wp-json\/wp\/v2\/comments?post=33195"}],"version-history":[{"count":2,"href":"https:\/\/lavostrallar.com\/noticias\/ca\/wp-json\/wp\/v2\/posts\/33195\/revisions"}],"predecessor-version":[{"id":33198,"href":"https:\/\/lavostrallar.com\/noticias\/ca\/wp-json\/wp\/v2\/posts\/33195\/revisions\/33198"}],"wp:featuredmedia":[{"embeddable":true,"href":"https:\/\/lavostrallar.com\/noticias\/ca\/wp-json\/wp\/v2\/media\/33197"}],"wp:attachment":[{"href":"https:\/\/lavostrallar.com\/noticias\/ca\/wp-json\/wp\/v2\/media?parent=33195"}],"wp:term":[{"taxonomy":"category","embeddable":true,"href":"https:\/\/lavostrallar.com\/noticias\/ca\/wp-json\/wp\/v2\/categories?post=33195"},{"taxonomy":"post_tag","embeddable":true,"href":"https:\/\/lavostrallar.com\/noticias\/ca\/wp-json\/wp\/v2\/tags?post=33195"}],"curies":[{"name":"wp","href":"https:\/\/api.w.org\/{rel}","templated":true}]}}