	{"id":33199,"date":"2024-07-19T12:17:05","date_gmt":"2024-07-19T11:17:05","guid":{"rendered":"https:\/\/lavostrallar.com\/noticias\/?p=33199"},"modified":"2024-07-19T12:17:06","modified_gmt":"2024-07-19T11:17:06","slug":"depresion-en-personas-mayores-la-importancia-de-un-entorno-calido","status":"publish","type":"post","link":"https:\/\/lavostrallar.com\/noticias\/ca\/depresion-en-personas-mayores-la-importancia-de-un-entorno-calido\/","title":{"rendered":"Depressi\u00f3 en persones grans: la import\u00e0ncia d'un entorn c\u00e0lid"},"content":{"rendered":"<p>La depressi\u00f3 en persones grans \u00e9s un problema de salut mental significatiu que afecta una gran part de la poblaci\u00f3 de la tercera edat. Les afeccions de salut mental en les persones grans solen estar infravalorades i infratractades, i l'estigmatitzaci\u00f3 que envolta a aquestes afeccions pot fer que les persones estiguin poc inclinades a buscar ajuda. Segons <a href=\"https:\/\/www.who.int\/es\/news-room\/fact-sheets\/detail\/depression#:~:text=Se%20estima%20que%20el%203%2C8%25%20de%20la%20poblaci%C3%B3n,aproximadamente%20280%20millones%20de%20personas%20sufren%20depresi%C3%B3n%20%281%29.\">l'OMS<\/a>, el 5,7% dels adults majors de 60 anys pateixen depressi\u00f3. A <a href=\"https:\/\/lavostrallar.com\/ca\/\">La Vostra Llar<\/a> comprenem la import\u00e0ncia d'un entorn c\u00e0lid per a combatre aquesta malaltia en les persones grans.<\/p>\n\n\n\n<h4 class=\"wp-block-heading\"><strong>Suport professional: clau pel tractament efectiu de la depressi\u00f3 en gent gran<\/strong><\/h4>\n\n\n\n<p>El tractament de la depressi\u00f3 en gent gran requereix un enfocament integral que <strong>inclogui el suport professional<\/strong>. La intervenci\u00f3 de metges, psic\u00f2legs i terapeutes \u00e9s fonamental per a diagnosticar i tractar adequadament la depressi\u00f3 en aquesta etapa de la vida.<\/p>\n\n\n\n<p>Segons el <a href=\"https:\/\/spm.mx\/2018\/la-importancia-teorica-y-tecnica-de-las-aportaciones-de-ignacio-matte-blanco\/\">Dr. Ignacio Blanco<\/a>, psiquiatre especialitzat en geriatria, \"el diagn\u00f2stic primerenc de la depressi\u00f3 en gent gran \u00e9s crucial per a un tractament efica\u00e7. Les intervencions que combinen la ter\u00e0pia cognitiva-conductual amb l\u2019aspecte farmacol\u00f2gic han demostrat ser altament efectives\".<\/p>\n\n\n\n<h4 class=\"wp-block-heading\"><strong>Moviment i vitalitat: exercicis per a persones grans<\/strong><\/h4>\n\n\n\n<p>El <strong>exercici f\u00edsic \u00e9s una eina poderosa<\/strong> per a combatre la depressi\u00f3. Mantenir-se actiu no nom\u00e9s millora la salut f\u00edsica, sin\u00f3 que tamb\u00e9 aporta beneficis significatius per a la salut mental. Els exercicis per a persones grans, com caminar, ioga o exercicis de resist\u00e8ncia, poden augmentar els nivells d\u2019endorfines i reduir els s\u00edmptomes de depressi\u00f3.<\/p>\n\n\n\n<h4 class=\"wp-block-heading\"><strong>Abordant els desafiaments de la depressi\u00f3 en gent gran<\/strong><\/h4>\n\n\n\n<p>La depressi\u00f3 en persones grans pot presentar desafiaments \u00fanics. Factors com <strong>la solitud, la p\u00e8rdua d\u2019\u00e9ssers estimats i la disminuci\u00f3 de la independ\u00e8ncia<\/strong> poden contribuir al desenvolupament de la depressi\u00f3. \u00c9s vital abordar aquests desafiaments mitjan\u00e7ant la creaci\u00f3 d'un entorn de suport, promovent la socialitzaci\u00f3 i facilitant l'acc\u00e9s a activitats significatives.<\/p>\n\n\n\n<p>Segons un estudi publicat en \u201cl\u2019International Journal of Social Work and Social Sciences\", els <a href=\"file:\/\/\/C:\/Users\/Practiques_Comunica\/Downloads\/Dialnet-ProgramasIntergeneracionalesQueFomentanLaParticipa-8007567.pdf\">programes de suport social<\/a> i les activitats recreatives poden reduir significativament els s\u00edmptomes de la depressi\u00f3 en gent gran, millorant la seva qualitat de vida.<\/p>\n\n\n\n<h4 class=\"wp-block-heading\"><strong>La import\u00e0ncia d'un entorn c\u00e0lid<\/strong><\/h4>\n\n\n\n<p>Crear un entorn c\u00e0lid i acollidor \u00e9s essencial per a ajudar les persones grans a fer front a la depressi\u00f3. Aix\u00f2 implica no nom\u00e9s confort f\u00edsic, es tracta de brindar un ambient emocionalment segur i estimulant. Aix\u00f2 inclou el <strong>suport emocional de familiars i amics<\/strong>, aix\u00ed com la participaci\u00f3 en <strong>activitats socials i recreatives<\/strong> que els proporcionin un sentit de pertinen\u00e7a i prop\u00f2sit.<\/p>\n\n\n\n<h4 class=\"wp-block-heading\"><strong>Conclusi\u00f3<\/strong><\/h4>\n\n\n\n<p>La depressi\u00f3 en persones grans \u00e9s un problema seri\u00f3s que requereix atenci\u00f3 i cura. A les resid\u00e8ncies i centres de dia La Vostra Llar, creiem fermament en la import\u00e0ncia d'un entorn c\u00e0lid per a combatre la depressi\u00f3 en adults grans. Un enfocament integral que combini el suport professional, l'exercici regular i un entorn emocionalment enriquidor pot fer una gran difer\u00e8ncia en la seva vida.<\/p>\n\n\n\n<p>Si tu o un \u00e9sser estimat est\u00e0 enfrontant una depressi\u00f3, no dubteu a buscar ajuda professional i crear un entorn que promogui el benestar i la calidesa.<\/p>","protected":false},"excerpt":{"rendered":"<p>La depresi\u00f3n en ancianos es un problema de salud mental significativo que afecta a una gran parte de la poblaci\u00f3n de la tercera edad. Las afecciones de salud mental en las personas mayores suelen estar infravaloradas e infratratadas, y la estigmatizaci\u00f3n que rodea a dichas afecciones puede hacer que las personas sean reacias a buscar [&hellip;]<\/p>","protected":false},"author":12,"featured_media":33202,"comment_status":"closed","ping_status":"closed","sticky":false,"template":"","format":"standard","meta":{"content-type":"","footnotes":""},"categories":[11,47,256,18,245,12,13,14,15,27,16,19],"tags":[69,21,279,9,280,20],"class_list":["post-33199","post","type-post","status-publish","format-standard","has-post-thumbnail","hentry","category-noticias-blanes","category-noticias-clot","category-noticias-esplugues","category-noticias-gracia","category-noticias-la-marina","category-noticias-la-rambla","category-noticias-les-dalies","category-noticias-les-oliveres","category-noticias-mataro","category-noticias-guell","category-noticias-reig","category-noticias-terrassa","tag-actividades-para-mayores","tag-atencion-centrada-en-la-persona","tag-depresion-en-ancianos","tag-residencias-de-ancianos","tag-salud-mental-en-ancianos","tag-salud-y-envejecimiento-activo"],"yoast_head":"<!-- This site is optimized with the Yoast SEO plugin v26.0 - https:\/\/yoast.com\/wordpress\/plugins\/seo\/ -->\n<title>Depresi\u00f3n en ancianos - Noticias La Vostra Llar<\/title>\n<meta name=\"description\" content=\"La depresi\u00f3n en ancianos es un problema de salud mental significativo que afecta a una gran parte de la poblaci\u00f3n de la tercera edad.\" \/>\n<meta name=\"robots\" content=\"index, follow, max-snippet:-1, max-image-preview:large, max-video-preview:-1\" \/>\n<link rel=\"canonical\" href=\"https:\/\/lavostrallar.com\/noticias\/ca\/depresion-en-personas-mayores-la-importancia-de-un-entorno-calido\/\" \/>\n<meta property=\"og:locale\" content=\"ca_ES\" \/>\n<meta property=\"og:type\" content=\"article\" \/>\n<meta property=\"og:title\" content=\"Depresi\u00f3n en ancianos - Noticias La Vostra Llar\" \/>\n<meta property=\"og:description\" content=\"La depresi\u00f3n en ancianos es un problema de salud mental significativo que afecta a una gran parte de la poblaci\u00f3n de la tercera edad.\" \/>\n<meta property=\"og:url\" content=\"https:\/\/lavostrallar.com\/noticias\/ca\/depresion-en-personas-mayores-la-importancia-de-un-entorno-calido\/\" \/>\n<meta property=\"og:site_name\" content=\"Noticias La Vostra Llar\" \/>\n<meta property=\"article:publisher\" content=\"https:\/\/www.facebook.com\/lavostra.llar\" \/>\n<meta property=\"article:published_time\" content=\"2024-07-19T11:17:05+00:00\" \/>\n<meta property=\"article:modified_time\" content=\"2024-07-19T11:17:06+00:00\" \/>\n<meta property=\"og:image\" content=\"https:\/\/lavostrallar.com\/noticias\/wp-content\/uploads\/2024\/07\/Auxiliar_resident_Rambla.jpg\" \/>\n\t<meta property=\"og:image:width\" content=\"1600\" \/>\n\t<meta property=\"og:image:height\" content=\"1200\" \/>\n\t<meta property=\"og:image:type\" content=\"image\/jpeg\" \/>\n<meta name=\"author\" content=\"lavostrallar Comunicacio\" \/>\n<meta name=\"twitter:card\" content=\"summary_large_image\" \/>\n<meta name=\"twitter:creator\" content=\"@lavostrallar\" \/>\n<meta name=\"twitter:site\" content=\"@lavostrallar\" \/>\n<meta name=\"twitter:label1\" content=\"Escrit per\" \/>\n\t<meta name=\"twitter:data1\" content=\"lavostrallar Comunicacio\" \/>\n\t<meta name=\"twitter:label2\" content=\"Temps estimat de lectura\" \/>\n\t<meta name=\"twitter:data2\" content=\"3 minuts\" \/>\n<script type=\"application\/ld+json\" class=\"yoast-schema-graph\">{\"@context\":\"https:\/\/schema.org\",\"@graph\":[{\"@type\":\"Article\",\"@id\":\"https:\/\/lavostrallar.com\/noticias\/ca\/depresion-en-personas-mayores-la-importancia-de-un-entorno-calido\/#article\",\"isPartOf\":{\"@id\":\"https:\/\/lavostrallar.com\/noticias\/ca\/depresion-en-personas-mayores-la-importancia-de-un-entorno-calido\/\"},\"author\":{\"name\":\"lavostrallar Comunicacio\",\"@id\":\"https:\/\/lavostrallar.com\/noticias\/#\/schema\/person\/321f189af5ebbd679ae095028db43fdd\"},\"headline\":\"Depresi\u00f3n en personas mayores: la importancia de un entorno c\u00e1lido\",\"datePublished\":\"2024-07-19T11:17:05+00:00\",\"dateModified\":\"2024-07-19T11:17:06+00:00\",\"mainEntityOfPage\":{\"@id\":\"https:\/\/lavostrallar.com\/noticias\/ca\/depresion-en-personas-mayores-la-importancia-de-un-entorno-calido\/\"},\"wordCount\":556,\"publisher\":{\"@id\":\"https:\/\/lavostrallar.com\/noticias\/#organization\"},\"image\":{\"@id\":\"https:\/\/lavostrallar.com\/noticias\/ca\/depresion-en-personas-mayores-la-importancia-de-un-entorno-calido\/#primaryimage\"},\"thumbnailUrl\":\"https:\/\/lavostrallar.com\/noticias\/wp-content\/uploads\/2024\/07\/Auxiliar_resident_Rambla.jpg\",\"keywords\":[\"Actividades para mayores\",\"Atenci\u00f3n centrada en la persona\",\"Depresion en ancianos\",\"Residencias de ancianos\",\"Salud mental en ancianos\",\"Salud y envejecimiento activo\"],\"articleSection\":[\"Noticias Blanes\",\"Noticias Clot\",\"Noticias Esplugues\",\"Noticias Gr\u00e0cia\",\"Noticias La Marina\",\"Noticias La Rambla\",\"Noticias Les D\u00e0lies\",\"Noticias Les Oliveres\",\"Noticias Matar\u00f3\",\"Noticias Parc G\u00fcell\",\"Noticias Reig\",\"Noticias Terrassa\"],\"inLanguage\":\"ca\"},{\"@type\":\"WebPage\",\"@id\":\"https:\/\/lavostrallar.com\/noticias\/ca\/depresion-en-personas-mayores-la-importancia-de-un-entorno-calido\/\",\"url\":\"https:\/\/lavostrallar.com\/noticias\/ca\/depresion-en-personas-mayores-la-importancia-de-un-entorno-calido\/\",\"name\":\"Depresi\u00f3n en ancianos - Noticias La Vostra Llar\",\"isPartOf\":{\"@id\":\"https:\/\/lavostrallar.com\/noticias\/#website\"},\"primaryImageOfPage\":{\"@id\":\"https:\/\/lavostrallar.com\/noticias\/ca\/depresion-en-personas-mayores-la-importancia-de-un-entorno-calido\/#primaryimage\"},\"image\":{\"@id\":\"https:\/\/lavostrallar.com\/noticias\/ca\/depresion-en-personas-mayores-la-importancia-de-un-entorno-calido\/#primaryimage\"},\"thumbnailUrl\":\"https:\/\/lavostrallar.com\/noticias\/wp-content\/uploads\/2024\/07\/Auxiliar_resident_Rambla.jpg\",\"datePublished\":\"2024-07-19T11:17:05+00:00\",\"dateModified\":\"2024-07-19T11:17:06+00:00\",\"description\":\"La depresi\u00f3n en ancianos es un problema de salud mental significativo que afecta a una gran parte de la poblaci\u00f3n de la tercera edad.\",\"breadcrumb\":{\"@id\":\"https:\/\/lavostrallar.com\/noticias\/ca\/depresion-en-personas-mayores-la-importancia-de-un-entorno-calido\/#breadcrumb\"},\"inLanguage\":\"ca\",\"potentialAction\":[{\"@type\":\"ReadAction\",\"target\":[\"https:\/\/lavostrallar.com\/noticias\/ca\/depresion-en-personas-mayores-la-importancia-de-un-entorno-calido\/\"]}]},{\"@type\":\"ImageObject\",\"inLanguage\":\"ca\",\"@id\":\"https:\/\/lavostrallar.com\/noticias\/ca\/depresion-en-personas-mayores-la-importancia-de-un-entorno-calido\/#primaryimage\",\"url\":\"https:\/\/lavostrallar.com\/noticias\/wp-content\/uploads\/2024\/07\/Auxiliar_resident_Rambla.jpg\",\"contentUrl\":\"https:\/\/lavostrallar.com\/noticias\/wp-content\/uploads\/2024\/07\/Auxiliar_resident_Rambla.jpg\",\"width\":1600,\"height\":1200},{\"@type\":\"BreadcrumbList\",\"@id\":\"https:\/\/lavostrallar.com\/noticias\/ca\/depresion-en-personas-mayores-la-importancia-de-un-entorno-calido\/#breadcrumb\",\"itemListElement\":[{\"@type\":\"ListItem\",\"position\":1,\"name\":\"Portada\",\"item\":\"https:\/\/lavostrallar.com\/noticias\/\"},{\"@type\":\"ListItem\",\"position\":2,\"name\":\"Depresi\u00f3n en personas mayores: la importancia de un entorno c\u00e1lido\"}]},{\"@type\":\"WebSite\",\"@id\":\"https:\/\/lavostrallar.com\/noticias\/#website\",\"url\":\"https:\/\/lavostrallar.com\/noticias\/\",\"name\":\"La Vostra Llar\",\"description\":\"La Vostra Llar gestiona resid\u00e8ncies geri\u00e0triques des de 1987 amb la missi\u00f3 d\u2019oferir assist\u00e8ncia personalitzada per estimular, acollir i atendre les persones grans amb qualsevol grau de depend\u00e8ncia.\",\"publisher\":{\"@id\":\"https:\/\/lavostrallar.com\/noticias\/#organization\"},\"potentialAction\":[{\"@type\":\"SearchAction\",\"target\":{\"@type\":\"EntryPoint\",\"urlTemplate\":\"https:\/\/lavostrallar.com\/noticias\/?s={search_term_string}\"},\"query-input\":{\"@type\":\"PropertyValueSpecification\",\"valueRequired\":true,\"valueName\":\"search_term_string\"}}],\"inLanguage\":\"ca\"},{\"@type\":\"Organization\",\"@id\":\"https:\/\/lavostrallar.com\/noticias\/#organization\",\"name\":\"La Vostra Llar\",\"url\":\"https:\/\/lavostrallar.com\/noticias\/\",\"logo\":{\"@type\":\"ImageObject\",\"inLanguage\":\"ca\",\"@id\":\"https:\/\/lavostrallar.com\/noticias\/#\/schema\/logo\/image\/\",\"url\":\"https:\/\/lavostrallar.com\/noticias\/wp-content\/uploads\/2021\/12\/logo_lavostrallar.png\",\"contentUrl\":\"https:\/\/lavostrallar.com\/noticias\/wp-content\/uploads\/2021\/12\/logo_lavostrallar.png\",\"width\":217,\"height\":109,\"caption\":\"La Vostra Llar\"},\"image\":{\"@id\":\"https:\/\/lavostrallar.com\/noticias\/#\/schema\/logo\/image\/\"},\"sameAs\":[\"https:\/\/www.facebook.com\/lavostra.llar\",\"https:\/\/x.com\/lavostrallar\",\"https:\/\/www.instagram.com\/lavostrallar\/\"]},{\"@type\":\"Person\",\"@id\":\"https:\/\/lavostrallar.com\/noticias\/#\/schema\/person\/321f189af5ebbd679ae095028db43fdd\",\"name\":\"lavostrallar Comunicacio\",\"image\":{\"@type\":\"ImageObject\",\"inLanguage\":\"ca\",\"@id\":\"https:\/\/lavostrallar.com\/noticias\/#\/schema\/person\/image\/\",\"url\":\"https:\/\/secure.gravatar.com\/avatar\/69a4b73b52c8eedccce42e542861709a5afc2b40e0a43d691da018458db2d41b?s=96&d=mm&r=g\",\"contentUrl\":\"https:\/\/secure.gravatar.com\/avatar\/69a4b73b52c8eedccce42e542861709a5afc2b40e0a43d691da018458db2d41b?s=96&d=mm&r=g\",\"caption\":\"lavostrallar Comunicacio\"},\"url\":\"https:\/\/lavostrallar.com\/noticias\/ca\/author\/lavostrallar-comunicacio\/\"}]}<\/script>\n<!-- \/ Yoast SEO plugin. -->","yoast_head_json":{"title":"Depressi\u00f3 en ancians - Not\u00edcies La Vostra Llar","description":"La depresi\u00f3n en ancianos es un problema de salud mental significativo que afecta a una gran parte de la poblaci\u00f3n de la tercera edad.","robots":{"index":"index","follow":"follow","max-snippet":"max-snippet:-1","max-image-preview":"max-image-preview:large","max-video-preview":"max-video-preview:-1"},"canonical":"https:\/\/lavostrallar.com\/noticias\/ca\/depresion-en-personas-mayores-la-importancia-de-un-entorno-calido\/","og_locale":"ca_ES","og_type":"article","og_title":"Depresi\u00f3n en ancianos - Noticias La Vostra Llar","og_description":"La depresi\u00f3n en ancianos es un problema de salud mental significativo que afecta a una gran parte de la poblaci\u00f3n de la tercera edad.","og_url":"https:\/\/lavostrallar.com\/noticias\/ca\/depresion-en-personas-mayores-la-importancia-de-un-entorno-calido\/","og_site_name":"Noticias La Vostra Llar","article_publisher":"https:\/\/www.facebook.com\/lavostra.llar","article_published_time":"2024-07-19T11:17:05+00:00","article_modified_time":"2024-07-19T11:17:06+00:00","og_image":[{"width":1600,"height":1200,"url":"https:\/\/lavostrallar.com\/noticias\/wp-content\/uploads\/2024\/07\/Auxiliar_resident_Rambla.jpg","type":"image\/jpeg"}],"author":"lavostrallar Comunicacio","twitter_card":"summary_large_image","twitter_creator":"@lavostrallar","twitter_site":"@lavostrallar","twitter_misc":{"Escrit per":"lavostrallar Comunicacio","Temps estimat de lectura":"3 minuts"},"schema":{"@context":"https:\/\/schema.org","@graph":[{"@type":"Article","@id":"https:\/\/lavostrallar.com\/noticias\/ca\/depresion-en-personas-mayores-la-importancia-de-un-entorno-calido\/#article","isPartOf":{"@id":"https:\/\/lavostrallar.com\/noticias\/ca\/depresion-en-personas-mayores-la-importancia-de-un-entorno-calido\/"},"author":{"name":"lavostrallar Comunicacio","@id":"https:\/\/lavostrallar.com\/noticias\/#\/schema\/person\/321f189af5ebbd679ae095028db43fdd"},"headline":"Depresi\u00f3n en personas mayores: la importancia de un entorno c\u00e1lido","datePublished":"2024-07-19T11:17:05+00:00","dateModified":"2024-07-19T11:17:06+00:00","mainEntityOfPage":{"@id":"https:\/\/lavostrallar.com\/noticias\/ca\/depresion-en-personas-mayores-la-importancia-de-un-entorno-calido\/"},"wordCount":556,"publisher":{"@id":"https:\/\/lavostrallar.com\/noticias\/#organization"},"image":{"@id":"https:\/\/lavostrallar.com\/noticias\/ca\/depresion-en-personas-mayores-la-importancia-de-un-entorno-calido\/#primaryimage"},"thumbnailUrl":"https:\/\/lavostrallar.com\/noticias\/wp-content\/uploads\/2024\/07\/Auxiliar_resident_Rambla.jpg","keywords":["Actividades para mayores","Atenci\u00f3n centrada en la persona","Depresion en ancianos","Residencias de ancianos","Salud mental en ancianos","Salud y envejecimiento activo"],"articleSection":["Noticias Blanes","Noticias Clot","Noticias Esplugues","Noticias Gr\u00e0cia","Noticias La Marina","Noticias La Rambla","Noticias Les D\u00e0lies","Noticias Les Oliveres","Noticias Matar\u00f3","Noticias Parc G\u00fcell","Noticias Reig","Noticias Terrassa"],"inLanguage":"ca"},{"@type":"WebPage","@id":"https:\/\/lavostrallar.com\/noticias\/ca\/depresion-en-personas-mayores-la-importancia-de-un-entorno-calido\/","url":"https:\/\/lavostrallar.com\/noticias\/ca\/depresion-en-personas-mayores-la-importancia-de-un-entorno-calido\/","name":"Depressi\u00f3 en ancians - Not\u00edcies La Vostra Llar","isPartOf":{"@id":"https:\/\/lavostrallar.com\/noticias\/#website"},"primaryImageOfPage":{"@id":"https:\/\/lavostrallar.com\/noticias\/ca\/depresion-en-personas-mayores-la-importancia-de-un-entorno-calido\/#primaryimage"},"image":{"@id":"https:\/\/lavostrallar.com\/noticias\/ca\/depresion-en-personas-mayores-la-importancia-de-un-entorno-calido\/#primaryimage"},"thumbnailUrl":"https:\/\/lavostrallar.com\/noticias\/wp-content\/uploads\/2024\/07\/Auxiliar_resident_Rambla.jpg","datePublished":"2024-07-19T11:17:05+00:00","dateModified":"2024-07-19T11:17:06+00:00","description":"La depresi\u00f3n en ancianos es un problema de salud mental significativo que afecta a una gran parte de la poblaci\u00f3n de la tercera edad.","breadcrumb":{"@id":"https:\/\/lavostrallar.com\/noticias\/ca\/depresion-en-personas-mayores-la-importancia-de-un-entorno-calido\/#breadcrumb"},"inLanguage":"ca","potentialAction":[{"@type":"ReadAction","target":["https:\/\/lavostrallar.com\/noticias\/ca\/depresion-en-personas-mayores-la-importancia-de-un-entorno-calido\/"]}]},{"@type":"ImageObject","inLanguage":"ca","@id":"https:\/\/lavostrallar.com\/noticias\/ca\/depresion-en-personas-mayores-la-importancia-de-un-entorno-calido\/#primaryimage","url":"https:\/\/lavostrallar.com\/noticias\/wp-content\/uploads\/2024\/07\/Auxiliar_resident_Rambla.jpg","contentUrl":"https:\/\/lavostrallar.com\/noticias\/wp-content\/uploads\/2024\/07\/Auxiliar_resident_Rambla.jpg","width":1600,"height":1200},{"@type":"BreadcrumbList","@id":"https:\/\/lavostrallar.com\/noticias\/ca\/depresion-en-personas-mayores-la-importancia-de-un-entorno-calido\/#breadcrumb","itemListElement":[{"@type":"ListItem","position":1,"name":"Portada","item":"https:\/\/lavostrallar.com\/noticias\/"},{"@type":"ListItem","position":2,"name":"Depresi\u00f3n en personas mayores: la importancia de un entorno c\u00e1lido"}]},{"@type":"WebSite","@id":"https:\/\/lavostrallar.com\/noticias\/#website","url":"https:\/\/lavostrallar.com\/noticias\/","name":"La Vostra Llar","description":"La Vostra Llar gestiona resid\u00e8ncies geri\u00e0triques des de 1987 amb la missi\u00f3 d\u2019oferir assist\u00e8ncia personalitzada per estimular, acollir i atendre les persones grans amb qualsevol grau de depend\u00e8ncia.","publisher":{"@id":"https:\/\/lavostrallar.com\/noticias\/#organization"},"potentialAction":[{"@type":"SearchAction","target":{"@type":"EntryPoint","urlTemplate":"https:\/\/lavostrallar.com\/noticias\/?s={search_term_string}"},"query-input":{"@type":"PropertyValueSpecification","valueRequired":true,"valueName":"search_term_string"}}],"inLanguage":"ca"},{"@type":"Organization","@id":"https:\/\/lavostrallar.com\/noticias\/#organization","name":"La Vostra Llar","url":"https:\/\/lavostrallar.com\/noticias\/","logo":{"@type":"ImageObject","inLanguage":"ca","@id":"https:\/\/lavostrallar.com\/noticias\/#\/schema\/logo\/image\/","url":"https:\/\/lavostrallar.com\/noticias\/wp-content\/uploads\/2021\/12\/logo_lavostrallar.png","contentUrl":"https:\/\/lavostrallar.com\/noticias\/wp-content\/uploads\/2021\/12\/logo_lavostrallar.png","width":217,"height":109,"caption":"La Vostra Llar"},"image":{"@id":"https:\/\/lavostrallar.com\/noticias\/#\/schema\/logo\/image\/"},"sameAs":["https:\/\/www.facebook.com\/lavostra.llar","https:\/\/x.com\/lavostrallar","https:\/\/www.instagram.com\/lavostrallar\/"]},{"@type":"Person","@id":"https:\/\/lavostrallar.com\/noticias\/#\/schema\/person\/321f189af5ebbd679ae095028db43fdd","name":"lavostrallar Comunicacio","image":{"@type":"ImageObject","inLanguage":"ca","@id":"https:\/\/lavostrallar.com\/noticias\/#\/schema\/person\/image\/","url":"https:\/\/secure.gravatar.com\/avatar\/69a4b73b52c8eedccce42e542861709a5afc2b40e0a43d691da018458db2d41b?s=96&d=mm&r=g","contentUrl":"https:\/\/secure.gravatar.com\/avatar\/69a4b73b52c8eedccce42e542861709a5afc2b40e0a43d691da018458db2d41b?s=96&d=mm&r=g","caption":"lavostrallar Comunicacio"},"url":"https:\/\/lavostrallar.com\/noticias\/ca\/author\/lavostrallar-comunicacio\/"}]}},"_links":{"self":[{"href":"https:\/\/lavostrallar.com\/noticias\/ca\/wp-json\/wp\/v2\/posts\/33199","targetHints":{"allow":["GET"]}}],"collection":[{"href":"https:\/\/lavostrallar.com\/noticias\/ca\/wp-json\/wp\/v2\/posts"}],"about":[{"href":"https:\/\/lavostrallar.com\/noticias\/ca\/wp-json\/wp\/v2\/types\/post"}],"author":[{"embeddable":true,"href":"https:\/\/lavostrallar.com\/noticias\/ca\/wp-json\/wp\/v2\/users\/12"}],"replies":[{"embeddable":true,"href":"https:\/\/lavostrallar.com\/noticias\/ca\/wp-json\/wp\/v2\/comments?post=33199"}],"version-history":[{"count":2,"href":"https:\/\/lavostrallar.com\/noticias\/ca\/wp-json\/wp\/v2\/posts\/33199\/revisions"}],"predecessor-version":[{"id":33201,"href":"https:\/\/lavostrallar.com\/noticias\/ca\/wp-json\/wp\/v2\/posts\/33199\/revisions\/33201"}],"wp:featuredmedia":[{"embeddable":true,"href":"https:\/\/lavostrallar.com\/noticias\/ca\/wp-json\/wp\/v2\/media\/33202"}],"wp:attachment":[{"href":"https:\/\/lavostrallar.com\/noticias\/ca\/wp-json\/wp\/v2\/media?parent=33199"}],"wp:term":[{"taxonomy":"category","embeddable":true,"href":"https:\/\/lavostrallar.com\/noticias\/ca\/wp-json\/wp\/v2\/categories?post=33199"},{"taxonomy":"post_tag","embeddable":true,"href":"https:\/\/lavostrallar.com\/noticias\/ca\/wp-json\/wp\/v2\/tags?post=33199"}],"curies":[{"name":"wp","href":"https:\/\/api.w.org\/{rel}","templated":true}]}}