	{"id":33303,"date":"2024-08-13T12:12:27","date_gmt":"2024-08-13T11:12:27","guid":{"rendered":"https:\/\/lavostrallar.com\/noticias\/?p=33303"},"modified":"2024-08-14T08:57:27","modified_gmt":"2024-08-14T07:57:27","slug":"envejecimiento-digno-desafios-y-derechos-en-la-tercera-edad","status":"publish","type":"post","link":"https:\/\/lavostrallar.com\/noticias\/ca\/envejecimiento-digno-desafios-y-derechos-en-la-tercera-edad\/","title":{"rendered":"Envelliment digne: desafiaments i drets a la tercera edat"},"content":{"rendered":"<p>L'envelliment \u00e9s una etapa inevitable de la vida que, en moltes cultures, s'associa amb saviesa, respecte i sentit profund de valor. Tot i aix\u00f2, en la realitat moderna, l'envelliment sovint s'enfronta a nombrosos desafiaments que poden comprometre la dignitat de la gent gran. En un m\u00f3n que envelleix r\u00e0pidament, \u00e9s essencial abordar els drets de la gent gran i garantir que tothom pugui envellir amb dignitat. Aquest article explora els principals desafiaments que enfronten les persones grans i els drets fonamentals que han de ser protegits per assegurar un envelliment digne.<\/p>\n\n\n\n<p>Per a poder explorar amb m\u00e9s profunditat les idees essencials sobre el tema \u00e9s important aclarir el concepte envelliment digne. <strong>Es refereix a la capacitat de les persones grans per a viure els seus \u00faltims anys amb respecte, autonomia i seguretat, gaudint d'una qualitat de vida adequada. <\/strong>Aix\u00f2 implica no sols la satisfacci\u00f3 de necessitats b\u00e0siques com la salut i l'alimentaci\u00f3. Sin\u00f3 tamb\u00e9 l'acc\u00e9s a drets fonamentals com la participaci\u00f3 en la societat, la independ\u00e8ncia i la protecci\u00f3 contra qualsevol forma d'ab\u00fas o discriminaci\u00f3.<\/p>\n\n\n\n<h4 class=\"wp-block-heading\"><strong>Desafiaments a la tercera edat<\/strong><\/h4>\n\n\n\n<p>Tot i els aven\u00e7os en la medicina i la qualitat de vida, les persones grans enfronten desafiaments significatius que poden soscavar la seva dignitat.<\/p>\n\n\n\n<ul class=\"wp-block-list\">\n<li><strong>Acc\u00e9s inadequat a l'atenci\u00f3 m\u00e8dica:<\/strong> un dels desafiaments m\u00e9s cr\u00edtics \u00e9s l'acc\u00e9s limitat a serveis de salut de qualitat. Moltes persones grans pateixen malalties cr\u00f2niques que requereixen atenci\u00f3 cont\u00ednua. Per\u00f2 sovint enfronten barreres econ\u00f2miques, geogr\u00e0fiques o socials que dificulten l'acc\u00e9s a l'atenci\u00f3 m\u00e8dica. A m\u00e9s, l'envelliment de la poblaci\u00f3 exerceix una pressi\u00f3 creixent sobre els sistemes de salut, que a vegades manquen de recursos suficients per a atendre adequadament aquesta poblaci\u00f3 vulnerable.<\/li>\n\n\n\n<li><strong>Discriminaci\u00f3 per edat (Ageism):<\/strong> la discriminaci\u00f3 per edat \u00e9s un problema generalitzat que afecta la dignitat de les persones grans. En moltes societats, existeix una tend\u00e8ncia a subestimar les capacitats de la gent gran, tractant-los com a ciutadans de segona classe. Aquesta discriminaci\u00f3 pot manifestar-se a la feina, a l'atenci\u00f3 m\u00e8dica, i fins i tot en el tracte quotidi\u00e0, limitant les oportunitats de les persones grans per a viure plenament i participar en la societat.<\/li>\n\n\n\n<li><strong>Soledad i a\u00efllament social: <\/strong>la solitud i l'a\u00efllament social s\u00f3n desafiaments significatius que afecten la salut mental i emocional de les persones grans. Amb la partida dels fills, la p\u00e8rdua d'amics i la disminuci\u00f3 de la mobilitat, moltes persones grans es troben soles i desconnectades de la comunitat. Aquest a\u00efllament no sols deteriora la qualitat de vida, sin\u00f3 que tamb\u00e9 pot portar a problemes de salut com la depressi\u00f3 i l'ansietat.<\/li>\n\n\n\n<li><strong>Ab\u00fas i neglig\u00e8ncia: <\/strong>l'ab\u00fas i la neglig\u00e8ncia cap a les persones grans \u00e9s una realitat alarmant. Aquest ab\u00fas pot ser f\u00edsic, emocional, financer o fins i tot sexual. A m\u00e9s, sovint \u00e9s perpetrat per persones en els qui les persones grans confien, com a cuidadors o familiars. La neglig\u00e8ncia, d'altra banda, implica la falta d'atenci\u00f3 adequada a les necessitats b\u00e0siques de les persones grans, la qual cosa pot portar a una deterioraci\u00f3 significativa en la seva salut i benestar.<\/li>\n<\/ul>\n\n\n\n<h4 class=\"wp-block-heading\"><strong>Drets fonamentals per a un envelliment digne<\/strong><\/h4>\n\n\n\n<p>Per garantir un envelliment digne, \u00e9s essencial protegir i promoure els drets fonamentals de la gent gran.<\/p>\n\n\n\n<ul class=\"wp-block-list\">\n<li><strong>Dret a la salut:<\/strong> totes les persones grans tenen dret a accedir a serveis de salut de qualitat, que siguin accessibles, assequibles i adaptats a les seves necessitats. Aix\u00f2 inclou no sols el tractament de malalties, sin\u00f3 tamb\u00e9 la promoci\u00f3 d'un envelliment saludable a trav\u00e9s de la prevenci\u00f3, l'educaci\u00f3 i el suport psicol\u00f2gic.<\/li>\n\n\n\n<li><strong>Dret a l'autonomia i independ\u00e8ncia:<\/strong> les persones grans tenen dret a prendre decisions sobre la seva vida, inclosa l'elecci\u00f3 d'on i com viure. Aix\u00f2 implica garantir que tinguin acc\u00e9s a opcions d'habitatge que els permetin mantenir la seva independ\u00e8ncia tant de temps com sigui possible, amb el suport necessari quan el requereixin.<\/li>\n\n\n\n<li><strong>Dret a la participaci\u00f3 social:<\/strong> el dret a participar plenament en la vida social, econ\u00f2mica i cultural de la comunitat \u00e9s essencial per a la dignitat de les persones grans. Aix\u00f2 inclou oportunitats per a l'ocupaci\u00f3, el voluntariat, l'educaci\u00f3 cont\u00ednua i la participaci\u00f3 en activitats comunit\u00e0ries, sense discriminaci\u00f3 per ra\u00f3 d'edat.<\/li>\n\n\n\n<li><strong>Dret a la protecci\u00f3 contra l'ab\u00fas i la discriminaci\u00f3:<\/strong> \u00c9s fonamental protegir les persones grans de qualsevol forma d'ab\u00fas, de neglig\u00e8ncia o de discriminaci\u00f3. Aix\u00f2 requereix no nom\u00e9s lleis i pol\u00edtiques robustes, sin\u00f3 tamb\u00e9 la sensibilitzaci\u00f3 de la societat per recon\u00e8ixer i denunciar aquests abusos. A m\u00e9s, cal establir sistemes de suport i recursos per a les v\u00edctimes d'ab\u00fas, garantint-ne la seguretat i el benestar.<\/li>\n<\/ul>\n\n\n\n<h4 class=\"wp-block-heading\"><strong>El paper de la societat i l'estat<\/strong><\/h4>\n\n\n\n<p>Garantir un envelliment digne \u00e9s una responsabilitat compartida entre la societat i lEstat. Cal que els governs desenvolupin pol\u00edtiques p\u00fabliques que protegeixin els drets de la gent gran i els proporcionin els recursos necessaris per viure amb dignitat. Aix\u00f2 inclou la inversi\u00f3 en serveis de salut, la promoci\u00f3 d\u201fhabitatges accessibles, la lluita contra la discriminaci\u00f3 per edat i la creaci\u00f3 de programes que fomentin la participaci\u00f3 social.<\/p>\n\n\n\n<p>D'altra banda, la societat en general ha d'adoptar una actitud de respecte i valoritzaci\u00f3 envers les persones grans, reconeixent-ne les contribucions i les experi\u00e8ncies. La fam\u00edlia, com a nucli de suport, juga un paper crucial en la cura i la protecci\u00f3 dels seus membres grans.<\/p>\n\n\n\n<p>L'envelliment digne \u00e9s un dret hum\u00e0 fonamental que ha de ser protegit i promogut a totes les societats. A mesura que el m\u00f3n enfronta el desafiament de l'envelliment poblacional, \u00e9s crucial que ens esforcem per garantir que totes les persones grans puguin envellir amb dignitat, respecte i ple acc\u00e9s als drets. En abordar els desafiaments de l'envelliment amb pol\u00edtiques inclusives i una actitud social positiva, podem construir un futur on totes les persones, independentment de la seva edat, puguin viure les seves vides al m\u00e0xim, amb la dignitat i el respecte que mereixen.<\/p>\n\n\n\n<h4 class=\"wp-block-heading has-text-align-center\">Llegeix sobre: <a href=\"https:\/\/lavostrallar.com\/noticias\/ca\/beneficios-de-los-animales-de-compania-para-las-personas-mayores\/\"><em><strong>Beneficis dels animals de companyia per a les persones grans<\/strong><\/em><\/a><\/h4>","protected":false},"excerpt":{"rendered":"<p>El envejecimiento es una etapa inevitable de la vida que, en muchas culturas, se asocia con sabidur\u00eda, respeto y un profundo sentido de valor. Sin embargo, en la realidad moderna, el envejecimiento a menudo se enfrenta a numerosos desaf\u00edos que pueden comprometer la dignidad de las personas mayores. En un mundo que envejece r\u00e1pidamente, es [&hellip;]<\/p>","protected":false},"author":15,"featured_media":33304,"comment_status":"closed","ping_status":"closed","sticky":false,"template":"","format":"standard","meta":{"content-type":"","footnotes":""},"categories":[11,47,256,18,245,12,13,14,15,27,16,19],"tags":[7,9,20],"class_list":["post-33303","post","type-post","status-publish","format-standard","has-post-thumbnail","hentry","category-noticias-blanes","category-noticias-clot","category-noticias-esplugues","category-noticias-gracia","category-noticias-la-marina","category-noticias-la-rambla","category-noticias-les-dalies","category-noticias-les-oliveres","category-noticias-mataro","category-noticias-guell","category-noticias-reig","category-noticias-terrassa","tag-compromiso-social","tag-residencias-de-ancianos","tag-salud-y-envejecimiento-activo"],"yoast_head":"<!-- This site is optimized with the Yoast SEO plugin v26.0 - https:\/\/yoast.com\/wordpress\/plugins\/seo\/ -->\n<title>Envejecimiento digno: desaf\u00edos y derechos en la tercera edad - Noticias La Vostra Llar<\/title>\n<meta name=\"description\" content=\"El envejecimiento digno es la capacidad de las personas mayores para vivir con respeto y seguridad, disfrutando de una calidad de vida.\" \/>\n<meta name=\"robots\" content=\"index, follow, max-snippet:-1, max-image-preview:large, max-video-preview:-1\" \/>\n<link rel=\"canonical\" href=\"https:\/\/lavostrallar.com\/noticias\/ca\/envejecimiento-digno-desafios-y-derechos-en-la-tercera-edad\/\" \/>\n<meta property=\"og:locale\" content=\"ca_ES\" \/>\n<meta property=\"og:type\" content=\"article\" \/>\n<meta property=\"og:title\" content=\"Envejecimiento digno: desaf\u00edos y derechos en la tercera edad - Noticias La Vostra Llar\" \/>\n<meta property=\"og:description\" content=\"El envejecimiento digno es la capacidad de las personas mayores para vivir con respeto y seguridad, disfrutando de una calidad de vida.\" \/>\n<meta property=\"og:url\" content=\"https:\/\/lavostrallar.com\/noticias\/ca\/envejecimiento-digno-desafios-y-derechos-en-la-tercera-edad\/\" \/>\n<meta property=\"og:site_name\" content=\"Noticias La Vostra Llar\" \/>\n<meta property=\"article:publisher\" content=\"https:\/\/www.facebook.com\/lavostra.llar\" \/>\n<meta property=\"article:published_time\" content=\"2024-08-13T11:12:27+00:00\" \/>\n<meta property=\"article:modified_time\" content=\"2024-08-14T07:57:27+00:00\" \/>\n<meta property=\"og:image\" content=\"https:\/\/lavostrallar.com\/noticias\/wp-content\/uploads\/2024\/08\/foto-article.jpg\" \/>\n\t<meta property=\"og:image:width\" content=\"1255\" \/>\n\t<meta property=\"og:image:height\" content=\"775\" \/>\n\t<meta property=\"og:image:type\" content=\"image\/jpeg\" \/>\n<meta name=\"author\" content=\"clot\" \/>\n<meta name=\"twitter:card\" content=\"summary_large_image\" \/>\n<meta name=\"twitter:creator\" content=\"@lavostrallar\" \/>\n<meta name=\"twitter:site\" content=\"@lavostrallar\" \/>\n<meta name=\"twitter:label1\" content=\"Escrit per\" \/>\n\t<meta name=\"twitter:data1\" content=\"clot\" \/>\n\t<meta name=\"twitter:label2\" content=\"Temps estimat de lectura\" \/>\n\t<meta name=\"twitter:data2\" content=\"5 minuts\" \/>\n<script type=\"application\/ld+json\" class=\"yoast-schema-graph\">{\"@context\":\"https:\/\/schema.org\",\"@graph\":[{\"@type\":\"Article\",\"@id\":\"https:\/\/lavostrallar.com\/noticias\/envejecimiento-digno-desafios-y-derechos-en-la-tercera-edad\/#article\",\"isPartOf\":{\"@id\":\"https:\/\/lavostrallar.com\/noticias\/envejecimiento-digno-desafios-y-derechos-en-la-tercera-edad\/\"},\"author\":{\"name\":\"clot\",\"@id\":\"https:\/\/lavostrallar.com\/noticias\/#\/schema\/person\/2511dfae685f7be889a50167b3d88a38\"},\"headline\":\"Envejecimiento digno: desaf\u00edos y derechos en la tercera edad\",\"datePublished\":\"2024-08-13T11:12:27+00:00\",\"dateModified\":\"2024-08-14T07:57:27+00:00\",\"mainEntityOfPage\":{\"@id\":\"https:\/\/lavostrallar.com\/noticias\/envejecimiento-digno-desafios-y-derechos-en-la-tercera-edad\/\"},\"wordCount\":1080,\"publisher\":{\"@id\":\"https:\/\/lavostrallar.com\/noticias\/#organization\"},\"image\":{\"@id\":\"https:\/\/lavostrallar.com\/noticias\/envejecimiento-digno-desafios-y-derechos-en-la-tercera-edad\/#primaryimage\"},\"thumbnailUrl\":\"https:\/\/lavostrallar.com\/noticias\/wp-content\/uploads\/2024\/08\/foto-article.jpg\",\"keywords\":[\"Compromiso social\",\"Residencias de ancianos\",\"Salud y envejecimiento activo\"],\"articleSection\":[\"Noticias Blanes\",\"Noticias Clot\",\"Noticias Esplugues\",\"Noticias Gr\u00e0cia\",\"Noticias La Marina\",\"Noticias La Rambla\",\"Noticias Les D\u00e0lies\",\"Noticias Les Oliveres\",\"Noticias Matar\u00f3\",\"Noticias Parc G\u00fcell\",\"Noticias Reig\",\"Noticias Terrassa\"],\"inLanguage\":\"ca\"},{\"@type\":\"WebPage\",\"@id\":\"https:\/\/lavostrallar.com\/noticias\/envejecimiento-digno-desafios-y-derechos-en-la-tercera-edad\/\",\"url\":\"https:\/\/lavostrallar.com\/noticias\/envejecimiento-digno-desafios-y-derechos-en-la-tercera-edad\/\",\"name\":\"Envejecimiento digno: desaf\u00edos y derechos en la tercera edad - Noticias La Vostra Llar\",\"isPartOf\":{\"@id\":\"https:\/\/lavostrallar.com\/noticias\/#website\"},\"primaryImageOfPage\":{\"@id\":\"https:\/\/lavostrallar.com\/noticias\/envejecimiento-digno-desafios-y-derechos-en-la-tercera-edad\/#primaryimage\"},\"image\":{\"@id\":\"https:\/\/lavostrallar.com\/noticias\/envejecimiento-digno-desafios-y-derechos-en-la-tercera-edad\/#primaryimage\"},\"thumbnailUrl\":\"https:\/\/lavostrallar.com\/noticias\/wp-content\/uploads\/2024\/08\/foto-article.jpg\",\"datePublished\":\"2024-08-13T11:12:27+00:00\",\"dateModified\":\"2024-08-14T07:57:27+00:00\",\"description\":\"El envejecimiento digno es la capacidad de las personas mayores para vivir con respeto y seguridad, disfrutando de una calidad de vida.\",\"breadcrumb\":{\"@id\":\"https:\/\/lavostrallar.com\/noticias\/envejecimiento-digno-desafios-y-derechos-en-la-tercera-edad\/#breadcrumb\"},\"inLanguage\":\"ca\",\"potentialAction\":[{\"@type\":\"ReadAction\",\"target\":[\"https:\/\/lavostrallar.com\/noticias\/envejecimiento-digno-desafios-y-derechos-en-la-tercera-edad\/\"]}]},{\"@type\":\"ImageObject\",\"inLanguage\":\"ca\",\"@id\":\"https:\/\/lavostrallar.com\/noticias\/envejecimiento-digno-desafios-y-derechos-en-la-tercera-edad\/#primaryimage\",\"url\":\"https:\/\/lavostrallar.com\/noticias\/wp-content\/uploads\/2024\/08\/foto-article.jpg\",\"contentUrl\":\"https:\/\/lavostrallar.com\/noticias\/wp-content\/uploads\/2024\/08\/foto-article.jpg\",\"width\":1255,\"height\":775},{\"@type\":\"BreadcrumbList\",\"@id\":\"https:\/\/lavostrallar.com\/noticias\/envejecimiento-digno-desafios-y-derechos-en-la-tercera-edad\/#breadcrumb\",\"itemListElement\":[{\"@type\":\"ListItem\",\"position\":1,\"name\":\"Portada\",\"item\":\"https:\/\/lavostrallar.com\/noticias\/\"},{\"@type\":\"ListItem\",\"position\":2,\"name\":\"Envejecimiento digno: desaf\u00edos y derechos en la tercera edad\"}]},{\"@type\":\"WebSite\",\"@id\":\"https:\/\/lavostrallar.com\/noticias\/#website\",\"url\":\"https:\/\/lavostrallar.com\/noticias\/\",\"name\":\"La Vostra Llar\",\"description\":\"La Vostra Llar gestiona resid\u00e8ncies geri\u00e0triques des de 1987 amb la missi\u00f3 d\u2019oferir assist\u00e8ncia personalitzada per estimular, acollir i atendre les persones grans amb qualsevol grau de depend\u00e8ncia.\",\"publisher\":{\"@id\":\"https:\/\/lavostrallar.com\/noticias\/#organization\"},\"potentialAction\":[{\"@type\":\"SearchAction\",\"target\":{\"@type\":\"EntryPoint\",\"urlTemplate\":\"https:\/\/lavostrallar.com\/noticias\/?s={search_term_string}\"},\"query-input\":{\"@type\":\"PropertyValueSpecification\",\"valueRequired\":true,\"valueName\":\"search_term_string\"}}],\"inLanguage\":\"ca\"},{\"@type\":\"Organization\",\"@id\":\"https:\/\/lavostrallar.com\/noticias\/#organization\",\"name\":\"La Vostra Llar\",\"url\":\"https:\/\/lavostrallar.com\/noticias\/\",\"logo\":{\"@type\":\"ImageObject\",\"inLanguage\":\"ca\",\"@id\":\"https:\/\/lavostrallar.com\/noticias\/#\/schema\/logo\/image\/\",\"url\":\"https:\/\/lavostrallar.com\/noticias\/wp-content\/uploads\/2021\/12\/logo_lavostrallar.png\",\"contentUrl\":\"https:\/\/lavostrallar.com\/noticias\/wp-content\/uploads\/2021\/12\/logo_lavostrallar.png\",\"width\":217,\"height\":109,\"caption\":\"La Vostra Llar\"},\"image\":{\"@id\":\"https:\/\/lavostrallar.com\/noticias\/#\/schema\/logo\/image\/\"},\"sameAs\":[\"https:\/\/www.facebook.com\/lavostra.llar\",\"https:\/\/x.com\/lavostrallar\",\"https:\/\/www.instagram.com\/lavostrallar\/\"]},{\"@type\":\"Person\",\"@id\":\"https:\/\/lavostrallar.com\/noticias\/#\/schema\/person\/2511dfae685f7be889a50167b3d88a38\",\"name\":\"clot\",\"image\":{\"@type\":\"ImageObject\",\"inLanguage\":\"ca\",\"@id\":\"https:\/\/lavostrallar.com\/noticias\/#\/schema\/person\/image\/\",\"url\":\"https:\/\/secure.gravatar.com\/avatar\/3c1df0739940f5c4c6ddbf0cbaa0c04d540ea3f04119bc2b24c94557acb1067c?s=96&d=mm&r=g\",\"contentUrl\":\"https:\/\/secure.gravatar.com\/avatar\/3c1df0739940f5c4c6ddbf0cbaa0c04d540ea3f04119bc2b24c94557acb1067c?s=96&d=mm&r=g\",\"caption\":\"clot\"},\"url\":\"https:\/\/lavostrallar.com\/noticias\/ca\/author\/lavostrallar-clot\/\"}]}<\/script>\n<!-- \/ Yoast SEO plugin. -->","yoast_head_json":{"title":"Envelliment digne: desafiaments i drets a la tercera edat - Not\u00edcies La Vostra Llar","description":"El envejecimiento digno es la capacidad de las personas mayores para vivir con respeto y seguridad, disfrutando de una calidad de vida.","robots":{"index":"index","follow":"follow","max-snippet":"max-snippet:-1","max-image-preview":"max-image-preview:large","max-video-preview":"max-video-preview:-1"},"canonical":"https:\/\/lavostrallar.com\/noticias\/ca\/envejecimiento-digno-desafios-y-derechos-en-la-tercera-edad\/","og_locale":"ca_ES","og_type":"article","og_title":"Envejecimiento digno: desaf\u00edos y derechos en la tercera edad - Noticias La Vostra Llar","og_description":"El envejecimiento digno es la capacidad de las personas mayores para vivir con respeto y seguridad, disfrutando de una calidad de vida.","og_url":"https:\/\/lavostrallar.com\/noticias\/ca\/envejecimiento-digno-desafios-y-derechos-en-la-tercera-edad\/","og_site_name":"Noticias La Vostra Llar","article_publisher":"https:\/\/www.facebook.com\/lavostra.llar","article_published_time":"2024-08-13T11:12:27+00:00","article_modified_time":"2024-08-14T07:57:27+00:00","og_image":[{"width":1255,"height":775,"url":"https:\/\/lavostrallar.com\/noticias\/wp-content\/uploads\/2024\/08\/foto-article.jpg","type":"image\/jpeg"}],"author":"clot","twitter_card":"summary_large_image","twitter_creator":"@lavostrallar","twitter_site":"@lavostrallar","twitter_misc":{"Escrit per":"clot","Temps estimat de lectura":"5 minuts"},"schema":{"@context":"https:\/\/schema.org","@graph":[{"@type":"Article","@id":"https:\/\/lavostrallar.com\/noticias\/envejecimiento-digno-desafios-y-derechos-en-la-tercera-edad\/#article","isPartOf":{"@id":"https:\/\/lavostrallar.com\/noticias\/envejecimiento-digno-desafios-y-derechos-en-la-tercera-edad\/"},"author":{"name":"clot","@id":"https:\/\/lavostrallar.com\/noticias\/#\/schema\/person\/2511dfae685f7be889a50167b3d88a38"},"headline":"Envejecimiento digno: desaf\u00edos y derechos en la tercera edad","datePublished":"2024-08-13T11:12:27+00:00","dateModified":"2024-08-14T07:57:27+00:00","mainEntityOfPage":{"@id":"https:\/\/lavostrallar.com\/noticias\/envejecimiento-digno-desafios-y-derechos-en-la-tercera-edad\/"},"wordCount":1080,"publisher":{"@id":"https:\/\/lavostrallar.com\/noticias\/#organization"},"image":{"@id":"https:\/\/lavostrallar.com\/noticias\/envejecimiento-digno-desafios-y-derechos-en-la-tercera-edad\/#primaryimage"},"thumbnailUrl":"https:\/\/lavostrallar.com\/noticias\/wp-content\/uploads\/2024\/08\/foto-article.jpg","keywords":["Compromiso social","Residencias de ancianos","Salud y envejecimiento activo"],"articleSection":["Noticias Blanes","Noticias Clot","Noticias Esplugues","Noticias Gr\u00e0cia","Noticias La Marina","Noticias La Rambla","Noticias Les D\u00e0lies","Noticias Les Oliveres","Noticias Matar\u00f3","Noticias Parc G\u00fcell","Noticias Reig","Noticias Terrassa"],"inLanguage":"ca"},{"@type":"WebPage","@id":"https:\/\/lavostrallar.com\/noticias\/envejecimiento-digno-desafios-y-derechos-en-la-tercera-edad\/","url":"https:\/\/lavostrallar.com\/noticias\/envejecimiento-digno-desafios-y-derechos-en-la-tercera-edad\/","name":"Envelliment digne: desafiaments i drets a la tercera edat - Not\u00edcies La Vostra Llar","isPartOf":{"@id":"https:\/\/lavostrallar.com\/noticias\/#website"},"primaryImageOfPage":{"@id":"https:\/\/lavostrallar.com\/noticias\/envejecimiento-digno-desafios-y-derechos-en-la-tercera-edad\/#primaryimage"},"image":{"@id":"https:\/\/lavostrallar.com\/noticias\/envejecimiento-digno-desafios-y-derechos-en-la-tercera-edad\/#primaryimage"},"thumbnailUrl":"https:\/\/lavostrallar.com\/noticias\/wp-content\/uploads\/2024\/08\/foto-article.jpg","datePublished":"2024-08-13T11:12:27+00:00","dateModified":"2024-08-14T07:57:27+00:00","description":"El envejecimiento digno es la capacidad de las personas mayores para vivir con respeto y seguridad, disfrutando de una calidad de vida.","breadcrumb":{"@id":"https:\/\/lavostrallar.com\/noticias\/envejecimiento-digno-desafios-y-derechos-en-la-tercera-edad\/#breadcrumb"},"inLanguage":"ca","potentialAction":[{"@type":"ReadAction","target":["https:\/\/lavostrallar.com\/noticias\/envejecimiento-digno-desafios-y-derechos-en-la-tercera-edad\/"]}]},{"@type":"ImageObject","inLanguage":"ca","@id":"https:\/\/lavostrallar.com\/noticias\/envejecimiento-digno-desafios-y-derechos-en-la-tercera-edad\/#primaryimage","url":"https:\/\/lavostrallar.com\/noticias\/wp-content\/uploads\/2024\/08\/foto-article.jpg","contentUrl":"https:\/\/lavostrallar.com\/noticias\/wp-content\/uploads\/2024\/08\/foto-article.jpg","width":1255,"height":775},{"@type":"BreadcrumbList","@id":"https:\/\/lavostrallar.com\/noticias\/envejecimiento-digno-desafios-y-derechos-en-la-tercera-edad\/#breadcrumb","itemListElement":[{"@type":"ListItem","position":1,"name":"Portada","item":"https:\/\/lavostrallar.com\/noticias\/"},{"@type":"ListItem","position":2,"name":"Envejecimiento digno: desaf\u00edos y derechos en la tercera edad"}]},{"@type":"WebSite","@id":"https:\/\/lavostrallar.com\/noticias\/#website","url":"https:\/\/lavostrallar.com\/noticias\/","name":"La Vostra Llar","description":"La Vostra Llar gestiona resid\u00e8ncies geri\u00e0triques des de 1987 amb la missi\u00f3 d\u2019oferir assist\u00e8ncia personalitzada per estimular, acollir i atendre les persones grans amb qualsevol grau de depend\u00e8ncia.","publisher":{"@id":"https:\/\/lavostrallar.com\/noticias\/#organization"},"potentialAction":[{"@type":"SearchAction","target":{"@type":"EntryPoint","urlTemplate":"https:\/\/lavostrallar.com\/noticias\/?s={search_term_string}"},"query-input":{"@type":"PropertyValueSpecification","valueRequired":true,"valueName":"search_term_string"}}],"inLanguage":"ca"},{"@type":"Organization","@id":"https:\/\/lavostrallar.com\/noticias\/#organization","name":"La Vostra Llar","url":"https:\/\/lavostrallar.com\/noticias\/","logo":{"@type":"ImageObject","inLanguage":"ca","@id":"https:\/\/lavostrallar.com\/noticias\/#\/schema\/logo\/image\/","url":"https:\/\/lavostrallar.com\/noticias\/wp-content\/uploads\/2021\/12\/logo_lavostrallar.png","contentUrl":"https:\/\/lavostrallar.com\/noticias\/wp-content\/uploads\/2021\/12\/logo_lavostrallar.png","width":217,"height":109,"caption":"La Vostra Llar"},"image":{"@id":"https:\/\/lavostrallar.com\/noticias\/#\/schema\/logo\/image\/"},"sameAs":["https:\/\/www.facebook.com\/lavostra.llar","https:\/\/x.com\/lavostrallar","https:\/\/www.instagram.com\/lavostrallar\/"]},{"@type":"Person","@id":"https:\/\/lavostrallar.com\/noticias\/#\/schema\/person\/2511dfae685f7be889a50167b3d88a38","name":"clot","image":{"@type":"ImageObject","inLanguage":"ca","@id":"https:\/\/lavostrallar.com\/noticias\/#\/schema\/person\/image\/","url":"https:\/\/secure.gravatar.com\/avatar\/3c1df0739940f5c4c6ddbf0cbaa0c04d540ea3f04119bc2b24c94557acb1067c?s=96&d=mm&r=g","contentUrl":"https:\/\/secure.gravatar.com\/avatar\/3c1df0739940f5c4c6ddbf0cbaa0c04d540ea3f04119bc2b24c94557acb1067c?s=96&d=mm&r=g","caption":"clot"},"url":"https:\/\/lavostrallar.com\/noticias\/ca\/author\/lavostrallar-clot\/"}]}},"_links":{"self":[{"href":"https:\/\/lavostrallar.com\/noticias\/ca\/wp-json\/wp\/v2\/posts\/33303","targetHints":{"allow":["GET"]}}],"collection":[{"href":"https:\/\/lavostrallar.com\/noticias\/ca\/wp-json\/wp\/v2\/posts"}],"about":[{"href":"https:\/\/lavostrallar.com\/noticias\/ca\/wp-json\/wp\/v2\/types\/post"}],"author":[{"embeddable":true,"href":"https:\/\/lavostrallar.com\/noticias\/ca\/wp-json\/wp\/v2\/users\/15"}],"replies":[{"embeddable":true,"href":"https:\/\/lavostrallar.com\/noticias\/ca\/wp-json\/wp\/v2\/comments?post=33303"}],"version-history":[{"count":5,"href":"https:\/\/lavostrallar.com\/noticias\/ca\/wp-json\/wp\/v2\/posts\/33303\/revisions"}],"predecessor-version":[{"id":33316,"href":"https:\/\/lavostrallar.com\/noticias\/ca\/wp-json\/wp\/v2\/posts\/33303\/revisions\/33316"}],"wp:featuredmedia":[{"embeddable":true,"href":"https:\/\/lavostrallar.com\/noticias\/ca\/wp-json\/wp\/v2\/media\/33304"}],"wp:attachment":[{"href":"https:\/\/lavostrallar.com\/noticias\/ca\/wp-json\/wp\/v2\/media?parent=33303"}],"wp:term":[{"taxonomy":"category","embeddable":true,"href":"https:\/\/lavostrallar.com\/noticias\/ca\/wp-json\/wp\/v2\/categories?post=33303"},{"taxonomy":"post_tag","embeddable":true,"href":"https:\/\/lavostrallar.com\/noticias\/ca\/wp-json\/wp\/v2\/tags?post=33303"}],"curies":[{"name":"wp","href":"https:\/\/api.w.org\/{rel}","templated":true}]}}