	{"id":33967,"date":"2024-12-10T11:03:16","date_gmt":"2024-12-10T09:03:16","guid":{"rendered":"https:\/\/lavostrallar.com\/noticias\/?p=33967"},"modified":"2024-12-10T11:03:18","modified_gmt":"2024-12-10T09:03:18","slug":"estancias-temporales-en-residencias-de-personas-mayores","status":"publish","type":"post","link":"https:\/\/lavostrallar.com\/noticias\/ca\/estancias-temporales-en-residencias-de-personas-mayores\/","title":{"rendered":"Estades temporals en resid\u00e8ncies de persones grans"},"content":{"rendered":"<p>Les <strong>estades temporals en resid\u00e8ncies per a persones grans<\/strong> s\u00f3n una soluci\u00f3 flexible que ofereix atenci\u00f3 integral durant un temps limitat. Aquestes estades estan dissenyades per a cobrir diverses necessitats, com el descans del cuidador principal, processos de recuperaci\u00f3 despr\u00e9s d'una hospitalitzaci\u00f3 o moments en els quals les fam\u00edlies no poden garantir una atenci\u00f3 continuada.<\/p>\n\n\n\n<p>A <a href=\"https:\/\/lavostrallar.com\/ca\/\">La Vostra Llar<\/a>, comptem amb resid\u00e8ncies i centres de dia on les estades temporals s'adapten a cada situaci\u00f3, oferint serveis personalitzats que asseguren el benestar de la persona gran i la tranquil\u00b7litat dels seus familiars.<\/p>\n\n\n\n<h4 class=\"wp-block-heading\"><strong>Qu\u00e8 s\u00f3n les estades temporals en resid\u00e8ncies?<\/strong><\/h4>\n\n\n\n<p>Les estades temporals permeten que les persones grans gaudeixin dels serveis d'una resid\u00e8ncia per un per\u00edode concret, que pot anar des d'uns dies fins a diversos mesos. Aquestes poden ser:<\/p>\n\n\n\n<ul class=\"wp-block-list\">\n<li><strong>Per necessitat de recuperaci\u00f3:<\/strong> despr\u00e9s d'una intervenci\u00f3 quir\u00fargica o malaltia, les estades temporals s\u00f3n ideals per a facilitar una recuperaci\u00f3 amb atenci\u00f3 especialitzada.<\/li>\n\n\n\n<li><strong>Per descans del cuidador:<\/strong> quan el familiar o cuidador necessita un respir, les resid\u00e8ncies ofereixen un entorn segur i adaptat per a garantir una cura cont\u00ednua.<\/li>\n\n\n\n<li><strong>Per necessitats familiars o vacacionals:<\/strong> les fam\u00edlies poden confiar en aquest servei quan no poden atendre temporalment el seu \u00e9sser estimat.<\/li>\n<\/ul>\n\n\n\n<h4 class=\"wp-block-heading\"><strong>Beneficis de les estades temporals<\/strong><\/h4>\n\n\n\n<ol start=\"1\" class=\"wp-block-list\">\n<li><strong>Atenci\u00f3 professional:<\/strong> durant la seva estada, la persona gran rep una cura integral per part d'equips especialitzats en geriatria i depend\u00e8ncia.<\/li>\n\n\n\n<li><strong>Adaptaci\u00f3 progressiva:<\/strong> \u00e9s una oportunitat per a con\u00e8ixer l'entorn residencial i valorar la seva idone\u00eftat de cara a possibles estades m\u00e9s prolongades.<\/li>\n\n\n\n<li><strong>Socialitzaci\u00f3 i activitats:<\/strong> la participaci\u00f3 en tallers, activitats grupals i din\u00e0miques personalitzades afavoreix el benestar emocional i la interacci\u00f3 social.<\/li>\n\n\n\n<li><strong>Tranquil\u00b7litat familiar:<\/strong> les fam\u00edlies tenen la certesa que el seu \u00e9sser estimat est\u00e0 en un lloc on prima el respecte, l'atenci\u00f3 personalitzada i la qualitat de vida.<\/li>\n<\/ol>\n\n\n\n<h4 class=\"wp-block-heading\"><strong>Per qu\u00e8 escollir La Vostra Llar per a estades temporals?<\/strong><\/h4>\n\n\n\n<p>A les nostres resid\u00e8ncies i centres de dia, les persones grans troben un espai acollidor i segur que s'adapta a les seves necessitats espec\u00edfiques. Oferim:<\/p>\n\n\n\n<ul class=\"wp-block-list\">\n<li><strong>Habitacions confortables i adaptades.<\/strong><\/li>\n\n\n\n<li><strong>Atenci\u00f3 especialitzada en cura i salut.<\/strong><\/li>\n\n\n\n<li><strong>Un ampli ventall d'activitats socioculturals.<\/strong><\/li>\n\n\n\n<li><strong>Flexibilitat en la durada de l'estada.<\/strong><\/li>\n<\/ul>\n\n\n\n<p><\/p>\n\n\n\n<p>Si busques un lloc on la qualitat humana i professional marquin la difer\u00e8ncia, a La Vostra Llar estarem encantats d'oferir-te una atenci\u00f3 personalitzada que s'ajusti al que necessites. <strong>Contacta amb nosaltres<\/strong> per a m\u00e9s informaci\u00f3 sobre les estades temporals. <\/p>","protected":false},"excerpt":{"rendered":"<p>Las estancias temporales en residencias para personas mayores son una soluci\u00f3n flexible que ofrece atenci\u00f3n integral durante un tiempo limitado. Estas estancias est\u00e1n dise\u00f1adas para cubrir diversas necesidades, como el descanso del cuidador principal, procesos de recuperaci\u00f3n tras una hospitalizaci\u00f3n o momentos en los que las familias no pueden garantizar una atenci\u00f3n continuada. En La [&hellip;]<\/p>","protected":false},"author":12,"featured_media":33969,"comment_status":"closed","ping_status":"closed","sticky":false,"template":"","format":"standard","meta":{"content-type":"","footnotes":""},"categories":[11,47,256,18,245,12,13,14,15,27,16,19],"tags":[69,21,367,9,20],"class_list":["post-33967","post","type-post","status-publish","format-standard","has-post-thumbnail","hentry","category-noticias-blanes","category-noticias-clot","category-noticias-esplugues","category-noticias-gracia","category-noticias-la-marina","category-noticias-la-rambla","category-noticias-les-dalies","category-noticias-les-oliveres","category-noticias-mataro","category-noticias-guell","category-noticias-reig","category-noticias-terrassa","tag-actividades-para-mayores","tag-atencion-centrada-en-la-persona","tag-estancia-temporal-reisdencia","tag-residencias-de-ancianos","tag-salud-y-envejecimiento-activo"],"yoast_head":"<!-- This site is optimized with the Yoast SEO plugin v26.0 - https:\/\/yoast.com\/wordpress\/plugins\/seo\/ -->\n<title>Estancias temporales en residencias de personas mayores - Noticias La Vostra Llar<\/title>\n<meta name=\"description\" content=\"Las estancias temporales en residencias para personas mayores son una soluci\u00f3n que ofrece atenci\u00f3n integral durante un tiempo limitado\" \/>\n<meta name=\"robots\" content=\"index, follow, max-snippet:-1, max-image-preview:large, max-video-preview:-1\" \/>\n<link rel=\"canonical\" href=\"https:\/\/lavostrallar.com\/noticias\/ca\/estancias-temporales-en-residencias-de-personas-mayores\/\" \/>\n<meta property=\"og:locale\" content=\"ca_ES\" \/>\n<meta property=\"og:type\" content=\"article\" \/>\n<meta property=\"og:title\" content=\"Estancias temporales en residencias de personas mayores - Noticias La Vostra Llar\" \/>\n<meta property=\"og:description\" content=\"Las estancias temporales en residencias para personas mayores son una soluci\u00f3n que ofrece atenci\u00f3n integral durante un tiempo limitado\" \/>\n<meta property=\"og:url\" content=\"https:\/\/lavostrallar.com\/noticias\/ca\/estancias-temporales-en-residencias-de-personas-mayores\/\" \/>\n<meta property=\"og:site_name\" content=\"Noticias La Vostra Llar\" \/>\n<meta property=\"article:publisher\" content=\"https:\/\/www.facebook.com\/lavostra.llar\" \/>\n<meta property=\"article:published_time\" content=\"2024-12-10T09:03:16+00:00\" \/>\n<meta property=\"article:modified_time\" content=\"2024-12-10T09:03:18+00:00\" \/>\n<meta property=\"og:image\" content=\"https:\/\/lavostrallar.com\/noticias\/wp-content\/uploads\/2024\/12\/DSC09673-1-1-scaled.jpg\" \/>\n\t<meta property=\"og:image:width\" content=\"2048\" \/>\n\t<meta property=\"og:image:height\" content=\"1152\" \/>\n\t<meta property=\"og:image:type\" content=\"image\/jpeg\" \/>\n<meta name=\"author\" content=\"lavostrallar Comunicacio\" \/>\n<meta name=\"twitter:card\" content=\"summary_large_image\" \/>\n<meta name=\"twitter:creator\" content=\"@lavostrallar\" \/>\n<meta name=\"twitter:site\" content=\"@lavostrallar\" \/>\n<meta name=\"twitter:label1\" content=\"Escrit per\" \/>\n\t<meta name=\"twitter:data1\" content=\"lavostrallar Comunicacio\" \/>\n\t<meta name=\"twitter:label2\" content=\"Temps estimat de lectura\" \/>\n\t<meta name=\"twitter:data2\" content=\"2 minuts\" \/>\n<script type=\"application\/ld+json\" class=\"yoast-schema-graph\">{\"@context\":\"https:\/\/schema.org\",\"@graph\":[{\"@type\":\"Article\",\"@id\":\"https:\/\/lavostrallar.com\/noticias\/estancias-temporales-en-residencias-de-personas-mayores\/#article\",\"isPartOf\":{\"@id\":\"https:\/\/lavostrallar.com\/noticias\/estancias-temporales-en-residencias-de-personas-mayores\/\"},\"author\":{\"name\":\"lavostrallar Comunicacio\",\"@id\":\"https:\/\/lavostrallar.com\/noticias\/#\/schema\/person\/321f189af5ebbd679ae095028db43fdd\"},\"headline\":\"Estancias temporales en residencias de personas mayores\",\"datePublished\":\"2024-12-10T09:03:16+00:00\",\"dateModified\":\"2024-12-10T09:03:18+00:00\",\"mainEntityOfPage\":{\"@id\":\"https:\/\/lavostrallar.com\/noticias\/estancias-temporales-en-residencias-de-personas-mayores\/\"},\"wordCount\":426,\"publisher\":{\"@id\":\"https:\/\/lavostrallar.com\/noticias\/#organization\"},\"image\":{\"@id\":\"https:\/\/lavostrallar.com\/noticias\/estancias-temporales-en-residencias-de-personas-mayores\/#primaryimage\"},\"thumbnailUrl\":\"https:\/\/lavostrallar.com\/noticias\/wp-content\/uploads\/2024\/12\/DSC09673-1-1-scaled.jpg\",\"keywords\":[\"Actividades para mayores\",\"Atenci\u00f3n centrada en la persona\",\"Estancia temporal reisdencia\",\"Residencias de ancianos\",\"Salud y envejecimiento activo\"],\"articleSection\":[\"Noticias Blanes\",\"Noticias Clot\",\"Noticias Esplugues\",\"Noticias Gr\u00e0cia\",\"Noticias La Marina\",\"Noticias La Rambla\",\"Noticias Les D\u00e0lies\",\"Noticias Les Oliveres\",\"Noticias Matar\u00f3\",\"Noticias Parc G\u00fcell\",\"Noticias Reig\",\"Noticias Terrassa\"],\"inLanguage\":\"ca\"},{\"@type\":\"WebPage\",\"@id\":\"https:\/\/lavostrallar.com\/noticias\/estancias-temporales-en-residencias-de-personas-mayores\/\",\"url\":\"https:\/\/lavostrallar.com\/noticias\/estancias-temporales-en-residencias-de-personas-mayores\/\",\"name\":\"Estancias temporales en residencias de personas mayores - Noticias La Vostra Llar\",\"isPartOf\":{\"@id\":\"https:\/\/lavostrallar.com\/noticias\/#website\"},\"primaryImageOfPage\":{\"@id\":\"https:\/\/lavostrallar.com\/noticias\/estancias-temporales-en-residencias-de-personas-mayores\/#primaryimage\"},\"image\":{\"@id\":\"https:\/\/lavostrallar.com\/noticias\/estancias-temporales-en-residencias-de-personas-mayores\/#primaryimage\"},\"thumbnailUrl\":\"https:\/\/lavostrallar.com\/noticias\/wp-content\/uploads\/2024\/12\/DSC09673-1-1-scaled.jpg\",\"datePublished\":\"2024-12-10T09:03:16+00:00\",\"dateModified\":\"2024-12-10T09:03:18+00:00\",\"description\":\"Las estancias temporales en residencias para personas mayores son una soluci\u00f3n que ofrece atenci\u00f3n integral durante un tiempo limitado\",\"breadcrumb\":{\"@id\":\"https:\/\/lavostrallar.com\/noticias\/estancias-temporales-en-residencias-de-personas-mayores\/#breadcrumb\"},\"inLanguage\":\"ca\",\"potentialAction\":[{\"@type\":\"ReadAction\",\"target\":[\"https:\/\/lavostrallar.com\/noticias\/estancias-temporales-en-residencias-de-personas-mayores\/\"]}]},{\"@type\":\"ImageObject\",\"inLanguage\":\"ca\",\"@id\":\"https:\/\/lavostrallar.com\/noticias\/estancias-temporales-en-residencias-de-personas-mayores\/#primaryimage\",\"url\":\"https:\/\/lavostrallar.com\/noticias\/wp-content\/uploads\/2024\/12\/DSC09673-1-1-scaled.jpg\",\"contentUrl\":\"https:\/\/lavostrallar.com\/noticias\/wp-content\/uploads\/2024\/12\/DSC09673-1-1-scaled.jpg\",\"width\":2048,\"height\":1152},{\"@type\":\"BreadcrumbList\",\"@id\":\"https:\/\/lavostrallar.com\/noticias\/estancias-temporales-en-residencias-de-personas-mayores\/#breadcrumb\",\"itemListElement\":[{\"@type\":\"ListItem\",\"position\":1,\"name\":\"Portada\",\"item\":\"https:\/\/lavostrallar.com\/noticias\/\"},{\"@type\":\"ListItem\",\"position\":2,\"name\":\"Estancias temporales en residencias de personas mayores\"}]},{\"@type\":\"WebSite\",\"@id\":\"https:\/\/lavostrallar.com\/noticias\/#website\",\"url\":\"https:\/\/lavostrallar.com\/noticias\/\",\"name\":\"La Vostra Llar\",\"description\":\"La Vostra Llar gestiona resid\u00e8ncies geri\u00e0triques des de 1987 amb la missi\u00f3 d\u2019oferir assist\u00e8ncia personalitzada per estimular, acollir i atendre les persones grans amb qualsevol grau de depend\u00e8ncia.\",\"publisher\":{\"@id\":\"https:\/\/lavostrallar.com\/noticias\/#organization\"},\"potentialAction\":[{\"@type\":\"SearchAction\",\"target\":{\"@type\":\"EntryPoint\",\"urlTemplate\":\"https:\/\/lavostrallar.com\/noticias\/?s={search_term_string}\"},\"query-input\":{\"@type\":\"PropertyValueSpecification\",\"valueRequired\":true,\"valueName\":\"search_term_string\"}}],\"inLanguage\":\"ca\"},{\"@type\":\"Organization\",\"@id\":\"https:\/\/lavostrallar.com\/noticias\/#organization\",\"name\":\"La Vostra Llar\",\"url\":\"https:\/\/lavostrallar.com\/noticias\/\",\"logo\":{\"@type\":\"ImageObject\",\"inLanguage\":\"ca\",\"@id\":\"https:\/\/lavostrallar.com\/noticias\/#\/schema\/logo\/image\/\",\"url\":\"https:\/\/lavostrallar.com\/noticias\/wp-content\/uploads\/2021\/12\/logo_lavostrallar.png\",\"contentUrl\":\"https:\/\/lavostrallar.com\/noticias\/wp-content\/uploads\/2021\/12\/logo_lavostrallar.png\",\"width\":217,\"height\":109,\"caption\":\"La Vostra Llar\"},\"image\":{\"@id\":\"https:\/\/lavostrallar.com\/noticias\/#\/schema\/logo\/image\/\"},\"sameAs\":[\"https:\/\/www.facebook.com\/lavostra.llar\",\"https:\/\/x.com\/lavostrallar\",\"https:\/\/www.instagram.com\/lavostrallar\/\"]},{\"@type\":\"Person\",\"@id\":\"https:\/\/lavostrallar.com\/noticias\/#\/schema\/person\/321f189af5ebbd679ae095028db43fdd\",\"name\":\"lavostrallar Comunicacio\",\"image\":{\"@type\":\"ImageObject\",\"inLanguage\":\"ca\",\"@id\":\"https:\/\/lavostrallar.com\/noticias\/#\/schema\/person\/image\/\",\"url\":\"https:\/\/secure.gravatar.com\/avatar\/69a4b73b52c8eedccce42e542861709a5afc2b40e0a43d691da018458db2d41b?s=96&d=mm&r=g\",\"contentUrl\":\"https:\/\/secure.gravatar.com\/avatar\/69a4b73b52c8eedccce42e542861709a5afc2b40e0a43d691da018458db2d41b?s=96&d=mm&r=g\",\"caption\":\"lavostrallar Comunicacio\"},\"url\":\"https:\/\/lavostrallar.com\/noticias\/ca\/author\/lavostrallar-comunicacio\/\"}]}<\/script>\n<!-- \/ Yoast SEO plugin. -->","yoast_head_json":{"title":"Estades temporals en resid\u00e8ncies de gent gran - Not\u00edcies La Vostra Llar","description":"Las estancias temporales en residencias para personas mayores son una soluci\u00f3n que ofrece atenci\u00f3n integral durante un tiempo limitado","robots":{"index":"index","follow":"follow","max-snippet":"max-snippet:-1","max-image-preview":"max-image-preview:large","max-video-preview":"max-video-preview:-1"},"canonical":"https:\/\/lavostrallar.com\/noticias\/ca\/estancias-temporales-en-residencias-de-personas-mayores\/","og_locale":"ca_ES","og_type":"article","og_title":"Estancias temporales en residencias de personas mayores - Noticias La Vostra Llar","og_description":"Las estancias temporales en residencias para personas mayores son una soluci\u00f3n que ofrece atenci\u00f3n integral durante un tiempo limitado","og_url":"https:\/\/lavostrallar.com\/noticias\/ca\/estancias-temporales-en-residencias-de-personas-mayores\/","og_site_name":"Noticias La Vostra Llar","article_publisher":"https:\/\/www.facebook.com\/lavostra.llar","article_published_time":"2024-12-10T09:03:16+00:00","article_modified_time":"2024-12-10T09:03:18+00:00","og_image":[{"width":2048,"height":1152,"url":"https:\/\/lavostrallar.com\/noticias\/wp-content\/uploads\/2024\/12\/DSC09673-1-1-scaled.jpg","type":"image\/jpeg"}],"author":"lavostrallar Comunicacio","twitter_card":"summary_large_image","twitter_creator":"@lavostrallar","twitter_site":"@lavostrallar","twitter_misc":{"Escrit per":"lavostrallar Comunicacio","Temps estimat de lectura":"2 minuts"},"schema":{"@context":"https:\/\/schema.org","@graph":[{"@type":"Article","@id":"https:\/\/lavostrallar.com\/noticias\/estancias-temporales-en-residencias-de-personas-mayores\/#article","isPartOf":{"@id":"https:\/\/lavostrallar.com\/noticias\/estancias-temporales-en-residencias-de-personas-mayores\/"},"author":{"name":"lavostrallar Comunicacio","@id":"https:\/\/lavostrallar.com\/noticias\/#\/schema\/person\/321f189af5ebbd679ae095028db43fdd"},"headline":"Estancias temporales en residencias de personas mayores","datePublished":"2024-12-10T09:03:16+00:00","dateModified":"2024-12-10T09:03:18+00:00","mainEntityOfPage":{"@id":"https:\/\/lavostrallar.com\/noticias\/estancias-temporales-en-residencias-de-personas-mayores\/"},"wordCount":426,"publisher":{"@id":"https:\/\/lavostrallar.com\/noticias\/#organization"},"image":{"@id":"https:\/\/lavostrallar.com\/noticias\/estancias-temporales-en-residencias-de-personas-mayores\/#primaryimage"},"thumbnailUrl":"https:\/\/lavostrallar.com\/noticias\/wp-content\/uploads\/2024\/12\/DSC09673-1-1-scaled.jpg","keywords":["Actividades para mayores","Atenci\u00f3n centrada en la persona","Estancia temporal reisdencia","Residencias de ancianos","Salud y envejecimiento activo"],"articleSection":["Noticias Blanes","Noticias Clot","Noticias Esplugues","Noticias Gr\u00e0cia","Noticias La Marina","Noticias La Rambla","Noticias Les D\u00e0lies","Noticias Les Oliveres","Noticias Matar\u00f3","Noticias Parc G\u00fcell","Noticias Reig","Noticias Terrassa"],"inLanguage":"ca"},{"@type":"WebPage","@id":"https:\/\/lavostrallar.com\/noticias\/estancias-temporales-en-residencias-de-personas-mayores\/","url":"https:\/\/lavostrallar.com\/noticias\/estancias-temporales-en-residencias-de-personas-mayores\/","name":"Estades temporals en resid\u00e8ncies de gent gran - Not\u00edcies La Vostra Llar","isPartOf":{"@id":"https:\/\/lavostrallar.com\/noticias\/#website"},"primaryImageOfPage":{"@id":"https:\/\/lavostrallar.com\/noticias\/estancias-temporales-en-residencias-de-personas-mayores\/#primaryimage"},"image":{"@id":"https:\/\/lavostrallar.com\/noticias\/estancias-temporales-en-residencias-de-personas-mayores\/#primaryimage"},"thumbnailUrl":"https:\/\/lavostrallar.com\/noticias\/wp-content\/uploads\/2024\/12\/DSC09673-1-1-scaled.jpg","datePublished":"2024-12-10T09:03:16+00:00","dateModified":"2024-12-10T09:03:18+00:00","description":"Las estancias temporales en residencias para personas mayores son una soluci\u00f3n que ofrece atenci\u00f3n integral durante un tiempo limitado","breadcrumb":{"@id":"https:\/\/lavostrallar.com\/noticias\/estancias-temporales-en-residencias-de-personas-mayores\/#breadcrumb"},"inLanguage":"ca","potentialAction":[{"@type":"ReadAction","target":["https:\/\/lavostrallar.com\/noticias\/estancias-temporales-en-residencias-de-personas-mayores\/"]}]},{"@type":"ImageObject","inLanguage":"ca","@id":"https:\/\/lavostrallar.com\/noticias\/estancias-temporales-en-residencias-de-personas-mayores\/#primaryimage","url":"https:\/\/lavostrallar.com\/noticias\/wp-content\/uploads\/2024\/12\/DSC09673-1-1-scaled.jpg","contentUrl":"https:\/\/lavostrallar.com\/noticias\/wp-content\/uploads\/2024\/12\/DSC09673-1-1-scaled.jpg","width":2048,"height":1152},{"@type":"BreadcrumbList","@id":"https:\/\/lavostrallar.com\/noticias\/estancias-temporales-en-residencias-de-personas-mayores\/#breadcrumb","itemListElement":[{"@type":"ListItem","position":1,"name":"Portada","item":"https:\/\/lavostrallar.com\/noticias\/"},{"@type":"ListItem","position":2,"name":"Estancias temporales en residencias de personas mayores"}]},{"@type":"WebSite","@id":"https:\/\/lavostrallar.com\/noticias\/#website","url":"https:\/\/lavostrallar.com\/noticias\/","name":"La Vostra Llar","description":"La Vostra Llar gestiona resid\u00e8ncies geri\u00e0triques des de 1987 amb la missi\u00f3 d\u2019oferir assist\u00e8ncia personalitzada per estimular, acollir i atendre les persones grans amb qualsevol grau de depend\u00e8ncia.","publisher":{"@id":"https:\/\/lavostrallar.com\/noticias\/#organization"},"potentialAction":[{"@type":"SearchAction","target":{"@type":"EntryPoint","urlTemplate":"https:\/\/lavostrallar.com\/noticias\/?s={search_term_string}"},"query-input":{"@type":"PropertyValueSpecification","valueRequired":true,"valueName":"search_term_string"}}],"inLanguage":"ca"},{"@type":"Organization","@id":"https:\/\/lavostrallar.com\/noticias\/#organization","name":"La Vostra Llar","url":"https:\/\/lavostrallar.com\/noticias\/","logo":{"@type":"ImageObject","inLanguage":"ca","@id":"https:\/\/lavostrallar.com\/noticias\/#\/schema\/logo\/image\/","url":"https:\/\/lavostrallar.com\/noticias\/wp-content\/uploads\/2021\/12\/logo_lavostrallar.png","contentUrl":"https:\/\/lavostrallar.com\/noticias\/wp-content\/uploads\/2021\/12\/logo_lavostrallar.png","width":217,"height":109,"caption":"La Vostra Llar"},"image":{"@id":"https:\/\/lavostrallar.com\/noticias\/#\/schema\/logo\/image\/"},"sameAs":["https:\/\/www.facebook.com\/lavostra.llar","https:\/\/x.com\/lavostrallar","https:\/\/www.instagram.com\/lavostrallar\/"]},{"@type":"Person","@id":"https:\/\/lavostrallar.com\/noticias\/#\/schema\/person\/321f189af5ebbd679ae095028db43fdd","name":"lavostrallar Comunicacio","image":{"@type":"ImageObject","inLanguage":"ca","@id":"https:\/\/lavostrallar.com\/noticias\/#\/schema\/person\/image\/","url":"https:\/\/secure.gravatar.com\/avatar\/69a4b73b52c8eedccce42e542861709a5afc2b40e0a43d691da018458db2d41b?s=96&d=mm&r=g","contentUrl":"https:\/\/secure.gravatar.com\/avatar\/69a4b73b52c8eedccce42e542861709a5afc2b40e0a43d691da018458db2d41b?s=96&d=mm&r=g","caption":"lavostrallar Comunicacio"},"url":"https:\/\/lavostrallar.com\/noticias\/ca\/author\/lavostrallar-comunicacio\/"}]}},"_links":{"self":[{"href":"https:\/\/lavostrallar.com\/noticias\/ca\/wp-json\/wp\/v2\/posts\/33967","targetHints":{"allow":["GET"]}}],"collection":[{"href":"https:\/\/lavostrallar.com\/noticias\/ca\/wp-json\/wp\/v2\/posts"}],"about":[{"href":"https:\/\/lavostrallar.com\/noticias\/ca\/wp-json\/wp\/v2\/types\/post"}],"author":[{"embeddable":true,"href":"https:\/\/lavostrallar.com\/noticias\/ca\/wp-json\/wp\/v2\/users\/12"}],"replies":[{"embeddable":true,"href":"https:\/\/lavostrallar.com\/noticias\/ca\/wp-json\/wp\/v2\/comments?post=33967"}],"version-history":[{"count":4,"href":"https:\/\/lavostrallar.com\/noticias\/ca\/wp-json\/wp\/v2\/posts\/33967\/revisions"}],"predecessor-version":[{"id":33972,"href":"https:\/\/lavostrallar.com\/noticias\/ca\/wp-json\/wp\/v2\/posts\/33967\/revisions\/33972"}],"wp:featuredmedia":[{"embeddable":true,"href":"https:\/\/lavostrallar.com\/noticias\/ca\/wp-json\/wp\/v2\/media\/33969"}],"wp:attachment":[{"href":"https:\/\/lavostrallar.com\/noticias\/ca\/wp-json\/wp\/v2\/media?parent=33967"}],"wp:term":[{"taxonomy":"category","embeddable":true,"href":"https:\/\/lavostrallar.com\/noticias\/ca\/wp-json\/wp\/v2\/categories?post=33967"},{"taxonomy":"post_tag","embeddable":true,"href":"https:\/\/lavostrallar.com\/noticias\/ca\/wp-json\/wp\/v2\/tags?post=33967"}],"curies":[{"name":"wp","href":"https:\/\/api.w.org\/{rel}","templated":true}]}}