	{"id":34654,"date":"2025-06-10T08:00:00","date_gmt":"2025-06-10T06:00:00","guid":{"rendered":"https:\/\/lavostrallar.com\/noticias\/?p=34654"},"modified":"2026-03-12T17:20:02","modified_gmt":"2026-03-12T15:20:02","slug":"re-conectamos-tecnologia-y-emocion-para-unir-generaciones","status":"publish","type":"post","link":"https:\/\/lavostrallar.com\/noticias\/ca\/re-conectamos-tecnologia-y-emocion-para-unir-generaciones\/","title":{"rendered":"Re-connectem: tecnologia i emoci\u00f3 per unir generacions"},"content":{"rendered":"<p>El projecte <strong>Re-connectem<\/strong>, que ha combinat tecnologia i emoci\u00f3 per unir generacions, ha culminat amb \u00e8xit despr\u00e9s de mesos d'intercanvi intergeneracional, aprenentatge compartit i experi\u00e8ncies significatives. La iniciativa, impulsada pel grup residencial <strong><a href=\"https:\/\/lavostrallar.com\/noticias\/ca\/re-conectamos-un-viaje-entre-generaciones-con-realidad-virtual\/\" target=\"_blank\" rel=\"noreferrer noopener\">La Vostra Llar<\/a><\/strong>, el <strong>Col\u00b7legi Montserrat<\/strong> i l'empresa <strong>Oroi<\/strong>, ha aconseguit el seu objectiu d\u2019unir joves i persones grans a trav\u00e9s de la tecnologia immersiva de la realitat virtual, creant un pont entre generacions. A m\u00e9s, s\u2019han dut a terme tallers de diferents tem\u00e0tiques, on els participants han pogut compartir coneixements, desenvolupar noves habilitats i enfortir encara m\u00e9s el vincle intergeneracional.<\/p>\n\n\n\n<h4 class=\"wp-block-heading\"><strong>Un videomuntatge que recull una experi\u00e8ncia transformadora<\/strong><\/h4>\n\n\n\n<p>Com a cloenda del projecte, s\u2019ha fet un <strong><a href=\"https:\/\/youtube.com\/shorts\/KWFXRWLK9FA?feature=share\">videomuntatge especial<\/a><\/strong> que recopila moments significatius d\u2019aquesta experi\u00e8ncia compartida, reflectint en imatges l\u2019impacte emocional de cada trobada. <\/p>\n\n\n\n<p>Durant el projecte Re-connectem, joves i persones grans han intercanviat records, somnis i inquietuds, descobrint que la connexi\u00f3 intergeneracional no nom\u00e9s \u00e9s possible, sin\u00f3 necess\u00e0ria. Per enfortir aquests lligams, s\u2019han desenvolupat diversos tallers que han facilitat l\u2019acostament entre les dues generacions. Des de la presentaci\u00f3 inicial d\u2019alumnes i residents, en qu\u00e8 van compartir els seus espais i rutines di\u00e0ries, fins a les sessions d\u2019intercanvi d\u2019hist\u00f2ries de vida, on els joves van mostrar fotografies de la seva inf\u00e0ncia per obrir un di\u00e0leg enriquidor amb les persones grans.<\/p>\n\n\n\n<p>Durant Nadal, es van dur a terme activitats especials que van afavorir la connexi\u00f3 intergeneracional. Els alumnes i residents van decorar galetes, van elaborar postals i van participar en sessions de <strong>streaming<\/strong>, on van poder compartir el moment amb les seves fam\u00edlies de manera virtual. Tamb\u00e9 van gaudir de jocs de taula tradicionals i moderns, aix\u00ed com de jocs interactius mitjan\u00e7ant la plataforma virtual d\u2019 <strong>Oroi<\/strong>, creant una experi\u00e8ncia innovadora i enriquidora.<\/p>\n\n\n\n<p>A m\u00e9s, les <strong>ulleres de realitat virtual <\/strong>proporcionades per Oroi van permetre viure experi\u00e8ncies \u00faniques. A trav\u00e9s d\u2019aquesta tecnologia, les persones grans van poder reconnectar amb records personals, visitar llocs emblem\u00e0tics del seu passat i compartir aquestes emocions amb els joves, enfortint el vincle intergeneracional.<\/p>\n\n\n\n<p>Com a tancament especial, la celebraci\u00f3 de Sant Jordi va incloure la lectura de poemes i relats, un intercanvi de regals i una representaci\u00f3 teatral de la llegend\u00e0ria hist\u00f2ria. Les valoracions dels participants van quedar plasmades en v\u00eddeos que reflecteixen la repercussi\u00f3 que aquesta iniciativa ha deixat en cada persona que ha format part del projecte.<\/p>\n\n\n\n<h4 class=\"wp-block-heading\"><strong>Un \u00e8xit que trenca barreres<\/strong><\/h4>\n\n\n\n<p>Els objectius plantejats a l\u2019inici del projecte s\u2019han assolit amb \u00e8xit. <strong>Re-connectem<\/strong> ha perm\u00e8s:<\/p>\n\n\n\n<ul class=\"wp-block-list\">\n<li><strong>Reduir la bretxa digital i generacional<\/strong>, fent servir la tecnologia per fomentar l\u2019acostament.<\/li>\n\n\n\n<li><strong>Combatre la soledat no desitjada<\/strong>, oferint espais de trobada significatius.<\/li>\n\n\n\n<li><strong>Promoure l\u2019aprenentatge mutu<\/strong>, creant un di\u00e0leg enriquidor entre joves i persones grans.<\/li>\n\n\n\n<li><strong>Reviure records i emocions<\/strong>, convertint la realitat virtual en un catalitzador de viv\u00e8ncies.<\/li>\n<\/ul>\n\n\n\n<p>El impacto social de esta iniciativa refuerza el compromiso de <a href=\"https:\/\/lavostrallar.com\/ca\/\">La Vostra Llar<\/a> con los <strong>Objectius de Desenvolupament Sostenible (ODS)<\/strong> <strong>de l\u2019Agenda 2030. <\/strong>Re-connectem ha contribu\u00eft a la promoci\u00f3 de la inclusi\u00f3 social, el benestar emocional i la reducci\u00f3 de la bretxa digital, especialment a trav\u00e9s dels <strong>ODS 3 (Salut i benestar), ODS 4 (Educaci\u00f3 de qualitat), ODS 10 (Reducci\u00f3 de les desigualtats)<\/strong> i <strong>ODS 17 (Aliances per aconseguir objectius)<\/strong>.<\/p>\n\n\n\n<h4 class=\"wp-block-heading\">Una celebraci\u00f3 per recordar<\/h4>\n\n\n\n<p>Per culminar <strong>Re-connectem<\/strong> y meses de intercambio intergeneracional, la <a href=\"https:\/\/lavostrallar.com\/ca\/\">residencia de ancianos La Vostra Llar <\/a>ha organizado un emotivo evento de clausura, donde se ha proyectado el v\u00eddeo resultante del proyecto ante familiares y amigos. Esta celebraci\u00f3n no solo ha permitido revivir los momentos compartidos, sino tambi\u00e9n destacar la importancia de crear espacios de conexi\u00f3n intergeneracional.<\/p>\n\n\n\n<p>La col\u00b7laboraci\u00f3 amb el <strong>Col\u00b7legi Montserrat<\/strong> i <strong>Oroi<\/strong> ha estat essencial per fer possible aquest canvi, aportant noves perspectives i eines que han transformat l\u2019experi\u00e8ncia en un intercanvi emocional i tecnol\u00f2gic innovador. Gr\u00e0cies a la seva implicaci\u00f3, el projecte ha aconseguit crear un pont real entre generacions, demostrant el valor de la tecnologia com a aliada en la construcci\u00f3 de vincles entre joves i persones grans.<\/p>\n\n\n\n<p>Aquest projecte ha demostrat que, m\u00e9s enll\u00e0 de les difer\u00e8ncies d\u2019edat, l\u2019empatia, l\u2019escolta i la tecnologia poden unir les persones de formes inesperades. <strong>Re-connectem <\/strong>no nom\u00e9s ha estat una experi\u00e8ncia enriquidora per als qui hi han participat, sin\u00f3 tamb\u00e9 un model inspirador per a futures iniciatives que busquin acostar generacions.<\/p>\n\n\n\n<p>Perqu\u00e8 la connexi\u00f3 entre persones no dep\u00e8n de l\u2019edat, sin\u00f3 de la voluntat de compartir, aprendre i cr\u00e9ixer junts.<\/p>\n\n\n\n<p><\/p>","protected":false},"excerpt":{"rendered":"<p>El proyecto Re-conectamos, que ha combinado tecnolog\u00eda y emoci\u00f3n para unir generaciones, ha culminado con \u00e9xito despu\u00e9s de meses de intercambio intergeneracional, aprendizaje compartido y experiencias significativas. La iniciativa, impulsada por el grupo residencial La Vostra Llar, el Colegio Montserrat y la empresa Oroi, ha conseguido su objetivo de unir a j\u00f3venes y personas mayores [&hellip;]<\/p>","protected":false},"author":12,"featured_media":34658,"comment_status":"closed","ping_status":"closed","sticky":false,"template":"","format":"standard","meta":{"content-type":"","footnotes":""},"categories":[11,47,256,18,245,12,13,14,15,27,16,19,1],"tags":[69,21,7,428,311,312,314,9,20,313],"class_list":["post-34654","post","type-post","status-publish","format-standard","has-post-thumbnail","hentry","category-noticias-blanes","category-noticias-clot","category-noticias-esplugues","category-noticias-gracia","category-noticias-la-marina","category-noticias-la-rambla","category-noticias-les-dalies","category-noticias-les-oliveres","category-noticias-mataro","category-noticias-guell","category-noticias-reig","category-noticias-terrassa","category-uncategorized","tag-actividades-para-mayores","tag-atencion-centrada-en-la-persona","tag-compromiso-social","tag-intercambio-intergeneracional","tag-proyecto-intergeneracional","tag-re-conectamos","tag-realidad-virtual","tag-residencias-de-ancianos","tag-salud-y-envejecimiento-activo","tag-viaje-generacional"],"yoast_head":"<!-- This site is optimized with the Yoast SEO plugin v26.0 - https:\/\/yoast.com\/wordpress\/plugins\/seo\/ -->\n<title>Tecnolog\u00eda para unir generaciones - La Vostra Llar<\/title>\n<meta name=\"description\" content=\"El proyecto Re-conectamos ha concluido con \u00e9xito, fortaleciendo el intercambio intergeneracional y el aprendizaje compartido.\" \/>\n<meta name=\"robots\" content=\"index, follow, max-snippet:-1, max-image-preview:large, max-video-preview:-1\" \/>\n<link rel=\"canonical\" href=\"https:\/\/lavostrallar.com\/noticias\/ca\/re-conectamos-tecnologia-y-emocion-para-unir-generaciones\/\" \/>\n<meta property=\"og:locale\" content=\"ca_ES\" \/>\n<meta property=\"og:type\" content=\"article\" \/>\n<meta property=\"og:title\" content=\"Tecnolog\u00eda para unir generaciones - La Vostra Llar\" \/>\n<meta property=\"og:description\" content=\"El proyecto Re-conectamos ha concluido con \u00e9xito, fortaleciendo el intercambio intergeneracional y el aprendizaje compartido.\" \/>\n<meta property=\"og:url\" content=\"https:\/\/lavostrallar.com\/noticias\/ca\/re-conectamos-tecnologia-y-emocion-para-unir-generaciones\/\" \/>\n<meta property=\"og:site_name\" content=\"Noticias La Vostra Llar\" \/>\n<meta property=\"article:publisher\" content=\"https:\/\/www.facebook.com\/lavostra.llar\" \/>\n<meta property=\"article:published_time\" content=\"2025-06-10T06:00:00+00:00\" \/>\n<meta property=\"article:modified_time\" content=\"2026-03-12T15:20:02+00:00\" \/>\n<meta property=\"og:image\" content=\"https:\/\/lavostrallar.com\/noticias\/wp-content\/uploads\/2025\/05\/Reconectamos-1024x559.png\" \/>\n\t<meta property=\"og:image:width\" content=\"1024\" \/>\n\t<meta property=\"og:image:height\" content=\"559\" \/>\n\t<meta property=\"og:image:type\" content=\"image\/png\" \/>\n<meta name=\"author\" content=\"lavostrallar Comunicacio\" \/>\n<meta name=\"twitter:card\" content=\"summary_large_image\" \/>\n<meta name=\"twitter:creator\" content=\"@lavostrallar\" \/>\n<meta name=\"twitter:site\" content=\"@lavostrallar\" \/>\n<meta name=\"twitter:label1\" content=\"Escrit per\" \/>\n\t<meta name=\"twitter:data1\" content=\"lavostrallar Comunicacio\" \/>\n\t<meta name=\"twitter:label2\" content=\"Temps estimat de lectura\" \/>\n\t<meta name=\"twitter:data2\" content=\"4 minuts\" \/>\n<script type=\"application\/ld+json\" class=\"yoast-schema-graph\">{\"@context\":\"https:\/\/schema.org\",\"@graph\":[{\"@type\":\"Article\",\"@id\":\"https:\/\/lavostrallar.com\/noticias\/re-conectamos-tecnologia-y-emocion-para-unir-generaciones\/#article\",\"isPartOf\":{\"@id\":\"https:\/\/lavostrallar.com\/noticias\/re-conectamos-tecnologia-y-emocion-para-unir-generaciones\/\"},\"author\":{\"name\":\"lavostrallar Comunicacio\",\"@id\":\"https:\/\/lavostrallar.com\/noticias\/#\/schema\/person\/321f189af5ebbd679ae095028db43fdd\"},\"headline\":\"Re-conectamos: tecnolog\u00eda y emoci\u00f3n para unir generaciones\",\"datePublished\":\"2025-06-10T06:00:00+00:00\",\"dateModified\":\"2026-03-12T15:20:02+00:00\",\"mainEntityOfPage\":{\"@id\":\"https:\/\/lavostrallar.com\/noticias\/re-conectamos-tecnologia-y-emocion-para-unir-generaciones\/\"},\"wordCount\":774,\"publisher\":{\"@id\":\"https:\/\/lavostrallar.com\/noticias\/#organization\"},\"image\":{\"@id\":\"https:\/\/lavostrallar.com\/noticias\/re-conectamos-tecnologia-y-emocion-para-unir-generaciones\/#primaryimage\"},\"thumbnailUrl\":\"https:\/\/lavostrallar.com\/noticias\/wp-content\/uploads\/2025\/05\/Reconectamos.png\",\"keywords\":[\"Actividades para mayores\",\"Atenci\u00f3n centrada en la persona\",\"Compromiso social\",\"Intercambio intergeneracional\",\"Proyecto intergeneracional\",\"Re-conectamos\",\"Realidad virtual\",\"Residencias de ancianos\",\"Salud y envejecimiento activo\",\"Viaje generacional\"],\"articleSection\":[\"Noticias Blanes\",\"Noticias Clot\",\"Noticias Esplugues\",\"Noticias Gr\u00e0cia\",\"Noticias La Marina\",\"Noticias La Rambla\",\"Noticias Les D\u00e0lies\",\"Noticias Les Oliveres\",\"Noticias Matar\u00f3\",\"Noticias Parc G\u00fcell\",\"Noticias Reig\",\"Noticias Terrassa\",\"Uncategorized\"],\"inLanguage\":\"ca\"},{\"@type\":\"WebPage\",\"@id\":\"https:\/\/lavostrallar.com\/noticias\/re-conectamos-tecnologia-y-emocion-para-unir-generaciones\/\",\"url\":\"https:\/\/lavostrallar.com\/noticias\/re-conectamos-tecnologia-y-emocion-para-unir-generaciones\/\",\"name\":\"Tecnolog\u00eda para unir generaciones - La Vostra Llar\",\"isPartOf\":{\"@id\":\"https:\/\/lavostrallar.com\/noticias\/#website\"},\"primaryImageOfPage\":{\"@id\":\"https:\/\/lavostrallar.com\/noticias\/re-conectamos-tecnologia-y-emocion-para-unir-generaciones\/#primaryimage\"},\"image\":{\"@id\":\"https:\/\/lavostrallar.com\/noticias\/re-conectamos-tecnologia-y-emocion-para-unir-generaciones\/#primaryimage\"},\"thumbnailUrl\":\"https:\/\/lavostrallar.com\/noticias\/wp-content\/uploads\/2025\/05\/Reconectamos.png\",\"datePublished\":\"2025-06-10T06:00:00+00:00\",\"dateModified\":\"2026-03-12T15:20:02+00:00\",\"description\":\"El proyecto Re-conectamos ha concluido con \u00e9xito, fortaleciendo el intercambio intergeneracional y el aprendizaje compartido.\",\"breadcrumb\":{\"@id\":\"https:\/\/lavostrallar.com\/noticias\/re-conectamos-tecnologia-y-emocion-para-unir-generaciones\/#breadcrumb\"},\"inLanguage\":\"ca\",\"potentialAction\":[{\"@type\":\"ReadAction\",\"target\":[\"https:\/\/lavostrallar.com\/noticias\/re-conectamos-tecnologia-y-emocion-para-unir-generaciones\/\"]}]},{\"@type\":\"ImageObject\",\"inLanguage\":\"ca\",\"@id\":\"https:\/\/lavostrallar.com\/noticias\/re-conectamos-tecnologia-y-emocion-para-unir-generaciones\/#primaryimage\",\"url\":\"https:\/\/lavostrallar.com\/noticias\/wp-content\/uploads\/2025\/05\/Reconectamos.png\",\"contentUrl\":\"https:\/\/lavostrallar.com\/noticias\/wp-content\/uploads\/2025\/05\/Reconectamos.png\",\"width\":1809,\"height\":988,\"caption\":\"Re-conectamos\"},{\"@type\":\"BreadcrumbList\",\"@id\":\"https:\/\/lavostrallar.com\/noticias\/re-conectamos-tecnologia-y-emocion-para-unir-generaciones\/#breadcrumb\",\"itemListElement\":[{\"@type\":\"ListItem\",\"position\":1,\"name\":\"Portada\",\"item\":\"https:\/\/lavostrallar.com\/noticias\/\"},{\"@type\":\"ListItem\",\"position\":2,\"name\":\"Re-conectamos: tecnolog\u00eda y emoci\u00f3n para unir generaciones\"}]},{\"@type\":\"WebSite\",\"@id\":\"https:\/\/lavostrallar.com\/noticias\/#website\",\"url\":\"https:\/\/lavostrallar.com\/noticias\/\",\"name\":\"La Vostra Llar\",\"description\":\"La Vostra Llar gestiona resid\u00e8ncies geri\u00e0triques des de 1987 amb la missi\u00f3 d\u2019oferir assist\u00e8ncia personalitzada per estimular, acollir i atendre les persones grans amb qualsevol grau de depend\u00e8ncia.\",\"publisher\":{\"@id\":\"https:\/\/lavostrallar.com\/noticias\/#organization\"},\"potentialAction\":[{\"@type\":\"SearchAction\",\"target\":{\"@type\":\"EntryPoint\",\"urlTemplate\":\"https:\/\/lavostrallar.com\/noticias\/?s={search_term_string}\"},\"query-input\":{\"@type\":\"PropertyValueSpecification\",\"valueRequired\":true,\"valueName\":\"search_term_string\"}}],\"inLanguage\":\"ca\"},{\"@type\":\"Organization\",\"@id\":\"https:\/\/lavostrallar.com\/noticias\/#organization\",\"name\":\"La Vostra Llar\",\"url\":\"https:\/\/lavostrallar.com\/noticias\/\",\"logo\":{\"@type\":\"ImageObject\",\"inLanguage\":\"ca\",\"@id\":\"https:\/\/lavostrallar.com\/noticias\/#\/schema\/logo\/image\/\",\"url\":\"https:\/\/lavostrallar.com\/noticias\/wp-content\/uploads\/2021\/12\/logo_lavostrallar.png\",\"contentUrl\":\"https:\/\/lavostrallar.com\/noticias\/wp-content\/uploads\/2021\/12\/logo_lavostrallar.png\",\"width\":217,\"height\":109,\"caption\":\"La Vostra Llar\"},\"image\":{\"@id\":\"https:\/\/lavostrallar.com\/noticias\/#\/schema\/logo\/image\/\"},\"sameAs\":[\"https:\/\/www.facebook.com\/lavostra.llar\",\"https:\/\/x.com\/lavostrallar\",\"https:\/\/www.instagram.com\/lavostrallar\/\"]},{\"@type\":\"Person\",\"@id\":\"https:\/\/lavostrallar.com\/noticias\/#\/schema\/person\/321f189af5ebbd679ae095028db43fdd\",\"name\":\"lavostrallar Comunicacio\",\"image\":{\"@type\":\"ImageObject\",\"inLanguage\":\"ca\",\"@id\":\"https:\/\/lavostrallar.com\/noticias\/#\/schema\/person\/image\/\",\"url\":\"https:\/\/secure.gravatar.com\/avatar\/69a4b73b52c8eedccce42e542861709a5afc2b40e0a43d691da018458db2d41b?s=96&d=mm&r=g\",\"contentUrl\":\"https:\/\/secure.gravatar.com\/avatar\/69a4b73b52c8eedccce42e542861709a5afc2b40e0a43d691da018458db2d41b?s=96&d=mm&r=g\",\"caption\":\"lavostrallar Comunicacio\"},\"url\":\"https:\/\/lavostrallar.com\/noticias\/ca\/author\/lavostrallar-comunicacio\/\"}]}<\/script>\n<!-- \/ Yoast SEO plugin. -->","yoast_head_json":{"title":"Tecnologia per unir generacions - La Vostra Llar","description":"El proyecto Re-conectamos ha concluido con \u00e9xito, fortaleciendo el intercambio intergeneracional y el aprendizaje compartido.","robots":{"index":"index","follow":"follow","max-snippet":"max-snippet:-1","max-image-preview":"max-image-preview:large","max-video-preview":"max-video-preview:-1"},"canonical":"https:\/\/lavostrallar.com\/noticias\/ca\/re-conectamos-tecnologia-y-emocion-para-unir-generaciones\/","og_locale":"ca_ES","og_type":"article","og_title":"Tecnolog\u00eda para unir generaciones - La Vostra Llar","og_description":"El proyecto Re-conectamos ha concluido con \u00e9xito, fortaleciendo el intercambio intergeneracional y el aprendizaje compartido.","og_url":"https:\/\/lavostrallar.com\/noticias\/ca\/re-conectamos-tecnologia-y-emocion-para-unir-generaciones\/","og_site_name":"Noticias La Vostra Llar","article_publisher":"https:\/\/www.facebook.com\/lavostra.llar","article_published_time":"2025-06-10T06:00:00+00:00","article_modified_time":"2026-03-12T15:20:02+00:00","og_image":[{"width":1024,"height":559,"url":"https:\/\/lavostrallar.com\/noticias\/wp-content\/uploads\/2025\/05\/Reconectamos-1024x559.png","type":"image\/png"}],"author":"lavostrallar Comunicacio","twitter_card":"summary_large_image","twitter_creator":"@lavostrallar","twitter_site":"@lavostrallar","twitter_misc":{"Escrit per":"lavostrallar Comunicacio","Temps estimat de lectura":"4 minuts"},"schema":{"@context":"https:\/\/schema.org","@graph":[{"@type":"Article","@id":"https:\/\/lavostrallar.com\/noticias\/re-conectamos-tecnologia-y-emocion-para-unir-generaciones\/#article","isPartOf":{"@id":"https:\/\/lavostrallar.com\/noticias\/re-conectamos-tecnologia-y-emocion-para-unir-generaciones\/"},"author":{"name":"lavostrallar Comunicacio","@id":"https:\/\/lavostrallar.com\/noticias\/#\/schema\/person\/321f189af5ebbd679ae095028db43fdd"},"headline":"Re-conectamos: tecnolog\u00eda y emoci\u00f3n para unir generaciones","datePublished":"2025-06-10T06:00:00+00:00","dateModified":"2026-03-12T15:20:02+00:00","mainEntityOfPage":{"@id":"https:\/\/lavostrallar.com\/noticias\/re-conectamos-tecnologia-y-emocion-para-unir-generaciones\/"},"wordCount":774,"publisher":{"@id":"https:\/\/lavostrallar.com\/noticias\/#organization"},"image":{"@id":"https:\/\/lavostrallar.com\/noticias\/re-conectamos-tecnologia-y-emocion-para-unir-generaciones\/#primaryimage"},"thumbnailUrl":"https:\/\/lavostrallar.com\/noticias\/wp-content\/uploads\/2025\/05\/Reconectamos.png","keywords":["Actividades para mayores","Atenci\u00f3n centrada en la persona","Compromiso social","Intercambio intergeneracional","Proyecto intergeneracional","Re-conectamos","Realidad virtual","Residencias de ancianos","Salud y envejecimiento activo","Viaje generacional"],"articleSection":["Noticias Blanes","Noticias Clot","Noticias Esplugues","Noticias Gr\u00e0cia","Noticias La Marina","Noticias La Rambla","Noticias Les D\u00e0lies","Noticias Les Oliveres","Noticias Matar\u00f3","Noticias Parc G\u00fcell","Noticias Reig","Noticias Terrassa","Uncategorized"],"inLanguage":"ca"},{"@type":"WebPage","@id":"https:\/\/lavostrallar.com\/noticias\/re-conectamos-tecnologia-y-emocion-para-unir-generaciones\/","url":"https:\/\/lavostrallar.com\/noticias\/re-conectamos-tecnologia-y-emocion-para-unir-generaciones\/","name":"Tecnologia per unir generacions - La Vostra Llar","isPartOf":{"@id":"https:\/\/lavostrallar.com\/noticias\/#website"},"primaryImageOfPage":{"@id":"https:\/\/lavostrallar.com\/noticias\/re-conectamos-tecnologia-y-emocion-para-unir-generaciones\/#primaryimage"},"image":{"@id":"https:\/\/lavostrallar.com\/noticias\/re-conectamos-tecnologia-y-emocion-para-unir-generaciones\/#primaryimage"},"thumbnailUrl":"https:\/\/lavostrallar.com\/noticias\/wp-content\/uploads\/2025\/05\/Reconectamos.png","datePublished":"2025-06-10T06:00:00+00:00","dateModified":"2026-03-12T15:20:02+00:00","description":"El proyecto Re-conectamos ha concluido con \u00e9xito, fortaleciendo el intercambio intergeneracional y el aprendizaje compartido.","breadcrumb":{"@id":"https:\/\/lavostrallar.com\/noticias\/re-conectamos-tecnologia-y-emocion-para-unir-generaciones\/#breadcrumb"},"inLanguage":"ca","potentialAction":[{"@type":"ReadAction","target":["https:\/\/lavostrallar.com\/noticias\/re-conectamos-tecnologia-y-emocion-para-unir-generaciones\/"]}]},{"@type":"ImageObject","inLanguage":"ca","@id":"https:\/\/lavostrallar.com\/noticias\/re-conectamos-tecnologia-y-emocion-para-unir-generaciones\/#primaryimage","url":"https:\/\/lavostrallar.com\/noticias\/wp-content\/uploads\/2025\/05\/Reconectamos.png","contentUrl":"https:\/\/lavostrallar.com\/noticias\/wp-content\/uploads\/2025\/05\/Reconectamos.png","width":1809,"height":988,"caption":"Re-conectamos"},{"@type":"BreadcrumbList","@id":"https:\/\/lavostrallar.com\/noticias\/re-conectamos-tecnologia-y-emocion-para-unir-generaciones\/#breadcrumb","itemListElement":[{"@type":"ListItem","position":1,"name":"Portada","item":"https:\/\/lavostrallar.com\/noticias\/"},{"@type":"ListItem","position":2,"name":"Re-conectamos: tecnolog\u00eda y emoci\u00f3n para unir generaciones"}]},{"@type":"WebSite","@id":"https:\/\/lavostrallar.com\/noticias\/#website","url":"https:\/\/lavostrallar.com\/noticias\/","name":"La Vostra Llar","description":"La Vostra Llar gestiona resid\u00e8ncies geri\u00e0triques des de 1987 amb la missi\u00f3 d\u2019oferir assist\u00e8ncia personalitzada per estimular, acollir i atendre les persones grans amb qualsevol grau de depend\u00e8ncia.","publisher":{"@id":"https:\/\/lavostrallar.com\/noticias\/#organization"},"potentialAction":[{"@type":"SearchAction","target":{"@type":"EntryPoint","urlTemplate":"https:\/\/lavostrallar.com\/noticias\/?s={search_term_string}"},"query-input":{"@type":"PropertyValueSpecification","valueRequired":true,"valueName":"search_term_string"}}],"inLanguage":"ca"},{"@type":"Organization","@id":"https:\/\/lavostrallar.com\/noticias\/#organization","name":"La Vostra Llar","url":"https:\/\/lavostrallar.com\/noticias\/","logo":{"@type":"ImageObject","inLanguage":"ca","@id":"https:\/\/lavostrallar.com\/noticias\/#\/schema\/logo\/image\/","url":"https:\/\/lavostrallar.com\/noticias\/wp-content\/uploads\/2021\/12\/logo_lavostrallar.png","contentUrl":"https:\/\/lavostrallar.com\/noticias\/wp-content\/uploads\/2021\/12\/logo_lavostrallar.png","width":217,"height":109,"caption":"La Vostra Llar"},"image":{"@id":"https:\/\/lavostrallar.com\/noticias\/#\/schema\/logo\/image\/"},"sameAs":["https:\/\/www.facebook.com\/lavostra.llar","https:\/\/x.com\/lavostrallar","https:\/\/www.instagram.com\/lavostrallar\/"]},{"@type":"Person","@id":"https:\/\/lavostrallar.com\/noticias\/#\/schema\/person\/321f189af5ebbd679ae095028db43fdd","name":"lavostrallar Comunicacio","image":{"@type":"ImageObject","inLanguage":"ca","@id":"https:\/\/lavostrallar.com\/noticias\/#\/schema\/person\/image\/","url":"https:\/\/secure.gravatar.com\/avatar\/69a4b73b52c8eedccce42e542861709a5afc2b40e0a43d691da018458db2d41b?s=96&d=mm&r=g","contentUrl":"https:\/\/secure.gravatar.com\/avatar\/69a4b73b52c8eedccce42e542861709a5afc2b40e0a43d691da018458db2d41b?s=96&d=mm&r=g","caption":"lavostrallar Comunicacio"},"url":"https:\/\/lavostrallar.com\/noticias\/ca\/author\/lavostrallar-comunicacio\/"}]}},"_links":{"self":[{"href":"https:\/\/lavostrallar.com\/noticias\/ca\/wp-json\/wp\/v2\/posts\/34654","targetHints":{"allow":["GET"]}}],"collection":[{"href":"https:\/\/lavostrallar.com\/noticias\/ca\/wp-json\/wp\/v2\/posts"}],"about":[{"href":"https:\/\/lavostrallar.com\/noticias\/ca\/wp-json\/wp\/v2\/types\/post"}],"author":[{"embeddable":true,"href":"https:\/\/lavostrallar.com\/noticias\/ca\/wp-json\/wp\/v2\/users\/12"}],"replies":[{"embeddable":true,"href":"https:\/\/lavostrallar.com\/noticias\/ca\/wp-json\/wp\/v2\/comments?post=34654"}],"version-history":[{"count":9,"href":"https:\/\/lavostrallar.com\/noticias\/ca\/wp-json\/wp\/v2\/posts\/34654\/revisions"}],"predecessor-version":[{"id":34862,"href":"https:\/\/lavostrallar.com\/noticias\/ca\/wp-json\/wp\/v2\/posts\/34654\/revisions\/34862"}],"wp:featuredmedia":[{"embeddable":true,"href":"https:\/\/lavostrallar.com\/noticias\/ca\/wp-json\/wp\/v2\/media\/34658"}],"wp:attachment":[{"href":"https:\/\/lavostrallar.com\/noticias\/ca\/wp-json\/wp\/v2\/media?parent=34654"}],"wp:term":[{"taxonomy":"category","embeddable":true,"href":"https:\/\/lavostrallar.com\/noticias\/ca\/wp-json\/wp\/v2\/categories?post=34654"},{"taxonomy":"post_tag","embeddable":true,"href":"https:\/\/lavostrallar.com\/noticias\/ca\/wp-json\/wp\/v2\/tags?post=34654"}],"curies":[{"name":"wp","href":"https:\/\/api.w.org\/{rel}","templated":true}]}}