	{"id":35043,"date":"2025-10-24T13:28:02","date_gmt":"2025-10-24T11:28:02","guid":{"rendered":"https:\/\/lavostrallar.com\/noticias\/?p=35043"},"modified":"2026-03-12T17:10:51","modified_gmt":"2026-03-12T15:10:51","slug":"tipos-de-residencias-de-ancianos-cual-es-la-mas-adecuada","status":"publish","type":"post","link":"https:\/\/lavostrallar.com\/noticias\/ca\/tipos-de-residencias-de-ancianos-cual-es-la-mas-adecuada\/","title":{"rendered":"Tipus de resid\u00e8ncies per a gent gran: quina \u00e9s la m\u00e9s adequada?"},"content":{"rendered":"<p>Hi ha molts tipus de resid\u00e8ncies per a gent gran, i triar la m\u00e9s adequada \u00e9s una decisi\u00f3 important que requereix temps, informaci\u00f3 i sensibilitat. A <a href=\"http:\/\/lavostrallar.com\/ca\/\">La Vostra Llar<\/a>, entenem que cada persona t\u00e9 necessitats \u00faniques, i per aix\u00f2 volem ajudar-te a con\u00e8ixer els diferents tipus de resid\u00e8ncies per a gent gran que existeixen, perqu\u00e8 puguis prendre una decisi\u00f3 ben valorada i ajustada a les teves necessitats.<\/p>\n\n\n\n<h2 class=\"wp-block-heading\"><strong>Resid\u00e8ncies assistides<\/strong><\/h2>\n\n\n\n<p>S\u00f3n centres pensats per a persones grans que necessiten ajuda en el seu dia a dia, per\u00f2 que no requereixen atenci\u00f3 m\u00e8dica constant. S\u2019hi ofereix suport en tasques com la higiene personal, la mobilitat, l\u2019alimentaci\u00f3 o la presa de medicaci\u00f3, sempre respectant l\u2019autonomia de cada resident.<\/p>\n\n\n\n<p>Pensades per a persones amb alguna depend\u00e8ncia que agraeixen la proximitat, la seguretat i el suport hum\u00e0.<\/p>\n\n\n\n<h2 class=\"wp-block-heading\"><strong>Resid\u00e8ncies amb atenci\u00f3 sanit\u00e0ria especialitzada<\/strong><\/h2>\n\n\n\n<p>Aquestes resid\u00e8ncies compten amb personal m\u00e8dic i d\u2019infermeria, i estan preparades per atendre persones amb malalties cr\u00f2niques, dem\u00e8ncies o altres condicions que requereixen seguiment cl\u00ednic.<\/p>\n\n\n\n<p>Pensades per a persones amb alta depend\u00e8ncia o necessitats m\u00e8diques complexes que requereixen cures continuades.<\/p>\n\n\n\n<h2 class=\"wp-block-heading\"><strong>Resid\u00e8ncies mixtes<\/strong><\/h2>\n\n\n\n<p>Combinen serveis d\u2019atenci\u00f3 b\u00e0sica i sanit\u00e0ria, adaptant-se a diferents nivells d\u2019autonomia. S\u00f3n una opci\u00f3 flexible per a aquelles persones que poden necessitar m\u00e9s ajuda amb el temps, sense haver de canviar de centre.<\/p>\n\n\n\n<p>Recomanades per a aquelles persones que busquen estabilitat a llarg termini i un entorn que s\u2019adapti a les seves necessitats canviants.<\/p>\n\n\n\n<p>Aquest model combina el millor de diversos tipus de resid\u00e8ncies per a gent gran, oferint flexibilitat i continu\u00eftat en les cures.<\/p>\n\n\n\n<h2 class=\"wp-block-heading\"><strong>Resid\u00e8ncies de conviv\u00e8ncia o unitats de vida<\/strong><\/h2>\n\n\n\n<p>S\u00f3n espais m\u00e9s petits i personalitzats, on es prioritza la vida en comunitat, el respecte pels ritmes individuals i un ambient de calidesa. Tenen menys residents i un enfocament m\u00e9s proper i familiar.<\/p>\n\n\n\n<p>Especialment adequades per a aquelles persones que valoren la proximitat, la intimitat i un tracte m\u00e9s personalitzat.<\/p>\n\n\n\n<h2 class=\"wp-block-heading\"><strong>Com triar el tipus de resid\u00e8ncia adequada?<\/strong><\/h2>\n\n\n\n<p>M\u00e9s enll\u00e0 del tipus de centre, \u00e9s fonamental tenir en compte:<\/p>\n\n\n\n<ul class=\"wp-block-list\">\n<li>El nivell d\u2019autonomia de la persona gran<\/li>\n\n\n\n<li>Les prefer\u00e8ncies personals i l\u2019estil de vida<\/li>\n\n\n\n<li>La proximitat amb familiars i persones estimades<\/li>\n\n\n\n<li>La qualitat humana de l\u2019equip professional<\/li>\n\n\n\n<li>Les activitats, espais i serveis que ofereix el centre<\/li>\n<\/ul>\n\n\n\n<p>A <a href=\"http:\/\/lavostrallar.com\/ca\/\" target=\"_blank\" rel=\"noreferrer noopener\">La Vostra Llar<\/a>, creiem que cada resid\u00e8ncia ha de ser un espai de benestar, respecte i cura. Si est\u00e0s valorant opcions, estarem encantats d\u2019orientar-te i acompanyar-te en aquest proc\u00e9s.<\/p>","protected":false},"excerpt":{"rendered":"<p>Tipos de residencias de ancianos hay muchos, y elegir la m\u00e1s adecuada es una decisi\u00f3n importante que merece tiempo, informaci\u00f3n y sensibilidad. En La Vostra Llar, entendemos que cada persona tiene necesidades \u00fanicas, y por eso queremos ayudarte a conocer los distintos tipos de residencias de ancianos que existen, para que puedas tomar una decisi\u00f3n [&hellip;]<\/p>","protected":false},"author":12,"featured_media":35048,"comment_status":"closed","ping_status":"closed","sticky":false,"template":"","format":"standard","meta":{"content-type":"","footnotes":""},"categories":[11,47,256,18,245,12,13,14,15,27,16,19,459],"tags":[69,21,9,20,64,56],"class_list":["post-35043","post","type-post","status-publish","format-standard","has-post-thumbnail","hentry","category-noticias-blanes","category-noticias-clot","category-noticias-esplugues","category-noticias-gracia","category-noticias-la-marina","category-noticias-la-rambla","category-noticias-les-dalies","category-noticias-les-oliveres","category-noticias-mataro","category-noticias-guell","category-noticias-reig","category-noticias-terrassa","category-residencia-ancianos","tag-actividades-para-mayores","tag-atencion-centrada-en-la-persona","tag-residencias-de-ancianos","tag-salud-y-envejecimiento-activo","tag-talleres","tag-terapia"],"yoast_head":"<!-- This site is optimized with the Yoast SEO plugin v26.0 - https:\/\/yoast.com\/wordpress\/plugins\/seo\/ -->\n<title>Tipos de residencias de ancianos y c\u00f3mo elegir<\/title>\n<meta name=\"description\" content=\"Tipos de residencias de ancianos hay muchos, y elegir la m\u00e1s adecuada es una decisi\u00f3n importante que merece tiempo, informaci\u00f3n\" \/>\n<meta name=\"robots\" content=\"index, follow, max-snippet:-1, max-image-preview:large, max-video-preview:-1\" \/>\n<link rel=\"canonical\" href=\"https:\/\/lavostrallar.com\/noticias\/ca\/tipos-de-residencias-de-ancianos-cual-es-la-mas-adecuada\/\" \/>\n<meta property=\"og:locale\" content=\"ca_ES\" \/>\n<meta property=\"og:type\" content=\"article\" \/>\n<meta property=\"og:title\" content=\"Tipos de residencias de ancianos y c\u00f3mo elegir\" \/>\n<meta property=\"og:description\" content=\"Tipos de residencias de ancianos hay muchos, y elegir la m\u00e1s adecuada es una decisi\u00f3n importante que merece tiempo, informaci\u00f3n\" \/>\n<meta property=\"og:url\" content=\"https:\/\/lavostrallar.com\/noticias\/ca\/tipos-de-residencias-de-ancianos-cual-es-la-mas-adecuada\/\" \/>\n<meta property=\"og:site_name\" content=\"Noticias La Vostra Llar\" \/>\n<meta property=\"article:publisher\" content=\"https:\/\/www.facebook.com\/lavostra.llar\" \/>\n<meta property=\"article:published_time\" content=\"2025-10-24T11:28:02+00:00\" \/>\n<meta property=\"article:modified_time\" content=\"2026-03-12T15:10:51+00:00\" \/>\n<meta property=\"og:image\" content=\"https:\/\/lavostrallar.com\/noticias\/wp-content\/uploads\/2025\/09\/DSC09912_fisio-33-scaled.jpg\" \/>\n\t<meta property=\"og:image:width\" content=\"2048\" \/>\n\t<meta property=\"og:image:height\" content=\"1361\" \/>\n\t<meta property=\"og:image:type\" content=\"image\/jpeg\" \/>\n<meta name=\"author\" content=\"lavostrallar Comunicacio\" \/>\n<meta name=\"twitter:card\" content=\"summary_large_image\" \/>\n<meta name=\"twitter:creator\" content=\"@lavostrallar\" \/>\n<meta name=\"twitter:site\" content=\"@lavostrallar\" \/>\n<meta name=\"twitter:label1\" content=\"Escrit per\" \/>\n\t<meta name=\"twitter:data1\" content=\"lavostrallar Comunicacio\" \/>\n\t<meta name=\"twitter:label2\" content=\"Temps estimat de lectura\" \/>\n\t<meta name=\"twitter:data2\" content=\"2 minuts\" \/>\n<script type=\"application\/ld+json\" class=\"yoast-schema-graph\">{\"@context\":\"https:\/\/schema.org\",\"@graph\":[{\"@type\":\"Article\",\"@id\":\"https:\/\/lavostrallar.com\/noticias\/tipos-de-residencias-de-ancianos-cual-es-la-mas-adecuada\/#article\",\"isPartOf\":{\"@id\":\"https:\/\/lavostrallar.com\/noticias\/tipos-de-residencias-de-ancianos-cual-es-la-mas-adecuada\/\"},\"author\":{\"name\":\"lavostrallar Comunicacio\",\"@id\":\"https:\/\/lavostrallar.com\/noticias\/#\/schema\/person\/321f189af5ebbd679ae095028db43fdd\"},\"headline\":\"Tipos de residencias de ancianos: \u00bfCu\u00e1l es la m\u00e1s adecuada?\",\"datePublished\":\"2025-10-24T11:28:02+00:00\",\"dateModified\":\"2026-03-12T15:10:51+00:00\",\"mainEntityOfPage\":{\"@id\":\"https:\/\/lavostrallar.com\/noticias\/tipos-de-residencias-de-ancianos-cual-es-la-mas-adecuada\/\"},\"wordCount\":434,\"publisher\":{\"@id\":\"https:\/\/lavostrallar.com\/noticias\/#organization\"},\"image\":{\"@id\":\"https:\/\/lavostrallar.com\/noticias\/tipos-de-residencias-de-ancianos-cual-es-la-mas-adecuada\/#primaryimage\"},\"thumbnailUrl\":\"https:\/\/lavostrallar.com\/noticias\/wp-content\/uploads\/2025\/09\/DSC09912_fisio-33-scaled.jpg\",\"keywords\":[\"Actividades para mayores\",\"Atenci\u00f3n centrada en la persona\",\"Residencias de ancianos\",\"Salud y envejecimiento activo\",\"Talleres\",\"Terapia\"],\"articleSection\":[\"Noticias Blanes\",\"Noticias Clot\",\"Noticias Esplugues\",\"Noticias Gr\u00e0cia\",\"Noticias La Marina\",\"Noticias La Rambla\",\"Noticias Les D\u00e0lies\",\"Noticias Les Oliveres\",\"Noticias Matar\u00f3\",\"Noticias Parc G\u00fcell\",\"Noticias Reig\",\"Noticias Terrassa\",\"Residencia ancianos\"],\"inLanguage\":\"ca\"},{\"@type\":\"WebPage\",\"@id\":\"https:\/\/lavostrallar.com\/noticias\/tipos-de-residencias-de-ancianos-cual-es-la-mas-adecuada\/\",\"url\":\"https:\/\/lavostrallar.com\/noticias\/tipos-de-residencias-de-ancianos-cual-es-la-mas-adecuada\/\",\"name\":\"Tipos de residencias de ancianos y c\u00f3mo elegir\",\"isPartOf\":{\"@id\":\"https:\/\/lavostrallar.com\/noticias\/#website\"},\"primaryImageOfPage\":{\"@id\":\"https:\/\/lavostrallar.com\/noticias\/tipos-de-residencias-de-ancianos-cual-es-la-mas-adecuada\/#primaryimage\"},\"image\":{\"@id\":\"https:\/\/lavostrallar.com\/noticias\/tipos-de-residencias-de-ancianos-cual-es-la-mas-adecuada\/#primaryimage\"},\"thumbnailUrl\":\"https:\/\/lavostrallar.com\/noticias\/wp-content\/uploads\/2025\/09\/DSC09912_fisio-33-scaled.jpg\",\"datePublished\":\"2025-10-24T11:28:02+00:00\",\"dateModified\":\"2026-03-12T15:10:51+00:00\",\"description\":\"Tipos de residencias de ancianos hay muchos, y elegir la m\u00e1s adecuada es una decisi\u00f3n importante que merece tiempo, informaci\u00f3n\",\"breadcrumb\":{\"@id\":\"https:\/\/lavostrallar.com\/noticias\/tipos-de-residencias-de-ancianos-cual-es-la-mas-adecuada\/#breadcrumb\"},\"inLanguage\":\"ca\",\"potentialAction\":[{\"@type\":\"ReadAction\",\"target\":[\"https:\/\/lavostrallar.com\/noticias\/tipos-de-residencias-de-ancianos-cual-es-la-mas-adecuada\/\"]}]},{\"@type\":\"ImageObject\",\"inLanguage\":\"ca\",\"@id\":\"https:\/\/lavostrallar.com\/noticias\/tipos-de-residencias-de-ancianos-cual-es-la-mas-adecuada\/#primaryimage\",\"url\":\"https:\/\/lavostrallar.com\/noticias\/wp-content\/uploads\/2025\/09\/DSC09912_fisio-33-scaled.jpg\",\"contentUrl\":\"https:\/\/lavostrallar.com\/noticias\/wp-content\/uploads\/2025\/09\/DSC09912_fisio-33-scaled.jpg\",\"width\":2048,\"height\":1361,\"caption\":\"Tipos de residencias de ancianos\"},{\"@type\":\"BreadcrumbList\",\"@id\":\"https:\/\/lavostrallar.com\/noticias\/tipos-de-residencias-de-ancianos-cual-es-la-mas-adecuada\/#breadcrumb\",\"itemListElement\":[{\"@type\":\"ListItem\",\"position\":1,\"name\":\"Portada\",\"item\":\"https:\/\/lavostrallar.com\/noticias\/\"},{\"@type\":\"ListItem\",\"position\":2,\"name\":\"Tipos de residencias de ancianos: \u00bfCu\u00e1l es la m\u00e1s adecuada?\"}]},{\"@type\":\"WebSite\",\"@id\":\"https:\/\/lavostrallar.com\/noticias\/#website\",\"url\":\"https:\/\/lavostrallar.com\/noticias\/\",\"name\":\"La Vostra Llar\",\"description\":\"La Vostra Llar gestiona resid\u00e8ncies geri\u00e0triques des de 1987 amb la missi\u00f3 d\u2019oferir assist\u00e8ncia personalitzada per estimular, acollir i atendre les persones grans amb qualsevol grau de depend\u00e8ncia.\",\"publisher\":{\"@id\":\"https:\/\/lavostrallar.com\/noticias\/#organization\"},\"potentialAction\":[{\"@type\":\"SearchAction\",\"target\":{\"@type\":\"EntryPoint\",\"urlTemplate\":\"https:\/\/lavostrallar.com\/noticias\/?s={search_term_string}\"},\"query-input\":{\"@type\":\"PropertyValueSpecification\",\"valueRequired\":true,\"valueName\":\"search_term_string\"}}],\"inLanguage\":\"ca\"},{\"@type\":\"Organization\",\"@id\":\"https:\/\/lavostrallar.com\/noticias\/#organization\",\"name\":\"La Vostra Llar\",\"url\":\"https:\/\/lavostrallar.com\/noticias\/\",\"logo\":{\"@type\":\"ImageObject\",\"inLanguage\":\"ca\",\"@id\":\"https:\/\/lavostrallar.com\/noticias\/#\/schema\/logo\/image\/\",\"url\":\"https:\/\/lavostrallar.com\/noticias\/wp-content\/uploads\/2021\/12\/logo_lavostrallar.png\",\"contentUrl\":\"https:\/\/lavostrallar.com\/noticias\/wp-content\/uploads\/2021\/12\/logo_lavostrallar.png\",\"width\":217,\"height\":109,\"caption\":\"La Vostra Llar\"},\"image\":{\"@id\":\"https:\/\/lavostrallar.com\/noticias\/#\/schema\/logo\/image\/\"},\"sameAs\":[\"https:\/\/www.facebook.com\/lavostra.llar\",\"https:\/\/x.com\/lavostrallar\",\"https:\/\/www.instagram.com\/lavostrallar\/\"]},{\"@type\":\"Person\",\"@id\":\"https:\/\/lavostrallar.com\/noticias\/#\/schema\/person\/321f189af5ebbd679ae095028db43fdd\",\"name\":\"lavostrallar Comunicacio\",\"image\":{\"@type\":\"ImageObject\",\"inLanguage\":\"ca\",\"@id\":\"https:\/\/lavostrallar.com\/noticias\/#\/schema\/person\/image\/\",\"url\":\"https:\/\/secure.gravatar.com\/avatar\/69a4b73b52c8eedccce42e542861709a5afc2b40e0a43d691da018458db2d41b?s=96&d=mm&r=g\",\"contentUrl\":\"https:\/\/secure.gravatar.com\/avatar\/69a4b73b52c8eedccce42e542861709a5afc2b40e0a43d691da018458db2d41b?s=96&d=mm&r=g\",\"caption\":\"lavostrallar Comunicacio\"},\"url\":\"https:\/\/lavostrallar.com\/noticias\/ca\/author\/lavostrallar-comunicacio\/\"}]}<\/script>\n<!-- \/ Yoast SEO plugin. -->","yoast_head_json":{"title":"Tipus de resid\u00e8ncies d\u2019avis i com triar","description":"Tipus de resid\u00e8ncies de gent gran n'hi ha molts, i triar la m\u00e9s adequada \u00e9s una decisi\u00f3 important que mereix temps","robots":{"index":"index","follow":"follow","max-snippet":"max-snippet:-1","max-image-preview":"max-image-preview:large","max-video-preview":"max-video-preview:-1"},"canonical":"https:\/\/lavostrallar.com\/noticias\/ca\/tipos-de-residencias-de-ancianos-cual-es-la-mas-adecuada\/","og_locale":"ca_ES","og_type":"article","og_title":"Tipos de residencias de ancianos y c\u00f3mo elegir","og_description":"Tipos de residencias de ancianos hay muchos, y elegir la m\u00e1s adecuada es una decisi\u00f3n importante que merece tiempo, informaci\u00f3n","og_url":"https:\/\/lavostrallar.com\/noticias\/ca\/tipos-de-residencias-de-ancianos-cual-es-la-mas-adecuada\/","og_site_name":"Noticias La Vostra Llar","article_publisher":"https:\/\/www.facebook.com\/lavostra.llar","article_published_time":"2025-10-24T11:28:02+00:00","article_modified_time":"2026-03-12T15:10:51+00:00","og_image":[{"width":2048,"height":1361,"url":"https:\/\/lavostrallar.com\/noticias\/wp-content\/uploads\/2025\/09\/DSC09912_fisio-33-scaled.jpg","type":"image\/jpeg"}],"author":"lavostrallar Comunicacio","twitter_card":"summary_large_image","twitter_creator":"@lavostrallar","twitter_site":"@lavostrallar","twitter_misc":{"Escrit per":"lavostrallar Comunicacio","Temps estimat de lectura":"2 minuts"},"schema":{"@context":"https:\/\/schema.org","@graph":[{"@type":"Article","@id":"https:\/\/lavostrallar.com\/noticias\/tipos-de-residencias-de-ancianos-cual-es-la-mas-adecuada\/#article","isPartOf":{"@id":"https:\/\/lavostrallar.com\/noticias\/tipos-de-residencias-de-ancianos-cual-es-la-mas-adecuada\/"},"author":{"name":"lavostrallar Comunicacio","@id":"https:\/\/lavostrallar.com\/noticias\/#\/schema\/person\/321f189af5ebbd679ae095028db43fdd"},"headline":"Tipos de residencias de ancianos: \u00bfCu\u00e1l es la m\u00e1s adecuada?","datePublished":"2025-10-24T11:28:02+00:00","dateModified":"2026-03-12T15:10:51+00:00","mainEntityOfPage":{"@id":"https:\/\/lavostrallar.com\/noticias\/tipos-de-residencias-de-ancianos-cual-es-la-mas-adecuada\/"},"wordCount":434,"publisher":{"@id":"https:\/\/lavostrallar.com\/noticias\/#organization"},"image":{"@id":"https:\/\/lavostrallar.com\/noticias\/tipos-de-residencias-de-ancianos-cual-es-la-mas-adecuada\/#primaryimage"},"thumbnailUrl":"https:\/\/lavostrallar.com\/noticias\/wp-content\/uploads\/2025\/09\/DSC09912_fisio-33-scaled.jpg","keywords":["Actividades para mayores","Atenci\u00f3n centrada en la persona","Residencias de ancianos","Salud y envejecimiento activo","Talleres","Terapia"],"articleSection":["Noticias Blanes","Noticias Clot","Noticias Esplugues","Noticias Gr\u00e0cia","Noticias La Marina","Noticias La Rambla","Noticias Les D\u00e0lies","Noticias Les Oliveres","Noticias Matar\u00f3","Noticias Parc G\u00fcell","Noticias Reig","Noticias Terrassa","Residencia ancianos"],"inLanguage":"ca"},{"@type":"WebPage","@id":"https:\/\/lavostrallar.com\/noticias\/tipos-de-residencias-de-ancianos-cual-es-la-mas-adecuada\/","url":"https:\/\/lavostrallar.com\/noticias\/tipos-de-residencias-de-ancianos-cual-es-la-mas-adecuada\/","name":"Tipus de resid\u00e8ncies d\u2019avis i com triar","isPartOf":{"@id":"https:\/\/lavostrallar.com\/noticias\/#website"},"primaryImageOfPage":{"@id":"https:\/\/lavostrallar.com\/noticias\/tipos-de-residencias-de-ancianos-cual-es-la-mas-adecuada\/#primaryimage"},"image":{"@id":"https:\/\/lavostrallar.com\/noticias\/tipos-de-residencias-de-ancianos-cual-es-la-mas-adecuada\/#primaryimage"},"thumbnailUrl":"https:\/\/lavostrallar.com\/noticias\/wp-content\/uploads\/2025\/09\/DSC09912_fisio-33-scaled.jpg","datePublished":"2025-10-24T11:28:02+00:00","dateModified":"2026-03-12T15:10:51+00:00","description":"Tipus de resid\u00e8ncies de gent gran n'hi ha molts, i triar la m\u00e9s adequada \u00e9s una decisi\u00f3 important que mereix temps","breadcrumb":{"@id":"https:\/\/lavostrallar.com\/noticias\/tipos-de-residencias-de-ancianos-cual-es-la-mas-adecuada\/#breadcrumb"},"inLanguage":"ca","potentialAction":[{"@type":"ReadAction","target":["https:\/\/lavostrallar.com\/noticias\/tipos-de-residencias-de-ancianos-cual-es-la-mas-adecuada\/"]}]},{"@type":"ImageObject","inLanguage":"ca","@id":"https:\/\/lavostrallar.com\/noticias\/tipos-de-residencias-de-ancianos-cual-es-la-mas-adecuada\/#primaryimage","url":"https:\/\/lavostrallar.com\/noticias\/wp-content\/uploads\/2025\/09\/DSC09912_fisio-33-scaled.jpg","contentUrl":"https:\/\/lavostrallar.com\/noticias\/wp-content\/uploads\/2025\/09\/DSC09912_fisio-33-scaled.jpg","width":2048,"height":1361,"caption":"Tipos de residencias de ancianos"},{"@type":"BreadcrumbList","@id":"https:\/\/lavostrallar.com\/noticias\/tipos-de-residencias-de-ancianos-cual-es-la-mas-adecuada\/#breadcrumb","itemListElement":[{"@type":"ListItem","position":1,"name":"Portada","item":"https:\/\/lavostrallar.com\/noticias\/"},{"@type":"ListItem","position":2,"name":"Tipos de residencias de ancianos: \u00bfCu\u00e1l es la m\u00e1s adecuada?"}]},{"@type":"WebSite","@id":"https:\/\/lavostrallar.com\/noticias\/#website","url":"https:\/\/lavostrallar.com\/noticias\/","name":"La Vostra Llar","description":"La Vostra Llar gestiona resid\u00e8ncies geri\u00e0triques des de 1987 amb la missi\u00f3 d\u2019oferir assist\u00e8ncia personalitzada per estimular, acollir i atendre les persones grans amb qualsevol grau de depend\u00e8ncia.","publisher":{"@id":"https:\/\/lavostrallar.com\/noticias\/#organization"},"potentialAction":[{"@type":"SearchAction","target":{"@type":"EntryPoint","urlTemplate":"https:\/\/lavostrallar.com\/noticias\/?s={search_term_string}"},"query-input":{"@type":"PropertyValueSpecification","valueRequired":true,"valueName":"search_term_string"}}],"inLanguage":"ca"},{"@type":"Organization","@id":"https:\/\/lavostrallar.com\/noticias\/#organization","name":"La Vostra Llar","url":"https:\/\/lavostrallar.com\/noticias\/","logo":{"@type":"ImageObject","inLanguage":"ca","@id":"https:\/\/lavostrallar.com\/noticias\/#\/schema\/logo\/image\/","url":"https:\/\/lavostrallar.com\/noticias\/wp-content\/uploads\/2021\/12\/logo_lavostrallar.png","contentUrl":"https:\/\/lavostrallar.com\/noticias\/wp-content\/uploads\/2021\/12\/logo_lavostrallar.png","width":217,"height":109,"caption":"La Vostra Llar"},"image":{"@id":"https:\/\/lavostrallar.com\/noticias\/#\/schema\/logo\/image\/"},"sameAs":["https:\/\/www.facebook.com\/lavostra.llar","https:\/\/x.com\/lavostrallar","https:\/\/www.instagram.com\/lavostrallar\/"]},{"@type":"Person","@id":"https:\/\/lavostrallar.com\/noticias\/#\/schema\/person\/321f189af5ebbd679ae095028db43fdd","name":"lavostrallar Comunicacio","image":{"@type":"ImageObject","inLanguage":"ca","@id":"https:\/\/lavostrallar.com\/noticias\/#\/schema\/person\/image\/","url":"https:\/\/secure.gravatar.com\/avatar\/69a4b73b52c8eedccce42e542861709a5afc2b40e0a43d691da018458db2d41b?s=96&d=mm&r=g","contentUrl":"https:\/\/secure.gravatar.com\/avatar\/69a4b73b52c8eedccce42e542861709a5afc2b40e0a43d691da018458db2d41b?s=96&d=mm&r=g","caption":"lavostrallar Comunicacio"},"url":"https:\/\/lavostrallar.com\/noticias\/ca\/author\/lavostrallar-comunicacio\/"}]}},"_links":{"self":[{"href":"https:\/\/lavostrallar.com\/noticias\/ca\/wp-json\/wp\/v2\/posts\/35043","targetHints":{"allow":["GET"]}}],"collection":[{"href":"https:\/\/lavostrallar.com\/noticias\/ca\/wp-json\/wp\/v2\/posts"}],"about":[{"href":"https:\/\/lavostrallar.com\/noticias\/ca\/wp-json\/wp\/v2\/types\/post"}],"author":[{"embeddable":true,"href":"https:\/\/lavostrallar.com\/noticias\/ca\/wp-json\/wp\/v2\/users\/12"}],"replies":[{"embeddable":true,"href":"https:\/\/lavostrallar.com\/noticias\/ca\/wp-json\/wp\/v2\/comments?post=35043"}],"version-history":[{"count":13,"href":"https:\/\/lavostrallar.com\/noticias\/ca\/wp-json\/wp\/v2\/posts\/35043\/revisions"}],"predecessor-version":[{"id":35057,"href":"https:\/\/lavostrallar.com\/noticias\/ca\/wp-json\/wp\/v2\/posts\/35043\/revisions\/35057"}],"wp:featuredmedia":[{"embeddable":true,"href":"https:\/\/lavostrallar.com\/noticias\/ca\/wp-json\/wp\/v2\/media\/35048"}],"wp:attachment":[{"href":"https:\/\/lavostrallar.com\/noticias\/ca\/wp-json\/wp\/v2\/media?parent=35043"}],"wp:term":[{"taxonomy":"category","embeddable":true,"href":"https:\/\/lavostrallar.com\/noticias\/ca\/wp-json\/wp\/v2\/categories?post=35043"},{"taxonomy":"post_tag","embeddable":true,"href":"https:\/\/lavostrallar.com\/noticias\/ca\/wp-json\/wp\/v2\/tags?post=35043"}],"curies":[{"name":"wp","href":"https:\/\/api.w.org\/{rel}","templated":true}]}}