	{"id":35248,"date":"2026-04-27T15:37:10","date_gmt":"2026-04-27T13:37:10","guid":{"rendered":"https:\/\/lavostrallar.com\/noticias\/?p=35248"},"modified":"2026-04-27T17:00:21","modified_gmt":"2026-04-27T15:00:21","slug":"pintamos-vinculos-arte-comunitario-para-impulsar-inclusion-y-participacion-de-las-personas-mayores","status":"publish","type":"post","link":"https:\/\/lavostrallar.com\/noticias\/ca\/pintamos-vinculos-arte-comunitario-para-impulsar-inclusion-y-participacion-de-las-personas-mayores\/","title":{"rendered":"Pintem Vincles: art comunitari per impulsar la inclusi\u00f3 i la participaci\u00f3 de les persones grans"},"content":{"rendered":"<div data-elementor-type=\"wp-post\" data-elementor-id=\"35248\" class=\"elementor elementor-35248\" data-elementor-post-type=\"post\">\n\t\t\t\t\t\t<section class=\"elementor-section elementor-top-section elementor-element elementor-element-3357f843 elementor-section-boxed elementor-section-height-default elementor-section-height-default\" data-id=\"3357f843\" data-element_type=\"section\">\n\t\t\t\t\t\t<div class=\"elementor-container elementor-column-gap-default\">\n\t\t\t\t\t<div class=\"elementor-column elementor-col-100 elementor-top-column elementor-element elementor-element-113ba852\" data-id=\"113ba852\" data-element_type=\"column\">\n\t\t\t<div class=\"elementor-widget-wrap elementor-element-populated\">\n\t\t\t\t\t\t<div class=\"elementor-element elementor-element-194393b6 elementor-widget elementor-widget-text-editor\" data-id=\"194393b6\" data-element_type=\"widget\" data-widget_type=\"text-editor.default\">\n\t\t\t\t<div class=\"elementor-widget-container\">\n\t\t\t\t\t\t\t\t\t<p>Pintem Vincles promou la inclusi\u00f3 i la participaci\u00f3 situant les persones grans al centre. La Vostra Llar impulsa aquest projecte que utilitza la creativitat com a eina de transformaci\u00f3 social per <strong>recon\u00e8ixer el valor de les persones grans<\/strong> i refor\u00e7ar el seu paper actiu dins la comunitat.<\/p>\n<p><!-- \/wp:paragraph --><!-- wp:paragraph --><\/p>\n<p>Aquesta iniciativa, que compta amb el suport de l' <strong><a href=\"https:\/\/www.mataro.cat\/?set_language=es\">Ajuntament de Matar\u00f3<\/a><\/strong>, culminar\u00e0 amb la pintura d\u2019un <strong>mural col\u00b7laboratiu<\/strong> al camp de futbol de l\u2019equip esportiu <strong><a href=\"https:\/\/www.fcf.cat\/club\/2526\/cerdanyola-mataro-assocespll\">AEiLL Cerdanyola de Matar\u00f3<\/a><\/strong>, resultat d\u2019un proc\u00e9s participatiu que implicar\u00e0 persones grans residents de <strong><a href=\"https:\/\/lavostrallar.com\/ca\/residencia-mataro\/\">La Vostra Llar Matar\u00f3<\/a><\/strong>, infants i joves dels centres educatius <strong><a href=\"https:\/\/agora.xtec.cat\/ceipvistaalegre\/\">Escola Vista Alegre<\/a><\/strong> i <strong><a href=\"https:\/\/www.valldemia.maristes.cat\/ca\">Maristes Valldemia<\/a><\/strong>, juntament amb <strong><a href=\"https:\/\/www.valldemia.maristes.cat\/ca\/pastoral-0-ca\">Maristes Valldemia Pastoral<\/a><\/strong>, i persones amb especials dificultats i necessitats complexes a trav\u00e9s de la <strong><a href=\"https:\/\/www.fundaciomaresme.cat\/\">Fundaci\u00f3 el Maresme<\/a><\/strong> i els usuaris de <strong>Llar Resid\u00e8ncia \u2013 Les Sureres<\/strong>.<\/p>\n<p><!-- \/wp:paragraph --><!-- wp:paragraph --><\/p>\n<p>L\u2019objectiu \u00e9s sensibilitzar la societat sobre l\u2019envelliment, trencar estereotips associats a l\u2019edat i promoure la participaci\u00f3 i inclusi\u00f3, generant espais de trobada a trav\u00e9s de l\u2019art urb\u00e0.<\/p>\n<p><!-- \/wp:paragraph --><!-- wp:heading --><\/p>\n<h4><strong>Inspirat en l\u2019Any Gaud\u00ed: art i identitat a Pintem Vincles<\/strong><\/h4>\n<p><!-- \/wp:heading --><!-- wp:paragraph --><\/p>\n<p>Coincidint amb la celebraci\u00f3 de l\u2019 <strong>Any Gaud\u00ed<\/strong>, el proc\u00e9s creatiu de Pintem Vincles s\u2019inspira en l\u2019obra, les t\u00e8cniques de dibuix i els valors del reconegut arquitecte, incorporant elements que connecten <strong>creativitat, mem\u00f2ria i identitat col\u00b7lectiva<\/strong>. A m\u00e9s, el projecte tamb\u00e9 s\u2019emmarca en <strong>Barcelona Capital Mundial de la Arquitectura 2026<\/strong> i del <strong>150\u00e8 aniversari de la mort d\u2019Ildefons Cerd\u00e0<\/strong>, refor\u00e7ant la mirada sobre l\u2019espai p\u00fablic com a lloc de conviv\u00e8ncia, expressi\u00f3 i cohesi\u00f3 social.<\/p>\n<p><!-- \/wp:paragraph --><!-- wp:paragraph --><\/p>\n<p>Des de La Vostra Llar defensem el <strong>l\u2019art com a eina de transformaci\u00f3 social<\/strong> que humanitza els espais urbans i crea vincles reals entre persones.<\/p>\n<p><!-- \/wp:paragraph --><!-- wp:heading --><\/p>\n<h4><strong>Equip creatiu i acompanyament professional<\/strong><\/h4>\n<p><!-- \/wp:heading --><!-- wp:paragraph --><\/p>\n<p>El proc\u00e9s creatiu compta amb <strong>Carlos Spogo<\/strong>, especialista en art social i coordinador de l\u2019equip de <a href=\"https:\/\/pintamosmucho.es\/que-es\/\"><strong>Pintamos Mucho<\/strong><\/a>, juntament amb l\u2019acompanyament dels equips d\u2019educaci\u00f3 social, psicologia i ter\u00e0pia ocupacional de La Vostra Llar.<\/p>\n<h4><strong>Contribuci\u00f3 als Objectius de Desenvolupament Sostenible<\/strong><\/h4>\n<p><!-- \/wp:paragraph --><!-- wp:paragraph --><\/p>\n<p>A m\u00e9s, Pintem Vincles t\u00e9 un <strong>impacte social directe<\/strong> i s\u2019alinea amb diversos <strong>Objectius de Desenvolupament Sostenible (ODS)<\/strong>, especialment amb l\u2019ODS 3 (Salut i benestar), l\u2019ODS 10 (Reducci\u00f3 de les desigualtats) i l\u2019ODS 11 (Ciutats i comunitats sostenibles).<\/p>\n<p><!-- \/wp:paragraph --><!-- wp:paragraph --><\/p>\n<p>Mitjan\u00e7ant intervencions art\u00edstiques, el projecte contribueix a dinamitzar l\u2019espai p\u00fablic, fomentar la participaci\u00f3 ciutadana i refor\u00e7ar la vida comunit\u00e0ria.<\/p>\n<p><!-- \/wp:paragraph --><!-- wp:heading --><\/p>\n<h4><strong>Com es desenvolupa Pintem Vincles: fases del projecte participatiu<\/strong><\/h4>\n<p><!-- \/wp:heading --><!-- wp:paragraph --><\/p>\n<p>El projecte s\u2019organitza en diverses fases que combinen <strong>planificaci\u00f3, aliances, participaci\u00f3 comunit\u00e0ria i intervenci\u00f3 a l\u2019espai p\u00fablic:<\/strong>:<\/p>\n<p><!-- \/wp:paragraph --><!-- wp:list {\"ordered\":true,\"start\":1} --><\/p>\n<ol class=\"wp-block-list\" start=\"1\">\n<li style=\"list-style-type: none;\">\n<ol class=\"wp-block-list\" start=\"1\"><!-- wp:list-item --><\/ol>\n<\/li>\n<\/ol>\n<ol class=\"wp-block-list\" start=\"1\">\n<li style=\"list-style-type: none;\">\n<ul>\n<li><strong>Planificaci\u00f3:<\/strong> identificaci\u00f3 d\u2019agents del territori, an\u00e0lisi de viabilitat i selecci\u00f3 d\u2019espais p\u00fablics.<\/li>\n<\/ul>\n<\/li>\n<\/ol>\n<p><!-- \/wp:list-item --><!-- wp:list-item --><\/p>\n<ol class=\"wp-block-list\" start=\"1\">\n<li style=\"list-style-type: none;\">\n<ul>\n<li><strong>Aliances comunit\u00e0ries i difusi\u00f3:<\/strong> definici\u00f3 dels rols de participaci\u00f3, organitzaci\u00f3 del calendari i la log\u00edstica i informaci\u00f3 a fam\u00edlies i persones residents.<\/li>\n<\/ul>\n<\/li>\n<\/ol>\n<p><!-- \/wp:list-item --><!-- wp:list-item --><\/p>\n<ol class=\"wp-block-list\" start=\"1\">\n<li style=\"list-style-type: none;\">\n<ul>\n<li><strong>Creaci\u00f3 col\u00b7lectiva: <\/strong>sessions participatives amb persones grans per treballar records vinculats a Gaud\u00ed, la ciutat, els seus espais i els valors del mural.<\/li>\n<\/ul>\n<\/li>\n<\/ol>\n<p><!-- \/wp:list-item --><!-- wp:list-item --><\/p>\n<ol class=\"wp-block-list\" start=\"1\">\n<li style=\"list-style-type: none;\">\n<ul>\n<li><strong>Execuci\u00f3 del mural:<\/strong> pintura del mural a trav\u00e9s de sessions obertes amb participaci\u00f3 comunit\u00e0ria, intergeneracional i inclusiva de persones amb diversitat funcional.<\/li>\n<\/ul>\n<\/li>\n<\/ol>\n<p><!-- \/wp:list-item --><!-- wp:list-item --><\/p>\n<ol class=\"wp-block-list\" start=\"1\">\n<li style=\"list-style-type: none;\">\n<ul>\n<li><strong>Cloenda i retorn comunitari:<\/strong> inauguraci\u00f3 del mural, retorn del proc\u00e9s a les persones participants i avaluaci\u00f3 de l\u2019impacte social del projecte.<\/li>\n<\/ul>\n<\/li>\n<\/ol>\n<p><!-- \/wp:list-item --><\/p>\n<p><!-- \/wp:list --><!-- wp:heading --><\/p>\n<h4><strong>Objectius del projecte d\u2019art comunitari<\/strong><\/h4>\n<p><!-- \/wp:heading --><!-- wp:paragraph --><\/p>\n<p>Els principals objectius de Pintem Vincles s\u00f3n:<\/p>\n<p><!-- \/wp:paragraph --><!-- wp:list --><\/p>\n<ul class=\"wp-block-list\">\n<li style=\"list-style-type: none;\">\n<ul class=\"wp-block-list\"><!-- wp:list-item --><\/ul>\n<\/li>\n<\/ul>\n<ul class=\"wp-block-list\">\n<li style=\"list-style-type: none;\">\n<ul class=\"wp-block-list\">\n<li>Donar <strong>visibilitat i reconeixement social a les persones grans<\/strong>.<\/li>\n<\/ul>\n<\/li>\n<\/ul>\n<p><!-- \/wp:list-item --><!-- wp:list-item --><\/p>\n<ul class=\"wp-block-list\">\n<li style=\"list-style-type: none;\">\n<ul class=\"wp-block-list\">\n<li>Fomentar la seva <strong>participaci\u00f3 activa<\/strong> en la vida comunit\u00e0ria.<\/li>\n<\/ul>\n<\/li>\n<\/ul>\n<p><!-- \/wp:list-item --><!-- wp:list-item --><\/p>\n<ul class=\"wp-block-list\">\n<li style=\"list-style-type: none;\">\n<ul class=\"wp-block-list\">\n<li>Refor\u00e7ar el <strong>vincle entre les resid\u00e8ncies de gent gran i l\u2019entorn<\/strong>.<\/li>\n<\/ul>\n<\/li>\n<\/ul>\n<p><!-- \/wp:list-item --><!-- wp:list-item --><\/p>\n<ul class=\"wp-block-list\">\n<li style=\"list-style-type: none;\">\n<ul class=\"wp-block-list\">\n<li>Impulsar la <strong>relaci\u00f3 intergeneracional <\/strong>i la<strong> inclusi\u00f3 <\/strong>de persones amb diversitat funcional a trav\u00e9s de l\u2019art.<\/li>\n<\/ul>\n<\/li>\n<\/ul>\n<p><!-- \/wp:list-item --><!-- wp:list-item --><\/p>\n<ul class=\"wp-block-list\">\n<li style=\"list-style-type: none;\">\n<ul class=\"wp-block-list\">\n<li><strong>Sensibilitzar la societat<\/strong> sobre l\u2019envelliment i la realitat dels centres residencials, combatent estereotips i prejudicis.<\/li>\n<\/ul>\n<\/li>\n<\/ul>\n<p><!-- \/wp:list-item --><!-- wp:list-item --><\/p>\n<ul class=\"wp-block-list\">\n<li style=\"list-style-type: none;\">\n<ul class=\"wp-block-list\">\n<li>Utilitzar l\u2019art urb\u00e0 com a <strong>eina socioeducativa, de cohesi\u00f3 social i d\u2019expressi\u00f3 col\u00b7lectiva<\/strong>.<\/li>\n<\/ul>\n<\/li>\n<\/ul>\n<p><!-- \/wp:list-item --><\/p>\n<p><!-- \/wp:list --><!-- wp:heading --><\/p>\n<h4><strong>Beneficis per a les persones grans i la comunitat<\/strong><\/h4>\n<p><!-- \/wp:heading --><!-- wp:paragraph --><\/p>\n<p><strong>Persones residents:<\/strong> augment del sentiment de pertinen\u00e7a, estimulaci\u00f3 cognitiva i emocional, millora del benestar i de les relacions socials.<\/p>\n<p><!-- \/wp:paragraph --><!-- wp:paragraph --><\/p>\n<p><strong>Entitats i centres educatius:<\/strong> participaci\u00f3 en un projecte amb impacte comunitari, aprenentatge en valors com l\u2019empatia i la inclusi\u00f3, i establiment de col\u00b7laboracions futures.<\/p>\n<p><!-- \/wp:paragraph --><!-- wp:paragraph --><\/p>\n<p><strong>Fam\u00edlies:<\/strong> implicaci\u00f3 en un projecte compartit i refor\u00e7 del vincle amb les persones residents i els centres residencials.<\/p>\n<p><!-- \/wp:paragraph --><!-- wp:paragraph --><\/p>\n<p><strong>Territori:<\/strong> millora de l\u2019espai p\u00fablic, creaci\u00f3 d\u2019un element art\u00edstic identitari i foment d\u2019una comunitat m\u00e9s cohesionada i intergeneracional.<\/p>\n<p><!-- \/wp:paragraph --><!-- wp:paragraph --><\/p>\n<p>Com a resultat, el projecte referma el comprom\u00eds de La Vostra Llar amb la inclusi\u00f3 i la participaci\u00f3, situant les persones grans al centre de la comunitat.<\/p>\n<p><!-- \/wp:paragraph --><!-- wp:paragraph --><\/p>\n<p><!-- \/wp:paragraph --><\/p>\t\t\t\t\t\t\t\t<\/div>\n\t\t\t\t<\/div>\n\t\t\t\t\t<\/div>\n\t\t<\/div>\n\t\t\t\t\t<\/div>\n\t\t<\/section>\n\t\t\t\t<\/div>","protected":false},"excerpt":{"rendered":"<p>Pintamos V\u00ednculos promueve la inclusi\u00f3n y la participaci\u00f3n situando a las personas mayores en el centro. La Vostra Llar pone en marcha este proyecto que utiliza la creatividad como herramienta de transformaci\u00f3n social para reconocer a las personas mayores y reforzar su papel activo dentro de la comunidad. Esta iniciativa, que cuenta con el apoyo [&hellip;]<\/p>","protected":false},"author":12,"featured_media":35253,"comment_status":"closed","ping_status":"closed","sticky":false,"template":"","format":"standard","meta":{"content-type":"","footnotes":""},"categories":[11,47,256,18,245,12,13,14,15,27,16,19,459],"tags":[69,21,7,58,488,311,20],"class_list":["post-35248","post","type-post","status-publish","format-standard","has-post-thumbnail","hentry","category-noticias-blanes","category-noticias-clot","category-noticias-esplugues","category-noticias-gracia","category-noticias-la-marina","category-noticias-la-rambla","category-noticias-les-dalies","category-noticias-les-oliveres","category-noticias-mataro","category-noticias-guell","category-noticias-reig","category-noticias-terrassa","category-residencia-ancianos","tag-actividades-para-mayores","tag-atencion-centrada-en-la-persona","tag-compromiso-social","tag-educacion-artistica","tag-pintamos-vinculos","tag-proyecto-intergeneracional","tag-salud-y-envejecimiento-activo"],"yoast_head":"<!-- This site is optimized with the Yoast SEO plugin v26.0 - https:\/\/yoast.com\/wordpress\/plugins\/seo\/ -->\n<title>Pintamos V\u00ednculos: arte comunitario para impulsar inclusi\u00f3n y participaci\u00f3n de las personas mayores - Noticias La Vostra Llar<\/title>\n<meta name=\"description\" content=\"Un proyecto que utiliza el arte para promover inclusi\u00f3n, participaci\u00f3n y comunidad, situando a las personas mayores en el centro.\" \/>\n<meta name=\"robots\" content=\"index, follow, max-snippet:-1, max-image-preview:large, max-video-preview:-1\" \/>\n<link rel=\"canonical\" href=\"https:\/\/lavostrallar.com\/noticias\/ca\/pintamos-vinculos-arte-comunitario-para-impulsar-inclusion-y-participacion-de-las-personas-mayores\/\" \/>\n<meta property=\"og:locale\" content=\"ca_ES\" \/>\n<meta property=\"og:type\" content=\"article\" \/>\n<meta property=\"og:title\" content=\"Pintamos V\u00ednculos: arte comunitario para impulsar inclusi\u00f3n y participaci\u00f3n de las personas mayores - Noticias La Vostra Llar\" \/>\n<meta property=\"og:description\" content=\"Un proyecto que utiliza el arte para promover inclusi\u00f3n, participaci\u00f3n y comunidad, situando a las personas mayores en el centro.\" \/>\n<meta property=\"og:url\" content=\"https:\/\/lavostrallar.com\/noticias\/ca\/pintamos-vinculos-arte-comunitario-para-impulsar-inclusion-y-participacion-de-las-personas-mayores\/\" \/>\n<meta property=\"og:site_name\" content=\"Noticias La Vostra Llar\" \/>\n<meta property=\"article:publisher\" content=\"https:\/\/www.facebook.com\/lavostra.llar\" \/>\n<meta property=\"article:published_time\" content=\"2026-04-27T13:37:10+00:00\" \/>\n<meta property=\"article:modified_time\" content=\"2026-04-27T15:00:21+00:00\" \/>\n<meta property=\"og:image\" content=\"https:\/\/lavostrallar.com\/noticias\/wp-content\/uploads\/2026\/04\/670262094_1581353637330750_6849459324650639503_n.jpg\" \/>\n\t<meta property=\"og:image:width\" content=\"2000\" \/>\n\t<meta property=\"og:image:height\" content=\"1500\" \/>\n\t<meta property=\"og:image:type\" content=\"image\/jpeg\" \/>\n<meta name=\"author\" content=\"lavostrallar Comunicacio\" \/>\n<meta name=\"twitter:card\" content=\"summary_large_image\" \/>\n<meta name=\"twitter:creator\" content=\"@lavostrallar\" \/>\n<meta name=\"twitter:site\" content=\"@lavostrallar\" \/>\n<meta name=\"twitter:label1\" content=\"Escrit per\" \/>\n\t<meta name=\"twitter:data1\" content=\"lavostrallar Comunicacio\" \/>\n\t<meta name=\"twitter:label2\" content=\"Temps estimat de lectura\" \/>\n\t<meta name=\"twitter:data2\" content=\"4 minuts\" \/>\n<script type=\"application\/ld+json\" class=\"yoast-schema-graph\">{\"@context\":\"https:\/\/schema.org\",\"@graph\":[{\"@type\":\"Article\",\"@id\":\"https:\/\/lavostrallar.com\/noticias\/pintamos-vinculos-arte-comunitario-para-impulsar-inclusion-y-participacion-de-las-personas-mayores\/#article\",\"isPartOf\":{\"@id\":\"https:\/\/lavostrallar.com\/noticias\/pintamos-vinculos-arte-comunitario-para-impulsar-inclusion-y-participacion-de-las-personas-mayores\/\"},\"author\":{\"name\":\"lavostrallar Comunicacio\",\"@id\":\"https:\/\/lavostrallar.com\/noticias\/#\/schema\/person\/321f189af5ebbd679ae095028db43fdd\"},\"headline\":\"Pintamos V\u00ednculos: arte comunitario para impulsar inclusi\u00f3n y participaci\u00f3n de las personas mayores\",\"datePublished\":\"2026-04-27T13:37:10+00:00\",\"dateModified\":\"2026-04-27T15:00:21+00:00\",\"mainEntityOfPage\":{\"@id\":\"https:\/\/lavostrallar.com\/noticias\/pintamos-vinculos-arte-comunitario-para-impulsar-inclusion-y-participacion-de-las-personas-mayores\/\"},\"wordCount\":814,\"publisher\":{\"@id\":\"https:\/\/lavostrallar.com\/noticias\/#organization\"},\"image\":{\"@id\":\"https:\/\/lavostrallar.com\/noticias\/pintamos-vinculos-arte-comunitario-para-impulsar-inclusion-y-participacion-de-las-personas-mayores\/#primaryimage\"},\"thumbnailUrl\":\"https:\/\/lavostrallar.com\/noticias\/wp-content\/uploads\/2026\/04\/670262094_1581353637330750_6849459324650639503_n.jpg\",\"keywords\":[\"Actividades para mayores\",\"Atenci\u00f3n centrada en la persona\",\"Compromiso social\",\"Educaci\u00f3n art\u00edstica\",\"Pintamos V\u00ednculos\",\"Proyecto intergeneracional\",\"Salud y envejecimiento activo\"],\"articleSection\":[\"Noticias Blanes\",\"Noticias Clot\",\"Noticias Esplugues\",\"Noticias Gr\u00e0cia\",\"Noticias La Marina\",\"Noticias La Rambla\",\"Noticias Les D\u00e0lies\",\"Noticias Les Oliveres\",\"Noticias Matar\u00f3\",\"Noticias Parc G\u00fcell\",\"Noticias Reig\",\"Noticias Terrassa\",\"Residencia ancianos\"],\"inLanguage\":\"ca\"},{\"@type\":\"WebPage\",\"@id\":\"https:\/\/lavostrallar.com\/noticias\/pintamos-vinculos-arte-comunitario-para-impulsar-inclusion-y-participacion-de-las-personas-mayores\/\",\"url\":\"https:\/\/lavostrallar.com\/noticias\/pintamos-vinculos-arte-comunitario-para-impulsar-inclusion-y-participacion-de-las-personas-mayores\/\",\"name\":\"Pintamos V\u00ednculos: arte comunitario para impulsar inclusi\u00f3n y participaci\u00f3n de las personas mayores - Noticias La Vostra Llar\",\"isPartOf\":{\"@id\":\"https:\/\/lavostrallar.com\/noticias\/#website\"},\"primaryImageOfPage\":{\"@id\":\"https:\/\/lavostrallar.com\/noticias\/pintamos-vinculos-arte-comunitario-para-impulsar-inclusion-y-participacion-de-las-personas-mayores\/#primaryimage\"},\"image\":{\"@id\":\"https:\/\/lavostrallar.com\/noticias\/pintamos-vinculos-arte-comunitario-para-impulsar-inclusion-y-participacion-de-las-personas-mayores\/#primaryimage\"},\"thumbnailUrl\":\"https:\/\/lavostrallar.com\/noticias\/wp-content\/uploads\/2026\/04\/670262094_1581353637330750_6849459324650639503_n.jpg\",\"datePublished\":\"2026-04-27T13:37:10+00:00\",\"dateModified\":\"2026-04-27T15:00:21+00:00\",\"description\":\"Un proyecto que utiliza el arte para promover inclusi\u00f3n, participaci\u00f3n y comunidad, situando a las personas mayores en el centro.\",\"breadcrumb\":{\"@id\":\"https:\/\/lavostrallar.com\/noticias\/pintamos-vinculos-arte-comunitario-para-impulsar-inclusion-y-participacion-de-las-personas-mayores\/#breadcrumb\"},\"inLanguage\":\"ca\",\"potentialAction\":[{\"@type\":\"ReadAction\",\"target\":[\"https:\/\/lavostrallar.com\/noticias\/pintamos-vinculos-arte-comunitario-para-impulsar-inclusion-y-participacion-de-las-personas-mayores\/\"]}]},{\"@type\":\"ImageObject\",\"inLanguage\":\"ca\",\"@id\":\"https:\/\/lavostrallar.com\/noticias\/pintamos-vinculos-arte-comunitario-para-impulsar-inclusion-y-participacion-de-las-personas-mayores\/#primaryimage\",\"url\":\"https:\/\/lavostrallar.com\/noticias\/wp-content\/uploads\/2026\/04\/670262094_1581353637330750_6849459324650639503_n.jpg\",\"contentUrl\":\"https:\/\/lavostrallar.com\/noticias\/wp-content\/uploads\/2026\/04\/670262094_1581353637330750_6849459324650639503_n.jpg\",\"width\":2000,\"height\":1500},{\"@type\":\"BreadcrumbList\",\"@id\":\"https:\/\/lavostrallar.com\/noticias\/pintamos-vinculos-arte-comunitario-para-impulsar-inclusion-y-participacion-de-las-personas-mayores\/#breadcrumb\",\"itemListElement\":[{\"@type\":\"ListItem\",\"position\":1,\"name\":\"Portada\",\"item\":\"https:\/\/lavostrallar.com\/noticias\/\"},{\"@type\":\"ListItem\",\"position\":2,\"name\":\"Pintamos V\u00ednculos: arte comunitario para impulsar inclusi\u00f3n y participaci\u00f3n de las personas mayores\"}]},{\"@type\":\"WebSite\",\"@id\":\"https:\/\/lavostrallar.com\/noticias\/#website\",\"url\":\"https:\/\/lavostrallar.com\/noticias\/\",\"name\":\"La Vostra Llar\",\"description\":\"La Vostra Llar gestiona resid\u00e8ncies geri\u00e0triques des de 1987 amb la missi\u00f3 d\u2019oferir assist\u00e8ncia personalitzada per estimular, acollir i atendre les persones grans amb qualsevol grau de depend\u00e8ncia.\",\"publisher\":{\"@id\":\"https:\/\/lavostrallar.com\/noticias\/#organization\"},\"potentialAction\":[{\"@type\":\"SearchAction\",\"target\":{\"@type\":\"EntryPoint\",\"urlTemplate\":\"https:\/\/lavostrallar.com\/noticias\/?s={search_term_string}\"},\"query-input\":{\"@type\":\"PropertyValueSpecification\",\"valueRequired\":true,\"valueName\":\"search_term_string\"}}],\"inLanguage\":\"ca\"},{\"@type\":\"Organization\",\"@id\":\"https:\/\/lavostrallar.com\/noticias\/#organization\",\"name\":\"La Vostra Llar\",\"url\":\"https:\/\/lavostrallar.com\/noticias\/\",\"logo\":{\"@type\":\"ImageObject\",\"inLanguage\":\"ca\",\"@id\":\"https:\/\/lavostrallar.com\/noticias\/#\/schema\/logo\/image\/\",\"url\":\"https:\/\/lavostrallar.com\/noticias\/wp-content\/uploads\/2021\/12\/logo_lavostrallar.png\",\"contentUrl\":\"https:\/\/lavostrallar.com\/noticias\/wp-content\/uploads\/2021\/12\/logo_lavostrallar.png\",\"width\":217,\"height\":109,\"caption\":\"La Vostra Llar\"},\"image\":{\"@id\":\"https:\/\/lavostrallar.com\/noticias\/#\/schema\/logo\/image\/\"},\"sameAs\":[\"https:\/\/www.facebook.com\/lavostra.llar\",\"https:\/\/x.com\/lavostrallar\",\"https:\/\/www.instagram.com\/lavostrallar\/\"]},{\"@type\":\"Person\",\"@id\":\"https:\/\/lavostrallar.com\/noticias\/#\/schema\/person\/321f189af5ebbd679ae095028db43fdd\",\"name\":\"lavostrallar Comunicacio\",\"image\":{\"@type\":\"ImageObject\",\"inLanguage\":\"ca\",\"@id\":\"https:\/\/lavostrallar.com\/noticias\/#\/schema\/person\/image\/\",\"url\":\"https:\/\/secure.gravatar.com\/avatar\/69a4b73b52c8eedccce42e542861709a5afc2b40e0a43d691da018458db2d41b?s=96&d=mm&r=g\",\"contentUrl\":\"https:\/\/secure.gravatar.com\/avatar\/69a4b73b52c8eedccce42e542861709a5afc2b40e0a43d691da018458db2d41b?s=96&d=mm&r=g\",\"caption\":\"lavostrallar Comunicacio\"},\"url\":\"https:\/\/lavostrallar.com\/noticias\/ca\/author\/lavostrallar-comunicacio\/\"}]}<\/script>\n<!-- \/ Yoast SEO plugin. -->","yoast_head_json":{"title":"Pintamos V\u00ednculos: arte comunitario para impulsar inclusi\u00f3n y participaci\u00f3n de las personas mayores - Noticias La Vostra Llar","description":"Un proyecto que utiliza el arte para promover inclusi\u00f3n, participaci\u00f3n y comunidad, situando a las personas mayores en el centro.","robots":{"index":"index","follow":"follow","max-snippet":"max-snippet:-1","max-image-preview":"max-image-preview:large","max-video-preview":"max-video-preview:-1"},"canonical":"https:\/\/lavostrallar.com\/noticias\/ca\/pintamos-vinculos-arte-comunitario-para-impulsar-inclusion-y-participacion-de-las-personas-mayores\/","og_locale":"ca_ES","og_type":"article","og_title":"Pintamos V\u00ednculos: arte comunitario para impulsar inclusi\u00f3n y participaci\u00f3n de las personas mayores - Noticias La Vostra Llar","og_description":"Un proyecto que utiliza el arte para promover inclusi\u00f3n, participaci\u00f3n y comunidad, situando a las personas mayores en el centro.","og_url":"https:\/\/lavostrallar.com\/noticias\/ca\/pintamos-vinculos-arte-comunitario-para-impulsar-inclusion-y-participacion-de-las-personas-mayores\/","og_site_name":"Noticias La Vostra Llar","article_publisher":"https:\/\/www.facebook.com\/lavostra.llar","article_published_time":"2026-04-27T13:37:10+00:00","article_modified_time":"2026-04-27T15:00:21+00:00","og_image":[{"width":2000,"height":1500,"url":"https:\/\/lavostrallar.com\/noticias\/wp-content\/uploads\/2026\/04\/670262094_1581353637330750_6849459324650639503_n.jpg","type":"image\/jpeg"}],"author":"lavostrallar Comunicacio","twitter_card":"summary_large_image","twitter_creator":"@lavostrallar","twitter_site":"@lavostrallar","twitter_misc":{"Escrit per":"lavostrallar Comunicacio","Temps estimat de lectura":"4 minuts"},"schema":{"@context":"https:\/\/schema.org","@graph":[{"@type":"Article","@id":"https:\/\/lavostrallar.com\/noticias\/pintamos-vinculos-arte-comunitario-para-impulsar-inclusion-y-participacion-de-las-personas-mayores\/#article","isPartOf":{"@id":"https:\/\/lavostrallar.com\/noticias\/pintamos-vinculos-arte-comunitario-para-impulsar-inclusion-y-participacion-de-las-personas-mayores\/"},"author":{"name":"lavostrallar Comunicacio","@id":"https:\/\/lavostrallar.com\/noticias\/#\/schema\/person\/321f189af5ebbd679ae095028db43fdd"},"headline":"Pintamos V\u00ednculos: arte comunitario para impulsar inclusi\u00f3n y participaci\u00f3n de las personas mayores","datePublished":"2026-04-27T13:37:10+00:00","dateModified":"2026-04-27T15:00:21+00:00","mainEntityOfPage":{"@id":"https:\/\/lavostrallar.com\/noticias\/pintamos-vinculos-arte-comunitario-para-impulsar-inclusion-y-participacion-de-las-personas-mayores\/"},"wordCount":814,"publisher":{"@id":"https:\/\/lavostrallar.com\/noticias\/#organization"},"image":{"@id":"https:\/\/lavostrallar.com\/noticias\/pintamos-vinculos-arte-comunitario-para-impulsar-inclusion-y-participacion-de-las-personas-mayores\/#primaryimage"},"thumbnailUrl":"https:\/\/lavostrallar.com\/noticias\/wp-content\/uploads\/2026\/04\/670262094_1581353637330750_6849459324650639503_n.jpg","keywords":["Actividades para mayores","Atenci\u00f3n centrada en la persona","Compromiso social","Educaci\u00f3n art\u00edstica","Pintamos V\u00ednculos","Proyecto intergeneracional","Salud y envejecimiento activo"],"articleSection":["Noticias Blanes","Noticias Clot","Noticias Esplugues","Noticias Gr\u00e0cia","Noticias La Marina","Noticias La Rambla","Noticias Les D\u00e0lies","Noticias Les Oliveres","Noticias Matar\u00f3","Noticias Parc G\u00fcell","Noticias Reig","Noticias Terrassa","Residencia ancianos"],"inLanguage":"ca"},{"@type":"WebPage","@id":"https:\/\/lavostrallar.com\/noticias\/pintamos-vinculos-arte-comunitario-para-impulsar-inclusion-y-participacion-de-las-personas-mayores\/","url":"https:\/\/lavostrallar.com\/noticias\/pintamos-vinculos-arte-comunitario-para-impulsar-inclusion-y-participacion-de-las-personas-mayores\/","name":"Pintamos V\u00ednculos: arte comunitario para impulsar inclusi\u00f3n y participaci\u00f3n de las personas mayores - Noticias La Vostra Llar","isPartOf":{"@id":"https:\/\/lavostrallar.com\/noticias\/#website"},"primaryImageOfPage":{"@id":"https:\/\/lavostrallar.com\/noticias\/pintamos-vinculos-arte-comunitario-para-impulsar-inclusion-y-participacion-de-las-personas-mayores\/#primaryimage"},"image":{"@id":"https:\/\/lavostrallar.com\/noticias\/pintamos-vinculos-arte-comunitario-para-impulsar-inclusion-y-participacion-de-las-personas-mayores\/#primaryimage"},"thumbnailUrl":"https:\/\/lavostrallar.com\/noticias\/wp-content\/uploads\/2026\/04\/670262094_1581353637330750_6849459324650639503_n.jpg","datePublished":"2026-04-27T13:37:10+00:00","dateModified":"2026-04-27T15:00:21+00:00","description":"Un proyecto que utiliza el arte para promover inclusi\u00f3n, participaci\u00f3n y comunidad, situando a las personas mayores en el centro.","breadcrumb":{"@id":"https:\/\/lavostrallar.com\/noticias\/pintamos-vinculos-arte-comunitario-para-impulsar-inclusion-y-participacion-de-las-personas-mayores\/#breadcrumb"},"inLanguage":"ca","potentialAction":[{"@type":"ReadAction","target":["https:\/\/lavostrallar.com\/noticias\/pintamos-vinculos-arte-comunitario-para-impulsar-inclusion-y-participacion-de-las-personas-mayores\/"]}]},{"@type":"ImageObject","inLanguage":"ca","@id":"https:\/\/lavostrallar.com\/noticias\/pintamos-vinculos-arte-comunitario-para-impulsar-inclusion-y-participacion-de-las-personas-mayores\/#primaryimage","url":"https:\/\/lavostrallar.com\/noticias\/wp-content\/uploads\/2026\/04\/670262094_1581353637330750_6849459324650639503_n.jpg","contentUrl":"https:\/\/lavostrallar.com\/noticias\/wp-content\/uploads\/2026\/04\/670262094_1581353637330750_6849459324650639503_n.jpg","width":2000,"height":1500},{"@type":"BreadcrumbList","@id":"https:\/\/lavostrallar.com\/noticias\/pintamos-vinculos-arte-comunitario-para-impulsar-inclusion-y-participacion-de-las-personas-mayores\/#breadcrumb","itemListElement":[{"@type":"ListItem","position":1,"name":"Portada","item":"https:\/\/lavostrallar.com\/noticias\/"},{"@type":"ListItem","position":2,"name":"Pintamos V\u00ednculos: arte comunitario para impulsar inclusi\u00f3n y participaci\u00f3n de las personas mayores"}]},{"@type":"WebSite","@id":"https:\/\/lavostrallar.com\/noticias\/#website","url":"https:\/\/lavostrallar.com\/noticias\/","name":"La Vostra Llar","description":"La Vostra Llar gestiona resid\u00e8ncies geri\u00e0triques des de 1987 amb la missi\u00f3 d\u2019oferir assist\u00e8ncia personalitzada per estimular, acollir i atendre les persones grans amb qualsevol grau de depend\u00e8ncia.","publisher":{"@id":"https:\/\/lavostrallar.com\/noticias\/#organization"},"potentialAction":[{"@type":"SearchAction","target":{"@type":"EntryPoint","urlTemplate":"https:\/\/lavostrallar.com\/noticias\/?s={search_term_string}"},"query-input":{"@type":"PropertyValueSpecification","valueRequired":true,"valueName":"search_term_string"}}],"inLanguage":"ca"},{"@type":"Organization","@id":"https:\/\/lavostrallar.com\/noticias\/#organization","name":"La Vostra Llar","url":"https:\/\/lavostrallar.com\/noticias\/","logo":{"@type":"ImageObject","inLanguage":"ca","@id":"https:\/\/lavostrallar.com\/noticias\/#\/schema\/logo\/image\/","url":"https:\/\/lavostrallar.com\/noticias\/wp-content\/uploads\/2021\/12\/logo_lavostrallar.png","contentUrl":"https:\/\/lavostrallar.com\/noticias\/wp-content\/uploads\/2021\/12\/logo_lavostrallar.png","width":217,"height":109,"caption":"La Vostra Llar"},"image":{"@id":"https:\/\/lavostrallar.com\/noticias\/#\/schema\/logo\/image\/"},"sameAs":["https:\/\/www.facebook.com\/lavostra.llar","https:\/\/x.com\/lavostrallar","https:\/\/www.instagram.com\/lavostrallar\/"]},{"@type":"Person","@id":"https:\/\/lavostrallar.com\/noticias\/#\/schema\/person\/321f189af5ebbd679ae095028db43fdd","name":"lavostrallar Comunicacio","image":{"@type":"ImageObject","inLanguage":"ca","@id":"https:\/\/lavostrallar.com\/noticias\/#\/schema\/person\/image\/","url":"https:\/\/secure.gravatar.com\/avatar\/69a4b73b52c8eedccce42e542861709a5afc2b40e0a43d691da018458db2d41b?s=96&d=mm&r=g","contentUrl":"https:\/\/secure.gravatar.com\/avatar\/69a4b73b52c8eedccce42e542861709a5afc2b40e0a43d691da018458db2d41b?s=96&d=mm&r=g","caption":"lavostrallar Comunicacio"},"url":"https:\/\/lavostrallar.com\/noticias\/ca\/author\/lavostrallar-comunicacio\/"}]}},"_links":{"self":[{"href":"https:\/\/lavostrallar.com\/noticias\/ca\/wp-json\/wp\/v2\/posts\/35248","targetHints":{"allow":["GET"]}}],"collection":[{"href":"https:\/\/lavostrallar.com\/noticias\/ca\/wp-json\/wp\/v2\/posts"}],"about":[{"href":"https:\/\/lavostrallar.com\/noticias\/ca\/wp-json\/wp\/v2\/types\/post"}],"author":[{"embeddable":true,"href":"https:\/\/lavostrallar.com\/noticias\/ca\/wp-json\/wp\/v2\/users\/12"}],"replies":[{"embeddable":true,"href":"https:\/\/lavostrallar.com\/noticias\/ca\/wp-json\/wp\/v2\/comments?post=35248"}],"version-history":[{"count":44,"href":"https:\/\/lavostrallar.com\/noticias\/ca\/wp-json\/wp\/v2\/posts\/35248\/revisions"}],"predecessor-version":[{"id":35295,"href":"https:\/\/lavostrallar.com\/noticias\/ca\/wp-json\/wp\/v2\/posts\/35248\/revisions\/35295"}],"wp:featuredmedia":[{"embeddable":true,"href":"https:\/\/lavostrallar.com\/noticias\/ca\/wp-json\/wp\/v2\/media\/35253"}],"wp:attachment":[{"href":"https:\/\/lavostrallar.com\/noticias\/ca\/wp-json\/wp\/v2\/media?parent=35248"}],"wp:term":[{"taxonomy":"category","embeddable":true,"href":"https:\/\/lavostrallar.com\/noticias\/ca\/wp-json\/wp\/v2\/categories?post=35248"},{"taxonomy":"post_tag","embeddable":true,"href":"https:\/\/lavostrallar.com\/noticias\/ca\/wp-json\/wp\/v2\/tags?post=35248"}],"curies":[{"name":"wp","href":"https:\/\/api.w.org\/{rel}","templated":true}]}}