	{"id":10950,"date":"2020-03-16T17:26:03","date_gmt":"2020-03-16T17:26:03","guid":{"rendered":"https:\/\/lavostrallar.com\/?p=10950"},"modified":"2020-03-16T17:26:03","modified_gmt":"2020-03-16T17:26:03","slug":"ens-unim-a-la-campanya-quedatacasa","status":"publish","type":"post","link":"https:\/\/lavostrallar.com\/noticias\/ens-unim-a-la-campanya-quedatacasa\/","title":{"rendered":"Nos unimos a la campa\u00f1a #quedateencasa"},"content":{"rendered":"<p>Las residencias y centros de d\u00eda La Vostra Llar nos unimos a la campa\u00f1a #quedateencasa para concienciar sobre la importancia de seguir las recomendaciones de confinamiento de las autoridades sanitarias. Gracias a todos por ayudarnos a proteger a nuestros mayores.<\/p>\n<div style=\"width: 800px;\" class=\"wp-video\"><video class=\"wp-video-shortcode\" id=\"video-10950-1\" width=\"800\" height=\"450\" preload=\"metadata\" controls=\"controls\"><source type=\"video\/mp4\" src=\"https:\/\/lavostrallar.com\/wp-content\/uploads\/2020\/03\/VID-20200316-WA0008.mp4?_=1\" \/><a href=\"https:\/\/lavostrallar.com\/wp-content\/uploads\/2020\/03\/VID-20200316-WA0008.mp4\">https:\/\/lavostrallar.com\/wp-content\/uploads\/2020\/03\/VID-20200316-WA0008.mp4<\/a><\/video><\/div>\n","protected":false},"excerpt":{"rendered":"<p>Las residencias y centros de d\u00eda La Vostra Llar nos unimos a la campa\u00f1a #quedateencasa para concienciar sobre la importancia de seguir las recomendaciones de confinamiento de las autoridades sanitarias. Gracias a todos por ayudarnos a proteger a nuestros mayores.<\/p>\n","protected":false},"author":1,"featured_media":10951,"comment_status":"open","ping_status":"closed","sticky":false,"template":"","format":"standard","meta":{"content-type":"","footnotes":""},"categories":[11,18,12,13,14,15,16],"tags":[17],"class_list":["post-10950","post","type-post","status-publish","format-standard","has-post-thumbnail","hentry","category-noticias-blanes","category-noticias-gracia","category-noticias-la-rambla","category-noticias-les-dalies","category-noticias-les-oliveres","category-noticias-mataro","category-noticias-reig","tag-covid19"],"yoast_head":"<!-- This site is optimized with the Yoast SEO plugin v26.0 - https:\/\/yoast.com\/wordpress\/plugins\/seo\/ -->\n<title>Nos unimos a la campa\u00f1a #quedateencasa - Noticias La Vostra Llar<\/title>\n<meta name=\"robots\" content=\"index, follow, max-snippet:-1, max-image-preview:large, max-video-preview:-1\" \/>\n<link rel=\"canonical\" href=\"https:\/\/lavostrallar.com\/noticias\/ens-unim-a-la-campanya-quedatacasa\/\" \/>\n<meta property=\"og:locale\" content=\"es_ES\" \/>\n<meta property=\"og:type\" content=\"article\" \/>\n<meta property=\"og:title\" content=\"Nos unimos a la campa\u00f1a #quedateencasa - Noticias La Vostra Llar\" \/>\n<meta property=\"og:description\" content=\"Las residencias y centros de d\u00eda La Vostra Llar nos unimos a la campa\u00f1a #quedateencasa para concienciar sobre la importancia de seguir las recomendaciones de confinamiento de las autoridades sanitarias. Gracias a todos por ayudarnos a proteger a nuestros mayores.\" \/>\n<meta property=\"og:url\" content=\"https:\/\/lavostrallar.com\/noticias\/ens-unim-a-la-campanya-quedatacasa\/\" \/>\n<meta property=\"og:site_name\" content=\"Noticias La Vostra Llar\" \/>\n<meta property=\"article:publisher\" content=\"https:\/\/www.facebook.com\/lavostra.llar\" \/>\n<meta property=\"article:published_time\" content=\"2020-03-16T17:26:03+00:00\" \/>\n<meta property=\"og:image\" content=\"https:\/\/lavostrallar.com\/noticias\/wp-content\/uploads\/2020\/03\/Quedateencasa.png\" \/>\n\t<meta property=\"og:image:width\" content=\"706\" \/>\n\t<meta property=\"og:image:height\" content=\"633\" \/>\n\t<meta property=\"og:image:type\" content=\"image\/png\" \/>\n<meta name=\"author\" content=\"admin\" \/>\n<meta name=\"twitter:card\" content=\"summary_large_image\" \/>\n<meta name=\"twitter:creator\" content=\"@lavostrallar\" \/>\n<meta name=\"twitter:site\" content=\"@lavostrallar\" \/>\n<meta name=\"twitter:label1\" content=\"Escrito por\" \/>\n\t<meta name=\"twitter:data1\" content=\"admin\" \/>\n<script type=\"application\/ld+json\" class=\"yoast-schema-graph\">{\"@context\":\"https:\/\/schema.org\",\"@graph\":[{\"@type\":\"Article\",\"@id\":\"https:\/\/lavostrallar.com\/noticias\/ca\/ens-unim-a-la-campanya-quedatacasa\/#article\",\"isPartOf\":{\"@id\":\"https:\/\/lavostrallar.com\/noticias\/ca\/ens-unim-a-la-campanya-quedatacasa\/\"},\"author\":{\"name\":\"admin\",\"@id\":\"https:\/\/lavostrallar.com\/noticias\/#\/schema\/person\/39e704b801e0c519c963d9a376e561e5\"},\"headline\":\"Nos unimos a la campa\u00f1a #quedateencasa\",\"datePublished\":\"2020-03-16T17:26:03+00:00\",\"mainEntityOfPage\":{\"@id\":\"https:\/\/lavostrallar.com\/noticias\/ca\/ens-unim-a-la-campanya-quedatacasa\/\"},\"wordCount\":62,\"commentCount\":0,\"publisher\":{\"@id\":\"https:\/\/lavostrallar.com\/noticias\/#organization\"},\"image\":{\"@id\":\"https:\/\/lavostrallar.com\/noticias\/ca\/ens-unim-a-la-campanya-quedatacasa\/#primaryimage\"},\"thumbnailUrl\":\"https:\/\/lavostrallar.com\/noticias\/wp-content\/uploads\/2020\/03\/Quedateencasa.png\",\"keywords\":[\"Covid19\"],\"articleSection\":[\"Noticias Blanes\",\"Noticias Gr\u00e0cia\",\"Noticias La Rambla\",\"Noticias Les D\u00e0lies\",\"Noticias Les Oliveres\",\"Noticias Matar\u00f3\",\"Noticias Reig\"],\"inLanguage\":\"es\",\"potentialAction\":[{\"@type\":\"CommentAction\",\"name\":\"Comment\",\"target\":[\"https:\/\/lavostrallar.com\/noticias\/ca\/ens-unim-a-la-campanya-quedatacasa\/#respond\"]}]},{\"@type\":\"WebPage\",\"@id\":\"https:\/\/lavostrallar.com\/noticias\/ca\/ens-unim-a-la-campanya-quedatacasa\/\",\"url\":\"https:\/\/lavostrallar.com\/noticias\/ca\/ens-unim-a-la-campanya-quedatacasa\/\",\"name\":\"Nos unimos a la campa\u00f1a #quedateencasa - Noticias La Vostra Llar\",\"isPartOf\":{\"@id\":\"https:\/\/lavostrallar.com\/noticias\/#website\"},\"primaryImageOfPage\":{\"@id\":\"https:\/\/lavostrallar.com\/noticias\/ca\/ens-unim-a-la-campanya-quedatacasa\/#primaryimage\"},\"image\":{\"@id\":\"https:\/\/lavostrallar.com\/noticias\/ca\/ens-unim-a-la-campanya-quedatacasa\/#primaryimage\"},\"thumbnailUrl\":\"https:\/\/lavostrallar.com\/noticias\/wp-content\/uploads\/2020\/03\/Quedateencasa.png\",\"datePublished\":\"2020-03-16T17:26:03+00:00\",\"breadcrumb\":{\"@id\":\"https:\/\/lavostrallar.com\/noticias\/ca\/ens-unim-a-la-campanya-quedatacasa\/#breadcrumb\"},\"inLanguage\":\"es\",\"potentialAction\":[{\"@type\":\"ReadAction\",\"target\":[\"https:\/\/lavostrallar.com\/noticias\/ca\/ens-unim-a-la-campanya-quedatacasa\/\"]}]},{\"@type\":\"ImageObject\",\"inLanguage\":\"es\",\"@id\":\"https:\/\/lavostrallar.com\/noticias\/ca\/ens-unim-a-la-campanya-quedatacasa\/#primaryimage\",\"url\":\"https:\/\/lavostrallar.com\/noticias\/wp-content\/uploads\/2020\/03\/Quedateencasa.png\",\"contentUrl\":\"https:\/\/lavostrallar.com\/noticias\/wp-content\/uploads\/2020\/03\/Quedateencasa.png\",\"width\":706,\"height\":633},{\"@type\":\"BreadcrumbList\",\"@id\":\"https:\/\/lavostrallar.com\/noticias\/ca\/ens-unim-a-la-campanya-quedatacasa\/#breadcrumb\",\"itemListElement\":[{\"@type\":\"ListItem\",\"position\":1,\"name\":\"Portada\",\"item\":\"https:\/\/lavostrallar.com\/noticias\/\"},{\"@type\":\"ListItem\",\"position\":2,\"name\":\"Nos unimos a la campa\u00f1a #quedateencasa\"}]},{\"@type\":\"WebSite\",\"@id\":\"https:\/\/lavostrallar.com\/noticias\/#website\",\"url\":\"https:\/\/lavostrallar.com\/noticias\/\",\"name\":\"La Vostra Llar\",\"description\":\"La Vostra Llar gestiona resid\u00e8ncies geri\u00e0triques des de 1987 amb la missi\u00f3 d\u2019oferir assist\u00e8ncia personalitzada per estimular, acollir i atendre les persones grans amb qualsevol grau de depend\u00e8ncia.\",\"publisher\":{\"@id\":\"https:\/\/lavostrallar.com\/noticias\/#organization\"},\"potentialAction\":[{\"@type\":\"SearchAction\",\"target\":{\"@type\":\"EntryPoint\",\"urlTemplate\":\"https:\/\/lavostrallar.com\/noticias\/?s={search_term_string}\"},\"query-input\":{\"@type\":\"PropertyValueSpecification\",\"valueRequired\":true,\"valueName\":\"search_term_string\"}}],\"inLanguage\":\"es\"},{\"@type\":\"Organization\",\"@id\":\"https:\/\/lavostrallar.com\/noticias\/#organization\",\"name\":\"La Vostra Llar\",\"url\":\"https:\/\/lavostrallar.com\/noticias\/\",\"logo\":{\"@type\":\"ImageObject\",\"inLanguage\":\"es\",\"@id\":\"https:\/\/lavostrallar.com\/noticias\/#\/schema\/logo\/image\/\",\"url\":\"https:\/\/lavostrallar.com\/noticias\/wp-content\/uploads\/2021\/12\/logo_lavostrallar.png\",\"contentUrl\":\"https:\/\/lavostrallar.com\/noticias\/wp-content\/uploads\/2021\/12\/logo_lavostrallar.png\",\"width\":217,\"height\":109,\"caption\":\"La Vostra Llar\"},\"image\":{\"@id\":\"https:\/\/lavostrallar.com\/noticias\/#\/schema\/logo\/image\/\"},\"sameAs\":[\"https:\/\/www.facebook.com\/lavostra.llar\",\"https:\/\/x.com\/lavostrallar\",\"https:\/\/www.instagram.com\/lavostrallar\/\"]},{\"@type\":\"Person\",\"@id\":\"https:\/\/lavostrallar.com\/noticias\/#\/schema\/person\/39e704b801e0c519c963d9a376e561e5\",\"name\":\"admin\",\"image\":{\"@type\":\"ImageObject\",\"inLanguage\":\"es\",\"@id\":\"https:\/\/lavostrallar.com\/noticias\/#\/schema\/person\/image\/\",\"url\":\"https:\/\/secure.gravatar.com\/avatar\/9d4580a48cd1910cc51e0dfd3fd063c0caadea953e64fb47c872043d240ffeab?s=96&d=mm&r=g\",\"contentUrl\":\"https:\/\/secure.gravatar.com\/avatar\/9d4580a48cd1910cc51e0dfd3fd063c0caadea953e64fb47c872043d240ffeab?s=96&d=mm&r=g\",\"caption\":\"admin\"},\"sameAs\":[\"https:\/\/lavostrallar.com\"],\"url\":\"https:\/\/lavostrallar.com\/noticias\/author\/lavostrallar\/\"}]}<\/script>\n<!-- \/ Yoast SEO plugin. -->","yoast_head_json":{"title":"Nos unimos a la campa\u00f1a #quedateencasa - Noticias La Vostra Llar","robots":{"index":"index","follow":"follow","max-snippet":"max-snippet:-1","max-image-preview":"max-image-preview:large","max-video-preview":"max-video-preview:-1"},"canonical":"https:\/\/lavostrallar.com\/noticias\/ens-unim-a-la-campanya-quedatacasa\/","og_locale":"es_ES","og_type":"article","og_title":"Nos unimos a la campa\u00f1a #quedateencasa - Noticias La Vostra Llar","og_description":"Las residencias y centros de d\u00eda La Vostra Llar nos unimos a la campa\u00f1a #quedateencasa para concienciar sobre la importancia de seguir las recomendaciones de confinamiento de las autoridades sanitarias. Gracias a todos por ayudarnos a proteger a nuestros mayores.","og_url":"https:\/\/lavostrallar.com\/noticias\/ens-unim-a-la-campanya-quedatacasa\/","og_site_name":"Noticias La Vostra Llar","article_publisher":"https:\/\/www.facebook.com\/lavostra.llar","article_published_time":"2020-03-16T17:26:03+00:00","og_image":[{"width":706,"height":633,"url":"https:\/\/lavostrallar.com\/noticias\/wp-content\/uploads\/2020\/03\/Quedateencasa.png","type":"image\/png"}],"author":"admin","twitter_card":"summary_large_image","twitter_creator":"@lavostrallar","twitter_site":"@lavostrallar","twitter_misc":{"Escrito por":"admin"},"schema":{"@context":"https:\/\/schema.org","@graph":[{"@type":"Article","@id":"https:\/\/lavostrallar.com\/noticias\/ca\/ens-unim-a-la-campanya-quedatacasa\/#article","isPartOf":{"@id":"https:\/\/lavostrallar.com\/noticias\/ca\/ens-unim-a-la-campanya-quedatacasa\/"},"author":{"name":"admin","@id":"https:\/\/lavostrallar.com\/noticias\/#\/schema\/person\/39e704b801e0c519c963d9a376e561e5"},"headline":"Nos unimos a la campa\u00f1a #quedateencasa","datePublished":"2020-03-16T17:26:03+00:00","mainEntityOfPage":{"@id":"https:\/\/lavostrallar.com\/noticias\/ca\/ens-unim-a-la-campanya-quedatacasa\/"},"wordCount":62,"commentCount":0,"publisher":{"@id":"https:\/\/lavostrallar.com\/noticias\/#organization"},"image":{"@id":"https:\/\/lavostrallar.com\/noticias\/ca\/ens-unim-a-la-campanya-quedatacasa\/#primaryimage"},"thumbnailUrl":"https:\/\/lavostrallar.com\/noticias\/wp-content\/uploads\/2020\/03\/Quedateencasa.png","keywords":["Covid19"],"articleSection":["Noticias Blanes","Noticias Gr\u00e0cia","Noticias La Rambla","Noticias Les D\u00e0lies","Noticias Les Oliveres","Noticias Matar\u00f3","Noticias Reig"],"inLanguage":"es","potentialAction":[{"@type":"CommentAction","name":"Comment","target":["https:\/\/lavostrallar.com\/noticias\/ca\/ens-unim-a-la-campanya-quedatacasa\/#respond"]}]},{"@type":"WebPage","@id":"https:\/\/lavostrallar.com\/noticias\/ca\/ens-unim-a-la-campanya-quedatacasa\/","url":"https:\/\/lavostrallar.com\/noticias\/ca\/ens-unim-a-la-campanya-quedatacasa\/","name":"Nos unimos a la campa\u00f1a #quedateencasa - Noticias La Vostra Llar","isPartOf":{"@id":"https:\/\/lavostrallar.com\/noticias\/#website"},"primaryImageOfPage":{"@id":"https:\/\/lavostrallar.com\/noticias\/ca\/ens-unim-a-la-campanya-quedatacasa\/#primaryimage"},"image":{"@id":"https:\/\/lavostrallar.com\/noticias\/ca\/ens-unim-a-la-campanya-quedatacasa\/#primaryimage"},"thumbnailUrl":"https:\/\/lavostrallar.com\/noticias\/wp-content\/uploads\/2020\/03\/Quedateencasa.png","datePublished":"2020-03-16T17:26:03+00:00","breadcrumb":{"@id":"https:\/\/lavostrallar.com\/noticias\/ca\/ens-unim-a-la-campanya-quedatacasa\/#breadcrumb"},"inLanguage":"es","potentialAction":[{"@type":"ReadAction","target":["https:\/\/lavostrallar.com\/noticias\/ca\/ens-unim-a-la-campanya-quedatacasa\/"]}]},{"@type":"ImageObject","inLanguage":"es","@id":"https:\/\/lavostrallar.com\/noticias\/ca\/ens-unim-a-la-campanya-quedatacasa\/#primaryimage","url":"https:\/\/lavostrallar.com\/noticias\/wp-content\/uploads\/2020\/03\/Quedateencasa.png","contentUrl":"https:\/\/lavostrallar.com\/noticias\/wp-content\/uploads\/2020\/03\/Quedateencasa.png","width":706,"height":633},{"@type":"BreadcrumbList","@id":"https:\/\/lavostrallar.com\/noticias\/ca\/ens-unim-a-la-campanya-quedatacasa\/#breadcrumb","itemListElement":[{"@type":"ListItem","position":1,"name":"Portada","item":"https:\/\/lavostrallar.com\/noticias\/"},{"@type":"ListItem","position":2,"name":"Nos unimos a la campa\u00f1a #quedateencasa"}]},{"@type":"WebSite","@id":"https:\/\/lavostrallar.com\/noticias\/#website","url":"https:\/\/lavostrallar.com\/noticias\/","name":"La Vostra Llar","description":"La Vostra Llar gestiona resid\u00e8ncies geri\u00e0triques des de 1987 amb la missi\u00f3 d\u2019oferir assist\u00e8ncia personalitzada per estimular, acollir i atendre les persones grans amb qualsevol grau de depend\u00e8ncia.","publisher":{"@id":"https:\/\/lavostrallar.com\/noticias\/#organization"},"potentialAction":[{"@type":"SearchAction","target":{"@type":"EntryPoint","urlTemplate":"https:\/\/lavostrallar.com\/noticias\/?s={search_term_string}"},"query-input":{"@type":"PropertyValueSpecification","valueRequired":true,"valueName":"search_term_string"}}],"inLanguage":"es"},{"@type":"Organization","@id":"https:\/\/lavostrallar.com\/noticias\/#organization","name":"La Vostra Llar","url":"https:\/\/lavostrallar.com\/noticias\/","logo":{"@type":"ImageObject","inLanguage":"es","@id":"https:\/\/lavostrallar.com\/noticias\/#\/schema\/logo\/image\/","url":"https:\/\/lavostrallar.com\/noticias\/wp-content\/uploads\/2021\/12\/logo_lavostrallar.png","contentUrl":"https:\/\/lavostrallar.com\/noticias\/wp-content\/uploads\/2021\/12\/logo_lavostrallar.png","width":217,"height":109,"caption":"La Vostra Llar"},"image":{"@id":"https:\/\/lavostrallar.com\/noticias\/#\/schema\/logo\/image\/"},"sameAs":["https:\/\/www.facebook.com\/lavostra.llar","https:\/\/x.com\/lavostrallar","https:\/\/www.instagram.com\/lavostrallar\/"]},{"@type":"Person","@id":"https:\/\/lavostrallar.com\/noticias\/#\/schema\/person\/39e704b801e0c519c963d9a376e561e5","name":"admin","image":{"@type":"ImageObject","inLanguage":"es","@id":"https:\/\/lavostrallar.com\/noticias\/#\/schema\/person\/image\/","url":"https:\/\/secure.gravatar.com\/avatar\/9d4580a48cd1910cc51e0dfd3fd063c0caadea953e64fb47c872043d240ffeab?s=96&d=mm&r=g","contentUrl":"https:\/\/secure.gravatar.com\/avatar\/9d4580a48cd1910cc51e0dfd3fd063c0caadea953e64fb47c872043d240ffeab?s=96&d=mm&r=g","caption":"admin"},"sameAs":["https:\/\/lavostrallar.com"],"url":"https:\/\/lavostrallar.com\/noticias\/author\/lavostrallar\/"}]}},"_links":{"self":[{"href":"https:\/\/lavostrallar.com\/noticias\/wp-json\/wp\/v2\/posts\/10950","targetHints":{"allow":["GET"]}}],"collection":[{"href":"https:\/\/lavostrallar.com\/noticias\/wp-json\/wp\/v2\/posts"}],"about":[{"href":"https:\/\/lavostrallar.com\/noticias\/wp-json\/wp\/v2\/types\/post"}],"author":[{"embeddable":true,"href":"https:\/\/lavostrallar.com\/noticias\/wp-json\/wp\/v2\/users\/1"}],"replies":[{"embeddable":true,"href":"https:\/\/lavostrallar.com\/noticias\/wp-json\/wp\/v2\/comments?post=10950"}],"version-history":[{"count":0,"href":"https:\/\/lavostrallar.com\/noticias\/wp-json\/wp\/v2\/posts\/10950\/revisions"}],"wp:featuredmedia":[{"embeddable":true,"href":"https:\/\/lavostrallar.com\/noticias\/wp-json\/wp\/v2\/media\/10951"}],"wp:attachment":[{"href":"https:\/\/lavostrallar.com\/noticias\/wp-json\/wp\/v2\/media?parent=10950"}],"wp:term":[{"taxonomy":"category","embeddable":true,"href":"https:\/\/lavostrallar.com\/noticias\/wp-json\/wp\/v2\/categories?post=10950"},{"taxonomy":"post_tag","embeddable":true,"href":"https:\/\/lavostrallar.com\/noticias\/wp-json\/wp\/v2\/tags?post=10950"}],"curies":[{"name":"wp","href":"https:\/\/api.w.org\/{rel}","templated":true}]}}