	{"id":12562,"date":"2023-01-30T07:11:00","date_gmt":"2023-01-30T07:11:00","guid":{"rendered":"https:\/\/lavostrallar.com\/?p=12562"},"modified":"2026-03-12T17:07:00","modified_gmt":"2026-03-12T15:07:00","slug":"requisitos-para-entrar-en-una-residencia-de-ancianos","status":"publish","type":"post","link":"https:\/\/lavostrallar.com\/noticias\/requisitos-para-entrar-en-una-residencia-de-ancianos\/","title":{"rendered":"Requisitos para ingresar en una residencia de ancianos"},"content":{"rendered":"<p>Los requisitos para ingresar en una residencia var\u00edan en funci\u00f3n del <strong>tipo de residencia<\/strong>, por lo que antes debemos conocer sus peculiaridades, caracter\u00edsticas y diferencias.<\/p>\n<p>Las residencias de ancianos se clasifican, seg\u00fan qui\u00e9n las gestiona, en: residencias p\u00fablicas, residencias privadas, residencias acreditadas, colaboradoras y concertadas.<\/p>\n<h2><strong>Ingreso a Residencias de ancianos p\u00fablicas<\/strong><\/h2>\n<p>Las residencias p\u00fablicas son centros gestionados en su totalidad por organismos p\u00fablicos, como los ayuntamientos. Para poder acceder a estos centros, las personas mayores tienen que cumplir con los requisitos fijados en la <a href=\"https:\/\/lavostrallar.com\/llei-de-dependencia-graus-i-nivells\/\">Ley de Dependencia<\/a>.<\/p>\n<h2><strong>Ingreso a Residencias de ancianos privadas<\/strong><\/h2>\n<p>Las residencias privadas son centros gestionados \u00edntegramente por empresas privadas y los requisitos de acceso dependen de las condiciones de cada centro. En los centros privados, el precio puede variar en funci\u00f3n del tipo de habitaci\u00f3n o de los servicios solicitados.<\/p>\n<h2><strong>Residencias acreditadas, colaboradoras y concertadas<\/strong><\/h2>\n<p>Son centros gestionados por empresas privadas donde hay plazas reservadas para la Administraci\u00f3n P\u00fablica en las que el residente abona un precio p\u00fablico en funci\u00f3n de sus ingresos.<\/p>\n<h2><strong>REQUISITOS PARA INGRESAR EN UNA RESIDENCIA P\u00daBLICA o CENTRO DE D\u00cdA P\u00daBLICO\u00a0<\/strong><\/h2>\n<h3><strong>Funcionamiento de las listas de espera para residencias<\/strong><\/h3>\n<p>Uno de los requisitos para ingresar en un centro residencial p\u00fablico es <strong>tener asignado un grado de dependencia II o III<\/strong>. Por lo tanto, en primer lugar, hay que tramitar la valoraci\u00f3n de la dependencia y, una vez tramitada, la persona pasa a lista de espera para que le reconozcan el grado.<\/p>\n<p>El paciente o la paciente puede esperar hasta tres meses para que le valoren el grado y un m\u00e1ximo de tres meses m\u00e1s en recibir la resoluci\u00f3n de grado concedida. Es decir, <strong>la espera puede prolongarse un total de seis meses desde la valoraci\u00f3n hasta el reconocimiento del grado de dependencia<\/strong>.<\/p>\n<p>Una vez recibida la resoluci\u00f3n de grado concedida, hay que hacer frente a las largas <strong>listas de espera de los centros p\u00fablicos<\/strong>, que, a menudo, suelen ser muy largas, incluso pueden pasar a\u00f1os, hasta recibir el aviso de la disponibilidad de plaza en una residencia p\u00fablica.<\/p>\n<p>En la lista de espera de plaza p\u00fablica influyen las bajas que se producen en el centro donde se haya solicitado la plaza, las personas que hayan solicitado la plaza en ese mismo centro y la poblaci\u00f3n envejecida del municipio o ciudad. Adem\u00e1s, para poder beneficiarse de una plaza p\u00fablica se tienen en cuenta los ingresos y propiedades de la persona.<\/p>\n<p>Por eso, se recomienda que la persona o los familiares pidan al <strong>equipo de trabajo social de servicios sociales b\u00e1sicos o del centro residencial<\/strong> en el que est\u00e9n interesados que se les apunte en lista de espera, aunque a\u00fan no hayan recibido la resoluci\u00f3n de grado concedida.<\/p>\n<p>La cartera de Servicios Sociales establece un sistema de copago del precio de la plaza, en el que una parte del pago lo asume el futuro usuario, en funci\u00f3n de sus ingresos (nunca se superan \u00e9stos) y el resto la Administraci\u00f3n.<\/p>\n<p>Si la persona tiene un <strong>grado I de dependencia<\/strong> s\u00f3lo podr\u00e1 apuntarse a 3 centros de d\u00eda p\u00fablicos, pero no tendr\u00e1 derecho a apuntarse a ninguna residencia p\u00fablica.<\/p>\n<p>Las personas con un <strong>grado II o III de dependencia tienen derecho a apuntarse en 3 centros p\u00fablicos<\/strong> (residencias, centro de d\u00edas o una combinaci\u00f3n de ambos). Una vez la persona tiene asignada una plaza en uno de los centros en los que est\u00e1 apuntada en lista de espera, tiene que acceder a la plaza. En el caso de que no quiera hacerlo, s\u00f3lo podr\u00e1 mantenerse apuntada en una de las residencias o centro de d\u00eda que haya elegido con anterioridad.<\/p>\n<p>Por contra, cuando la persona todav\u00eda no tiene asignada la plaza residencial o de centro de d\u00eda, puede apuntarse y desapuntarse de la lista de espera que m\u00e1s le pueda interesar, sin ning\u00fan tipo de problema.<\/p>\n<p>Una vez se ingresa en una residencia o centro de d\u00eda p\u00fablico, la persona, como coment\u00e1bamos anteriormente, se puede mantener apuntada en la lista de espera de otra residencia o centro de d\u00eda y, en caso de que le avisen posteriormente de la disponibilidad de plaza, podr\u00e1 trasladarse sin problemas.<\/p>\n<p>Para poder consultar de manera telem\u00e1tica el n\u00famero de posici\u00f3n en que se encuentra apuntada una persona en lista de espera p\u00fablica, es necesario registrarse a trav\u00e9s del siguiente enlace <strong><a href=\"https:\/\/treballiaferssocials.gencat.cat\/ca\/ambits_tematics\/gent_gran\/residencies_centres_de_dia_i_habitatges_tutelats\/acces-a-recursos-de-gent-gran\/\">Consulta llistes d&#8217;acc\u00e9s a recursos per a gent gran<\/a><\/strong><\/p>\n<h2><strong>REQUISITOS PARA INGRESAR EN UNA RESIDENCIA<\/strong><strong>\u00a0PRIVADA\u00a0<\/strong><\/h2>\n<p>Para acceder a un centro residencial privado, no hace falta que la persona tenga reconocido un grado de dependencia. El acceso es m\u00e1s f\u00e1cil y directo. <strong>Si hay una plaza libre, la puede ocupar pagando el importe que el centro tenga fijado<\/strong>.<\/p>\n<h3><strong>INGRESO EN UNA RESIDENCIA ACREDITADA<\/strong><\/h3>\n<p><strong>Si el centro privado tiene acreditaci\u00f3n, la persona puede solicitar la Prestaci\u00f3n Econ\u00f3mica Vinculada<\/strong> (una ayuda para pagar su estancia en la residencia). En este caso, s\u00ed que necesitar\u00e1 tener reconocido un grado II o III de dependencia y, en funci\u00f3n de su capacidad econ\u00f3mica y de su pensi\u00f3n, el departamento de Servicios Sociales le conceder\u00e1 o no dicha prestaci\u00f3n.<\/p>\n<h3><strong>INGRESO EN RESIDENCIAS COLABORADORAS o CONCERTADAS\u00a0<\/strong><\/h3>\n<p>Hay que cumplir, al igual que sucede con las residencias p\u00fablicas, con los <strong>requisitos que especifica la Ley de Dependencia<\/strong> para poder acceder a estas plazas.<\/p>\n<p>Se trata de residencias privadas, que reservan un n\u00famero de plazas para la Administraci\u00f3n P\u00fablica, es decir, son <strong>plazas p\u00fablicas en residencias privadas<\/strong>.<\/p>\n<p>La diferencia entre ambas no afecta al usuario, sino a la empresa privada que las gestiona. En la residencia concertada, la Administraci\u00f3n p\u00fablica paga al centro una cuant\u00eda econ\u00f3mica fija por esas plazas, independientemente de si est\u00e1n ocupadas o no, y el centro no puede cubrir las plazas que tenga disponibles, ya que de eso se encarga la Administraci\u00f3n. En las residencias colaboradoras, la Administraci\u00f3n paga a la residencia \u00fanicamente por el n\u00famero de plazas que tiene ocupadas, pudiendo el centro comercializar las plazas restantes disponibles de manera privada.<\/p>\n<p>Los <strong>equipos de Trabajo Social de los centros residenciales La Vostra Llar,<\/strong> que cuentan con plazas privadas, p\u00fablicas y con derecho a PEV, est\u00e1n a su disposici\u00f3n para ampliarles informaci\u00f3n, solventar sus dudas y ayudarles en los tr\u00e1mites necesarios de La Ley de Dependencia. <strong>No duden en llamarnos al 931 206 153<\/strong><\/p>\n","protected":false},"excerpt":{"rendered":"<p>Los requisitos para ingresar en una residencia var\u00edan en funci\u00f3n del tipo de residencia, por lo que antes debemos conocer sus peculiaridades, caracter\u00edsticas y diferencias. Las residencias de ancianos se clasifican, seg\u00fan qui\u00e9n las gestiona, en: residencias p\u00fablicas, residencias privadas, residencias acreditadas, colaboradoras y concertadas. Ingreso a Residencias de ancianos p\u00fablicas Las residencias p\u00fablicas son [&hellip;]<\/p>\n","protected":false},"author":1,"featured_media":34824,"comment_status":"open","ping_status":"closed","sticky":false,"template":"","format":"standard","meta":{"content-type":"","footnotes":""},"categories":[124,11,47,18,245,12,13,14,15,27,16,19],"tags":[],"class_list":["post-12562","post","type-post","status-publish","format-standard","has-post-thumbnail","hentry","category-destacado","category-noticias-blanes","category-noticias-clot","category-noticias-gracia","category-noticias-la-marina","category-noticias-la-rambla","category-noticias-les-dalies","category-noticias-les-oliveres","category-noticias-mataro","category-noticias-guell","category-noticias-reig","category-noticias-terrassa"],"yoast_head":"<!-- This site is optimized with the Yoast SEO plugin v26.0 - https:\/\/yoast.com\/wordpress\/plugins\/seo\/ -->\n<title>Qu\u00e9 se necesita para ingresar en una residencia de ancianos<\/title>\n<meta name=\"description\" content=\"Los requisitos para ingresar en una residencia var\u00edan en funci\u00f3n del tipo, por lo que debemos conocer sus caracter\u00edsticas y diferencias.\" \/>\n<meta name=\"robots\" content=\"index, follow, max-snippet:-1, max-image-preview:large, max-video-preview:-1\" \/>\n<link rel=\"canonical\" href=\"https:\/\/lavostrallar.com\/noticias\/requisitos-para-entrar-en-una-residencia-de-ancianos\/\" \/>\n<meta property=\"og:locale\" content=\"es_ES\" \/>\n<meta property=\"og:type\" content=\"article\" \/>\n<meta property=\"og:title\" content=\"Qu\u00e9 se necesita para ingresar en una residencia de ancianos\" \/>\n<meta property=\"og:description\" content=\"Los requisitos para ingresar en una residencia var\u00edan en funci\u00f3n del tipo, por lo que debemos conocer sus caracter\u00edsticas y diferencias.\" \/>\n<meta property=\"og:url\" content=\"https:\/\/lavostrallar.com\/noticias\/requisitos-para-entrar-en-una-residencia-de-ancianos\/\" \/>\n<meta property=\"og:site_name\" content=\"Noticias La Vostra Llar\" \/>\n<meta property=\"article:publisher\" content=\"https:\/\/www.facebook.com\/lavostra.llar\" \/>\n<meta property=\"article:published_time\" content=\"2023-01-30T07:11:00+00:00\" \/>\n<meta property=\"article:modified_time\" content=\"2026-03-12T15:07:00+00:00\" \/>\n<meta property=\"og:image\" content=\"https:\/\/lavostrallar.com\/noticias\/wp-content\/uploads\/2023\/01\/requisitos-para-entrar-en-una-residencia-de-ancianos.webp\" \/>\n\t<meta property=\"og:image:width\" content=\"1024\" \/>\n\t<meta property=\"og:image:height\" content=\"683\" \/>\n\t<meta property=\"og:image:type\" content=\"image\/webp\" \/>\n<meta name=\"author\" content=\"admin\" \/>\n<meta name=\"twitter:card\" content=\"summary_large_image\" \/>\n<meta name=\"twitter:creator\" content=\"@lavostrallar\" \/>\n<meta name=\"twitter:site\" content=\"@lavostrallar\" \/>\n<meta name=\"twitter:label1\" content=\"Escrito por\" \/>\n\t<meta name=\"twitter:data1\" content=\"admin\" \/>\n\t<meta name=\"twitter:label2\" content=\"Tiempo de lectura\" \/>\n\t<meta name=\"twitter:data2\" content=\"5 minutos\" \/>\n<script type=\"application\/ld+json\" class=\"yoast-schema-graph\">{\"@context\":\"https:\/\/schema.org\",\"@graph\":[{\"@type\":\"Article\",\"@id\":\"https:\/\/lavostrallar.com\/noticias\/requisitos-para-entrar-en-una-residencia-de-ancianos\/#article\",\"isPartOf\":{\"@id\":\"https:\/\/lavostrallar.com\/noticias\/requisitos-para-entrar-en-una-residencia-de-ancianos\/\"},\"author\":{\"name\":\"admin\",\"@id\":\"https:\/\/lavostrallar.com\/noticias\/#\/schema\/person\/39e704b801e0c519c963d9a376e561e5\"},\"headline\":\"Requisitos para ingresar en una residencia de ancianos\",\"datePublished\":\"2023-01-30T07:11:00+00:00\",\"dateModified\":\"2026-03-12T15:07:00+00:00\",\"mainEntityOfPage\":{\"@id\":\"https:\/\/lavostrallar.com\/noticias\/requisitos-para-entrar-en-una-residencia-de-ancianos\/\"},\"wordCount\":1121,\"commentCount\":0,\"publisher\":{\"@id\":\"https:\/\/lavostrallar.com\/noticias\/#organization\"},\"image\":{\"@id\":\"https:\/\/lavostrallar.com\/noticias\/requisitos-para-entrar-en-una-residencia-de-ancianos\/#primaryimage\"},\"thumbnailUrl\":\"https:\/\/lavostrallar.com\/noticias\/wp-content\/uploads\/2023\/01\/requisitos-para-entrar-en-una-residencia-de-ancianos.webp\",\"articleSection\":[\"Destacado\",\"Noticias Blanes\",\"Noticias Clot\",\"Noticias Gr\u00e0cia\",\"Noticias La Marina\",\"Noticias La Rambla\",\"Noticias Les D\u00e0lies\",\"Noticias Les Oliveres\",\"Noticias Matar\u00f3\",\"Noticias Parc G\u00fcell\",\"Noticias Reig\",\"Noticias Terrassa\"],\"inLanguage\":\"es\",\"potentialAction\":[{\"@type\":\"CommentAction\",\"name\":\"Comment\",\"target\":[\"https:\/\/lavostrallar.com\/noticias\/requisitos-para-entrar-en-una-residencia-de-ancianos\/#respond\"]}]},{\"@type\":\"WebPage\",\"@id\":\"https:\/\/lavostrallar.com\/noticias\/requisitos-para-entrar-en-una-residencia-de-ancianos\/\",\"url\":\"https:\/\/lavostrallar.com\/noticias\/requisitos-para-entrar-en-una-residencia-de-ancianos\/\",\"name\":\"Qu\u00e9 se necesita para ingresar en una residencia de ancianos\",\"isPartOf\":{\"@id\":\"https:\/\/lavostrallar.com\/noticias\/#website\"},\"primaryImageOfPage\":{\"@id\":\"https:\/\/lavostrallar.com\/noticias\/requisitos-para-entrar-en-una-residencia-de-ancianos\/#primaryimage\"},\"image\":{\"@id\":\"https:\/\/lavostrallar.com\/noticias\/requisitos-para-entrar-en-una-residencia-de-ancianos\/#primaryimage\"},\"thumbnailUrl\":\"https:\/\/lavostrallar.com\/noticias\/wp-content\/uploads\/2023\/01\/requisitos-para-entrar-en-una-residencia-de-ancianos.webp\",\"datePublished\":\"2023-01-30T07:11:00+00:00\",\"dateModified\":\"2026-03-12T15:07:00+00:00\",\"description\":\"Los requisitos para ingresar en una residencia var\u00edan en funci\u00f3n del tipo, por lo que debemos conocer sus caracter\u00edsticas y diferencias.\",\"breadcrumb\":{\"@id\":\"https:\/\/lavostrallar.com\/noticias\/requisitos-para-entrar-en-una-residencia-de-ancianos\/#breadcrumb\"},\"inLanguage\":\"es\",\"potentialAction\":[{\"@type\":\"ReadAction\",\"target\":[\"https:\/\/lavostrallar.com\/noticias\/requisitos-para-entrar-en-una-residencia-de-ancianos\/\"]}]},{\"@type\":\"ImageObject\",\"inLanguage\":\"es\",\"@id\":\"https:\/\/lavostrallar.com\/noticias\/requisitos-para-entrar-en-una-residencia-de-ancianos\/#primaryimage\",\"url\":\"https:\/\/lavostrallar.com\/noticias\/wp-content\/uploads\/2023\/01\/requisitos-para-entrar-en-una-residencia-de-ancianos.webp\",\"contentUrl\":\"https:\/\/lavostrallar.com\/noticias\/wp-content\/uploads\/2023\/01\/requisitos-para-entrar-en-una-residencia-de-ancianos.webp\",\"width\":1024,\"height\":683,\"caption\":\"Persona mayor con su familia evaluando opciones de cuidado en casa o en residencia de ancianos\"},{\"@type\":\"BreadcrumbList\",\"@id\":\"https:\/\/lavostrallar.com\/noticias\/requisitos-para-entrar-en-una-residencia-de-ancianos\/#breadcrumb\",\"itemListElement\":[{\"@type\":\"ListItem\",\"position\":1,\"name\":\"Portada\",\"item\":\"https:\/\/lavostrallar.com\/noticias\/\"},{\"@type\":\"ListItem\",\"position\":2,\"name\":\"Requisitos para ingresar en una residencia de ancianos\"}]},{\"@type\":\"WebSite\",\"@id\":\"https:\/\/lavostrallar.com\/noticias\/#website\",\"url\":\"https:\/\/lavostrallar.com\/noticias\/\",\"name\":\"La Vostra Llar\",\"description\":\"La Vostra Llar gestiona resid\u00e8ncies geri\u00e0triques des de 1987 amb la missi\u00f3 d\u2019oferir assist\u00e8ncia personalitzada per estimular, acollir i atendre les persones grans amb qualsevol grau de depend\u00e8ncia.\",\"publisher\":{\"@id\":\"https:\/\/lavostrallar.com\/noticias\/#organization\"},\"potentialAction\":[{\"@type\":\"SearchAction\",\"target\":{\"@type\":\"EntryPoint\",\"urlTemplate\":\"https:\/\/lavostrallar.com\/noticias\/?s={search_term_string}\"},\"query-input\":{\"@type\":\"PropertyValueSpecification\",\"valueRequired\":true,\"valueName\":\"search_term_string\"}}],\"inLanguage\":\"es\"},{\"@type\":\"Organization\",\"@id\":\"https:\/\/lavostrallar.com\/noticias\/#organization\",\"name\":\"La Vostra Llar\",\"url\":\"https:\/\/lavostrallar.com\/noticias\/\",\"logo\":{\"@type\":\"ImageObject\",\"inLanguage\":\"es\",\"@id\":\"https:\/\/lavostrallar.com\/noticias\/#\/schema\/logo\/image\/\",\"url\":\"https:\/\/lavostrallar.com\/noticias\/wp-content\/uploads\/2021\/12\/logo_lavostrallar.png\",\"contentUrl\":\"https:\/\/lavostrallar.com\/noticias\/wp-content\/uploads\/2021\/12\/logo_lavostrallar.png\",\"width\":217,\"height\":109,\"caption\":\"La Vostra Llar\"},\"image\":{\"@id\":\"https:\/\/lavostrallar.com\/noticias\/#\/schema\/logo\/image\/\"},\"sameAs\":[\"https:\/\/www.facebook.com\/lavostra.llar\",\"https:\/\/x.com\/lavostrallar\",\"https:\/\/www.instagram.com\/lavostrallar\/\"]},{\"@type\":\"Person\",\"@id\":\"https:\/\/lavostrallar.com\/noticias\/#\/schema\/person\/39e704b801e0c519c963d9a376e561e5\",\"name\":\"admin\",\"image\":{\"@type\":\"ImageObject\",\"inLanguage\":\"es\",\"@id\":\"https:\/\/lavostrallar.com\/noticias\/#\/schema\/person\/image\/\",\"url\":\"https:\/\/secure.gravatar.com\/avatar\/9d4580a48cd1910cc51e0dfd3fd063c0caadea953e64fb47c872043d240ffeab?s=96&d=mm&r=g\",\"contentUrl\":\"https:\/\/secure.gravatar.com\/avatar\/9d4580a48cd1910cc51e0dfd3fd063c0caadea953e64fb47c872043d240ffeab?s=96&d=mm&r=g\",\"caption\":\"admin\"},\"sameAs\":[\"https:\/\/lavostrallar.com\"],\"url\":\"https:\/\/lavostrallar.com\/noticias\/author\/lavostrallar\/\"}]}<\/script>\n<!-- \/ Yoast SEO plugin. -->","yoast_head_json":{"title":"Qu\u00e9 se necesita para ingresar en una residencia de ancianos","description":"Los requisitos para ingresar en una residencia var\u00edan en funci\u00f3n del tipo, por lo que debemos conocer sus caracter\u00edsticas y diferencias.","robots":{"index":"index","follow":"follow","max-snippet":"max-snippet:-1","max-image-preview":"max-image-preview:large","max-video-preview":"max-video-preview:-1"},"canonical":"https:\/\/lavostrallar.com\/noticias\/requisitos-para-entrar-en-una-residencia-de-ancianos\/","og_locale":"es_ES","og_type":"article","og_title":"Qu\u00e9 se necesita para ingresar en una residencia de ancianos","og_description":"Los requisitos para ingresar en una residencia var\u00edan en funci\u00f3n del tipo, por lo que debemos conocer sus caracter\u00edsticas y diferencias.","og_url":"https:\/\/lavostrallar.com\/noticias\/requisitos-para-entrar-en-una-residencia-de-ancianos\/","og_site_name":"Noticias La Vostra Llar","article_publisher":"https:\/\/www.facebook.com\/lavostra.llar","article_published_time":"2023-01-30T07:11:00+00:00","article_modified_time":"2026-03-12T15:07:00+00:00","og_image":[{"width":1024,"height":683,"url":"https:\/\/lavostrallar.com\/noticias\/wp-content\/uploads\/2023\/01\/requisitos-para-entrar-en-una-residencia-de-ancianos.webp","type":"image\/webp"}],"author":"admin","twitter_card":"summary_large_image","twitter_creator":"@lavostrallar","twitter_site":"@lavostrallar","twitter_misc":{"Escrito por":"admin","Tiempo de lectura":"5 minutos"},"schema":{"@context":"https:\/\/schema.org","@graph":[{"@type":"Article","@id":"https:\/\/lavostrallar.com\/noticias\/requisitos-para-entrar-en-una-residencia-de-ancianos\/#article","isPartOf":{"@id":"https:\/\/lavostrallar.com\/noticias\/requisitos-para-entrar-en-una-residencia-de-ancianos\/"},"author":{"name":"admin","@id":"https:\/\/lavostrallar.com\/noticias\/#\/schema\/person\/39e704b801e0c519c963d9a376e561e5"},"headline":"Requisitos para ingresar en una residencia de ancianos","datePublished":"2023-01-30T07:11:00+00:00","dateModified":"2026-03-12T15:07:00+00:00","mainEntityOfPage":{"@id":"https:\/\/lavostrallar.com\/noticias\/requisitos-para-entrar-en-una-residencia-de-ancianos\/"},"wordCount":1121,"commentCount":0,"publisher":{"@id":"https:\/\/lavostrallar.com\/noticias\/#organization"},"image":{"@id":"https:\/\/lavostrallar.com\/noticias\/requisitos-para-entrar-en-una-residencia-de-ancianos\/#primaryimage"},"thumbnailUrl":"https:\/\/lavostrallar.com\/noticias\/wp-content\/uploads\/2023\/01\/requisitos-para-entrar-en-una-residencia-de-ancianos.webp","articleSection":["Destacado","Noticias Blanes","Noticias Clot","Noticias Gr\u00e0cia","Noticias La Marina","Noticias La Rambla","Noticias Les D\u00e0lies","Noticias Les Oliveres","Noticias Matar\u00f3","Noticias Parc G\u00fcell","Noticias Reig","Noticias Terrassa"],"inLanguage":"es","potentialAction":[{"@type":"CommentAction","name":"Comment","target":["https:\/\/lavostrallar.com\/noticias\/requisitos-para-entrar-en-una-residencia-de-ancianos\/#respond"]}]},{"@type":"WebPage","@id":"https:\/\/lavostrallar.com\/noticias\/requisitos-para-entrar-en-una-residencia-de-ancianos\/","url":"https:\/\/lavostrallar.com\/noticias\/requisitos-para-entrar-en-una-residencia-de-ancianos\/","name":"Qu\u00e9 se necesita para ingresar en una residencia de ancianos","isPartOf":{"@id":"https:\/\/lavostrallar.com\/noticias\/#website"},"primaryImageOfPage":{"@id":"https:\/\/lavostrallar.com\/noticias\/requisitos-para-entrar-en-una-residencia-de-ancianos\/#primaryimage"},"image":{"@id":"https:\/\/lavostrallar.com\/noticias\/requisitos-para-entrar-en-una-residencia-de-ancianos\/#primaryimage"},"thumbnailUrl":"https:\/\/lavostrallar.com\/noticias\/wp-content\/uploads\/2023\/01\/requisitos-para-entrar-en-una-residencia-de-ancianos.webp","datePublished":"2023-01-30T07:11:00+00:00","dateModified":"2026-03-12T15:07:00+00:00","description":"Los requisitos para ingresar en una residencia var\u00edan en funci\u00f3n del tipo, por lo que debemos conocer sus caracter\u00edsticas y diferencias.","breadcrumb":{"@id":"https:\/\/lavostrallar.com\/noticias\/requisitos-para-entrar-en-una-residencia-de-ancianos\/#breadcrumb"},"inLanguage":"es","potentialAction":[{"@type":"ReadAction","target":["https:\/\/lavostrallar.com\/noticias\/requisitos-para-entrar-en-una-residencia-de-ancianos\/"]}]},{"@type":"ImageObject","inLanguage":"es","@id":"https:\/\/lavostrallar.com\/noticias\/requisitos-para-entrar-en-una-residencia-de-ancianos\/#primaryimage","url":"https:\/\/lavostrallar.com\/noticias\/wp-content\/uploads\/2023\/01\/requisitos-para-entrar-en-una-residencia-de-ancianos.webp","contentUrl":"https:\/\/lavostrallar.com\/noticias\/wp-content\/uploads\/2023\/01\/requisitos-para-entrar-en-una-residencia-de-ancianos.webp","width":1024,"height":683,"caption":"Persona mayor con su familia evaluando opciones de cuidado en casa o en residencia de ancianos"},{"@type":"BreadcrumbList","@id":"https:\/\/lavostrallar.com\/noticias\/requisitos-para-entrar-en-una-residencia-de-ancianos\/#breadcrumb","itemListElement":[{"@type":"ListItem","position":1,"name":"Portada","item":"https:\/\/lavostrallar.com\/noticias\/"},{"@type":"ListItem","position":2,"name":"Requisitos para ingresar en una residencia de ancianos"}]},{"@type":"WebSite","@id":"https:\/\/lavostrallar.com\/noticias\/#website","url":"https:\/\/lavostrallar.com\/noticias\/","name":"La Vostra Llar","description":"La Vostra Llar gestiona resid\u00e8ncies geri\u00e0triques des de 1987 amb la missi\u00f3 d\u2019oferir assist\u00e8ncia personalitzada per estimular, acollir i atendre les persones grans amb qualsevol grau de depend\u00e8ncia.","publisher":{"@id":"https:\/\/lavostrallar.com\/noticias\/#organization"},"potentialAction":[{"@type":"SearchAction","target":{"@type":"EntryPoint","urlTemplate":"https:\/\/lavostrallar.com\/noticias\/?s={search_term_string}"},"query-input":{"@type":"PropertyValueSpecification","valueRequired":true,"valueName":"search_term_string"}}],"inLanguage":"es"},{"@type":"Organization","@id":"https:\/\/lavostrallar.com\/noticias\/#organization","name":"La Vostra Llar","url":"https:\/\/lavostrallar.com\/noticias\/","logo":{"@type":"ImageObject","inLanguage":"es","@id":"https:\/\/lavostrallar.com\/noticias\/#\/schema\/logo\/image\/","url":"https:\/\/lavostrallar.com\/noticias\/wp-content\/uploads\/2021\/12\/logo_lavostrallar.png","contentUrl":"https:\/\/lavostrallar.com\/noticias\/wp-content\/uploads\/2021\/12\/logo_lavostrallar.png","width":217,"height":109,"caption":"La Vostra Llar"},"image":{"@id":"https:\/\/lavostrallar.com\/noticias\/#\/schema\/logo\/image\/"},"sameAs":["https:\/\/www.facebook.com\/lavostra.llar","https:\/\/x.com\/lavostrallar","https:\/\/www.instagram.com\/lavostrallar\/"]},{"@type":"Person","@id":"https:\/\/lavostrallar.com\/noticias\/#\/schema\/person\/39e704b801e0c519c963d9a376e561e5","name":"admin","image":{"@type":"ImageObject","inLanguage":"es","@id":"https:\/\/lavostrallar.com\/noticias\/#\/schema\/person\/image\/","url":"https:\/\/secure.gravatar.com\/avatar\/9d4580a48cd1910cc51e0dfd3fd063c0caadea953e64fb47c872043d240ffeab?s=96&d=mm&r=g","contentUrl":"https:\/\/secure.gravatar.com\/avatar\/9d4580a48cd1910cc51e0dfd3fd063c0caadea953e64fb47c872043d240ffeab?s=96&d=mm&r=g","caption":"admin"},"sameAs":["https:\/\/lavostrallar.com"],"url":"https:\/\/lavostrallar.com\/noticias\/author\/lavostrallar\/"}]}},"_links":{"self":[{"href":"https:\/\/lavostrallar.com\/noticias\/wp-json\/wp\/v2\/posts\/12562","targetHints":{"allow":["GET"]}}],"collection":[{"href":"https:\/\/lavostrallar.com\/noticias\/wp-json\/wp\/v2\/posts"}],"about":[{"href":"https:\/\/lavostrallar.com\/noticias\/wp-json\/wp\/v2\/types\/post"}],"author":[{"embeddable":true,"href":"https:\/\/lavostrallar.com\/noticias\/wp-json\/wp\/v2\/users\/1"}],"replies":[{"embeddable":true,"href":"https:\/\/lavostrallar.com\/noticias\/wp-json\/wp\/v2\/comments?post=12562"}],"version-history":[{"count":5,"href":"https:\/\/lavostrallar.com\/noticias\/wp-json\/wp\/v2\/posts\/12562\/revisions"}],"predecessor-version":[{"id":34834,"href":"https:\/\/lavostrallar.com\/noticias\/wp-json\/wp\/v2\/posts\/12562\/revisions\/34834"}],"wp:featuredmedia":[{"embeddable":true,"href":"https:\/\/lavostrallar.com\/noticias\/wp-json\/wp\/v2\/media\/34824"}],"wp:attachment":[{"href":"https:\/\/lavostrallar.com\/noticias\/wp-json\/wp\/v2\/media?parent=12562"}],"wp:term":[{"taxonomy":"category","embeddable":true,"href":"https:\/\/lavostrallar.com\/noticias\/wp-json\/wp\/v2\/categories?post=12562"},{"taxonomy":"post_tag","embeddable":true,"href":"https:\/\/lavostrallar.com\/noticias\/wp-json\/wp\/v2\/tags?post=12562"}],"curies":[{"name":"wp","href":"https:\/\/api.w.org\/{rel}","templated":true}]}}