	{"id":12576,"date":"2023-02-07T08:30:00","date_gmt":"2023-02-07T06:30:00","guid":{"rendered":"https:\/\/lavostrallar.com\/?p=12576"},"modified":"2025-07-08T19:16:02","modified_gmt":"2025-07-08T17:16:02","slug":"llei-de-dependencia-graus-i-nivells","status":"publish","type":"post","link":"https:\/\/lavostrallar.com\/noticias\/llei-de-dependencia-graus-i-nivells\/","title":{"rendered":"Ley de dependencia: Grados y niveles"},"content":{"rendered":"<p>De acuerdo a la Ley de Dependencia en Espa\u00f1a se establecen 3 diferentes grados de dependencia: Moderada (Grado I), Severa (Grado II) y Gran Dependencia (Grado III). Estos grados se determinan mediante una valoraci\u00f3n funcional, que considera las actividades b\u00e1sicas de la vida diaria.<span class=\"pjBG2e\" data-cid=\"a8e353c5-7b03-47e1-8994-7f2fda39abf9\"><span class=\"UV3uM\">\u00a0<\/span><\/span><\/p>\n<p>Las personas que se encuentren en situaci\u00f3n de dependencia o tengan alg\u00fan familiar que lo est\u00e9 deben reunir unos requisitos b\u00e1sicos para acceder a las prestaciones establecidas por la ley de dependencia.<\/p>\n<h2>Requisitos b\u00e1sicos a cumplir para la Ley de Dependencia<\/h2>\n<p>Los requisitos b\u00e1sicos que hay que cumplir son los siguientes:<\/p>\n<ol>\n<li>\n<h3><strong>Encontrarse en una situaci\u00f3n de dependencia en algunos de los grados establecidos.<\/strong><\/h3>\n<\/li>\n<\/ol>\n<p><em>Dependencia:<\/em> es el estado de car\u00e1cter permanente en que se encuentran las personas que, por razones derivadas de la edad, enfermedad o discapacidad, y ligadas a la falta de autonom\u00eda f\u00edsica, mental, intelectual o sensorial, precisan la atenci\u00f3n de otra u otras personas. Estas personas tambi\u00e9n necesitan ayudas importantes para la realizaci\u00f3n de las <u>actividades b\u00e1sicas de la vida diaria<\/u> o, como en el caso de las personas con discapacidad intelectual o que padecen alg\u00fan trastorno de salud mental, de otros apoyos para su <u>autonom\u00eda personal<\/u>.<\/p>\n<p><em>Autonom\u00eda:<\/em> es la capacidad de controlar, afrontar y tomar, por propia iniciativa, decisiones personales acerca de c\u00f3mo vivir de acuerdo con las normas y preferencias propias, as\u00ed como de desarrollar las actividades b\u00e1sicas de la vida diaria.<\/p>\n<p><em>Actividades b\u00e1sicas de la vida diaria:<\/em> son aquellas que permiten a la persona desenvolverse con un m\u00ednimo de autonom\u00eda e independencia, tales como el cuidado personal, las actividades dom\u00e9sticas b\u00e1sicas, la movilidad esencial, reconocer personas y objetos, orientarse, entender y ejecutar \u00f3rdenes o tareas sencillas.<\/p>\n<ol start=\"2\">\n<li>\n<h3><strong> Residir en el territorio espa\u00f1ol y haberlo hecho durante cinco a\u00f1os<\/strong><\/h3>\n<\/li>\n<\/ol>\n<p>Dos de los cuales deben ser inmediatamente anteriores a la fecha de presentaci\u00f3n de la solicitud. Para los menores de cinco a\u00f1os, el periodo de residencia se exige a quien tiene la guardia y custodia.<\/p>\n<p>Las ayudas a la dependencia pueden solicitarse acudiendo a los servicios sociales municipales o a los centros de atenci\u00f3n primaria, donde un trabajador o trabajadora social valorar\u00e1 la situaci\u00f3n y ofrecer\u00e1 orientaci\u00f3n sobre los tr\u00e1mites a realizar.<\/p>\n<h2>Presentaci\u00f3n de solicitud a la Ley de Dependencia<\/h2>\n<p>A la hora de presentar la solicitud, ser\u00e1 necesario rellenar un formulario y adjuntar datos personales y administrativos, adem\u00e1s de un informe m\u00e9dico espec\u00edfico. La documentaci\u00f3n necesaria para iniciar el proceso se puede presentar en los siguientes organismos:<\/p>\n<h3><strong>Ayuntamientos<\/strong><\/h3>\n<p><a href=\"http:\/\/sac.gencat.cat\/sacgencat\/AppJava\/servei_fitxa.jsp?codi=2412\" target=\"_blank\" rel=\"noopener\">Oficinas de Bienestar Social y Familia<\/a><\/p>\n<p><a href=\"https:\/\/web.gencat.cat\/es\/contacte\/oficines\/\" target=\"_blank\" rel=\"noopener\">Oficinas de Atenci\u00f3n Ciudadana del Departamento de Bienestar Social y Familia<\/a><\/p>\n<p><a href=\"https:\/\/dretssocials.gencat.cat\/ca\/inici\/index.html\" target=\"_blank\" rel=\"noopener\">Departamento de Trabajo, Asuntos Sociales y Familias<\/a><\/p>\n<p>En la p\u00e1gina web de la <a href=\"http:\/\/web.gencat.cat\/es\/tramits\/tramits-temes\/Reconeixement-de-la-situacio-de-dependencia\" target=\"_blank\" rel=\"noopener\">Generalitat de Catalu\u00f1a<\/a><\/p>\n<h2><strong>GRADOS DE DEPENDENCIA<\/strong><\/h2>\n<p>Solo puede determinar el grado de dependencia la Administraci\u00f3n P\u00fablica. Para ello, el equipo del Servicio de Valoraci\u00f3n de la Dependencia visitar\u00e1 el domicilio habitual de la persona. Para iniciar la valoraci\u00f3n, un profesional de este servicio se pondr\u00e1 en contacto telef\u00f3nico con la persona solicitante para acordar d\u00eda y hora para realizar una visita en el domicilio o en el centro d\u00f3nde reside (en el caso de las personas ingresadas en una residencia). Si no fuera posible contactar telef\u00f3nicamente con la persona, se le enviar\u00eda una carta al domicilio o centro de residencia en d\u00f3nde se le pedir\u00e1 que se ponga en contacto con el servicio de valoraci\u00f3n para concertar una visita.<\/p>\n<p>Para hacer la valoraci\u00f3n final, se tendr\u00e1n en cuenta los informes de salud aportados, la entrevista realizada en el domicilio, la observaci\u00f3n y la comprobaci\u00f3n directa y los resultados obtenidos en el Baremo de Valoraci\u00f3n de la Dependencia (BVD).<\/p>\n<p>Seg\u00fan la necesidad de ayuda que tiene una persona para realizar las actividades b\u00e1sicas de la vida diaria, a partir del baremo de valoraci\u00f3n de la dependencia (BVD) se establecen tres grados de dependencia: dependencia moderada (Grado I), dependencia severa (Grado II), y gran dependencia (Grado III).<\/p>\n<h3><strong>Grado I de dependencia. Dependencia moderada<\/strong><\/h3>\n<p>Se considera que una persona tiene un grado de dependencia moderada cuando necesita ayuda para realizar varias actividades b\u00e1sicas de la vida diaria, al menos una vez al d\u00eda, o tiene necesidades de ayuda intermitente o limitada para su autonom\u00eda personal.<\/p>\n<p><em>(De veinticinco a cuarenta y nueve puntos en el BVD).<\/em><\/p>\n<h3><strong>Grado II de dependencia. Dependencia severa<\/strong><\/h3>\n<p>Se considera que una persona tiene un grado de dependencia severa cuando necesita ayuda para realizar varias actividades b\u00e1sicas de la vida diaria dos o tres veces al d\u00eda, pero no requiere la presencia permanente de una persona cuidadora o tiene necesidades de ayuda extensa para su autonom\u00eda personal.<\/p>\n<p><em>(De cincuenta a setenta y cuatro puntos en el BVD).<\/em><\/p>\n<h3><strong>Grado III de dependencia. Gran dependencia<\/strong><\/h3>\n<p>Se considera que una persona tiene una gran dependencia cuando necesita ayuda para realizar varias actividades b\u00e1sicas de la vida diaria unas cuantas veces al d\u00eda y, por su p\u00e9rdida total de autonom\u00eda mental o f\u00edsica, necesita la presencia indispensable y continua de otra persona o tiene necesidad de ayuda generalizada para su autonom\u00eda personal.<\/p>\n<p><em>(Igual o mayor a setenta y cinco puntos en el BVD).<\/em><\/p>\n<p><strong>El grado de dependencia puede ser revisado a instancias de la persona afectada, sus representantes o la administraci\u00f3n, si se produce una mejora o empeoramiento de la situaci\u00f3n de dependencia, por error de diagn\u00f3stico o error en la aplicaci\u00f3n del baremo correspondiente.<\/strong><\/p>\n<p>Para solicitar el proceso de revisi\u00f3n del grado de dependencia hay que rellenar un formulario espec\u00edfico que debe complementarse con un nuevo informe m\u00e9dico. El proceso es exactamente el mismo que el de la solicitud del reconocimiento de la situaci\u00f3n de dependencia.<\/p>\n<p>En cuanto se haya dictaminado el grado de dependencia, los servicios sociales p\u00fablicos de atenci\u00f3n primaria o de los centros residenciales elaborar\u00e1n, de manera conjunta con la persona dependiente o sus representantes, un programa de atenci\u00f3n personalizado.<\/p>\n<p>El prop\u00f3sito es proponer la prestaci\u00f3n de determinados\u00a0<strong>servicios y\/o prestaciones econ\u00f3micas<\/strong>, teniendo en cuenta las necesidades de la persona, el entorno familiar y social y la disponibilidad de los servicios.<\/p>\n<h2>Prestaciones de servicios de la Ley de Dependencia<\/h2>\n<p>Las prestaciones de servicios pueden ser las siguientes:<\/p>\n<ul>\n<li>Servicio de prevenci\u00f3n de dependencia y promoci\u00f3n de la autonom\u00eda.<\/li>\n<li>Teleasistencia.<\/li>\n<li>Atenci\u00f3n social domiciliaria.<\/li>\n<li>Centros de d\u00eda.<\/li>\n<li>Servicios\u00a0residenciales\u00a0en diferentes modalidades.<\/li>\n<li>Formaci\u00f3n y\u00a0acompa\u00f1amiento a las personas cuidadoras.<\/li>\n<\/ul>\n<h2>Prestaciones econ\u00f3micas de la Ley de Dependencia<\/h2>\n<p>Las posibles prestaciones econ\u00f3micas son:<\/p>\n<ul>\n<li>Prestaci\u00f3n vinculada a un servicio (atenci\u00f3n domiciliaria,\u00a0centros de d\u00eda\u00a0o residencia).<\/li>\n<li>Prestaci\u00f3n al cuidador no profesional.<\/li>\n<li>Prestaci\u00f3n de asistente personal.<\/li>\n<\/ul>\n<p>Para calcular los importes de las\u00a0<strong>prestaciones econ\u00f3micas de las ayudas a la dependencia\u00a0<\/strong>siempre se tendr\u00e1 en cuenta la capacidad econ\u00f3mica de la persona dependiente.\u00a0<\/p>\n<h2>Residencias La Vostra Llar te ayuda<\/h2>\n\n\n<p>Si necesita m\u00e1s informaci\u00f3n o tiene alguna duda sobre Ley de dependencia: grados y niveles, puede solicitar m\u00e1s informaci\u00f3n a <a href=\"https:\/\/lavostrallar.com\/\"><strong>La Vostra LLar<\/strong>.<\/a><\/p>\n","protected":false},"excerpt":{"rendered":"<p>De acuerdo a la Ley de Dependencia en Espa\u00f1a se establecen 3 diferentes grados de dependencia: Moderada (Grado I), Severa (Grado II) y Gran Dependencia (Grado III). Estos grados se determinan mediante una valoraci\u00f3n funcional, que considera las actividades b\u00e1sicas de la vida diaria.\u00a0 Las personas que se encuentren en situaci\u00f3n de dependencia o tengan [&hellip;]<\/p>\n","protected":false},"author":1,"featured_media":22986,"comment_status":"open","ping_status":"closed","sticky":false,"template":"","format":"standard","meta":{"content-type":"","footnotes":""},"categories":[11,47,18,12,13,14,15,27,16,19],"tags":[7,23,9],"class_list":["post-12576","post","type-post","status-publish","format-standard","has-post-thumbnail","hentry","category-noticias-blanes","category-noticias-clot","category-noticias-gracia","category-noticias-la-rambla","category-noticias-les-dalies","category-noticias-les-oliveres","category-noticias-mataro","category-noticias-guell","category-noticias-reig","category-noticias-terrassa","tag-compromiso-social","tag-ley-de-dependencia","tag-residencias-de-ancianos"],"yoast_head":"<!-- This site is optimized with the Yoast SEO plugin v26.0 - https:\/\/yoast.com\/wordpress\/plugins\/seo\/ -->\n<title>Ley de dependencia: Grados y niveles - Noticias La Vostra Llar<\/title>\n<meta name=\"description\" content=\"Las personas en situaci\u00f3n de dependencia deben reunir requisitos b\u00e1sicos para acceder a las prestaciones establecidas por la ley\" \/>\n<meta name=\"robots\" content=\"index, follow, max-snippet:-1, max-image-preview:large, max-video-preview:-1\" \/>\n<link rel=\"canonical\" href=\"https:\/\/lavostrallar.com\/noticias\/llei-de-dependencia-graus-i-nivells\/\" \/>\n<meta property=\"og:locale\" content=\"es_ES\" \/>\n<meta property=\"og:type\" content=\"article\" \/>\n<meta property=\"og:title\" content=\"Ley de dependencia: Grados y niveles - Noticias La Vostra Llar\" \/>\n<meta property=\"og:description\" content=\"Las personas en situaci\u00f3n de dependencia deben reunir requisitos b\u00e1sicos para acceder a las prestaciones establecidas por la ley\" \/>\n<meta property=\"og:url\" content=\"https:\/\/lavostrallar.com\/noticias\/llei-de-dependencia-graus-i-nivells\/\" \/>\n<meta property=\"og:site_name\" content=\"Noticias La Vostra Llar\" \/>\n<meta property=\"article:publisher\" content=\"https:\/\/www.facebook.com\/lavostra.llar\" \/>\n<meta property=\"article:published_time\" content=\"2023-02-07T06:30:00+00:00\" \/>\n<meta property=\"article:modified_time\" content=\"2025-07-08T17:16:02+00:00\" \/>\n<meta property=\"og:image\" content=\"https:\/\/lavostrallar.com\/noticias\/wp-content\/uploads\/2021\/10\/3_1.jpg\" \/>\n\t<meta property=\"og:image:width\" content=\"1134\" \/>\n\t<meta property=\"og:image:height\" content=\"756\" \/>\n\t<meta property=\"og:image:type\" content=\"image\/jpeg\" \/>\n<meta name=\"author\" content=\"admin\" \/>\n<meta name=\"twitter:card\" content=\"summary_large_image\" \/>\n<meta name=\"twitter:creator\" content=\"@lavostrallar\" \/>\n<meta name=\"twitter:site\" content=\"@lavostrallar\" \/>\n<meta name=\"twitter:label1\" content=\"Escrito por\" \/>\n\t<meta name=\"twitter:data1\" content=\"admin\" \/>\n\t<meta name=\"twitter:label2\" content=\"Tiempo de lectura\" \/>\n\t<meta name=\"twitter:data2\" content=\"6 minutos\" \/>\n<script type=\"application\/ld+json\" class=\"yoast-schema-graph\">{\"@context\":\"https:\/\/schema.org\",\"@graph\":[{\"@type\":\"Article\",\"@id\":\"https:\/\/lavostrallar.com\/noticias\/llei-de-dependencia-graus-i-nivells\/#article\",\"isPartOf\":{\"@id\":\"https:\/\/lavostrallar.com\/noticias\/llei-de-dependencia-graus-i-nivells\/\"},\"author\":{\"name\":\"admin\",\"@id\":\"https:\/\/lavostrallar.com\/noticias\/#\/schema\/person\/39e704b801e0c519c963d9a376e561e5\"},\"headline\":\"Ley de dependencia: Grados y niveles\",\"datePublished\":\"2023-02-07T06:30:00+00:00\",\"dateModified\":\"2025-07-08T17:16:02+00:00\",\"mainEntityOfPage\":{\"@id\":\"https:\/\/lavostrallar.com\/noticias\/llei-de-dependencia-graus-i-nivells\/\"},\"wordCount\":1233,\"commentCount\":0,\"publisher\":{\"@id\":\"https:\/\/lavostrallar.com\/noticias\/#organization\"},\"image\":{\"@id\":\"https:\/\/lavostrallar.com\/noticias\/llei-de-dependencia-graus-i-nivells\/#primaryimage\"},\"thumbnailUrl\":\"https:\/\/lavostrallar.com\/noticias\/wp-content\/uploads\/2021\/10\/3_1.jpg\",\"keywords\":[\"Compromiso social\",\"Ley de dependencia\",\"Residencias de ancianos\"],\"articleSection\":[\"Noticias Blanes\",\"Noticias Clot\",\"Noticias Gr\u00e0cia\",\"Noticias La Rambla\",\"Noticias Les D\u00e0lies\",\"Noticias Les Oliveres\",\"Noticias Matar\u00f3\",\"Noticias Parc G\u00fcell\",\"Noticias Reig\",\"Noticias Terrassa\"],\"inLanguage\":\"es\",\"potentialAction\":[{\"@type\":\"CommentAction\",\"name\":\"Comment\",\"target\":[\"https:\/\/lavostrallar.com\/noticias\/llei-de-dependencia-graus-i-nivells\/#respond\"]}]},{\"@type\":\"WebPage\",\"@id\":\"https:\/\/lavostrallar.com\/noticias\/llei-de-dependencia-graus-i-nivells\/\",\"url\":\"https:\/\/lavostrallar.com\/noticias\/llei-de-dependencia-graus-i-nivells\/\",\"name\":\"Ley de dependencia: Grados y niveles - Noticias La Vostra Llar\",\"isPartOf\":{\"@id\":\"https:\/\/lavostrallar.com\/noticias\/#website\"},\"primaryImageOfPage\":{\"@id\":\"https:\/\/lavostrallar.com\/noticias\/llei-de-dependencia-graus-i-nivells\/#primaryimage\"},\"image\":{\"@id\":\"https:\/\/lavostrallar.com\/noticias\/llei-de-dependencia-graus-i-nivells\/#primaryimage\"},\"thumbnailUrl\":\"https:\/\/lavostrallar.com\/noticias\/wp-content\/uploads\/2021\/10\/3_1.jpg\",\"datePublished\":\"2023-02-07T06:30:00+00:00\",\"dateModified\":\"2025-07-08T17:16:02+00:00\",\"description\":\"Las personas en situaci\u00f3n de dependencia deben reunir requisitos b\u00e1sicos para acceder a las prestaciones establecidas por la ley\",\"breadcrumb\":{\"@id\":\"https:\/\/lavostrallar.com\/noticias\/llei-de-dependencia-graus-i-nivells\/#breadcrumb\"},\"inLanguage\":\"es\",\"potentialAction\":[{\"@type\":\"ReadAction\",\"target\":[\"https:\/\/lavostrallar.com\/noticias\/llei-de-dependencia-graus-i-nivells\/\"]}]},{\"@type\":\"ImageObject\",\"inLanguage\":\"es\",\"@id\":\"https:\/\/lavostrallar.com\/noticias\/llei-de-dependencia-graus-i-nivells\/#primaryimage\",\"url\":\"https:\/\/lavostrallar.com\/noticias\/wp-content\/uploads\/2021\/10\/3_1.jpg\",\"contentUrl\":\"https:\/\/lavostrallar.com\/noticias\/wp-content\/uploads\/2021\/10\/3_1.jpg\",\"width\":1134,\"height\":756},{\"@type\":\"BreadcrumbList\",\"@id\":\"https:\/\/lavostrallar.com\/noticias\/llei-de-dependencia-graus-i-nivells\/#breadcrumb\",\"itemListElement\":[{\"@type\":\"ListItem\",\"position\":1,\"name\":\"Portada\",\"item\":\"https:\/\/lavostrallar.com\/noticias\/\"},{\"@type\":\"ListItem\",\"position\":2,\"name\":\"Ley de dependencia: Grados y niveles\"}]},{\"@type\":\"WebSite\",\"@id\":\"https:\/\/lavostrallar.com\/noticias\/#website\",\"url\":\"https:\/\/lavostrallar.com\/noticias\/\",\"name\":\"La Vostra Llar\",\"description\":\"La Vostra Llar gestiona resid\u00e8ncies geri\u00e0triques des de 1987 amb la missi\u00f3 d\u2019oferir assist\u00e8ncia personalitzada per estimular, acollir i atendre les persones grans amb qualsevol grau de depend\u00e8ncia.\",\"publisher\":{\"@id\":\"https:\/\/lavostrallar.com\/noticias\/#organization\"},\"potentialAction\":[{\"@type\":\"SearchAction\",\"target\":{\"@type\":\"EntryPoint\",\"urlTemplate\":\"https:\/\/lavostrallar.com\/noticias\/?s={search_term_string}\"},\"query-input\":{\"@type\":\"PropertyValueSpecification\",\"valueRequired\":true,\"valueName\":\"search_term_string\"}}],\"inLanguage\":\"es\"},{\"@type\":\"Organization\",\"@id\":\"https:\/\/lavostrallar.com\/noticias\/#organization\",\"name\":\"La Vostra Llar\",\"url\":\"https:\/\/lavostrallar.com\/noticias\/\",\"logo\":{\"@type\":\"ImageObject\",\"inLanguage\":\"es\",\"@id\":\"https:\/\/lavostrallar.com\/noticias\/#\/schema\/logo\/image\/\",\"url\":\"https:\/\/lavostrallar.com\/noticias\/wp-content\/uploads\/2021\/12\/logo_lavostrallar.png\",\"contentUrl\":\"https:\/\/lavostrallar.com\/noticias\/wp-content\/uploads\/2021\/12\/logo_lavostrallar.png\",\"width\":217,\"height\":109,\"caption\":\"La Vostra Llar\"},\"image\":{\"@id\":\"https:\/\/lavostrallar.com\/noticias\/#\/schema\/logo\/image\/\"},\"sameAs\":[\"https:\/\/www.facebook.com\/lavostra.llar\",\"https:\/\/x.com\/lavostrallar\",\"https:\/\/www.instagram.com\/lavostrallar\/\"]},{\"@type\":\"Person\",\"@id\":\"https:\/\/lavostrallar.com\/noticias\/#\/schema\/person\/39e704b801e0c519c963d9a376e561e5\",\"name\":\"admin\",\"image\":{\"@type\":\"ImageObject\",\"inLanguage\":\"es\",\"@id\":\"https:\/\/lavostrallar.com\/noticias\/#\/schema\/person\/image\/\",\"url\":\"https:\/\/secure.gravatar.com\/avatar\/9d4580a48cd1910cc51e0dfd3fd063c0caadea953e64fb47c872043d240ffeab?s=96&d=mm&r=g\",\"contentUrl\":\"https:\/\/secure.gravatar.com\/avatar\/9d4580a48cd1910cc51e0dfd3fd063c0caadea953e64fb47c872043d240ffeab?s=96&d=mm&r=g\",\"caption\":\"admin\"},\"sameAs\":[\"https:\/\/lavostrallar.com\"],\"url\":\"https:\/\/lavostrallar.com\/noticias\/author\/lavostrallar\/\"}]}<\/script>\n<!-- \/ Yoast SEO plugin. -->","yoast_head_json":{"title":"Ley de dependencia: Grados y niveles - Noticias La Vostra Llar","description":"Las personas en situaci\u00f3n de dependencia deben reunir requisitos b\u00e1sicos para acceder a las prestaciones establecidas por la ley","robots":{"index":"index","follow":"follow","max-snippet":"max-snippet:-1","max-image-preview":"max-image-preview:large","max-video-preview":"max-video-preview:-1"},"canonical":"https:\/\/lavostrallar.com\/noticias\/llei-de-dependencia-graus-i-nivells\/","og_locale":"es_ES","og_type":"article","og_title":"Ley de dependencia: Grados y niveles - Noticias La Vostra Llar","og_description":"Las personas en situaci\u00f3n de dependencia deben reunir requisitos b\u00e1sicos para acceder a las prestaciones establecidas por la ley","og_url":"https:\/\/lavostrallar.com\/noticias\/llei-de-dependencia-graus-i-nivells\/","og_site_name":"Noticias La Vostra Llar","article_publisher":"https:\/\/www.facebook.com\/lavostra.llar","article_published_time":"2023-02-07T06:30:00+00:00","article_modified_time":"2025-07-08T17:16:02+00:00","og_image":[{"width":1134,"height":756,"url":"https:\/\/lavostrallar.com\/noticias\/wp-content\/uploads\/2021\/10\/3_1.jpg","type":"image\/jpeg"}],"author":"admin","twitter_card":"summary_large_image","twitter_creator":"@lavostrallar","twitter_site":"@lavostrallar","twitter_misc":{"Escrito por":"admin","Tiempo de lectura":"6 minutos"},"schema":{"@context":"https:\/\/schema.org","@graph":[{"@type":"Article","@id":"https:\/\/lavostrallar.com\/noticias\/llei-de-dependencia-graus-i-nivells\/#article","isPartOf":{"@id":"https:\/\/lavostrallar.com\/noticias\/llei-de-dependencia-graus-i-nivells\/"},"author":{"name":"admin","@id":"https:\/\/lavostrallar.com\/noticias\/#\/schema\/person\/39e704b801e0c519c963d9a376e561e5"},"headline":"Ley de dependencia: Grados y niveles","datePublished":"2023-02-07T06:30:00+00:00","dateModified":"2025-07-08T17:16:02+00:00","mainEntityOfPage":{"@id":"https:\/\/lavostrallar.com\/noticias\/llei-de-dependencia-graus-i-nivells\/"},"wordCount":1233,"commentCount":0,"publisher":{"@id":"https:\/\/lavostrallar.com\/noticias\/#organization"},"image":{"@id":"https:\/\/lavostrallar.com\/noticias\/llei-de-dependencia-graus-i-nivells\/#primaryimage"},"thumbnailUrl":"https:\/\/lavostrallar.com\/noticias\/wp-content\/uploads\/2021\/10\/3_1.jpg","keywords":["Compromiso social","Ley de dependencia","Residencias de ancianos"],"articleSection":["Noticias Blanes","Noticias Clot","Noticias Gr\u00e0cia","Noticias La Rambla","Noticias Les D\u00e0lies","Noticias Les Oliveres","Noticias Matar\u00f3","Noticias Parc G\u00fcell","Noticias Reig","Noticias Terrassa"],"inLanguage":"es","potentialAction":[{"@type":"CommentAction","name":"Comment","target":["https:\/\/lavostrallar.com\/noticias\/llei-de-dependencia-graus-i-nivells\/#respond"]}]},{"@type":"WebPage","@id":"https:\/\/lavostrallar.com\/noticias\/llei-de-dependencia-graus-i-nivells\/","url":"https:\/\/lavostrallar.com\/noticias\/llei-de-dependencia-graus-i-nivells\/","name":"Ley de dependencia: Grados y niveles - Noticias La Vostra Llar","isPartOf":{"@id":"https:\/\/lavostrallar.com\/noticias\/#website"},"primaryImageOfPage":{"@id":"https:\/\/lavostrallar.com\/noticias\/llei-de-dependencia-graus-i-nivells\/#primaryimage"},"image":{"@id":"https:\/\/lavostrallar.com\/noticias\/llei-de-dependencia-graus-i-nivells\/#primaryimage"},"thumbnailUrl":"https:\/\/lavostrallar.com\/noticias\/wp-content\/uploads\/2021\/10\/3_1.jpg","datePublished":"2023-02-07T06:30:00+00:00","dateModified":"2025-07-08T17:16:02+00:00","description":"Las personas en situaci\u00f3n de dependencia deben reunir requisitos b\u00e1sicos para acceder a las prestaciones establecidas por la ley","breadcrumb":{"@id":"https:\/\/lavostrallar.com\/noticias\/llei-de-dependencia-graus-i-nivells\/#breadcrumb"},"inLanguage":"es","potentialAction":[{"@type":"ReadAction","target":["https:\/\/lavostrallar.com\/noticias\/llei-de-dependencia-graus-i-nivells\/"]}]},{"@type":"ImageObject","inLanguage":"es","@id":"https:\/\/lavostrallar.com\/noticias\/llei-de-dependencia-graus-i-nivells\/#primaryimage","url":"https:\/\/lavostrallar.com\/noticias\/wp-content\/uploads\/2021\/10\/3_1.jpg","contentUrl":"https:\/\/lavostrallar.com\/noticias\/wp-content\/uploads\/2021\/10\/3_1.jpg","width":1134,"height":756},{"@type":"BreadcrumbList","@id":"https:\/\/lavostrallar.com\/noticias\/llei-de-dependencia-graus-i-nivells\/#breadcrumb","itemListElement":[{"@type":"ListItem","position":1,"name":"Portada","item":"https:\/\/lavostrallar.com\/noticias\/"},{"@type":"ListItem","position":2,"name":"Ley de dependencia: Grados y niveles"}]},{"@type":"WebSite","@id":"https:\/\/lavostrallar.com\/noticias\/#website","url":"https:\/\/lavostrallar.com\/noticias\/","name":"La Vostra Llar","description":"La Vostra Llar gestiona resid\u00e8ncies geri\u00e0triques des de 1987 amb la missi\u00f3 d\u2019oferir assist\u00e8ncia personalitzada per estimular, acollir i atendre les persones grans amb qualsevol grau de depend\u00e8ncia.","publisher":{"@id":"https:\/\/lavostrallar.com\/noticias\/#organization"},"potentialAction":[{"@type":"SearchAction","target":{"@type":"EntryPoint","urlTemplate":"https:\/\/lavostrallar.com\/noticias\/?s={search_term_string}"},"query-input":{"@type":"PropertyValueSpecification","valueRequired":true,"valueName":"search_term_string"}}],"inLanguage":"es"},{"@type":"Organization","@id":"https:\/\/lavostrallar.com\/noticias\/#organization","name":"La Vostra Llar","url":"https:\/\/lavostrallar.com\/noticias\/","logo":{"@type":"ImageObject","inLanguage":"es","@id":"https:\/\/lavostrallar.com\/noticias\/#\/schema\/logo\/image\/","url":"https:\/\/lavostrallar.com\/noticias\/wp-content\/uploads\/2021\/12\/logo_lavostrallar.png","contentUrl":"https:\/\/lavostrallar.com\/noticias\/wp-content\/uploads\/2021\/12\/logo_lavostrallar.png","width":217,"height":109,"caption":"La Vostra Llar"},"image":{"@id":"https:\/\/lavostrallar.com\/noticias\/#\/schema\/logo\/image\/"},"sameAs":["https:\/\/www.facebook.com\/lavostra.llar","https:\/\/x.com\/lavostrallar","https:\/\/www.instagram.com\/lavostrallar\/"]},{"@type":"Person","@id":"https:\/\/lavostrallar.com\/noticias\/#\/schema\/person\/39e704b801e0c519c963d9a376e561e5","name":"admin","image":{"@type":"ImageObject","inLanguage":"es","@id":"https:\/\/lavostrallar.com\/noticias\/#\/schema\/person\/image\/","url":"https:\/\/secure.gravatar.com\/avatar\/9d4580a48cd1910cc51e0dfd3fd063c0caadea953e64fb47c872043d240ffeab?s=96&d=mm&r=g","contentUrl":"https:\/\/secure.gravatar.com\/avatar\/9d4580a48cd1910cc51e0dfd3fd063c0caadea953e64fb47c872043d240ffeab?s=96&d=mm&r=g","caption":"admin"},"sameAs":["https:\/\/lavostrallar.com"],"url":"https:\/\/lavostrallar.com\/noticias\/author\/lavostrallar\/"}]}},"_links":{"self":[{"href":"https:\/\/lavostrallar.com\/noticias\/wp-json\/wp\/v2\/posts\/12576","targetHints":{"allow":["GET"]}}],"collection":[{"href":"https:\/\/lavostrallar.com\/noticias\/wp-json\/wp\/v2\/posts"}],"about":[{"href":"https:\/\/lavostrallar.com\/noticias\/wp-json\/wp\/v2\/types\/post"}],"author":[{"embeddable":true,"href":"https:\/\/lavostrallar.com\/noticias\/wp-json\/wp\/v2\/users\/1"}],"replies":[{"embeddable":true,"href":"https:\/\/lavostrallar.com\/noticias\/wp-json\/wp\/v2\/comments?post=12576"}],"version-history":[{"count":15,"href":"https:\/\/lavostrallar.com\/noticias\/wp-json\/wp\/v2\/posts\/12576\/revisions"}],"predecessor-version":[{"id":34836,"href":"https:\/\/lavostrallar.com\/noticias\/wp-json\/wp\/v2\/posts\/12576\/revisions\/34836"}],"wp:featuredmedia":[{"embeddable":true,"href":"https:\/\/lavostrallar.com\/noticias\/wp-json\/wp\/v2\/media\/22986"}],"wp:attachment":[{"href":"https:\/\/lavostrallar.com\/noticias\/wp-json\/wp\/v2\/media?parent=12576"}],"wp:term":[{"taxonomy":"category","embeddable":true,"href":"https:\/\/lavostrallar.com\/noticias\/wp-json\/wp\/v2\/categories?post=12576"},{"taxonomy":"post_tag","embeddable":true,"href":"https:\/\/lavostrallar.com\/noticias\/wp-json\/wp\/v2\/tags?post=12576"}],"curies":[{"name":"wp","href":"https:\/\/api.w.org\/{rel}","templated":true}]}}