	{"id":16682,"date":"2022-01-24T19:39:00","date_gmt":"2022-01-24T19:39:00","guid":{"rendered":"https:\/\/lavostrallar.hilldevelop.com\/?p=16682"},"modified":"2022-02-08T19:40:56","modified_gmt":"2022-02-08T19:40:56","slug":"el-vostre-somriure-es-el-nostre-motor","status":"publish","type":"post","link":"https:\/\/lavostrallar.com\/noticias\/el-vostre-somriure-es-el-nostre-motor\/","title":{"rendered":"El vostre somriure \u00e9s el nostre motor!"},"content":{"rendered":"\n<p class=\"wp-block-paragraph\">El&nbsp;<strong>benestar integral dels nostres residents<\/strong>&nbsp;\u00e9s el principal objectiu del nostre treball i \u00e9s per aix\u00f2 que tot l\u2019equip de professionals, cadasc\u00fa des de la seva disciplina, analitza i estudia cada cas de manera individual per poder-li oferir a cada resident l\u2019atenci\u00f3 i tractament m\u00e9s adient amb la finalitat d\u2019obtenir una qualitat de vida \u00f2ptima.<\/p>\n\n\n\n<p class=\"wp-block-paragraph\">Des de la resid\u00e8ncia La Vostra Llar Reig de La Garriga prioritzem sempre la felicitat, i aquesta passa per una bona cura de l\u2019avi o \u00e0via en les&nbsp;<strong>activitats de la vida di\u00e0ria<\/strong>, un bon acompanyament i&nbsp;<strong>suport en tot all\u00f2 que necessiti en el dia a dia<\/strong>&nbsp;i en els aspectes m\u00e9s quotidians. Tamb\u00e9 tenim present&nbsp;<strong>l\u2019acompanyament&nbsp;<\/strong>i<strong>&nbsp;an\u00e0lisi psicol\u00f2gic<\/strong>&nbsp;que ens ajuden a tenir una visi\u00f3 global de la persona i poder detectar de manera preco\u00e7 qualsevol variaci\u00f3 en el seu estat. Tota la part de&nbsp;<strong>treball f\u00edsic&nbsp;<\/strong>i<strong>&nbsp;estimulaci\u00f3 de les articulacions<\/strong>&nbsp;esdev\u00e9 essencial per mantenir la mobilitat del resident i potenciar la seva autonomia en tots aquells camps que sigui possible. Per \u00faltim, destaquem com a \u00e0rea essencial per la felicitat de la persona un&nbsp;<strong>pla d\u2019activitats guiades<\/strong>&nbsp;que estimulin i fomentin l\u2019atenci\u00f3, expressi\u00f3 oral i socialitzaci\u00f3 entre el grup d\u2019iguals.<\/p>\n\n\n\n<p class=\"wp-block-paragraph\">Entre totes aquestes&nbsp;<strong>\u00e0rees d\u2019atenci\u00f3 directa<\/strong>&nbsp;amb els residents tenim la voluntat d\u2019aconseguir un estat de benestar \u00f2ptim en els nostres avis i \u00e0vies i que aix\u00ed puguin sentir-se com a casa seva, ja que el centre \u00e9s aix\u00f2, casa seva i nosaltres la seva fam\u00edlia de La Garriga!<\/p>\n\n\n\n<div class=\"wp-block-image\"><figure class=\"aligncenter size-large is-resized\"><img fetchpriority=\"high\" decoding=\"async\" src=\"https:\/\/lavostrallar.com\/wp-content\/uploads\/2022\/02\/262782164_4493746297408167_3115705655558651642_n-1024x768.jpg\" alt=\"\" class=\"wp-image-16683\" width=\"555\" height=\"416\" srcset=\"https:\/\/lavostrallar.com\/noticias\/wp-content\/uploads\/2022\/02\/262782164_4493746297408167_3115705655558651642_n-1024x768.jpg 1024w, https:\/\/lavostrallar.com\/noticias\/wp-content\/uploads\/2022\/02\/262782164_4493746297408167_3115705655558651642_n-300x225.jpg 300w, https:\/\/lavostrallar.com\/noticias\/wp-content\/uploads\/2022\/02\/262782164_4493746297408167_3115705655558651642_n-768x576.jpg 768w, https:\/\/lavostrallar.com\/noticias\/wp-content\/uploads\/2022\/02\/262782164_4493746297408167_3115705655558651642_n-1536x1152.jpg 1536w, https:\/\/lavostrallar.com\/noticias\/wp-content\/uploads\/2022\/02\/262782164_4493746297408167_3115705655558651642_n-16x12.jpg 16w, https:\/\/lavostrallar.com\/noticias\/wp-content\/uploads\/2022\/02\/262782164_4493746297408167_3115705655558651642_n.jpg 1728w\" sizes=\"(max-width: 555px) 100vw, 555px\" \/><\/figure><\/div>\n","protected":false},"excerpt":{"rendered":"<p>El&nbsp;benestar integral dels nostres residents&nbsp;\u00e9s el principal objectiu del nostre treball i \u00e9s per aix\u00f2 que tot l\u2019equip de professionals, cadasc\u00fa des de la seva disciplina, analitza i estudia cada cas de manera individual per poder-li oferir a cada resident l\u2019atenci\u00f3 i tractament m\u00e9s adient amb la finalitat d\u2019obtenir una qualitat de vida \u00f2ptima. Des [&hellip;]<\/p>\n","protected":false},"author":1,"featured_media":16640,"comment_status":"closed","ping_status":"closed","sticky":false,"template":"","format":"standard","meta":{"content-type":"","footnotes":""},"categories":[16],"tags":[33],"class_list":["post-16682","post","type-post","status-publish","format-standard","has-post-thumbnail","hentry","category-noticias-reig","tag-catalan"],"yoast_head":"<!-- This site is optimized with the Yoast SEO plugin v27.6 - https:\/\/yoast.com\/product\/yoast-seo-wordpress\/ -->\n<title>El vostre somriure \u00e9s el nostre motor! - Noticias La Vostra Llar<\/title>\n<meta name=\"robots\" content=\"index, follow, max-snippet:-1, max-image-preview:large, max-video-preview:-1\" \/>\n<link rel=\"canonical\" href=\"https:\/\/lavostrallar.com\/noticias\/el-vostre-somriure-es-el-nostre-motor\/\" \/>\n<meta property=\"og:locale\" content=\"es_ES\" \/>\n<meta property=\"og:type\" content=\"article\" \/>\n<meta property=\"og:title\" content=\"El vostre somriure \u00e9s el nostre motor! - Noticias La Vostra Llar\" \/>\n<meta property=\"og:description\" content=\"El&nbsp;benestar integral dels nostres residents&nbsp;\u00e9s el principal objectiu del nostre treball i \u00e9s per aix\u00f2 que tot l\u2019equip de professionals, cadasc\u00fa des de la seva disciplina, analitza i estudia cada cas de manera individual per poder-li oferir a cada resident l\u2019atenci\u00f3 i tractament m\u00e9s adient amb la finalitat d\u2019obtenir una qualitat de vida \u00f2ptima. Des [&hellip;]\" \/>\n<meta property=\"og:url\" content=\"https:\/\/lavostrallar.com\/noticias\/el-vostre-somriure-es-el-nostre-motor\/\" \/>\n<meta property=\"og:site_name\" content=\"Noticias La Vostra Llar\" \/>\n<meta property=\"article:publisher\" content=\"https:\/\/www.facebook.com\/lavostra.llar\" \/>\n<meta property=\"article:published_time\" content=\"2022-01-24T19:39:00+00:00\" \/>\n<meta property=\"article:modified_time\" content=\"2022-02-08T19:40:56+00:00\" \/>\n<meta property=\"og:image\" content=\"https:\/\/lavostrallar.com\/noticias\/wp-content\/uploads\/2022\/02\/271721509_4630342960415166_3827684176678127942_n.jpg\" \/>\n\t<meta property=\"og:image:width\" content=\"1024\" \/>\n\t<meta property=\"og:image:height\" content=\"768\" \/>\n\t<meta property=\"og:image:type\" content=\"image\/jpeg\" \/>\n<meta name=\"author\" content=\"admin\" \/>\n<meta name=\"twitter:card\" content=\"summary_large_image\" \/>\n<meta name=\"twitter:creator\" content=\"@lavostrallar\" \/>\n<meta name=\"twitter:site\" content=\"@lavostrallar\" \/>\n<meta name=\"twitter:label1\" content=\"Escrito por\" \/>\n\t<meta name=\"twitter:data1\" content=\"admin\" \/>\n\t<meta name=\"twitter:label2\" content=\"Tiempo de lectura\" \/>\n\t<meta name=\"twitter:data2\" content=\"2 minutos\" \/>\n<script type=\"application\/ld+json\" class=\"yoast-schema-graph\">{\"@context\":\"https:\\\/\\\/schema.org\",\"@graph\":[{\"@type\":\"Article\",\"@id\":\"https:\\\/\\\/lavostrallar.com\\\/noticias\\\/el-vostre-somriure-es-el-nostre-motor\\\/#article\",\"isPartOf\":{\"@id\":\"https:\\\/\\\/lavostrallar.com\\\/noticias\\\/el-vostre-somriure-es-el-nostre-motor\\\/\"},\"author\":{\"name\":\"admin\",\"@id\":\"https:\\\/\\\/lavostrallar.com\\\/noticias\\\/#\\\/schema\\\/person\\\/39e704b801e0c519c963d9a376e561e5\"},\"headline\":\"El vostre somriure \u00e9s el nostre motor!\",\"datePublished\":\"2022-01-24T19:39:00+00:00\",\"dateModified\":\"2022-02-08T19:40:56+00:00\",\"mainEntityOfPage\":{\"@id\":\"https:\\\/\\\/lavostrallar.com\\\/noticias\\\/el-vostre-somriure-es-el-nostre-motor\\\/\"},\"wordCount\":292,\"publisher\":{\"@id\":\"https:\\\/\\\/lavostrallar.com\\\/noticias\\\/#organization\"},\"image\":{\"@id\":\"https:\\\/\\\/lavostrallar.com\\\/noticias\\\/el-vostre-somriure-es-el-nostre-motor\\\/#primaryimage\"},\"thumbnailUrl\":\"https:\\\/\\\/lavostrallar.com\\\/noticias\\\/wp-content\\\/uploads\\\/2022\\\/02\\\/271721509_4630342960415166_3827684176678127942_n.jpg\",\"keywords\":[\"Catal\u00e1n\"],\"articleSection\":[\"Noticias Reig\"],\"inLanguage\":\"es\"},{\"@type\":\"WebPage\",\"@id\":\"https:\\\/\\\/lavostrallar.com\\\/noticias\\\/el-vostre-somriure-es-el-nostre-motor\\\/\",\"url\":\"https:\\\/\\\/lavostrallar.com\\\/noticias\\\/el-vostre-somriure-es-el-nostre-motor\\\/\",\"name\":\"El vostre somriure \u00e9s el nostre motor! - Noticias La Vostra Llar\",\"isPartOf\":{\"@id\":\"https:\\\/\\\/lavostrallar.com\\\/noticias\\\/#website\"},\"primaryImageOfPage\":{\"@id\":\"https:\\\/\\\/lavostrallar.com\\\/noticias\\\/el-vostre-somriure-es-el-nostre-motor\\\/#primaryimage\"},\"image\":{\"@id\":\"https:\\\/\\\/lavostrallar.com\\\/noticias\\\/el-vostre-somriure-es-el-nostre-motor\\\/#primaryimage\"},\"thumbnailUrl\":\"https:\\\/\\\/lavostrallar.com\\\/noticias\\\/wp-content\\\/uploads\\\/2022\\\/02\\\/271721509_4630342960415166_3827684176678127942_n.jpg\",\"datePublished\":\"2022-01-24T19:39:00+00:00\",\"dateModified\":\"2022-02-08T19:40:56+00:00\",\"breadcrumb\":{\"@id\":\"https:\\\/\\\/lavostrallar.com\\\/noticias\\\/el-vostre-somriure-es-el-nostre-motor\\\/#breadcrumb\"},\"inLanguage\":\"es\",\"potentialAction\":[{\"@type\":\"ReadAction\",\"target\":[\"https:\\\/\\\/lavostrallar.com\\\/noticias\\\/el-vostre-somriure-es-el-nostre-motor\\\/\"]}]},{\"@type\":\"ImageObject\",\"inLanguage\":\"es\",\"@id\":\"https:\\\/\\\/lavostrallar.com\\\/noticias\\\/el-vostre-somriure-es-el-nostre-motor\\\/#primaryimage\",\"url\":\"https:\\\/\\\/lavostrallar.com\\\/noticias\\\/wp-content\\\/uploads\\\/2022\\\/02\\\/271721509_4630342960415166_3827684176678127942_n.jpg\",\"contentUrl\":\"https:\\\/\\\/lavostrallar.com\\\/noticias\\\/wp-content\\\/uploads\\\/2022\\\/02\\\/271721509_4630342960415166_3827684176678127942_n.jpg\",\"width\":1024,\"height\":768},{\"@type\":\"BreadcrumbList\",\"@id\":\"https:\\\/\\\/lavostrallar.com\\\/noticias\\\/el-vostre-somriure-es-el-nostre-motor\\\/#breadcrumb\",\"itemListElement\":[{\"@type\":\"ListItem\",\"position\":1,\"name\":\"Portada\",\"item\":\"https:\\\/\\\/lavostrallar.com\\\/noticias\\\/\"},{\"@type\":\"ListItem\",\"position\":2,\"name\":\"El vostre somriure \u00e9s el nostre motor!\"}]},{\"@type\":\"WebSite\",\"@id\":\"https:\\\/\\\/lavostrallar.com\\\/noticias\\\/#website\",\"url\":\"https:\\\/\\\/lavostrallar.com\\\/noticias\\\/\",\"name\":\"La Vostra Llar\",\"description\":\"La Vostra Llar gestiona resid\u00e8ncies geri\u00e0triques des de 1987 amb la missi\u00f3 d\u2019oferir assist\u00e8ncia personalitzada per estimular, acollir i atendre les persones grans amb qualsevol grau de depend\u00e8ncia.\",\"publisher\":{\"@id\":\"https:\\\/\\\/lavostrallar.com\\\/noticias\\\/#organization\"},\"potentialAction\":[{\"@type\":\"SearchAction\",\"target\":{\"@type\":\"EntryPoint\",\"urlTemplate\":\"https:\\\/\\\/lavostrallar.com\\\/noticias\\\/?s={search_term_string}\"},\"query-input\":{\"@type\":\"PropertyValueSpecification\",\"valueRequired\":true,\"valueName\":\"search_term_string\"}}],\"inLanguage\":\"es\"},{\"@type\":\"Organization\",\"@id\":\"https:\\\/\\\/lavostrallar.com\\\/noticias\\\/#organization\",\"name\":\"La Vostra Llar\",\"url\":\"https:\\\/\\\/lavostrallar.com\\\/noticias\\\/\",\"logo\":{\"@type\":\"ImageObject\",\"inLanguage\":\"es\",\"@id\":\"https:\\\/\\\/lavostrallar.com\\\/noticias\\\/#\\\/schema\\\/logo\\\/image\\\/\",\"url\":\"https:\\\/\\\/lavostrallar.com\\\/noticias\\\/wp-content\\\/uploads\\\/2021\\\/12\\\/logo_lavostrallar.png\",\"contentUrl\":\"https:\\\/\\\/lavostrallar.com\\\/noticias\\\/wp-content\\\/uploads\\\/2021\\\/12\\\/logo_lavostrallar.png\",\"width\":217,\"height\":109,\"caption\":\"La Vostra Llar\"},\"image\":{\"@id\":\"https:\\\/\\\/lavostrallar.com\\\/noticias\\\/#\\\/schema\\\/logo\\\/image\\\/\"},\"sameAs\":[\"https:\\\/\\\/www.facebook.com\\\/lavostra.llar\",\"https:\\\/\\\/x.com\\\/lavostrallar\",\"https:\\\/\\\/www.instagram.com\\\/lavostrallar\\\/\"]},{\"@type\":\"Person\",\"@id\":\"https:\\\/\\\/lavostrallar.com\\\/noticias\\\/#\\\/schema\\\/person\\\/39e704b801e0c519c963d9a376e561e5\",\"name\":\"admin\",\"image\":{\"@type\":\"ImageObject\",\"inLanguage\":\"es\",\"@id\":\"https:\\\/\\\/secure.gravatar.com\\\/avatar\\\/9d4580a48cd1910cc51e0dfd3fd063c0caadea953e64fb47c872043d240ffeab?s=96&d=mm&r=g\",\"url\":\"https:\\\/\\\/secure.gravatar.com\\\/avatar\\\/9d4580a48cd1910cc51e0dfd3fd063c0caadea953e64fb47c872043d240ffeab?s=96&d=mm&r=g\",\"contentUrl\":\"https:\\\/\\\/secure.gravatar.com\\\/avatar\\\/9d4580a48cd1910cc51e0dfd3fd063c0caadea953e64fb47c872043d240ffeab?s=96&d=mm&r=g\",\"caption\":\"admin\"},\"sameAs\":[\"https:\\\/\\\/lavostrallar.com\"],\"url\":\"https:\\\/\\\/lavostrallar.com\\\/noticias\\\/author\\\/lavostrallar\\\/\"}]}<\/script>\n<!-- \/ Yoast SEO plugin. -->","yoast_head_json":{"title":"El vostre somriure \u00e9s el nostre motor! - Noticias La Vostra Llar","robots":{"index":"index","follow":"follow","max-snippet":"max-snippet:-1","max-image-preview":"max-image-preview:large","max-video-preview":"max-video-preview:-1"},"canonical":"https:\/\/lavostrallar.com\/noticias\/el-vostre-somriure-es-el-nostre-motor\/","og_locale":"es_ES","og_type":"article","og_title":"El vostre somriure \u00e9s el nostre motor! - Noticias La Vostra Llar","og_description":"El&nbsp;benestar integral dels nostres residents&nbsp;\u00e9s el principal objectiu del nostre treball i \u00e9s per aix\u00f2 que tot l\u2019equip de professionals, cadasc\u00fa des de la seva disciplina, analitza i estudia cada cas de manera individual per poder-li oferir a cada resident l\u2019atenci\u00f3 i tractament m\u00e9s adient amb la finalitat d\u2019obtenir una qualitat de vida \u00f2ptima. Des [&hellip;]","og_url":"https:\/\/lavostrallar.com\/noticias\/el-vostre-somriure-es-el-nostre-motor\/","og_site_name":"Noticias La Vostra Llar","article_publisher":"https:\/\/www.facebook.com\/lavostra.llar","article_published_time":"2022-01-24T19:39:00+00:00","article_modified_time":"2022-02-08T19:40:56+00:00","og_image":[{"width":1024,"height":768,"url":"https:\/\/lavostrallar.com\/noticias\/wp-content\/uploads\/2022\/02\/271721509_4630342960415166_3827684176678127942_n.jpg","type":"image\/jpeg"}],"author":"admin","twitter_card":"summary_large_image","twitter_creator":"@lavostrallar","twitter_site":"@lavostrallar","twitter_misc":{"Escrito por":"admin","Tiempo de lectura":"2 minutos"},"schema":{"@context":"https:\/\/schema.org","@graph":[{"@type":"Article","@id":"https:\/\/lavostrallar.com\/noticias\/el-vostre-somriure-es-el-nostre-motor\/#article","isPartOf":{"@id":"https:\/\/lavostrallar.com\/noticias\/el-vostre-somriure-es-el-nostre-motor\/"},"author":{"name":"admin","@id":"https:\/\/lavostrallar.com\/noticias\/#\/schema\/person\/39e704b801e0c519c963d9a376e561e5"},"headline":"El vostre somriure \u00e9s el nostre motor!","datePublished":"2022-01-24T19:39:00+00:00","dateModified":"2022-02-08T19:40:56+00:00","mainEntityOfPage":{"@id":"https:\/\/lavostrallar.com\/noticias\/el-vostre-somriure-es-el-nostre-motor\/"},"wordCount":292,"publisher":{"@id":"https:\/\/lavostrallar.com\/noticias\/#organization"},"image":{"@id":"https:\/\/lavostrallar.com\/noticias\/el-vostre-somriure-es-el-nostre-motor\/#primaryimage"},"thumbnailUrl":"https:\/\/lavostrallar.com\/noticias\/wp-content\/uploads\/2022\/02\/271721509_4630342960415166_3827684176678127942_n.jpg","keywords":["Catal\u00e1n"],"articleSection":["Noticias Reig"],"inLanguage":"es"},{"@type":"WebPage","@id":"https:\/\/lavostrallar.com\/noticias\/el-vostre-somriure-es-el-nostre-motor\/","url":"https:\/\/lavostrallar.com\/noticias\/el-vostre-somriure-es-el-nostre-motor\/","name":"El vostre somriure \u00e9s el nostre motor! - Noticias La Vostra Llar","isPartOf":{"@id":"https:\/\/lavostrallar.com\/noticias\/#website"},"primaryImageOfPage":{"@id":"https:\/\/lavostrallar.com\/noticias\/el-vostre-somriure-es-el-nostre-motor\/#primaryimage"},"image":{"@id":"https:\/\/lavostrallar.com\/noticias\/el-vostre-somriure-es-el-nostre-motor\/#primaryimage"},"thumbnailUrl":"https:\/\/lavostrallar.com\/noticias\/wp-content\/uploads\/2022\/02\/271721509_4630342960415166_3827684176678127942_n.jpg","datePublished":"2022-01-24T19:39:00+00:00","dateModified":"2022-02-08T19:40:56+00:00","breadcrumb":{"@id":"https:\/\/lavostrallar.com\/noticias\/el-vostre-somriure-es-el-nostre-motor\/#breadcrumb"},"inLanguage":"es","potentialAction":[{"@type":"ReadAction","target":["https:\/\/lavostrallar.com\/noticias\/el-vostre-somriure-es-el-nostre-motor\/"]}]},{"@type":"ImageObject","inLanguage":"es","@id":"https:\/\/lavostrallar.com\/noticias\/el-vostre-somriure-es-el-nostre-motor\/#primaryimage","url":"https:\/\/lavostrallar.com\/noticias\/wp-content\/uploads\/2022\/02\/271721509_4630342960415166_3827684176678127942_n.jpg","contentUrl":"https:\/\/lavostrallar.com\/noticias\/wp-content\/uploads\/2022\/02\/271721509_4630342960415166_3827684176678127942_n.jpg","width":1024,"height":768},{"@type":"BreadcrumbList","@id":"https:\/\/lavostrallar.com\/noticias\/el-vostre-somriure-es-el-nostre-motor\/#breadcrumb","itemListElement":[{"@type":"ListItem","position":1,"name":"Portada","item":"https:\/\/lavostrallar.com\/noticias\/"},{"@type":"ListItem","position":2,"name":"El vostre somriure \u00e9s el nostre motor!"}]},{"@type":"WebSite","@id":"https:\/\/lavostrallar.com\/noticias\/#website","url":"https:\/\/lavostrallar.com\/noticias\/","name":"La Vostra Llar","description":"La Vostra Llar gestiona resid\u00e8ncies geri\u00e0triques des de 1987 amb la missi\u00f3 d\u2019oferir assist\u00e8ncia personalitzada per estimular, acollir i atendre les persones grans amb qualsevol grau de depend\u00e8ncia.","publisher":{"@id":"https:\/\/lavostrallar.com\/noticias\/#organization"},"potentialAction":[{"@type":"SearchAction","target":{"@type":"EntryPoint","urlTemplate":"https:\/\/lavostrallar.com\/noticias\/?s={search_term_string}"},"query-input":{"@type":"PropertyValueSpecification","valueRequired":true,"valueName":"search_term_string"}}],"inLanguage":"es"},{"@type":"Organization","@id":"https:\/\/lavostrallar.com\/noticias\/#organization","name":"La Vostra Llar","url":"https:\/\/lavostrallar.com\/noticias\/","logo":{"@type":"ImageObject","inLanguage":"es","@id":"https:\/\/lavostrallar.com\/noticias\/#\/schema\/logo\/image\/","url":"https:\/\/lavostrallar.com\/noticias\/wp-content\/uploads\/2021\/12\/logo_lavostrallar.png","contentUrl":"https:\/\/lavostrallar.com\/noticias\/wp-content\/uploads\/2021\/12\/logo_lavostrallar.png","width":217,"height":109,"caption":"La Vostra Llar"},"image":{"@id":"https:\/\/lavostrallar.com\/noticias\/#\/schema\/logo\/image\/"},"sameAs":["https:\/\/www.facebook.com\/lavostra.llar","https:\/\/x.com\/lavostrallar","https:\/\/www.instagram.com\/lavostrallar\/"]},{"@type":"Person","@id":"https:\/\/lavostrallar.com\/noticias\/#\/schema\/person\/39e704b801e0c519c963d9a376e561e5","name":"admin","image":{"@type":"ImageObject","inLanguage":"es","@id":"https:\/\/secure.gravatar.com\/avatar\/9d4580a48cd1910cc51e0dfd3fd063c0caadea953e64fb47c872043d240ffeab?s=96&d=mm&r=g","url":"https:\/\/secure.gravatar.com\/avatar\/9d4580a48cd1910cc51e0dfd3fd063c0caadea953e64fb47c872043d240ffeab?s=96&d=mm&r=g","contentUrl":"https:\/\/secure.gravatar.com\/avatar\/9d4580a48cd1910cc51e0dfd3fd063c0caadea953e64fb47c872043d240ffeab?s=96&d=mm&r=g","caption":"admin"},"sameAs":["https:\/\/lavostrallar.com"],"url":"https:\/\/lavostrallar.com\/noticias\/author\/lavostrallar\/"}]}},"_links":{"self":[{"href":"https:\/\/lavostrallar.com\/noticias\/wp-json\/wp\/v2\/posts\/16682","targetHints":{"allow":["GET"]}}],"collection":[{"href":"https:\/\/lavostrallar.com\/noticias\/wp-json\/wp\/v2\/posts"}],"about":[{"href":"https:\/\/lavostrallar.com\/noticias\/wp-json\/wp\/v2\/types\/post"}],"author":[{"embeddable":true,"href":"https:\/\/lavostrallar.com\/noticias\/wp-json\/wp\/v2\/users\/1"}],"replies":[{"embeddable":true,"href":"https:\/\/lavostrallar.com\/noticias\/wp-json\/wp\/v2\/comments?post=16682"}],"version-history":[{"count":1,"href":"https:\/\/lavostrallar.com\/noticias\/wp-json\/wp\/v2\/posts\/16682\/revisions"}],"predecessor-version":[{"id":16684,"href":"https:\/\/lavostrallar.com\/noticias\/wp-json\/wp\/v2\/posts\/16682\/revisions\/16684"}],"wp:featuredmedia":[{"embeddable":true,"href":"https:\/\/lavostrallar.com\/noticias\/wp-json\/wp\/v2\/media\/16640"}],"wp:attachment":[{"href":"https:\/\/lavostrallar.com\/noticias\/wp-json\/wp\/v2\/media?parent=16682"}],"wp:term":[{"taxonomy":"category","embeddable":true,"href":"https:\/\/lavostrallar.com\/noticias\/wp-json\/wp\/v2\/categories?post=16682"},{"taxonomy":"post_tag","embeddable":true,"href":"https:\/\/lavostrallar.com\/noticias\/wp-json\/wp\/v2\/tags?post=16682"}],"curies":[{"name":"wp","href":"https:\/\/api.w.org\/{rel}","templated":true}]}}