	{"id":21659,"date":"2022-09-28T18:01:21","date_gmt":"2022-09-28T18:01:21","guid":{"rendered":"https:\/\/lavostrallar.com\/?p=21659"},"modified":"2023-08-07T17:30:30","modified_gmt":"2023-08-07T15:30:30","slug":"las-hojas-caen-en-otono-pero-el-amor-perdura-para-siempre","status":"publish","type":"post","link":"https:\/\/lavostrallar.com\/noticias\/las-hojas-caen-en-otono-pero-el-amor-perdura-para-siempre\/","title":{"rendered":"Las hojas caen en oto\u00f1o en Matar\u00f3, pero el amor perdura para siempre"},"content":{"rendered":"\n<p>El oto\u00f1o ya est\u00e1 aqu\u00ed, al son de flautas, un viento suave, tardes de lluvia y un olor a tierra mojada que empapa nuestra piel. Como bien dice el autor Jaime Bodet: \u00abOto\u00f1o nos cita con un son de flautas: vamos a buscarlo por la tarde clara\u201d. &nbsp;<\/p>\n\n\n\n<p>Celebraremos el D\u00eda Internacional de las Personas Mayores el primer d\u00eda del mes de octubre, un evento dedicado a nuestras&nbsp;personas mayores&nbsp;que reabre los debates sobre su integraci\u00f3n y consideraci\u00f3n en la sociedad.&nbsp;<\/p>\n\n\n\n<p>Adem\u00e1s, este mes de octubre podremos disfrutar de diferentes talleres de reminiscencia, recetas y talleres de cocina, poes\u00eda literaria, la esencia de los cuentos pedag\u00f3gicos y cantaremos y bailaremos al comp\u00e1s de nuestro taller de musicoterapia.<\/p>\n\n\n\n<p>Continuaremos impulsando la estimulaci\u00f3n cognitiva de todos nuestros residentes, con el objetivo de estimular y mantener sus capacidades, mejorar el funcionamiento cognitivo y ralentizar el deterioro que pueda producirse. A trav\u00e9s de actividades que fomentan la memoria y la concentraci\u00f3n, conseguiremos potenciar las habilidades cognitivas de nuestros mayores.&nbsp;<\/p>\n\n\n\n<p>Nuestro equipo de fisioterapia, a trav\u00e9s de ejercicios individuales y grupales, incidir\u00e1 en la mejora de la movilidad y el equilibro de nuestros mayores. Adem\u00e1s, nuestros terapeutas estar\u00e1n muy presentes en los paseos terap\u00e9uticos, que, adem\u00e1s de generar beneficios en el estado f\u00edsico de nuestros mayores, fomentan sus relaciones con el entorno.<\/p>\n\n\n\n<p>\u00a1Ah! Y no puede faltar nuestro taller de elaboraci\u00f3n de panellets para celebrar el d\u00eda de la Casta\u00f1ada y disfrutar de casta\u00f1as y boniatos todos juntos.<\/p>\n\n\n\n<p>Tambi\u00e9n contaremos con terapia asistida con animales, sesiones que enriquecen y favorecen a nuestros residentes, les ayudan a recuperarse y a afrontar mejor sus problemas de salud.<\/p>\n\n\n\n<p>A nuestros residentes les gusta la m\u00fasica y la danza, es por eso que tenemos el privilegio de contar con nuestro taller de \u201cM\u00fasica i dansa per l\u2019oblit\u201d.<\/p>\n\n\n\n<p>El primer jueves de octubre disfrutaremos de nuestro men\u00fa especial \u201cEl Men\u00fa de l&#8217;avi\u201d. Los protagonistas de la historia son nuestros residentes. Con amplias sonrisas y alegr\u00eda disfrutan de sus platos preferidos,  que han escogido entre todos en el \u00abConsell de l&#8217;avi\u00bb. \u00a1Ah! Y no debemos de olvidarnos de los aniversarios de nuestros residentes, donde a finales de mes disfrutaremos de una fiesta todos juntos, comeremos tarta de cumplea\u00f1os y habr\u00e1 regalos sorpresa.&nbsp;<\/p>\n\n\n\n<p>\u00a1Demos la bienvenida a este mes de octubre!<\/p>\n","protected":false},"excerpt":{"rendered":"<p>El oto\u00f1o ya est\u00e1 aqu\u00ed, al son de flautas, un viento suave, tardes de lluvia y un olor a tierra mojada que empapa nuestra piel. Como bien dice el autor Jaime Bodet: \u00abOto\u00f1o nos cita con un son de flautas: vamos a buscarlo por la tarde clara\u201d. &nbsp; Celebraremos el D\u00eda Internacional de las Personas [&hellip;]<\/p>\n","protected":false},"author":8,"featured_media":21660,"comment_status":"closed","ping_status":"closed","sticky":false,"template":"","format":"standard","meta":{"content-type":"","footnotes":""},"categories":[15],"tags":[],"class_list":["post-21659","post","type-post","status-publish","format-standard","has-post-thumbnail","hentry","category-noticias-mataro"],"yoast_head":"<!-- This site is optimized with the Yoast SEO plugin v26.0 - https:\/\/yoast.com\/wordpress\/plugins\/seo\/ -->\n<title>Oto\u00f1o en la residencia de ancianos Matar\u00f3 - Noticias La Vostra Llar<\/title>\n<meta name=\"description\" content=\"El oto\u00f1o ya est\u00e1 aqu\u00ed, al son de flautas, un viento suave, tardes de lluvia y un olor a tierra mojada que empapa nuestra piel\" \/>\n<meta name=\"robots\" content=\"index, follow, max-snippet:-1, max-image-preview:large, max-video-preview:-1\" \/>\n<link rel=\"canonical\" href=\"https:\/\/lavostrallar.com\/noticias\/las-hojas-caen-en-otono-pero-el-amor-perdura-para-siempre\/\" \/>\n<meta property=\"og:locale\" content=\"es_ES\" \/>\n<meta property=\"og:type\" content=\"article\" \/>\n<meta property=\"og:title\" content=\"Oto\u00f1o en la residencia de ancianos Matar\u00f3 - Noticias La Vostra Llar\" \/>\n<meta property=\"og:description\" content=\"El oto\u00f1o ya est\u00e1 aqu\u00ed, al son de flautas, un viento suave, tardes de lluvia y un olor a tierra mojada que empapa nuestra piel\" \/>\n<meta property=\"og:url\" content=\"https:\/\/lavostrallar.com\/noticias\/las-hojas-caen-en-otono-pero-el-amor-perdura-para-siempre\/\" \/>\n<meta property=\"og:site_name\" content=\"Noticias La Vostra Llar\" \/>\n<meta property=\"article:publisher\" content=\"https:\/\/www.facebook.com\/lavostra.llar\" \/>\n<meta property=\"article:published_time\" content=\"2022-09-28T18:01:21+00:00\" \/>\n<meta property=\"article:modified_time\" content=\"2023-08-07T15:30:30+00:00\" \/>\n<meta property=\"og:image\" content=\"https:\/\/lavostrallar.com\/noticias\/wp-content\/uploads\/2022\/09\/1664374835054-scaled.jpg\" \/>\n\t<meta property=\"og:image:width\" content=\"2560\" \/>\n\t<meta property=\"og:image:height\" content=\"1920\" \/>\n\t<meta property=\"og:image:type\" content=\"image\/jpeg\" \/>\n<meta name=\"author\" content=\"lavostrallar Mataro\" \/>\n<meta name=\"twitter:card\" content=\"summary_large_image\" \/>\n<meta name=\"twitter:creator\" content=\"@lavostrallar\" \/>\n<meta name=\"twitter:site\" content=\"@lavostrallar\" \/>\n<meta name=\"twitter:label1\" content=\"Escrito por\" \/>\n\t<meta name=\"twitter:data1\" content=\"lavostrallar Mataro\" \/>\n\t<meta name=\"twitter:label2\" content=\"Tiempo de lectura\" \/>\n\t<meta name=\"twitter:data2\" content=\"2 minutos\" \/>\n<script type=\"application\/ld+json\" class=\"yoast-schema-graph\">{\"@context\":\"https:\/\/schema.org\",\"@graph\":[{\"@type\":\"Article\",\"@id\":\"https:\/\/lavostrallar.com\/noticias\/las-hojas-caen-en-otono-pero-el-amor-perdura-para-siempre\/#article\",\"isPartOf\":{\"@id\":\"https:\/\/lavostrallar.com\/noticias\/las-hojas-caen-en-otono-pero-el-amor-perdura-para-siempre\/\"},\"author\":{\"name\":\"lavostrallar Mataro\",\"@id\":\"https:\/\/lavostrallar.com\/noticias\/#\/schema\/person\/4ab7cb0641227566101b1ac3e28df1af\"},\"headline\":\"Las hojas caen en oto\u00f1o en Matar\u00f3, pero el amor perdura para siempre\",\"datePublished\":\"2022-09-28T18:01:21+00:00\",\"dateModified\":\"2023-08-07T15:30:30+00:00\",\"mainEntityOfPage\":{\"@id\":\"https:\/\/lavostrallar.com\/noticias\/las-hojas-caen-en-otono-pero-el-amor-perdura-para-siempre\/\"},\"wordCount\":430,\"publisher\":{\"@id\":\"https:\/\/lavostrallar.com\/noticias\/#organization\"},\"image\":{\"@id\":\"https:\/\/lavostrallar.com\/noticias\/las-hojas-caen-en-otono-pero-el-amor-perdura-para-siempre\/#primaryimage\"},\"thumbnailUrl\":\"https:\/\/lavostrallar.com\/noticias\/wp-content\/uploads\/2022\/09\/1664374835054-scaled.jpg\",\"articleSection\":[\"Noticias Matar\u00f3\"],\"inLanguage\":\"es\"},{\"@type\":\"WebPage\",\"@id\":\"https:\/\/lavostrallar.com\/noticias\/las-hojas-caen-en-otono-pero-el-amor-perdura-para-siempre\/\",\"url\":\"https:\/\/lavostrallar.com\/noticias\/las-hojas-caen-en-otono-pero-el-amor-perdura-para-siempre\/\",\"name\":\"Oto\u00f1o en la residencia de ancianos Matar\u00f3 - Noticias La Vostra Llar\",\"isPartOf\":{\"@id\":\"https:\/\/lavostrallar.com\/noticias\/#website\"},\"primaryImageOfPage\":{\"@id\":\"https:\/\/lavostrallar.com\/noticias\/las-hojas-caen-en-otono-pero-el-amor-perdura-para-siempre\/#primaryimage\"},\"image\":{\"@id\":\"https:\/\/lavostrallar.com\/noticias\/las-hojas-caen-en-otono-pero-el-amor-perdura-para-siempre\/#primaryimage\"},\"thumbnailUrl\":\"https:\/\/lavostrallar.com\/noticias\/wp-content\/uploads\/2022\/09\/1664374835054-scaled.jpg\",\"datePublished\":\"2022-09-28T18:01:21+00:00\",\"dateModified\":\"2023-08-07T15:30:30+00:00\",\"description\":\"El oto\u00f1o ya est\u00e1 aqu\u00ed, al son de flautas, un viento suave, tardes de lluvia y un olor a tierra mojada que empapa nuestra piel\",\"breadcrumb\":{\"@id\":\"https:\/\/lavostrallar.com\/noticias\/las-hojas-caen-en-otono-pero-el-amor-perdura-para-siempre\/#breadcrumb\"},\"inLanguage\":\"es\",\"potentialAction\":[{\"@type\":\"ReadAction\",\"target\":[\"https:\/\/lavostrallar.com\/noticias\/las-hojas-caen-en-otono-pero-el-amor-perdura-para-siempre\/\"]}]},{\"@type\":\"ImageObject\",\"inLanguage\":\"es\",\"@id\":\"https:\/\/lavostrallar.com\/noticias\/las-hojas-caen-en-otono-pero-el-amor-perdura-para-siempre\/#primaryimage\",\"url\":\"https:\/\/lavostrallar.com\/noticias\/wp-content\/uploads\/2022\/09\/1664374835054-scaled.jpg\",\"contentUrl\":\"https:\/\/lavostrallar.com\/noticias\/wp-content\/uploads\/2022\/09\/1664374835054-scaled.jpg\",\"width\":2560,\"height\":1920},{\"@type\":\"BreadcrumbList\",\"@id\":\"https:\/\/lavostrallar.com\/noticias\/las-hojas-caen-en-otono-pero-el-amor-perdura-para-siempre\/#breadcrumb\",\"itemListElement\":[{\"@type\":\"ListItem\",\"position\":1,\"name\":\"Portada\",\"item\":\"https:\/\/lavostrallar.com\/noticias\/\"},{\"@type\":\"ListItem\",\"position\":2,\"name\":\"Las hojas caen en oto\u00f1o en Matar\u00f3, pero el amor perdura para siempre\"}]},{\"@type\":\"WebSite\",\"@id\":\"https:\/\/lavostrallar.com\/noticias\/#website\",\"url\":\"https:\/\/lavostrallar.com\/noticias\/\",\"name\":\"La Vostra Llar\",\"description\":\"La Vostra Llar gestiona resid\u00e8ncies geri\u00e0triques des de 1987 amb la missi\u00f3 d\u2019oferir assist\u00e8ncia personalitzada per estimular, acollir i atendre les persones grans amb qualsevol grau de depend\u00e8ncia.\",\"publisher\":{\"@id\":\"https:\/\/lavostrallar.com\/noticias\/#organization\"},\"potentialAction\":[{\"@type\":\"SearchAction\",\"target\":{\"@type\":\"EntryPoint\",\"urlTemplate\":\"https:\/\/lavostrallar.com\/noticias\/?s={search_term_string}\"},\"query-input\":{\"@type\":\"PropertyValueSpecification\",\"valueRequired\":true,\"valueName\":\"search_term_string\"}}],\"inLanguage\":\"es\"},{\"@type\":\"Organization\",\"@id\":\"https:\/\/lavostrallar.com\/noticias\/#organization\",\"name\":\"La Vostra Llar\",\"url\":\"https:\/\/lavostrallar.com\/noticias\/\",\"logo\":{\"@type\":\"ImageObject\",\"inLanguage\":\"es\",\"@id\":\"https:\/\/lavostrallar.com\/noticias\/#\/schema\/logo\/image\/\",\"url\":\"https:\/\/lavostrallar.com\/noticias\/wp-content\/uploads\/2021\/12\/logo_lavostrallar.png\",\"contentUrl\":\"https:\/\/lavostrallar.com\/noticias\/wp-content\/uploads\/2021\/12\/logo_lavostrallar.png\",\"width\":217,\"height\":109,\"caption\":\"La Vostra Llar\"},\"image\":{\"@id\":\"https:\/\/lavostrallar.com\/noticias\/#\/schema\/logo\/image\/\"},\"sameAs\":[\"https:\/\/www.facebook.com\/lavostra.llar\",\"https:\/\/x.com\/lavostrallar\",\"https:\/\/www.instagram.com\/lavostrallar\/\"]},{\"@type\":\"Person\",\"@id\":\"https:\/\/lavostrallar.com\/noticias\/#\/schema\/person\/4ab7cb0641227566101b1ac3e28df1af\",\"name\":\"lavostrallar Mataro\",\"image\":{\"@type\":\"ImageObject\",\"inLanguage\":\"es\",\"@id\":\"https:\/\/lavostrallar.com\/noticias\/#\/schema\/person\/image\/\",\"url\":\"https:\/\/secure.gravatar.com\/avatar\/86b4b894bca4159b4f9ef4a079a80034614117522c4cdc3e3c2fd02df3ff8d18?s=96&d=mm&r=g\",\"contentUrl\":\"https:\/\/secure.gravatar.com\/avatar\/86b4b894bca4159b4f9ef4a079a80034614117522c4cdc3e3c2fd02df3ff8d18?s=96&d=mm&r=g\",\"caption\":\"lavostrallar Mataro\"},\"sameAs\":[\"lavostrallar\"],\"url\":\"https:\/\/lavostrallar.com\/noticias\/author\/lavostrallar-mataro\/\"}]}<\/script>\n<!-- \/ Yoast SEO plugin. -->","yoast_head_json":{"title":"Oto\u00f1o en la residencia de ancianos Matar\u00f3 - Noticias La Vostra Llar","description":"El oto\u00f1o ya est\u00e1 aqu\u00ed, al son de flautas, un viento suave, tardes de lluvia y un olor a tierra mojada que empapa nuestra piel","robots":{"index":"index","follow":"follow","max-snippet":"max-snippet:-1","max-image-preview":"max-image-preview:large","max-video-preview":"max-video-preview:-1"},"canonical":"https:\/\/lavostrallar.com\/noticias\/las-hojas-caen-en-otono-pero-el-amor-perdura-para-siempre\/","og_locale":"es_ES","og_type":"article","og_title":"Oto\u00f1o en la residencia de ancianos Matar\u00f3 - Noticias La Vostra Llar","og_description":"El oto\u00f1o ya est\u00e1 aqu\u00ed, al son de flautas, un viento suave, tardes de lluvia y un olor a tierra mojada que empapa nuestra piel","og_url":"https:\/\/lavostrallar.com\/noticias\/las-hojas-caen-en-otono-pero-el-amor-perdura-para-siempre\/","og_site_name":"Noticias La Vostra Llar","article_publisher":"https:\/\/www.facebook.com\/lavostra.llar","article_published_time":"2022-09-28T18:01:21+00:00","article_modified_time":"2023-08-07T15:30:30+00:00","og_image":[{"width":2560,"height":1920,"url":"https:\/\/lavostrallar.com\/noticias\/wp-content\/uploads\/2022\/09\/1664374835054-scaled.jpg","type":"image\/jpeg"}],"author":"lavostrallar Mataro","twitter_card":"summary_large_image","twitter_creator":"@lavostrallar","twitter_site":"@lavostrallar","twitter_misc":{"Escrito por":"lavostrallar Mataro","Tiempo de lectura":"2 minutos"},"schema":{"@context":"https:\/\/schema.org","@graph":[{"@type":"Article","@id":"https:\/\/lavostrallar.com\/noticias\/las-hojas-caen-en-otono-pero-el-amor-perdura-para-siempre\/#article","isPartOf":{"@id":"https:\/\/lavostrallar.com\/noticias\/las-hojas-caen-en-otono-pero-el-amor-perdura-para-siempre\/"},"author":{"name":"lavostrallar Mataro","@id":"https:\/\/lavostrallar.com\/noticias\/#\/schema\/person\/4ab7cb0641227566101b1ac3e28df1af"},"headline":"Las hojas caen en oto\u00f1o en Matar\u00f3, pero el amor perdura para siempre","datePublished":"2022-09-28T18:01:21+00:00","dateModified":"2023-08-07T15:30:30+00:00","mainEntityOfPage":{"@id":"https:\/\/lavostrallar.com\/noticias\/las-hojas-caen-en-otono-pero-el-amor-perdura-para-siempre\/"},"wordCount":430,"publisher":{"@id":"https:\/\/lavostrallar.com\/noticias\/#organization"},"image":{"@id":"https:\/\/lavostrallar.com\/noticias\/las-hojas-caen-en-otono-pero-el-amor-perdura-para-siempre\/#primaryimage"},"thumbnailUrl":"https:\/\/lavostrallar.com\/noticias\/wp-content\/uploads\/2022\/09\/1664374835054-scaled.jpg","articleSection":["Noticias Matar\u00f3"],"inLanguage":"es"},{"@type":"WebPage","@id":"https:\/\/lavostrallar.com\/noticias\/las-hojas-caen-en-otono-pero-el-amor-perdura-para-siempre\/","url":"https:\/\/lavostrallar.com\/noticias\/las-hojas-caen-en-otono-pero-el-amor-perdura-para-siempre\/","name":"Oto\u00f1o en la residencia de ancianos Matar\u00f3 - Noticias La Vostra Llar","isPartOf":{"@id":"https:\/\/lavostrallar.com\/noticias\/#website"},"primaryImageOfPage":{"@id":"https:\/\/lavostrallar.com\/noticias\/las-hojas-caen-en-otono-pero-el-amor-perdura-para-siempre\/#primaryimage"},"image":{"@id":"https:\/\/lavostrallar.com\/noticias\/las-hojas-caen-en-otono-pero-el-amor-perdura-para-siempre\/#primaryimage"},"thumbnailUrl":"https:\/\/lavostrallar.com\/noticias\/wp-content\/uploads\/2022\/09\/1664374835054-scaled.jpg","datePublished":"2022-09-28T18:01:21+00:00","dateModified":"2023-08-07T15:30:30+00:00","description":"El oto\u00f1o ya est\u00e1 aqu\u00ed, al son de flautas, un viento suave, tardes de lluvia y un olor a tierra mojada que empapa nuestra piel","breadcrumb":{"@id":"https:\/\/lavostrallar.com\/noticias\/las-hojas-caen-en-otono-pero-el-amor-perdura-para-siempre\/#breadcrumb"},"inLanguage":"es","potentialAction":[{"@type":"ReadAction","target":["https:\/\/lavostrallar.com\/noticias\/las-hojas-caen-en-otono-pero-el-amor-perdura-para-siempre\/"]}]},{"@type":"ImageObject","inLanguage":"es","@id":"https:\/\/lavostrallar.com\/noticias\/las-hojas-caen-en-otono-pero-el-amor-perdura-para-siempre\/#primaryimage","url":"https:\/\/lavostrallar.com\/noticias\/wp-content\/uploads\/2022\/09\/1664374835054-scaled.jpg","contentUrl":"https:\/\/lavostrallar.com\/noticias\/wp-content\/uploads\/2022\/09\/1664374835054-scaled.jpg","width":2560,"height":1920},{"@type":"BreadcrumbList","@id":"https:\/\/lavostrallar.com\/noticias\/las-hojas-caen-en-otono-pero-el-amor-perdura-para-siempre\/#breadcrumb","itemListElement":[{"@type":"ListItem","position":1,"name":"Portada","item":"https:\/\/lavostrallar.com\/noticias\/"},{"@type":"ListItem","position":2,"name":"Las hojas caen en oto\u00f1o en Matar\u00f3, pero el amor perdura para siempre"}]},{"@type":"WebSite","@id":"https:\/\/lavostrallar.com\/noticias\/#website","url":"https:\/\/lavostrallar.com\/noticias\/","name":"La Vostra Llar","description":"La Vostra Llar gestiona resid\u00e8ncies geri\u00e0triques des de 1987 amb la missi\u00f3 d\u2019oferir assist\u00e8ncia personalitzada per estimular, acollir i atendre les persones grans amb qualsevol grau de depend\u00e8ncia.","publisher":{"@id":"https:\/\/lavostrallar.com\/noticias\/#organization"},"potentialAction":[{"@type":"SearchAction","target":{"@type":"EntryPoint","urlTemplate":"https:\/\/lavostrallar.com\/noticias\/?s={search_term_string}"},"query-input":{"@type":"PropertyValueSpecification","valueRequired":true,"valueName":"search_term_string"}}],"inLanguage":"es"},{"@type":"Organization","@id":"https:\/\/lavostrallar.com\/noticias\/#organization","name":"La Vostra Llar","url":"https:\/\/lavostrallar.com\/noticias\/","logo":{"@type":"ImageObject","inLanguage":"es","@id":"https:\/\/lavostrallar.com\/noticias\/#\/schema\/logo\/image\/","url":"https:\/\/lavostrallar.com\/noticias\/wp-content\/uploads\/2021\/12\/logo_lavostrallar.png","contentUrl":"https:\/\/lavostrallar.com\/noticias\/wp-content\/uploads\/2021\/12\/logo_lavostrallar.png","width":217,"height":109,"caption":"La Vostra Llar"},"image":{"@id":"https:\/\/lavostrallar.com\/noticias\/#\/schema\/logo\/image\/"},"sameAs":["https:\/\/www.facebook.com\/lavostra.llar","https:\/\/x.com\/lavostrallar","https:\/\/www.instagram.com\/lavostrallar\/"]},{"@type":"Person","@id":"https:\/\/lavostrallar.com\/noticias\/#\/schema\/person\/4ab7cb0641227566101b1ac3e28df1af","name":"lavostrallar Mataro","image":{"@type":"ImageObject","inLanguage":"es","@id":"https:\/\/lavostrallar.com\/noticias\/#\/schema\/person\/image\/","url":"https:\/\/secure.gravatar.com\/avatar\/86b4b894bca4159b4f9ef4a079a80034614117522c4cdc3e3c2fd02df3ff8d18?s=96&d=mm&r=g","contentUrl":"https:\/\/secure.gravatar.com\/avatar\/86b4b894bca4159b4f9ef4a079a80034614117522c4cdc3e3c2fd02df3ff8d18?s=96&d=mm&r=g","caption":"lavostrallar Mataro"},"sameAs":["lavostrallar"],"url":"https:\/\/lavostrallar.com\/noticias\/author\/lavostrallar-mataro\/"}]}},"_links":{"self":[{"href":"https:\/\/lavostrallar.com\/noticias\/wp-json\/wp\/v2\/posts\/21659","targetHints":{"allow":["GET"]}}],"collection":[{"href":"https:\/\/lavostrallar.com\/noticias\/wp-json\/wp\/v2\/posts"}],"about":[{"href":"https:\/\/lavostrallar.com\/noticias\/wp-json\/wp\/v2\/types\/post"}],"author":[{"embeddable":true,"href":"https:\/\/lavostrallar.com\/noticias\/wp-json\/wp\/v2\/users\/8"}],"replies":[{"embeddable":true,"href":"https:\/\/lavostrallar.com\/noticias\/wp-json\/wp\/v2\/comments?post=21659"}],"version-history":[{"count":3,"href":"https:\/\/lavostrallar.com\/noticias\/wp-json\/wp\/v2\/posts\/21659\/revisions"}],"predecessor-version":[{"id":27003,"href":"https:\/\/lavostrallar.com\/noticias\/wp-json\/wp\/v2\/posts\/21659\/revisions\/27003"}],"wp:featuredmedia":[{"embeddable":true,"href":"https:\/\/lavostrallar.com\/noticias\/wp-json\/wp\/v2\/media\/21660"}],"wp:attachment":[{"href":"https:\/\/lavostrallar.com\/noticias\/wp-json\/wp\/v2\/media?parent=21659"}],"wp:term":[{"taxonomy":"category","embeddable":true,"href":"https:\/\/lavostrallar.com\/noticias\/wp-json\/wp\/v2\/categories?post=21659"},{"taxonomy":"post_tag","embeddable":true,"href":"https:\/\/lavostrallar.com\/noticias\/wp-json\/wp\/v2\/tags?post=21659"}],"curies":[{"name":"wp","href":"https:\/\/api.w.org\/{rel}","templated":true}]}}