	{"id":21762,"date":"2022-10-24T09:00:00","date_gmt":"2022-10-24T09:00:00","guid":{"rendered":"https:\/\/lavostrallar.com\/?p=21762"},"modified":"2023-08-07T13:19:14","modified_gmt":"2023-08-07T11:19:14","slug":"tenemos-muchas-actividades-en-la-vostra-llar-les-dalies","status":"publish","type":"post","link":"https:\/\/lavostrallar.com\/noticias\/tenemos-muchas-actividades-en-la-vostra-llar-les-dalies\/","title":{"rendered":"Actividades en el geri\u00e1trico La Vostra Llar Les D\u00e0lies"},"content":{"rendered":"\n<p>Hemos acabado octubre por todo lo alto con nuestra gran excursi\u00f3n a la Fundaci\u00f3n T\u00e0pies y con todas las actividades que hemos realizado para celebrar la \u201cCasta\u00f1ada\u201d. Arrancaremos noviembre con el \u00abMen\u00fa del Abuelo\u00bb, el jueves d\u00eda 3, en el que disfrutaremos de Mejillones a la marinera, Muslos de pollo con salsa roquefort y patatas fritas, y de postre, M\u00fasico (frutos secos, orejones y moscatel). Ligado a los men\u00fas especiales, el d\u00eda 5 de noviembre tendremos un men\u00fa festivo para celebrar el \u00abD\u00eda Internacional de las Personas Cuidadoras\u00bb.<\/p>\n\n\n\n<p>Adem\u00e1s, seguiremos con las actividades de la vida cotidiana, sesiones de rehabilitaci\u00f3n con nuestro equipo de fisioterapia, as\u00ed como ejercicios de gimnasia grupal. Disfrutaremos de las sesiones de Zumba de la mano de Jimena (Fisioterapeuta) y Alba (Trabajadora Ocupacional), con los talleres de reminiscencias, estimulaci\u00f3n cognitiva, juegos de mesa, etc. Y, sin olvidar, los paseos terap\u00e9uticos los martes por la ma\u00f1ana y las partidas de bingo los viernes por la tarde.<\/p>\n\n\n\n<p>Asistiremos a las intervenciones de terapia con perros los jueves d\u00eda 10 y 14 a las 11 horas y a los talleres de musicoterapia todos los mi\u00e9rcoles a las 11 horas.<\/p>\n\n\n\n<p>Y, para finalizar el mes, hemos programado diversos talleres de manualidades para decorar nuestra residencia para Navidad, entre el 21 y el 30 de noviembre. Adem\u00e1s celebraremos con una gran fiesta los cumplea\u00f1os de los residentes que nacieron en noviembre, el viernes d\u00eda 25.<\/p>\n\n\n\n<p>Como siempre, estamos \u00a1preparad@s para disfrutar de un mont\u00f3n de actividades!<\/p>\n","protected":false},"excerpt":{"rendered":"<p>Hemos acabado octubre por todo lo alto con nuestra gran excursi\u00f3n a la Fundaci\u00f3n T\u00e0pies y con todas las actividades que hemos realizado para celebrar la \u201cCasta\u00f1ada\u201d. Arrancaremos noviembre con el \u00abMen\u00fa del Abuelo\u00bb, el jueves d\u00eda 3, en el que disfrutaremos de Mejillones a la marinera, Muslos de pollo con salsa roquefort y patatas [&hellip;]<\/p>\n","protected":false},"author":10,"featured_media":21763,"comment_status":"closed","ping_status":"closed","sticky":false,"template":"","format":"standard","meta":{"content-type":"","footnotes":""},"categories":[13],"tags":[],"class_list":["post-21762","post","type-post","status-publish","format-standard","has-post-thumbnail","hentry","category-noticias-les-dalies"],"yoast_head":"<!-- This site is optimized with the Yoast SEO plugin v26.0 - https:\/\/yoast.com\/wordpress\/plugins\/seo\/ -->\n<title>Actividades en el geri\u00e1trico Les D\u00e0lies - Noticias La Vostra Llar<\/title>\n<meta name=\"description\" content=\"Hemos acabado octubre con nuestra gran excursi\u00f3n a la Fundaci\u00f3n T\u00e0pies y con todas las actividades que hemos realizado sobre la \u201cCasta\u00f1ada\u201d\" \/>\n<meta name=\"robots\" content=\"index, follow, max-snippet:-1, max-image-preview:large, max-video-preview:-1\" \/>\n<link rel=\"canonical\" href=\"https:\/\/lavostrallar.com\/noticias\/tenemos-muchas-actividades-en-la-vostra-llar-les-dalies\/\" \/>\n<meta property=\"og:locale\" content=\"es_ES\" \/>\n<meta property=\"og:type\" content=\"article\" \/>\n<meta property=\"og:title\" content=\"Actividades en el geri\u00e1trico Les D\u00e0lies - Noticias La Vostra Llar\" \/>\n<meta property=\"og:description\" content=\"Hemos acabado octubre con nuestra gran excursi\u00f3n a la Fundaci\u00f3n T\u00e0pies y con todas las actividades que hemos realizado sobre la \u201cCasta\u00f1ada\u201d\" \/>\n<meta property=\"og:url\" content=\"https:\/\/lavostrallar.com\/noticias\/tenemos-muchas-actividades-en-la-vostra-llar-les-dalies\/\" \/>\n<meta property=\"og:site_name\" content=\"Noticias La Vostra Llar\" \/>\n<meta property=\"article:publisher\" content=\"https:\/\/www.facebook.com\/lavostra.llar\" \/>\n<meta property=\"article:published_time\" content=\"2022-10-24T09:00:00+00:00\" \/>\n<meta property=\"article:modified_time\" content=\"2023-08-07T11:19:14+00:00\" \/>\n<meta property=\"og:image\" content=\"https:\/\/lavostrallar.com\/noticias\/wp-content\/uploads\/2022\/10\/307461419_504708424996062_3333029512978812567_n.jpg\" \/>\n\t<meta property=\"og:image:width\" content=\"1024\" \/>\n\t<meta property=\"og:image:height\" content=\"768\" \/>\n\t<meta property=\"og:image:type\" content=\"image\/jpeg\" \/>\n<meta name=\"author\" content=\"lavostrallar dalies\" \/>\n<meta name=\"twitter:card\" content=\"summary_large_image\" \/>\n<meta name=\"twitter:creator\" content=\"@lavostrallar\" \/>\n<meta name=\"twitter:site\" content=\"@lavostrallar\" \/>\n<meta name=\"twitter:label1\" content=\"Escrito por\" \/>\n\t<meta name=\"twitter:data1\" content=\"lavostrallar dalies\" \/>\n\t<meta name=\"twitter:label2\" content=\"Tiempo de lectura\" \/>\n\t<meta name=\"twitter:data2\" content=\"2 minutos\" \/>\n<script type=\"application\/ld+json\" class=\"yoast-schema-graph\">{\"@context\":\"https:\/\/schema.org\",\"@graph\":[{\"@type\":\"Article\",\"@id\":\"https:\/\/lavostrallar.com\/noticias\/tenemos-muchas-actividades-en-la-vostra-llar-les-dalies\/#article\",\"isPartOf\":{\"@id\":\"https:\/\/lavostrallar.com\/noticias\/tenemos-muchas-actividades-en-la-vostra-llar-les-dalies\/\"},\"author\":{\"name\":\"lavostrallar dalies\",\"@id\":\"https:\/\/lavostrallar.com\/noticias\/#\/schema\/person\/1e0068f2193e5623ba1d15ec9f92d571\"},\"headline\":\"Actividades en el geri\u00e1trico La Vostra Llar Les D\u00e0lies\",\"datePublished\":\"2022-10-24T09:00:00+00:00\",\"dateModified\":\"2023-08-07T11:19:14+00:00\",\"mainEntityOfPage\":{\"@id\":\"https:\/\/lavostrallar.com\/noticias\/tenemos-muchas-actividades-en-la-vostra-llar-les-dalies\/\"},\"wordCount\":268,\"publisher\":{\"@id\":\"https:\/\/lavostrallar.com\/noticias\/#organization\"},\"image\":{\"@id\":\"https:\/\/lavostrallar.com\/noticias\/tenemos-muchas-actividades-en-la-vostra-llar-les-dalies\/#primaryimage\"},\"thumbnailUrl\":\"https:\/\/lavostrallar.com\/noticias\/wp-content\/uploads\/2022\/10\/307461419_504708424996062_3333029512978812567_n.jpg\",\"articleSection\":[\"Noticias Les D\u00e0lies\"],\"inLanguage\":\"es\"},{\"@type\":\"WebPage\",\"@id\":\"https:\/\/lavostrallar.com\/noticias\/tenemos-muchas-actividades-en-la-vostra-llar-les-dalies\/\",\"url\":\"https:\/\/lavostrallar.com\/noticias\/tenemos-muchas-actividades-en-la-vostra-llar-les-dalies\/\",\"name\":\"Actividades en el geri\u00e1trico Les D\u00e0lies - Noticias La Vostra Llar\",\"isPartOf\":{\"@id\":\"https:\/\/lavostrallar.com\/noticias\/#website\"},\"primaryImageOfPage\":{\"@id\":\"https:\/\/lavostrallar.com\/noticias\/tenemos-muchas-actividades-en-la-vostra-llar-les-dalies\/#primaryimage\"},\"image\":{\"@id\":\"https:\/\/lavostrallar.com\/noticias\/tenemos-muchas-actividades-en-la-vostra-llar-les-dalies\/#primaryimage\"},\"thumbnailUrl\":\"https:\/\/lavostrallar.com\/noticias\/wp-content\/uploads\/2022\/10\/307461419_504708424996062_3333029512978812567_n.jpg\",\"datePublished\":\"2022-10-24T09:00:00+00:00\",\"dateModified\":\"2023-08-07T11:19:14+00:00\",\"description\":\"Hemos acabado octubre con nuestra gran excursi\u00f3n a la Fundaci\u00f3n T\u00e0pies y con todas las actividades que hemos realizado sobre la \u201cCasta\u00f1ada\u201d\",\"breadcrumb\":{\"@id\":\"https:\/\/lavostrallar.com\/noticias\/tenemos-muchas-actividades-en-la-vostra-llar-les-dalies\/#breadcrumb\"},\"inLanguage\":\"es\",\"potentialAction\":[{\"@type\":\"ReadAction\",\"target\":[\"https:\/\/lavostrallar.com\/noticias\/tenemos-muchas-actividades-en-la-vostra-llar-les-dalies\/\"]}]},{\"@type\":\"ImageObject\",\"inLanguage\":\"es\",\"@id\":\"https:\/\/lavostrallar.com\/noticias\/tenemos-muchas-actividades-en-la-vostra-llar-les-dalies\/#primaryimage\",\"url\":\"https:\/\/lavostrallar.com\/noticias\/wp-content\/uploads\/2022\/10\/307461419_504708424996062_3333029512978812567_n.jpg\",\"contentUrl\":\"https:\/\/lavostrallar.com\/noticias\/wp-content\/uploads\/2022\/10\/307461419_504708424996062_3333029512978812567_n.jpg\",\"width\":1024,\"height\":768},{\"@type\":\"BreadcrumbList\",\"@id\":\"https:\/\/lavostrallar.com\/noticias\/tenemos-muchas-actividades-en-la-vostra-llar-les-dalies\/#breadcrumb\",\"itemListElement\":[{\"@type\":\"ListItem\",\"position\":1,\"name\":\"Portada\",\"item\":\"https:\/\/lavostrallar.com\/noticias\/\"},{\"@type\":\"ListItem\",\"position\":2,\"name\":\"Actividades en el geri\u00e1trico La Vostra Llar Les D\u00e0lies\"}]},{\"@type\":\"WebSite\",\"@id\":\"https:\/\/lavostrallar.com\/noticias\/#website\",\"url\":\"https:\/\/lavostrallar.com\/noticias\/\",\"name\":\"La Vostra Llar\",\"description\":\"La Vostra Llar gestiona resid\u00e8ncies geri\u00e0triques des de 1987 amb la missi\u00f3 d\u2019oferir assist\u00e8ncia personalitzada per estimular, acollir i atendre les persones grans amb qualsevol grau de depend\u00e8ncia.\",\"publisher\":{\"@id\":\"https:\/\/lavostrallar.com\/noticias\/#organization\"},\"potentialAction\":[{\"@type\":\"SearchAction\",\"target\":{\"@type\":\"EntryPoint\",\"urlTemplate\":\"https:\/\/lavostrallar.com\/noticias\/?s={search_term_string}\"},\"query-input\":{\"@type\":\"PropertyValueSpecification\",\"valueRequired\":true,\"valueName\":\"search_term_string\"}}],\"inLanguage\":\"es\"},{\"@type\":\"Organization\",\"@id\":\"https:\/\/lavostrallar.com\/noticias\/#organization\",\"name\":\"La Vostra Llar\",\"url\":\"https:\/\/lavostrallar.com\/noticias\/\",\"logo\":{\"@type\":\"ImageObject\",\"inLanguage\":\"es\",\"@id\":\"https:\/\/lavostrallar.com\/noticias\/#\/schema\/logo\/image\/\",\"url\":\"https:\/\/lavostrallar.com\/noticias\/wp-content\/uploads\/2021\/12\/logo_lavostrallar.png\",\"contentUrl\":\"https:\/\/lavostrallar.com\/noticias\/wp-content\/uploads\/2021\/12\/logo_lavostrallar.png\",\"width\":217,\"height\":109,\"caption\":\"La Vostra Llar\"},\"image\":{\"@id\":\"https:\/\/lavostrallar.com\/noticias\/#\/schema\/logo\/image\/\"},\"sameAs\":[\"https:\/\/www.facebook.com\/lavostra.llar\",\"https:\/\/x.com\/lavostrallar\",\"https:\/\/www.instagram.com\/lavostrallar\/\"]},{\"@type\":\"Person\",\"@id\":\"https:\/\/lavostrallar.com\/noticias\/#\/schema\/person\/1e0068f2193e5623ba1d15ec9f92d571\",\"name\":\"lavostrallar dalies\",\"image\":{\"@type\":\"ImageObject\",\"inLanguage\":\"es\",\"@id\":\"https:\/\/lavostrallar.com\/noticias\/#\/schema\/person\/image\/\",\"url\":\"https:\/\/secure.gravatar.com\/avatar\/43a15f58214ef7aa43cb2cb33fe2c95810cdd537a6440036707bed17be41bb6b?s=96&d=mm&r=g\",\"contentUrl\":\"https:\/\/secure.gravatar.com\/avatar\/43a15f58214ef7aa43cb2cb33fe2c95810cdd537a6440036707bed17be41bb6b?s=96&d=mm&r=g\",\"caption\":\"lavostrallar dalies\"},\"sameAs\":[\"lavostrallar\"],\"url\":\"https:\/\/lavostrallar.com\/noticias\/author\/lavostrallar-dalies\/\"}]}<\/script>\n<!-- \/ Yoast SEO plugin. -->","yoast_head_json":{"title":"Actividades en el geri\u00e1trico Les D\u00e0lies - Noticias La Vostra Llar","description":"Hemos acabado octubre con nuestra gran excursi\u00f3n a la Fundaci\u00f3n T\u00e0pies y con todas las actividades que hemos realizado sobre la \u201cCasta\u00f1ada\u201d","robots":{"index":"index","follow":"follow","max-snippet":"max-snippet:-1","max-image-preview":"max-image-preview:large","max-video-preview":"max-video-preview:-1"},"canonical":"https:\/\/lavostrallar.com\/noticias\/tenemos-muchas-actividades-en-la-vostra-llar-les-dalies\/","og_locale":"es_ES","og_type":"article","og_title":"Actividades en el geri\u00e1trico Les D\u00e0lies - Noticias La Vostra Llar","og_description":"Hemos acabado octubre con nuestra gran excursi\u00f3n a la Fundaci\u00f3n T\u00e0pies y con todas las actividades que hemos realizado sobre la \u201cCasta\u00f1ada\u201d","og_url":"https:\/\/lavostrallar.com\/noticias\/tenemos-muchas-actividades-en-la-vostra-llar-les-dalies\/","og_site_name":"Noticias La Vostra Llar","article_publisher":"https:\/\/www.facebook.com\/lavostra.llar","article_published_time":"2022-10-24T09:00:00+00:00","article_modified_time":"2023-08-07T11:19:14+00:00","og_image":[{"width":1024,"height":768,"url":"https:\/\/lavostrallar.com\/noticias\/wp-content\/uploads\/2022\/10\/307461419_504708424996062_3333029512978812567_n.jpg","type":"image\/jpeg"}],"author":"lavostrallar dalies","twitter_card":"summary_large_image","twitter_creator":"@lavostrallar","twitter_site":"@lavostrallar","twitter_misc":{"Escrito por":"lavostrallar dalies","Tiempo de lectura":"2 minutos"},"schema":{"@context":"https:\/\/schema.org","@graph":[{"@type":"Article","@id":"https:\/\/lavostrallar.com\/noticias\/tenemos-muchas-actividades-en-la-vostra-llar-les-dalies\/#article","isPartOf":{"@id":"https:\/\/lavostrallar.com\/noticias\/tenemos-muchas-actividades-en-la-vostra-llar-les-dalies\/"},"author":{"name":"lavostrallar dalies","@id":"https:\/\/lavostrallar.com\/noticias\/#\/schema\/person\/1e0068f2193e5623ba1d15ec9f92d571"},"headline":"Actividades en el geri\u00e1trico La Vostra Llar Les D\u00e0lies","datePublished":"2022-10-24T09:00:00+00:00","dateModified":"2023-08-07T11:19:14+00:00","mainEntityOfPage":{"@id":"https:\/\/lavostrallar.com\/noticias\/tenemos-muchas-actividades-en-la-vostra-llar-les-dalies\/"},"wordCount":268,"publisher":{"@id":"https:\/\/lavostrallar.com\/noticias\/#organization"},"image":{"@id":"https:\/\/lavostrallar.com\/noticias\/tenemos-muchas-actividades-en-la-vostra-llar-les-dalies\/#primaryimage"},"thumbnailUrl":"https:\/\/lavostrallar.com\/noticias\/wp-content\/uploads\/2022\/10\/307461419_504708424996062_3333029512978812567_n.jpg","articleSection":["Noticias Les D\u00e0lies"],"inLanguage":"es"},{"@type":"WebPage","@id":"https:\/\/lavostrallar.com\/noticias\/tenemos-muchas-actividades-en-la-vostra-llar-les-dalies\/","url":"https:\/\/lavostrallar.com\/noticias\/tenemos-muchas-actividades-en-la-vostra-llar-les-dalies\/","name":"Actividades en el geri\u00e1trico Les D\u00e0lies - Noticias La Vostra Llar","isPartOf":{"@id":"https:\/\/lavostrallar.com\/noticias\/#website"},"primaryImageOfPage":{"@id":"https:\/\/lavostrallar.com\/noticias\/tenemos-muchas-actividades-en-la-vostra-llar-les-dalies\/#primaryimage"},"image":{"@id":"https:\/\/lavostrallar.com\/noticias\/tenemos-muchas-actividades-en-la-vostra-llar-les-dalies\/#primaryimage"},"thumbnailUrl":"https:\/\/lavostrallar.com\/noticias\/wp-content\/uploads\/2022\/10\/307461419_504708424996062_3333029512978812567_n.jpg","datePublished":"2022-10-24T09:00:00+00:00","dateModified":"2023-08-07T11:19:14+00:00","description":"Hemos acabado octubre con nuestra gran excursi\u00f3n a la Fundaci\u00f3n T\u00e0pies y con todas las actividades que hemos realizado sobre la \u201cCasta\u00f1ada\u201d","breadcrumb":{"@id":"https:\/\/lavostrallar.com\/noticias\/tenemos-muchas-actividades-en-la-vostra-llar-les-dalies\/#breadcrumb"},"inLanguage":"es","potentialAction":[{"@type":"ReadAction","target":["https:\/\/lavostrallar.com\/noticias\/tenemos-muchas-actividades-en-la-vostra-llar-les-dalies\/"]}]},{"@type":"ImageObject","inLanguage":"es","@id":"https:\/\/lavostrallar.com\/noticias\/tenemos-muchas-actividades-en-la-vostra-llar-les-dalies\/#primaryimage","url":"https:\/\/lavostrallar.com\/noticias\/wp-content\/uploads\/2022\/10\/307461419_504708424996062_3333029512978812567_n.jpg","contentUrl":"https:\/\/lavostrallar.com\/noticias\/wp-content\/uploads\/2022\/10\/307461419_504708424996062_3333029512978812567_n.jpg","width":1024,"height":768},{"@type":"BreadcrumbList","@id":"https:\/\/lavostrallar.com\/noticias\/tenemos-muchas-actividades-en-la-vostra-llar-les-dalies\/#breadcrumb","itemListElement":[{"@type":"ListItem","position":1,"name":"Portada","item":"https:\/\/lavostrallar.com\/noticias\/"},{"@type":"ListItem","position":2,"name":"Actividades en el geri\u00e1trico La Vostra Llar Les D\u00e0lies"}]},{"@type":"WebSite","@id":"https:\/\/lavostrallar.com\/noticias\/#website","url":"https:\/\/lavostrallar.com\/noticias\/","name":"La Vostra Llar","description":"La Vostra Llar gestiona resid\u00e8ncies geri\u00e0triques des de 1987 amb la missi\u00f3 d\u2019oferir assist\u00e8ncia personalitzada per estimular, acollir i atendre les persones grans amb qualsevol grau de depend\u00e8ncia.","publisher":{"@id":"https:\/\/lavostrallar.com\/noticias\/#organization"},"potentialAction":[{"@type":"SearchAction","target":{"@type":"EntryPoint","urlTemplate":"https:\/\/lavostrallar.com\/noticias\/?s={search_term_string}"},"query-input":{"@type":"PropertyValueSpecification","valueRequired":true,"valueName":"search_term_string"}}],"inLanguage":"es"},{"@type":"Organization","@id":"https:\/\/lavostrallar.com\/noticias\/#organization","name":"La Vostra Llar","url":"https:\/\/lavostrallar.com\/noticias\/","logo":{"@type":"ImageObject","inLanguage":"es","@id":"https:\/\/lavostrallar.com\/noticias\/#\/schema\/logo\/image\/","url":"https:\/\/lavostrallar.com\/noticias\/wp-content\/uploads\/2021\/12\/logo_lavostrallar.png","contentUrl":"https:\/\/lavostrallar.com\/noticias\/wp-content\/uploads\/2021\/12\/logo_lavostrallar.png","width":217,"height":109,"caption":"La Vostra Llar"},"image":{"@id":"https:\/\/lavostrallar.com\/noticias\/#\/schema\/logo\/image\/"},"sameAs":["https:\/\/www.facebook.com\/lavostra.llar","https:\/\/x.com\/lavostrallar","https:\/\/www.instagram.com\/lavostrallar\/"]},{"@type":"Person","@id":"https:\/\/lavostrallar.com\/noticias\/#\/schema\/person\/1e0068f2193e5623ba1d15ec9f92d571","name":"lavostrallar dalies","image":{"@type":"ImageObject","inLanguage":"es","@id":"https:\/\/lavostrallar.com\/noticias\/#\/schema\/person\/image\/","url":"https:\/\/secure.gravatar.com\/avatar\/43a15f58214ef7aa43cb2cb33fe2c95810cdd537a6440036707bed17be41bb6b?s=96&d=mm&r=g","contentUrl":"https:\/\/secure.gravatar.com\/avatar\/43a15f58214ef7aa43cb2cb33fe2c95810cdd537a6440036707bed17be41bb6b?s=96&d=mm&r=g","caption":"lavostrallar dalies"},"sameAs":["lavostrallar"],"url":"https:\/\/lavostrallar.com\/noticias\/author\/lavostrallar-dalies\/"}]}},"_links":{"self":[{"href":"https:\/\/lavostrallar.com\/noticias\/wp-json\/wp\/v2\/posts\/21762","targetHints":{"allow":["GET"]}}],"collection":[{"href":"https:\/\/lavostrallar.com\/noticias\/wp-json\/wp\/v2\/posts"}],"about":[{"href":"https:\/\/lavostrallar.com\/noticias\/wp-json\/wp\/v2\/types\/post"}],"author":[{"embeddable":true,"href":"https:\/\/lavostrallar.com\/noticias\/wp-json\/wp\/v2\/users\/10"}],"replies":[{"embeddable":true,"href":"https:\/\/lavostrallar.com\/noticias\/wp-json\/wp\/v2\/comments?post=21762"}],"version-history":[{"count":3,"href":"https:\/\/lavostrallar.com\/noticias\/wp-json\/wp\/v2\/posts\/21762\/revisions"}],"predecessor-version":[{"id":26995,"href":"https:\/\/lavostrallar.com\/noticias\/wp-json\/wp\/v2\/posts\/21762\/revisions\/26995"}],"wp:featuredmedia":[{"embeddable":true,"href":"https:\/\/lavostrallar.com\/noticias\/wp-json\/wp\/v2\/media\/21763"}],"wp:attachment":[{"href":"https:\/\/lavostrallar.com\/noticias\/wp-json\/wp\/v2\/media?parent=21762"}],"wp:term":[{"taxonomy":"category","embeddable":true,"href":"https:\/\/lavostrallar.com\/noticias\/wp-json\/wp\/v2\/categories?post=21762"},{"taxonomy":"post_tag","embeddable":true,"href":"https:\/\/lavostrallar.com\/noticias\/wp-json\/wp\/v2\/tags?post=21762"}],"curies":[{"name":"wp","href":"https:\/\/api.w.org\/{rel}","templated":true}]}}