	{"id":22126,"date":"2022-11-27T11:00:41","date_gmt":"2022-11-27T11:00:41","guid":{"rendered":"https:\/\/lavostrallar.com\/?p=22126"},"modified":"2023-08-07T12:56:19","modified_gmt":"2023-08-07T10:56:19","slug":"las-ultimas-del-ano","status":"publish","type":"post","link":"https:\/\/lavostrallar.com\/noticias\/las-ultimas-del-ano\/","title":{"rendered":"Lo \u00faltimo del a\u00f1o en la residencia geri\u00e1trica El Clot"},"content":{"rendered":"\n<p>Quien dir\u00eda que, con este mes, acaba otro a\u00f1o m\u00e1s en el que hemos compartido junto a vosotros millones de aventuras\u2026 Ya se han encendido todas las residencias de La Vostra Llar para dar color y brillo a un mes lleno de magia, sonrisas, regalos y, sobre todo, diversi\u00f3n.<\/p>\n\n\n\n<p>Se nos eriza la piel s\u00f3lo de pensar todo lo que tenemos preparado para este mes de diciembre, talleres que contin\u00faan y otros que comienzan, fiestas, bailes&#8230; Un sinf\u00edn de momentos que se sumar\u00e1n a los ya vividos. Y es que el d\u00eda 1 de diciembre tendremos nuestra primera cita, el tradicional \u201cMen\u00fa del abuelo\u201d.<\/p>\n\n\n\n<p>Disfrutaremos de la actuaci\u00f3n estelar de la mano del \u201cDuo Cabana\u201d el d\u00eda 21 de diciembre en la que cantaremos, bailaremos, entregaremos a nuestros abuelos y abuelas sus regalos de Navidad y merendaremos por todo lo alto, adem\u00e1s de realizar un gran sorteo.<\/p>\n\n\n\n<p>Nuestros residentes crear\u00e1n con mucho cari\u00f1o diferentes manualidades con motivos navide\u00f1os que, posteriormente, pondremos a la venta en nuestro tradicional puesto navide\u00f1o con fines solidarios para recaudar fondos en La Marat\u00f3 de TV3.<\/p>\n\n\n\n<p>Tendremos talleres en los que cantaremos villancicos, disfrutaremos de bingos navide\u00f1os, participaremos en talleres de arte de tem\u00e1tica de invierno para orientarnos y seguir decorando aun m\u00e1s nuestros rincones favoritos, disfrutaremos de sesiones de cine, etc.<\/p>\n\n\n\n<p>Pero todo esto sin olvidarnos de seguir ejercit\u00e1ndonos cognitiva y f\u00edsicamente. De tener nuestros ratitos de relajaci\u00f3n y de compartir lo que, sobre todo en estas fechas, remueve nuestras emociones a trav\u00e9s de talleres de reminiscencia. Seguiremos disfrutando de las salidas terap\u00e9uticas los lunes y del huerto los mi\u00e9rcoles, al que le sumaremos un taller para conocer las verduras y hortalizas que estamos plantando y, por \u00faltimo, de momento, fomentaremos nuestra autonom\u00eda y el cuidado personal.<\/p>\n\n\n\n<p>Como no podr\u00eda faltar, unos cuantos residentes  y familiares acudiremos  a la Feria De Santa Ll\u00facia de la Sagrada Familia, el pr\u00f3ximo d\u00eda 14 de diciembre , como ya es tradici\u00f3n en el centro.<\/p>\n\n\n\n<p>Para finalizar, recibiremos la visita, en la ma\u00f1ana del 19 y 20 de diciembre, de los alumnos de P-2 y P-3 de la escuela \u00abLa Rambleta Del Clot\u00bb que vendr\u00e1n a compartir la Navidad con nosotros, cantando algunas canciones navide\u00f1as populares.<\/p>\n\n\n\n<p>\u00a1Por cierto, familia! Tenemos a vuestra disposici\u00f3n un buz\u00f3n navide\u00f1o a la entrada del centro para que pod\u00e1is dejar vuestros mensajes, felicitaciones y deseos a quienes quer\u00e1is sacar una sonrisa. No hay l\u00edmites para el cari\u00f1o.<\/p>\n\n\n\n<p>Y ahora s\u00ed, gracias a todos por acompa\u00f1arnos.<\/p>\n\n\n\n<p>\u00a1Feliz mes, Feliz Navidad y Feliz Pr\u00f3spero A\u00f1o Nuevo!<\/p>\n","protected":false},"excerpt":{"rendered":"<p>Quien dir\u00eda que, con este mes, acaba otro a\u00f1o m\u00e1s en el que hemos compartido junto a vosotros millones de aventuras\u2026 Ya se han encendido todas las residencias de La Vostra Llar para dar color y brillo a un mes lleno de magia, sonrisas, regalos y, sobre todo, diversi\u00f3n. Se nos eriza la piel s\u00f3lo [&hellip;]<\/p>\n","protected":false},"author":15,"featured_media":22127,"comment_status":"closed","ping_status":"closed","sticky":false,"template":"","format":"standard","meta":{"content-type":"","footnotes":""},"categories":[47],"tags":[],"class_list":["post-22126","post","type-post","status-publish","format-standard","has-post-thumbnail","hentry","category-noticias-clot"],"yoast_head":"<!-- This site is optimized with the Yoast SEO plugin v26.0 - https:\/\/yoast.com\/wordpress\/plugins\/seo\/ -->\n<title>Lo \u00faltimo del a\u00f1o en la residencia geri\u00e1trica El Clot - Noticias La Vostra Llar<\/title>\n<meta name=\"description\" content=\"Ya se han encendido todas las residencias de La Vostra Llar para dar color y brillo a un mes lleno de magia, sonrisas, regalos y diversi\u00f3n\" \/>\n<meta name=\"robots\" content=\"index, follow, max-snippet:-1, max-image-preview:large, max-video-preview:-1\" \/>\n<link rel=\"canonical\" href=\"https:\/\/lavostrallar.com\/noticias\/las-ultimas-del-ano\/\" \/>\n<meta property=\"og:locale\" content=\"es_ES\" \/>\n<meta property=\"og:type\" content=\"article\" \/>\n<meta property=\"og:title\" content=\"Lo \u00faltimo del a\u00f1o en la residencia geri\u00e1trica El Clot - Noticias La Vostra Llar\" \/>\n<meta property=\"og:description\" content=\"Ya se han encendido todas las residencias de La Vostra Llar para dar color y brillo a un mes lleno de magia, sonrisas, regalos y diversi\u00f3n\" \/>\n<meta property=\"og:url\" content=\"https:\/\/lavostrallar.com\/noticias\/las-ultimas-del-ano\/\" \/>\n<meta property=\"og:site_name\" content=\"Noticias La Vostra Llar\" \/>\n<meta property=\"article:publisher\" content=\"https:\/\/www.facebook.com\/lavostra.llar\" \/>\n<meta property=\"article:published_time\" content=\"2022-11-27T11:00:41+00:00\" \/>\n<meta property=\"article:modified_time\" content=\"2023-08-07T10:56:19+00:00\" \/>\n<meta property=\"og:image\" content=\"https:\/\/lavostrallar.com\/noticias\/wp-content\/uploads\/2022\/11\/316085382_806171617367540_1404670293930046186_n.jpg\" \/>\n\t<meta property=\"og:image:width\" content=\"1483\" \/>\n\t<meta property=\"og:image:height\" content=\"898\" \/>\n\t<meta property=\"og:image:type\" content=\"image\/jpeg\" \/>\n<meta name=\"author\" content=\"clot\" \/>\n<meta name=\"twitter:card\" content=\"summary_large_image\" \/>\n<meta name=\"twitter:creator\" content=\"@lavostrallar\" \/>\n<meta name=\"twitter:site\" content=\"@lavostrallar\" \/>\n<meta name=\"twitter:label1\" content=\"Escrito por\" \/>\n\t<meta name=\"twitter:data1\" content=\"clot\" \/>\n\t<meta name=\"twitter:label2\" content=\"Tiempo de lectura\" \/>\n\t<meta name=\"twitter:data2\" content=\"2 minutos\" \/>\n<script type=\"application\/ld+json\" class=\"yoast-schema-graph\">{\"@context\":\"https:\/\/schema.org\",\"@graph\":[{\"@type\":\"Article\",\"@id\":\"https:\/\/lavostrallar.com\/noticias\/ca\/las-ultimas-del-ano\/#article\",\"isPartOf\":{\"@id\":\"https:\/\/lavostrallar.com\/noticias\/ca\/las-ultimas-del-ano\/\"},\"author\":{\"name\":\"clot\",\"@id\":\"https:\/\/lavostrallar.com\/noticias\/#\/schema\/person\/2511dfae685f7be889a50167b3d88a38\"},\"headline\":\"Lo \u00faltimo del a\u00f1o en la residencia geri\u00e1trica El Clot\",\"datePublished\":\"2022-11-27T11:00:41+00:00\",\"dateModified\":\"2023-08-07T10:56:19+00:00\",\"mainEntityOfPage\":{\"@id\":\"https:\/\/lavostrallar.com\/noticias\/ca\/las-ultimas-del-ano\/\"},\"wordCount\":470,\"publisher\":{\"@id\":\"https:\/\/lavostrallar.com\/noticias\/#organization\"},\"image\":{\"@id\":\"https:\/\/lavostrallar.com\/noticias\/ca\/las-ultimas-del-ano\/#primaryimage\"},\"thumbnailUrl\":\"https:\/\/lavostrallar.com\/noticias\/wp-content\/uploads\/2022\/11\/316085382_806171617367540_1404670293930046186_n.jpg\",\"articleSection\":[\"Noticias Clot\"],\"inLanguage\":\"es\"},{\"@type\":\"WebPage\",\"@id\":\"https:\/\/lavostrallar.com\/noticias\/ca\/las-ultimas-del-ano\/\",\"url\":\"https:\/\/lavostrallar.com\/noticias\/ca\/las-ultimas-del-ano\/\",\"name\":\"Lo \u00faltimo del a\u00f1o en la residencia geri\u00e1trica El Clot - Noticias La Vostra Llar\",\"isPartOf\":{\"@id\":\"https:\/\/lavostrallar.com\/noticias\/#website\"},\"primaryImageOfPage\":{\"@id\":\"https:\/\/lavostrallar.com\/noticias\/ca\/las-ultimas-del-ano\/#primaryimage\"},\"image\":{\"@id\":\"https:\/\/lavostrallar.com\/noticias\/ca\/las-ultimas-del-ano\/#primaryimage\"},\"thumbnailUrl\":\"https:\/\/lavostrallar.com\/noticias\/wp-content\/uploads\/2022\/11\/316085382_806171617367540_1404670293930046186_n.jpg\",\"datePublished\":\"2022-11-27T11:00:41+00:00\",\"dateModified\":\"2023-08-07T10:56:19+00:00\",\"description\":\"Ya se han encendido todas las residencias de La Vostra Llar para dar color y brillo a un mes lleno de magia, sonrisas, regalos y diversi\u00f3n\",\"breadcrumb\":{\"@id\":\"https:\/\/lavostrallar.com\/noticias\/ca\/las-ultimas-del-ano\/#breadcrumb\"},\"inLanguage\":\"es\",\"potentialAction\":[{\"@type\":\"ReadAction\",\"target\":[\"https:\/\/lavostrallar.com\/noticias\/ca\/las-ultimas-del-ano\/\"]}]},{\"@type\":\"ImageObject\",\"inLanguage\":\"es\",\"@id\":\"https:\/\/lavostrallar.com\/noticias\/ca\/las-ultimas-del-ano\/#primaryimage\",\"url\":\"https:\/\/lavostrallar.com\/noticias\/wp-content\/uploads\/2022\/11\/316085382_806171617367540_1404670293930046186_n.jpg\",\"contentUrl\":\"https:\/\/lavostrallar.com\/noticias\/wp-content\/uploads\/2022\/11\/316085382_806171617367540_1404670293930046186_n.jpg\",\"width\":1483,\"height\":898},{\"@type\":\"BreadcrumbList\",\"@id\":\"https:\/\/lavostrallar.com\/noticias\/ca\/las-ultimas-del-ano\/#breadcrumb\",\"itemListElement\":[{\"@type\":\"ListItem\",\"position\":1,\"name\":\"Portada\",\"item\":\"https:\/\/lavostrallar.com\/noticias\/\"},{\"@type\":\"ListItem\",\"position\":2,\"name\":\"Lo \u00faltimo del a\u00f1o en la residencia geri\u00e1trica El Clot\"}]},{\"@type\":\"WebSite\",\"@id\":\"https:\/\/lavostrallar.com\/noticias\/#website\",\"url\":\"https:\/\/lavostrallar.com\/noticias\/\",\"name\":\"La Vostra Llar\",\"description\":\"La Vostra Llar gestiona resid\u00e8ncies geri\u00e0triques des de 1987 amb la missi\u00f3 d\u2019oferir assist\u00e8ncia personalitzada per estimular, acollir i atendre les persones grans amb qualsevol grau de depend\u00e8ncia.\",\"publisher\":{\"@id\":\"https:\/\/lavostrallar.com\/noticias\/#organization\"},\"potentialAction\":[{\"@type\":\"SearchAction\",\"target\":{\"@type\":\"EntryPoint\",\"urlTemplate\":\"https:\/\/lavostrallar.com\/noticias\/?s={search_term_string}\"},\"query-input\":{\"@type\":\"PropertyValueSpecification\",\"valueRequired\":true,\"valueName\":\"search_term_string\"}}],\"inLanguage\":\"es\"},{\"@type\":\"Organization\",\"@id\":\"https:\/\/lavostrallar.com\/noticias\/#organization\",\"name\":\"La Vostra Llar\",\"url\":\"https:\/\/lavostrallar.com\/noticias\/\",\"logo\":{\"@type\":\"ImageObject\",\"inLanguage\":\"es\",\"@id\":\"https:\/\/lavostrallar.com\/noticias\/#\/schema\/logo\/image\/\",\"url\":\"https:\/\/lavostrallar.com\/noticias\/wp-content\/uploads\/2021\/12\/logo_lavostrallar.png\",\"contentUrl\":\"https:\/\/lavostrallar.com\/noticias\/wp-content\/uploads\/2021\/12\/logo_lavostrallar.png\",\"width\":217,\"height\":109,\"caption\":\"La Vostra Llar\"},\"image\":{\"@id\":\"https:\/\/lavostrallar.com\/noticias\/#\/schema\/logo\/image\/\"},\"sameAs\":[\"https:\/\/www.facebook.com\/lavostra.llar\",\"https:\/\/x.com\/lavostrallar\",\"https:\/\/www.instagram.com\/lavostrallar\/\"]},{\"@type\":\"Person\",\"@id\":\"https:\/\/lavostrallar.com\/noticias\/#\/schema\/person\/2511dfae685f7be889a50167b3d88a38\",\"name\":\"clot\",\"image\":{\"@type\":\"ImageObject\",\"inLanguage\":\"es\",\"@id\":\"https:\/\/lavostrallar.com\/noticias\/#\/schema\/person\/image\/\",\"url\":\"https:\/\/secure.gravatar.com\/avatar\/3c1df0739940f5c4c6ddbf0cbaa0c04d540ea3f04119bc2b24c94557acb1067c?s=96&d=mm&r=g\",\"contentUrl\":\"https:\/\/secure.gravatar.com\/avatar\/3c1df0739940f5c4c6ddbf0cbaa0c04d540ea3f04119bc2b24c94557acb1067c?s=96&d=mm&r=g\",\"caption\":\"clot\"},\"url\":\"https:\/\/lavostrallar.com\/noticias\/author\/lavostrallar-clot\/\"}]}<\/script>\n<!-- \/ Yoast SEO plugin. -->","yoast_head_json":{"title":"Lo \u00faltimo del a\u00f1o en la residencia geri\u00e1trica El Clot - Noticias La Vostra Llar","description":"Ya se han encendido todas las residencias de La Vostra Llar para dar color y brillo a un mes lleno de magia, sonrisas, regalos y diversi\u00f3n","robots":{"index":"index","follow":"follow","max-snippet":"max-snippet:-1","max-image-preview":"max-image-preview:large","max-video-preview":"max-video-preview:-1"},"canonical":"https:\/\/lavostrallar.com\/noticias\/las-ultimas-del-ano\/","og_locale":"es_ES","og_type":"article","og_title":"Lo \u00faltimo del a\u00f1o en la residencia geri\u00e1trica El Clot - Noticias La Vostra Llar","og_description":"Ya se han encendido todas las residencias de La Vostra Llar para dar color y brillo a un mes lleno de magia, sonrisas, regalos y diversi\u00f3n","og_url":"https:\/\/lavostrallar.com\/noticias\/las-ultimas-del-ano\/","og_site_name":"Noticias La Vostra Llar","article_publisher":"https:\/\/www.facebook.com\/lavostra.llar","article_published_time":"2022-11-27T11:00:41+00:00","article_modified_time":"2023-08-07T10:56:19+00:00","og_image":[{"width":1483,"height":898,"url":"https:\/\/lavostrallar.com\/noticias\/wp-content\/uploads\/2022\/11\/316085382_806171617367540_1404670293930046186_n.jpg","type":"image\/jpeg"}],"author":"clot","twitter_card":"summary_large_image","twitter_creator":"@lavostrallar","twitter_site":"@lavostrallar","twitter_misc":{"Escrito por":"clot","Tiempo de lectura":"2 minutos"},"schema":{"@context":"https:\/\/schema.org","@graph":[{"@type":"Article","@id":"https:\/\/lavostrallar.com\/noticias\/ca\/las-ultimas-del-ano\/#article","isPartOf":{"@id":"https:\/\/lavostrallar.com\/noticias\/ca\/las-ultimas-del-ano\/"},"author":{"name":"clot","@id":"https:\/\/lavostrallar.com\/noticias\/#\/schema\/person\/2511dfae685f7be889a50167b3d88a38"},"headline":"Lo \u00faltimo del a\u00f1o en la residencia geri\u00e1trica El Clot","datePublished":"2022-11-27T11:00:41+00:00","dateModified":"2023-08-07T10:56:19+00:00","mainEntityOfPage":{"@id":"https:\/\/lavostrallar.com\/noticias\/ca\/las-ultimas-del-ano\/"},"wordCount":470,"publisher":{"@id":"https:\/\/lavostrallar.com\/noticias\/#organization"},"image":{"@id":"https:\/\/lavostrallar.com\/noticias\/ca\/las-ultimas-del-ano\/#primaryimage"},"thumbnailUrl":"https:\/\/lavostrallar.com\/noticias\/wp-content\/uploads\/2022\/11\/316085382_806171617367540_1404670293930046186_n.jpg","articleSection":["Noticias Clot"],"inLanguage":"es"},{"@type":"WebPage","@id":"https:\/\/lavostrallar.com\/noticias\/ca\/las-ultimas-del-ano\/","url":"https:\/\/lavostrallar.com\/noticias\/ca\/las-ultimas-del-ano\/","name":"Lo \u00faltimo del a\u00f1o en la residencia geri\u00e1trica El Clot - Noticias La Vostra Llar","isPartOf":{"@id":"https:\/\/lavostrallar.com\/noticias\/#website"},"primaryImageOfPage":{"@id":"https:\/\/lavostrallar.com\/noticias\/ca\/las-ultimas-del-ano\/#primaryimage"},"image":{"@id":"https:\/\/lavostrallar.com\/noticias\/ca\/las-ultimas-del-ano\/#primaryimage"},"thumbnailUrl":"https:\/\/lavostrallar.com\/noticias\/wp-content\/uploads\/2022\/11\/316085382_806171617367540_1404670293930046186_n.jpg","datePublished":"2022-11-27T11:00:41+00:00","dateModified":"2023-08-07T10:56:19+00:00","description":"Ya se han encendido todas las residencias de La Vostra Llar para dar color y brillo a un mes lleno de magia, sonrisas, regalos y diversi\u00f3n","breadcrumb":{"@id":"https:\/\/lavostrallar.com\/noticias\/ca\/las-ultimas-del-ano\/#breadcrumb"},"inLanguage":"es","potentialAction":[{"@type":"ReadAction","target":["https:\/\/lavostrallar.com\/noticias\/ca\/las-ultimas-del-ano\/"]}]},{"@type":"ImageObject","inLanguage":"es","@id":"https:\/\/lavostrallar.com\/noticias\/ca\/las-ultimas-del-ano\/#primaryimage","url":"https:\/\/lavostrallar.com\/noticias\/wp-content\/uploads\/2022\/11\/316085382_806171617367540_1404670293930046186_n.jpg","contentUrl":"https:\/\/lavostrallar.com\/noticias\/wp-content\/uploads\/2022\/11\/316085382_806171617367540_1404670293930046186_n.jpg","width":1483,"height":898},{"@type":"BreadcrumbList","@id":"https:\/\/lavostrallar.com\/noticias\/ca\/las-ultimas-del-ano\/#breadcrumb","itemListElement":[{"@type":"ListItem","position":1,"name":"Portada","item":"https:\/\/lavostrallar.com\/noticias\/"},{"@type":"ListItem","position":2,"name":"Lo \u00faltimo del a\u00f1o en la residencia geri\u00e1trica El Clot"}]},{"@type":"WebSite","@id":"https:\/\/lavostrallar.com\/noticias\/#website","url":"https:\/\/lavostrallar.com\/noticias\/","name":"La Vostra Llar","description":"La Vostra Llar gestiona resid\u00e8ncies geri\u00e0triques des de 1987 amb la missi\u00f3 d\u2019oferir assist\u00e8ncia personalitzada per estimular, acollir i atendre les persones grans amb qualsevol grau de depend\u00e8ncia.","publisher":{"@id":"https:\/\/lavostrallar.com\/noticias\/#organization"},"potentialAction":[{"@type":"SearchAction","target":{"@type":"EntryPoint","urlTemplate":"https:\/\/lavostrallar.com\/noticias\/?s={search_term_string}"},"query-input":{"@type":"PropertyValueSpecification","valueRequired":true,"valueName":"search_term_string"}}],"inLanguage":"es"},{"@type":"Organization","@id":"https:\/\/lavostrallar.com\/noticias\/#organization","name":"La Vostra Llar","url":"https:\/\/lavostrallar.com\/noticias\/","logo":{"@type":"ImageObject","inLanguage":"es","@id":"https:\/\/lavostrallar.com\/noticias\/#\/schema\/logo\/image\/","url":"https:\/\/lavostrallar.com\/noticias\/wp-content\/uploads\/2021\/12\/logo_lavostrallar.png","contentUrl":"https:\/\/lavostrallar.com\/noticias\/wp-content\/uploads\/2021\/12\/logo_lavostrallar.png","width":217,"height":109,"caption":"La Vostra Llar"},"image":{"@id":"https:\/\/lavostrallar.com\/noticias\/#\/schema\/logo\/image\/"},"sameAs":["https:\/\/www.facebook.com\/lavostra.llar","https:\/\/x.com\/lavostrallar","https:\/\/www.instagram.com\/lavostrallar\/"]},{"@type":"Person","@id":"https:\/\/lavostrallar.com\/noticias\/#\/schema\/person\/2511dfae685f7be889a50167b3d88a38","name":"clot","image":{"@type":"ImageObject","inLanguage":"es","@id":"https:\/\/lavostrallar.com\/noticias\/#\/schema\/person\/image\/","url":"https:\/\/secure.gravatar.com\/avatar\/3c1df0739940f5c4c6ddbf0cbaa0c04d540ea3f04119bc2b24c94557acb1067c?s=96&d=mm&r=g","contentUrl":"https:\/\/secure.gravatar.com\/avatar\/3c1df0739940f5c4c6ddbf0cbaa0c04d540ea3f04119bc2b24c94557acb1067c?s=96&d=mm&r=g","caption":"clot"},"url":"https:\/\/lavostrallar.com\/noticias\/author\/lavostrallar-clot\/"}]}},"_links":{"self":[{"href":"https:\/\/lavostrallar.com\/noticias\/wp-json\/wp\/v2\/posts\/22126","targetHints":{"allow":["GET"]}}],"collection":[{"href":"https:\/\/lavostrallar.com\/noticias\/wp-json\/wp\/v2\/posts"}],"about":[{"href":"https:\/\/lavostrallar.com\/noticias\/wp-json\/wp\/v2\/types\/post"}],"author":[{"embeddable":true,"href":"https:\/\/lavostrallar.com\/noticias\/wp-json\/wp\/v2\/users\/15"}],"replies":[{"embeddable":true,"href":"https:\/\/lavostrallar.com\/noticias\/wp-json\/wp\/v2\/comments?post=22126"}],"version-history":[{"count":7,"href":"https:\/\/lavostrallar.com\/noticias\/wp-json\/wp\/v2\/posts\/22126\/revisions"}],"predecessor-version":[{"id":26987,"href":"https:\/\/lavostrallar.com\/noticias\/wp-json\/wp\/v2\/posts\/22126\/revisions\/26987"}],"wp:featuredmedia":[{"embeddable":true,"href":"https:\/\/lavostrallar.com\/noticias\/wp-json\/wp\/v2\/media\/22127"}],"wp:attachment":[{"href":"https:\/\/lavostrallar.com\/noticias\/wp-json\/wp\/v2\/media?parent=22126"}],"wp:term":[{"taxonomy":"category","embeddable":true,"href":"https:\/\/lavostrallar.com\/noticias\/wp-json\/wp\/v2\/categories?post=22126"},{"taxonomy":"post_tag","embeddable":true,"href":"https:\/\/lavostrallar.com\/noticias\/wp-json\/wp\/v2\/tags?post=22126"}],"curies":[{"name":"wp","href":"https:\/\/api.w.org\/{rel}","templated":true}]}}