	{"id":22333,"date":"2022-12-27T12:00:00","date_gmt":"2022-12-27T12:00:00","guid":{"rendered":"https:\/\/lavostrallar.com\/?p=22333"},"modified":"2023-01-18T08:52:02","modified_gmt":"2023-01-18T08:52:02","slug":"feliz-ano-nuevo","status":"publish","type":"post","link":"https:\/\/lavostrallar.com\/noticias\/feliz-ano-nuevo\/","title":{"rendered":"Feliz A\u00f1o Nuevo desde La Vostra Llar Clot"},"content":{"rendered":"\n<p>Con esta entrada, damos inicio a un nuevo a\u00f1o en el que nos esperan un mont\u00f3n de citas divertidas y entra\u00f1ables.<\/p>\n\n\n\n<p>Comienza enero y con \u00e9l 2023, un mes en el que a\u00fan queda magia en nuestros corazones y lo reflejamos celebrando una comida especial el d\u00eda 1, recibiendo a sus Majestades los Reyes Magos de Oriente y abriendo regalos que llevan nuestro nombre los d\u00edas 5 y 6, adem\u00e1s de disfrutar de una sesi\u00f3n de reminiscencia especial el d\u00eda de Reyes.<\/p>\n\n\n\n<p>Vuelve la celebraci\u00f3n de la Eucarist\u00eda a nuestro centro de la mano de la Parroquia del Clot. El d\u00eda 18 a las 12.00 de la ma\u00f1ana todos los residentes que as\u00ed lo deseen podr\u00e1n asistir a misa en nuestro centro.<\/p>\n\n\n\n<p>Adem\u00e1s, no faltar\u00e1 nuestro tradicional \u201cMen\u00fa del abuelo\u201d, en este caso lo disfrutaremos el segundo jueves del mes, concretamente el d\u00eda 12, para trasladarnos a esos momentos favoritos en los que nos reun\u00edamos y compart\u00edamos deliciosos platos que nuestros abuelos y abuelas recuerdan con gran cari\u00f1o. <\/p>\n\n\n\n<p>Proseguiremos con las actividades que nos hacen trabajar nuestro sistema cognitivo y motor, disfrutaremos de nuestros momentos de relajaci\u00f3n y tambi\u00e9n de din\u00e1micas de conversaci\u00f3n en los que nos dejaremos fluir, al igual que lo har\u00e1n nuestras emociones. El d\u00eda 3 a las 17 horas bailaremos, cantaremos y compartiremos con las familias una sesi\u00f3n de m\u00fasica y baile en el taller de musicoterapia.<\/p>\n\n\n\n<p>De la mano de los profesionales de ItCan, disfrutaremos de una de nuestras terapias favoritas, la intervenci\u00f3n asistida con perros, y de la mano de ARTransforma seguiremos disfrutando de las sesiones de \u00abM\u00fasica para el olvido\u00bb.<\/p>\n\n\n\n<p>Por otro lado, \u201cA\u00f1o Nuevo, prop\u00f3sitos nuevos\u00bb y, por eso, daremos comienzo a uno de los talleres que m\u00e1s ilusi\u00f3n nos hace, el de cuidado personal. Inauguraremos el taller de belleza y el de fomento de la autoestima. <\/p>\n\n\n\n<p>La celebraci\u00f3n de los cumplea\u00f1os tendr\u00e1 lugar el \u00faltimo martes del mes, junto con otras muchas actividades para pasarlo en grande juntos.<\/p>\n\n\n\n<p>Gracias a todos y feliz enero.<\/p>\n","protected":false},"excerpt":{"rendered":"<p>Con esta entrada, damos inicio a un nuevo a\u00f1o en el que nos esperan un mont\u00f3n de citas divertidas y entra\u00f1ables. Comienza enero y con \u00e9l 2023, un mes en el que a\u00fan queda magia en nuestros corazones y lo reflejamos celebrando una comida especial el d\u00eda 1, recibiendo a sus Majestades los Reyes Magos [&hellip;]<\/p>\n","protected":false},"author":15,"featured_media":22370,"comment_status":"closed","ping_status":"closed","sticky":false,"template":"","format":"standard","meta":{"content-type":"","footnotes":""},"categories":[47],"tags":[],"class_list":["post-22333","post","type-post","status-publish","format-standard","has-post-thumbnail","hentry","category-noticias-clot"],"yoast_head":"<!-- This site is optimized with the Yoast SEO plugin v26.0 - https:\/\/yoast.com\/wordpress\/plugins\/seo\/ -->\n<title>Feliz A\u00f1o Nuevo desde La Vostra Llar Clot - Noticias La Vostra Llar<\/title>\n<meta name=\"description\" content=\"\u00a1Y as\u00ed empezamos este nuevo a\u00f1o junto a nuestros residentes en La Vostra Llar Clot! \u00a1Siempre con alegr\u00eda y rodeados de cari\u00f1o!\" \/>\n<meta name=\"robots\" content=\"index, follow, max-snippet:-1, max-image-preview:large, max-video-preview:-1\" \/>\n<link rel=\"canonical\" href=\"https:\/\/lavostrallar.com\/noticias\/feliz-ano-nuevo\/\" \/>\n<meta property=\"og:locale\" content=\"es_ES\" \/>\n<meta property=\"og:type\" content=\"article\" \/>\n<meta property=\"og:title\" content=\"Feliz A\u00f1o Nuevo desde La Vostra Llar Clot - Noticias La Vostra Llar\" \/>\n<meta property=\"og:description\" content=\"\u00a1Y as\u00ed empezamos este nuevo a\u00f1o junto a nuestros residentes en La Vostra Llar Clot! \u00a1Siempre con alegr\u00eda y rodeados de cari\u00f1o!\" \/>\n<meta property=\"og:url\" content=\"https:\/\/lavostrallar.com\/noticias\/feliz-ano-nuevo\/\" \/>\n<meta property=\"og:site_name\" content=\"Noticias La Vostra Llar\" \/>\n<meta property=\"article:publisher\" content=\"https:\/\/www.facebook.com\/lavostra.llar\" \/>\n<meta property=\"article:published_time\" content=\"2022-12-27T12:00:00+00:00\" \/>\n<meta property=\"article:modified_time\" content=\"2023-01-18T08:52:02+00:00\" \/>\n<meta property=\"og:image\" content=\"https:\/\/lavostrallar.com\/noticias\/wp-content\/uploads\/2022\/12\/BRINDIS1-1.jpg\" \/>\n\t<meta property=\"og:image:width\" content=\"647\" \/>\n\t<meta property=\"og:image:height\" content=\"697\" \/>\n\t<meta property=\"og:image:type\" content=\"image\/jpeg\" \/>\n<meta name=\"author\" content=\"clot\" \/>\n<meta name=\"twitter:card\" content=\"summary_large_image\" \/>\n<meta name=\"twitter:creator\" content=\"@lavostrallar\" \/>\n<meta name=\"twitter:site\" content=\"@lavostrallar\" \/>\n<meta name=\"twitter:label1\" content=\"Escrito por\" \/>\n\t<meta name=\"twitter:data1\" content=\"clot\" \/>\n\t<meta name=\"twitter:label2\" content=\"Tiempo de lectura\" \/>\n\t<meta name=\"twitter:data2\" content=\"2 minutos\" \/>\n<script type=\"application\/ld+json\" class=\"yoast-schema-graph\">{\"@context\":\"https:\/\/schema.org\",\"@graph\":[{\"@type\":\"Article\",\"@id\":\"https:\/\/lavostrallar.com\/noticias\/feliz-ano-nuevo\/#article\",\"isPartOf\":{\"@id\":\"https:\/\/lavostrallar.com\/noticias\/feliz-ano-nuevo\/\"},\"author\":{\"name\":\"clot\",\"@id\":\"https:\/\/lavostrallar.com\/noticias\/#\/schema\/person\/2511dfae685f7be889a50167b3d88a38\"},\"headline\":\"Feliz A\u00f1o Nuevo desde La Vostra Llar Clot\",\"datePublished\":\"2022-12-27T12:00:00+00:00\",\"dateModified\":\"2023-01-18T08:52:02+00:00\",\"mainEntityOfPage\":{\"@id\":\"https:\/\/lavostrallar.com\/noticias\/feliz-ano-nuevo\/\"},\"wordCount\":368,\"publisher\":{\"@id\":\"https:\/\/lavostrallar.com\/noticias\/#organization\"},\"image\":{\"@id\":\"https:\/\/lavostrallar.com\/noticias\/feliz-ano-nuevo\/#primaryimage\"},\"thumbnailUrl\":\"https:\/\/lavostrallar.com\/noticias\/wp-content\/uploads\/2022\/12\/BRINDIS1-1.jpg\",\"articleSection\":[\"Noticias Clot\"],\"inLanguage\":\"es\"},{\"@type\":\"WebPage\",\"@id\":\"https:\/\/lavostrallar.com\/noticias\/feliz-ano-nuevo\/\",\"url\":\"https:\/\/lavostrallar.com\/noticias\/feliz-ano-nuevo\/\",\"name\":\"Feliz A\u00f1o Nuevo desde La Vostra Llar Clot - Noticias La Vostra Llar\",\"isPartOf\":{\"@id\":\"https:\/\/lavostrallar.com\/noticias\/#website\"},\"primaryImageOfPage\":{\"@id\":\"https:\/\/lavostrallar.com\/noticias\/feliz-ano-nuevo\/#primaryimage\"},\"image\":{\"@id\":\"https:\/\/lavostrallar.com\/noticias\/feliz-ano-nuevo\/#primaryimage\"},\"thumbnailUrl\":\"https:\/\/lavostrallar.com\/noticias\/wp-content\/uploads\/2022\/12\/BRINDIS1-1.jpg\",\"datePublished\":\"2022-12-27T12:00:00+00:00\",\"dateModified\":\"2023-01-18T08:52:02+00:00\",\"description\":\"\u00a1Y as\u00ed empezamos este nuevo a\u00f1o junto a nuestros residentes en La Vostra Llar Clot! \u00a1Siempre con alegr\u00eda y rodeados de cari\u00f1o!\",\"breadcrumb\":{\"@id\":\"https:\/\/lavostrallar.com\/noticias\/feliz-ano-nuevo\/#breadcrumb\"},\"inLanguage\":\"es\",\"potentialAction\":[{\"@type\":\"ReadAction\",\"target\":[\"https:\/\/lavostrallar.com\/noticias\/feliz-ano-nuevo\/\"]}]},{\"@type\":\"ImageObject\",\"inLanguage\":\"es\",\"@id\":\"https:\/\/lavostrallar.com\/noticias\/feliz-ano-nuevo\/#primaryimage\",\"url\":\"https:\/\/lavostrallar.com\/noticias\/wp-content\/uploads\/2022\/12\/BRINDIS1-1.jpg\",\"contentUrl\":\"https:\/\/lavostrallar.com\/noticias\/wp-content\/uploads\/2022\/12\/BRINDIS1-1.jpg\",\"width\":647,\"height\":697},{\"@type\":\"BreadcrumbList\",\"@id\":\"https:\/\/lavostrallar.com\/noticias\/feliz-ano-nuevo\/#breadcrumb\",\"itemListElement\":[{\"@type\":\"ListItem\",\"position\":1,\"name\":\"Portada\",\"item\":\"https:\/\/lavostrallar.com\/noticias\/\"},{\"@type\":\"ListItem\",\"position\":2,\"name\":\"Feliz A\u00f1o Nuevo desde La Vostra Llar Clot\"}]},{\"@type\":\"WebSite\",\"@id\":\"https:\/\/lavostrallar.com\/noticias\/#website\",\"url\":\"https:\/\/lavostrallar.com\/noticias\/\",\"name\":\"La Vostra Llar\",\"description\":\"La Vostra Llar gestiona resid\u00e8ncies geri\u00e0triques des de 1987 amb la missi\u00f3 d\u2019oferir assist\u00e8ncia personalitzada per estimular, acollir i atendre les persones grans amb qualsevol grau de depend\u00e8ncia.\",\"publisher\":{\"@id\":\"https:\/\/lavostrallar.com\/noticias\/#organization\"},\"potentialAction\":[{\"@type\":\"SearchAction\",\"target\":{\"@type\":\"EntryPoint\",\"urlTemplate\":\"https:\/\/lavostrallar.com\/noticias\/?s={search_term_string}\"},\"query-input\":{\"@type\":\"PropertyValueSpecification\",\"valueRequired\":true,\"valueName\":\"search_term_string\"}}],\"inLanguage\":\"es\"},{\"@type\":\"Organization\",\"@id\":\"https:\/\/lavostrallar.com\/noticias\/#organization\",\"name\":\"La Vostra Llar\",\"url\":\"https:\/\/lavostrallar.com\/noticias\/\",\"logo\":{\"@type\":\"ImageObject\",\"inLanguage\":\"es\",\"@id\":\"https:\/\/lavostrallar.com\/noticias\/#\/schema\/logo\/image\/\",\"url\":\"https:\/\/lavostrallar.com\/noticias\/wp-content\/uploads\/2021\/12\/logo_lavostrallar.png\",\"contentUrl\":\"https:\/\/lavostrallar.com\/noticias\/wp-content\/uploads\/2021\/12\/logo_lavostrallar.png\",\"width\":217,\"height\":109,\"caption\":\"La Vostra Llar\"},\"image\":{\"@id\":\"https:\/\/lavostrallar.com\/noticias\/#\/schema\/logo\/image\/\"},\"sameAs\":[\"https:\/\/www.facebook.com\/lavostra.llar\",\"https:\/\/x.com\/lavostrallar\",\"https:\/\/www.instagram.com\/lavostrallar\/\"]},{\"@type\":\"Person\",\"@id\":\"https:\/\/lavostrallar.com\/noticias\/#\/schema\/person\/2511dfae685f7be889a50167b3d88a38\",\"name\":\"clot\",\"image\":{\"@type\":\"ImageObject\",\"inLanguage\":\"es\",\"@id\":\"https:\/\/lavostrallar.com\/noticias\/#\/schema\/person\/image\/\",\"url\":\"https:\/\/secure.gravatar.com\/avatar\/3c1df0739940f5c4c6ddbf0cbaa0c04d540ea3f04119bc2b24c94557acb1067c?s=96&d=mm&r=g\",\"contentUrl\":\"https:\/\/secure.gravatar.com\/avatar\/3c1df0739940f5c4c6ddbf0cbaa0c04d540ea3f04119bc2b24c94557acb1067c?s=96&d=mm&r=g\",\"caption\":\"clot\"},\"url\":\"https:\/\/lavostrallar.com\/noticias\/author\/lavostrallar-clot\/\"}]}<\/script>\n<!-- \/ Yoast SEO plugin. -->","yoast_head_json":{"title":"Feliz A\u00f1o Nuevo desde La Vostra Llar Clot - Noticias La Vostra Llar","description":"\u00a1Y as\u00ed empezamos este nuevo a\u00f1o junto a nuestros residentes en La Vostra Llar Clot! \u00a1Siempre con alegr\u00eda y rodeados de cari\u00f1o!","robots":{"index":"index","follow":"follow","max-snippet":"max-snippet:-1","max-image-preview":"max-image-preview:large","max-video-preview":"max-video-preview:-1"},"canonical":"https:\/\/lavostrallar.com\/noticias\/feliz-ano-nuevo\/","og_locale":"es_ES","og_type":"article","og_title":"Feliz A\u00f1o Nuevo desde La Vostra Llar Clot - Noticias La Vostra Llar","og_description":"\u00a1Y as\u00ed empezamos este nuevo a\u00f1o junto a nuestros residentes en La Vostra Llar Clot! \u00a1Siempre con alegr\u00eda y rodeados de cari\u00f1o!","og_url":"https:\/\/lavostrallar.com\/noticias\/feliz-ano-nuevo\/","og_site_name":"Noticias La Vostra Llar","article_publisher":"https:\/\/www.facebook.com\/lavostra.llar","article_published_time":"2022-12-27T12:00:00+00:00","article_modified_time":"2023-01-18T08:52:02+00:00","og_image":[{"width":647,"height":697,"url":"https:\/\/lavostrallar.com\/noticias\/wp-content\/uploads\/2022\/12\/BRINDIS1-1.jpg","type":"image\/jpeg"}],"author":"clot","twitter_card":"summary_large_image","twitter_creator":"@lavostrallar","twitter_site":"@lavostrallar","twitter_misc":{"Escrito por":"clot","Tiempo de lectura":"2 minutos"},"schema":{"@context":"https:\/\/schema.org","@graph":[{"@type":"Article","@id":"https:\/\/lavostrallar.com\/noticias\/feliz-ano-nuevo\/#article","isPartOf":{"@id":"https:\/\/lavostrallar.com\/noticias\/feliz-ano-nuevo\/"},"author":{"name":"clot","@id":"https:\/\/lavostrallar.com\/noticias\/#\/schema\/person\/2511dfae685f7be889a50167b3d88a38"},"headline":"Feliz A\u00f1o Nuevo desde La Vostra Llar Clot","datePublished":"2022-12-27T12:00:00+00:00","dateModified":"2023-01-18T08:52:02+00:00","mainEntityOfPage":{"@id":"https:\/\/lavostrallar.com\/noticias\/feliz-ano-nuevo\/"},"wordCount":368,"publisher":{"@id":"https:\/\/lavostrallar.com\/noticias\/#organization"},"image":{"@id":"https:\/\/lavostrallar.com\/noticias\/feliz-ano-nuevo\/#primaryimage"},"thumbnailUrl":"https:\/\/lavostrallar.com\/noticias\/wp-content\/uploads\/2022\/12\/BRINDIS1-1.jpg","articleSection":["Noticias Clot"],"inLanguage":"es"},{"@type":"WebPage","@id":"https:\/\/lavostrallar.com\/noticias\/feliz-ano-nuevo\/","url":"https:\/\/lavostrallar.com\/noticias\/feliz-ano-nuevo\/","name":"Feliz A\u00f1o Nuevo desde La Vostra Llar Clot - Noticias La Vostra Llar","isPartOf":{"@id":"https:\/\/lavostrallar.com\/noticias\/#website"},"primaryImageOfPage":{"@id":"https:\/\/lavostrallar.com\/noticias\/feliz-ano-nuevo\/#primaryimage"},"image":{"@id":"https:\/\/lavostrallar.com\/noticias\/feliz-ano-nuevo\/#primaryimage"},"thumbnailUrl":"https:\/\/lavostrallar.com\/noticias\/wp-content\/uploads\/2022\/12\/BRINDIS1-1.jpg","datePublished":"2022-12-27T12:00:00+00:00","dateModified":"2023-01-18T08:52:02+00:00","description":"\u00a1Y as\u00ed empezamos este nuevo a\u00f1o junto a nuestros residentes en La Vostra Llar Clot! \u00a1Siempre con alegr\u00eda y rodeados de cari\u00f1o!","breadcrumb":{"@id":"https:\/\/lavostrallar.com\/noticias\/feliz-ano-nuevo\/#breadcrumb"},"inLanguage":"es","potentialAction":[{"@type":"ReadAction","target":["https:\/\/lavostrallar.com\/noticias\/feliz-ano-nuevo\/"]}]},{"@type":"ImageObject","inLanguage":"es","@id":"https:\/\/lavostrallar.com\/noticias\/feliz-ano-nuevo\/#primaryimage","url":"https:\/\/lavostrallar.com\/noticias\/wp-content\/uploads\/2022\/12\/BRINDIS1-1.jpg","contentUrl":"https:\/\/lavostrallar.com\/noticias\/wp-content\/uploads\/2022\/12\/BRINDIS1-1.jpg","width":647,"height":697},{"@type":"BreadcrumbList","@id":"https:\/\/lavostrallar.com\/noticias\/feliz-ano-nuevo\/#breadcrumb","itemListElement":[{"@type":"ListItem","position":1,"name":"Portada","item":"https:\/\/lavostrallar.com\/noticias\/"},{"@type":"ListItem","position":2,"name":"Feliz A\u00f1o Nuevo desde La Vostra Llar Clot"}]},{"@type":"WebSite","@id":"https:\/\/lavostrallar.com\/noticias\/#website","url":"https:\/\/lavostrallar.com\/noticias\/","name":"La Vostra Llar","description":"La Vostra Llar gestiona resid\u00e8ncies geri\u00e0triques des de 1987 amb la missi\u00f3 d\u2019oferir assist\u00e8ncia personalitzada per estimular, acollir i atendre les persones grans amb qualsevol grau de depend\u00e8ncia.","publisher":{"@id":"https:\/\/lavostrallar.com\/noticias\/#organization"},"potentialAction":[{"@type":"SearchAction","target":{"@type":"EntryPoint","urlTemplate":"https:\/\/lavostrallar.com\/noticias\/?s={search_term_string}"},"query-input":{"@type":"PropertyValueSpecification","valueRequired":true,"valueName":"search_term_string"}}],"inLanguage":"es"},{"@type":"Organization","@id":"https:\/\/lavostrallar.com\/noticias\/#organization","name":"La Vostra Llar","url":"https:\/\/lavostrallar.com\/noticias\/","logo":{"@type":"ImageObject","inLanguage":"es","@id":"https:\/\/lavostrallar.com\/noticias\/#\/schema\/logo\/image\/","url":"https:\/\/lavostrallar.com\/noticias\/wp-content\/uploads\/2021\/12\/logo_lavostrallar.png","contentUrl":"https:\/\/lavostrallar.com\/noticias\/wp-content\/uploads\/2021\/12\/logo_lavostrallar.png","width":217,"height":109,"caption":"La Vostra Llar"},"image":{"@id":"https:\/\/lavostrallar.com\/noticias\/#\/schema\/logo\/image\/"},"sameAs":["https:\/\/www.facebook.com\/lavostra.llar","https:\/\/x.com\/lavostrallar","https:\/\/www.instagram.com\/lavostrallar\/"]},{"@type":"Person","@id":"https:\/\/lavostrallar.com\/noticias\/#\/schema\/person\/2511dfae685f7be889a50167b3d88a38","name":"clot","image":{"@type":"ImageObject","inLanguage":"es","@id":"https:\/\/lavostrallar.com\/noticias\/#\/schema\/person\/image\/","url":"https:\/\/secure.gravatar.com\/avatar\/3c1df0739940f5c4c6ddbf0cbaa0c04d540ea3f04119bc2b24c94557acb1067c?s=96&d=mm&r=g","contentUrl":"https:\/\/secure.gravatar.com\/avatar\/3c1df0739940f5c4c6ddbf0cbaa0c04d540ea3f04119bc2b24c94557acb1067c?s=96&d=mm&r=g","caption":"clot"},"url":"https:\/\/lavostrallar.com\/noticias\/author\/lavostrallar-clot\/"}]}},"_links":{"self":[{"href":"https:\/\/lavostrallar.com\/noticias\/wp-json\/wp\/v2\/posts\/22333","targetHints":{"allow":["GET"]}}],"collection":[{"href":"https:\/\/lavostrallar.com\/noticias\/wp-json\/wp\/v2\/posts"}],"about":[{"href":"https:\/\/lavostrallar.com\/noticias\/wp-json\/wp\/v2\/types\/post"}],"author":[{"embeddable":true,"href":"https:\/\/lavostrallar.com\/noticias\/wp-json\/wp\/v2\/users\/15"}],"replies":[{"embeddable":true,"href":"https:\/\/lavostrallar.com\/noticias\/wp-json\/wp\/v2\/comments?post=22333"}],"version-history":[{"count":2,"href":"https:\/\/lavostrallar.com\/noticias\/wp-json\/wp\/v2\/posts\/22333\/revisions"}],"predecessor-version":[{"id":22368,"href":"https:\/\/lavostrallar.com\/noticias\/wp-json\/wp\/v2\/posts\/22333\/revisions\/22368"}],"wp:featuredmedia":[{"embeddable":true,"href":"https:\/\/lavostrallar.com\/noticias\/wp-json\/wp\/v2\/media\/22370"}],"wp:attachment":[{"href":"https:\/\/lavostrallar.com\/noticias\/wp-json\/wp\/v2\/media?parent=22333"}],"wp:term":[{"taxonomy":"category","embeddable":true,"href":"https:\/\/lavostrallar.com\/noticias\/wp-json\/wp\/v2\/categories?post=22333"},{"taxonomy":"post_tag","embeddable":true,"href":"https:\/\/lavostrallar.com\/noticias\/wp-json\/wp\/v2\/tags?post=22333"}],"curies":[{"name":"wp","href":"https:\/\/api.w.org\/{rel}","templated":true}]}}