	{"id":22943,"date":"2023-01-30T15:36:53","date_gmt":"2023-01-30T15:36:53","guid":{"rendered":"https:\/\/lavostrallar.com\/?p=22943"},"modified":"2025-07-08T18:18:10","modified_gmt":"2025-07-08T16:18:10","slug":"carnaval-en-el-mes-de-febrero-en-la-vostra-llar-mataro","status":"publish","type":"post","link":"https:\/\/lavostrallar.com\/noticias\/carnaval-en-el-mes-de-febrero-en-la-vostra-llar-mataro\/","title":{"rendered":"Carnaval en febrero en La Vostra Llar Matar\u00f3"},"content":{"rendered":"\n<p>Este mes de febrero est\u00e1 cargado de sorpresas y de ilusi\u00f3n, llega el Carnaval a nuestra residencia y centro de d\u00eda La Vostra Llar Matar\u00f3.<\/p>\n\n\n\n<p>Por un lado, tendremos diferentes talleres ambientados en la fiesta del Carnaval, donde dejaremos volar nuestra imaginaci\u00f3n al son del comp\u00e1s de la m\u00fasica carnavalesca. Utilizaremos diferentes t\u00e9cnicas, como acuarela, pintura al \u00f3leo, pintura con temperas o aerograf\u00eda, entre otras t\u00e9cnicas que se llevar\u00e1n a cabo para disfrutar de este mes tan pintoresco, con colores vivos y esplendorosos dando un toque de creatividad a diferentes m\u00e1scaras venecianas.<\/p>\n\n\n\n<p>Estamos listos y preparados para nuestro taller de confecci\u00f3n de telas. Este a\u00f1o nuestros residentes han escogido el mejor disfraz para representar uno de los bailes m\u00e1s importantes de nuestra querida Catalu\u00f1a, las sardanas. Nuestros residentes, junto con los profesionales del centro, nos disfrazaremos con los trajes t\u00edpicos del baile de la sardana y, sin duda, disfrutaremos con diferentes bailes donde nos dejaremos llevar al ritmo de la m\u00fasica y al comp\u00e1s de la \u201cgralla\u201d.<\/p>\n\n\n\n<p>Por otro lado, como cada jueves de mes, no podemos olvidarnos del \u201cMen\u00fa de l\u2019avi\u201d con el que disfrutaremos de pulpo a la gallega (pulpo, aceite, patata y piment\u00f3n), de segundo plato tendremos osobuco a la naranja con vino blanco, crema de leche y cebolla y, por \u00faltimo, uno de los postres que m\u00e1s gustan a nuestros residentes, \u00abpijama\u00bb (flan, nata, pi\u00f1a y melocot\u00f3n).<\/p>\n\n\n\n<p>Tambi\u00e9n llevaremos a cabo diferentes actividades y talleres en los que participan profesionales externos, como Bici Sense Edat, programa en el que nuestros mayores pasean en triciclos el\u00e9ctricos acompa\u00f1ados de voluntarios, terapia asistida con perros, paseos terap\u00e9uticos por nuestra querida ciudad Matar\u00f3 y \u201cM\u00fasica i dansa per l\u2019oblit\u201d donde nuestros mayores se dejan llevar por la m\u00fasica y la danza al son de ritmos espont\u00e1neos y ligeros.<\/p>\n\n\n\n<p>Cabe destacar que nuestros t\u00e9cnicos realizar\u00e1n diferentes actividades, como Arteterapia, estimulaci\u00f3n cognitiva y psicomotricidad.<\/p>\n\n\n\n<p>\u00a1Ah! y no debemos olvidar que a nuestros residentes les encanta celebrar sus cumplea\u00f1os, es por eso que el ultimo jueves de mes celebraremos una fiesta por todo lo alto. Comeremos tarta, cantaremos, bailaremos y repartiremos regalos a cada cumplea\u00f1ero y cumplea\u00f1era.<\/p>\n\n\n\n<p>Por \u00faltimo, pero no menos importante, potenciaremos las sesiones de fisioterapia, que nos permitir\u00e1n trabajar la coordinaci\u00f3n de todo nuestro cuerpo y facilitar\u00e1n el movimiento de extremidades y articulaciones.<\/p>\n\n\n\n<p>\u00a1Manos a la obra familia!<\/p>\n","protected":false},"excerpt":{"rendered":"<p>Este mes de febrero est\u00e1 cargado de sorpresas y de ilusi\u00f3n, llega el Carnaval a nuestra residencia y centro de d\u00eda La Vostra Llar Matar\u00f3. Por un lado, tendremos diferentes talleres ambientados en la fiesta del Carnaval, donde dejaremos volar nuestra imaginaci\u00f3n al son del comp\u00e1s de la m\u00fasica carnavalesca. Utilizaremos diferentes t\u00e9cnicas, como acuarela, [&hellip;]<\/p>\n","protected":false},"author":8,"featured_media":22944,"comment_status":"closed","ping_status":"closed","sticky":false,"template":"","format":"standard","meta":{"content-type":"","footnotes":""},"categories":[15],"tags":[],"class_list":["post-22943","post","type-post","status-publish","format-standard","has-post-thumbnail","hentry","category-noticias-mataro"],"yoast_head":"<!-- This site is optimized with the Yoast SEO plugin v26.0 - https:\/\/yoast.com\/wordpress\/plugins\/seo\/ -->\n<title>Carnaval en febrero en La Vostra Llar Matar\u00f3 - Noticias La Vostra Llar<\/title>\n<meta name=\"description\" content=\"Colores, disfraces y mucha alegr\u00eda en el Carnaval de febrero en La Vostra Llar Matar\u00f3. Una jornada llena de risas y momentos inolvidables.\" \/>\n<meta name=\"robots\" content=\"index, follow, max-snippet:-1, max-image-preview:large, max-video-preview:-1\" \/>\n<link rel=\"canonical\" href=\"https:\/\/lavostrallar.com\/noticias\/carnaval-en-el-mes-de-febrero-en-la-vostra-llar-mataro\/\" \/>\n<meta property=\"og:locale\" content=\"es_ES\" \/>\n<meta property=\"og:type\" content=\"article\" \/>\n<meta property=\"og:title\" content=\"Carnaval en febrero en La Vostra Llar Matar\u00f3 - Noticias La Vostra Llar\" \/>\n<meta property=\"og:description\" content=\"Colores, disfraces y mucha alegr\u00eda en el Carnaval de febrero en La Vostra Llar Matar\u00f3. Una jornada llena de risas y momentos inolvidables.\" \/>\n<meta property=\"og:url\" content=\"https:\/\/lavostrallar.com\/noticias\/carnaval-en-el-mes-de-febrero-en-la-vostra-llar-mataro\/\" \/>\n<meta property=\"og:site_name\" content=\"Noticias La Vostra Llar\" \/>\n<meta property=\"article:publisher\" content=\"https:\/\/www.facebook.com\/lavostra.llar\" \/>\n<meta property=\"article:published_time\" content=\"2023-01-30T15:36:53+00:00\" \/>\n<meta property=\"article:modified_time\" content=\"2025-07-08T16:18:10+00:00\" \/>\n<meta property=\"og:image\" content=\"https:\/\/lavostrallar.com\/noticias\/wp-content\/uploads\/2023\/01\/1675088239717-scaled.jpg\" \/>\n\t<meta property=\"og:image:width\" content=\"2560\" \/>\n\t<meta property=\"og:image:height\" content=\"1920\" \/>\n\t<meta property=\"og:image:type\" content=\"image\/jpeg\" \/>\n<meta name=\"author\" content=\"lavostrallar Mataro\" \/>\n<meta name=\"twitter:card\" content=\"summary_large_image\" \/>\n<meta name=\"twitter:creator\" content=\"@lavostrallar\" \/>\n<meta name=\"twitter:site\" content=\"@lavostrallar\" \/>\n<meta name=\"twitter:label1\" content=\"Escrito por\" \/>\n\t<meta name=\"twitter:data1\" content=\"lavostrallar Mataro\" \/>\n\t<meta name=\"twitter:label2\" content=\"Tiempo de lectura\" \/>\n\t<meta name=\"twitter:data2\" content=\"2 minutos\" \/>\n<script type=\"application\/ld+json\" class=\"yoast-schema-graph\">{\"@context\":\"https:\/\/schema.org\",\"@graph\":[{\"@type\":\"Article\",\"@id\":\"https:\/\/lavostrallar.com\/noticias\/carnaval-en-el-mes-de-febrero-en-la-vostra-llar-mataro\/#article\",\"isPartOf\":{\"@id\":\"https:\/\/lavostrallar.com\/noticias\/carnaval-en-el-mes-de-febrero-en-la-vostra-llar-mataro\/\"},\"author\":{\"name\":\"lavostrallar Mataro\",\"@id\":\"https:\/\/lavostrallar.com\/noticias\/#\/schema\/person\/4ab7cb0641227566101b1ac3e28df1af\"},\"headline\":\"Carnaval en febrero en La Vostra Llar Matar\u00f3\",\"datePublished\":\"2023-01-30T15:36:53+00:00\",\"dateModified\":\"2025-07-08T16:18:10+00:00\",\"mainEntityOfPage\":{\"@id\":\"https:\/\/lavostrallar.com\/noticias\/carnaval-en-el-mes-de-febrero-en-la-vostra-llar-mataro\/\"},\"wordCount\":435,\"publisher\":{\"@id\":\"https:\/\/lavostrallar.com\/noticias\/#organization\"},\"image\":{\"@id\":\"https:\/\/lavostrallar.com\/noticias\/carnaval-en-el-mes-de-febrero-en-la-vostra-llar-mataro\/#primaryimage\"},\"thumbnailUrl\":\"https:\/\/lavostrallar.com\/noticias\/wp-content\/uploads\/2023\/01\/1675088239717-scaled.jpg\",\"articleSection\":[\"Noticias Matar\u00f3\"],\"inLanguage\":\"es\"},{\"@type\":\"WebPage\",\"@id\":\"https:\/\/lavostrallar.com\/noticias\/carnaval-en-el-mes-de-febrero-en-la-vostra-llar-mataro\/\",\"url\":\"https:\/\/lavostrallar.com\/noticias\/carnaval-en-el-mes-de-febrero-en-la-vostra-llar-mataro\/\",\"name\":\"Carnaval en febrero en La Vostra Llar Matar\u00f3 - Noticias La Vostra Llar\",\"isPartOf\":{\"@id\":\"https:\/\/lavostrallar.com\/noticias\/#website\"},\"primaryImageOfPage\":{\"@id\":\"https:\/\/lavostrallar.com\/noticias\/carnaval-en-el-mes-de-febrero-en-la-vostra-llar-mataro\/#primaryimage\"},\"image\":{\"@id\":\"https:\/\/lavostrallar.com\/noticias\/carnaval-en-el-mes-de-febrero-en-la-vostra-llar-mataro\/#primaryimage\"},\"thumbnailUrl\":\"https:\/\/lavostrallar.com\/noticias\/wp-content\/uploads\/2023\/01\/1675088239717-scaled.jpg\",\"datePublished\":\"2023-01-30T15:36:53+00:00\",\"dateModified\":\"2025-07-08T16:18:10+00:00\",\"description\":\"Colores, disfraces y mucha alegr\u00eda en el Carnaval de febrero en La Vostra Llar Matar\u00f3. Una jornada llena de risas y momentos inolvidables.\",\"breadcrumb\":{\"@id\":\"https:\/\/lavostrallar.com\/noticias\/carnaval-en-el-mes-de-febrero-en-la-vostra-llar-mataro\/#breadcrumb\"},\"inLanguage\":\"es\",\"potentialAction\":[{\"@type\":\"ReadAction\",\"target\":[\"https:\/\/lavostrallar.com\/noticias\/carnaval-en-el-mes-de-febrero-en-la-vostra-llar-mataro\/\"]}]},{\"@type\":\"ImageObject\",\"inLanguage\":\"es\",\"@id\":\"https:\/\/lavostrallar.com\/noticias\/carnaval-en-el-mes-de-febrero-en-la-vostra-llar-mataro\/#primaryimage\",\"url\":\"https:\/\/lavostrallar.com\/noticias\/wp-content\/uploads\/2023\/01\/1675088239717-scaled.jpg\",\"contentUrl\":\"https:\/\/lavostrallar.com\/noticias\/wp-content\/uploads\/2023\/01\/1675088239717-scaled.jpg\",\"width\":2560,\"height\":1920},{\"@type\":\"BreadcrumbList\",\"@id\":\"https:\/\/lavostrallar.com\/noticias\/carnaval-en-el-mes-de-febrero-en-la-vostra-llar-mataro\/#breadcrumb\",\"itemListElement\":[{\"@type\":\"ListItem\",\"position\":1,\"name\":\"Portada\",\"item\":\"https:\/\/lavostrallar.com\/noticias\/\"},{\"@type\":\"ListItem\",\"position\":2,\"name\":\"Carnaval en febrero en La Vostra Llar Matar\u00f3\"}]},{\"@type\":\"WebSite\",\"@id\":\"https:\/\/lavostrallar.com\/noticias\/#website\",\"url\":\"https:\/\/lavostrallar.com\/noticias\/\",\"name\":\"La Vostra Llar\",\"description\":\"La Vostra Llar gestiona resid\u00e8ncies geri\u00e0triques des de 1987 amb la missi\u00f3 d\u2019oferir assist\u00e8ncia personalitzada per estimular, acollir i atendre les persones grans amb qualsevol grau de depend\u00e8ncia.\",\"publisher\":{\"@id\":\"https:\/\/lavostrallar.com\/noticias\/#organization\"},\"potentialAction\":[{\"@type\":\"SearchAction\",\"target\":{\"@type\":\"EntryPoint\",\"urlTemplate\":\"https:\/\/lavostrallar.com\/noticias\/?s={search_term_string}\"},\"query-input\":{\"@type\":\"PropertyValueSpecification\",\"valueRequired\":true,\"valueName\":\"search_term_string\"}}],\"inLanguage\":\"es\"},{\"@type\":\"Organization\",\"@id\":\"https:\/\/lavostrallar.com\/noticias\/#organization\",\"name\":\"La Vostra Llar\",\"url\":\"https:\/\/lavostrallar.com\/noticias\/\",\"logo\":{\"@type\":\"ImageObject\",\"inLanguage\":\"es\",\"@id\":\"https:\/\/lavostrallar.com\/noticias\/#\/schema\/logo\/image\/\",\"url\":\"https:\/\/lavostrallar.com\/noticias\/wp-content\/uploads\/2021\/12\/logo_lavostrallar.png\",\"contentUrl\":\"https:\/\/lavostrallar.com\/noticias\/wp-content\/uploads\/2021\/12\/logo_lavostrallar.png\",\"width\":217,\"height\":109,\"caption\":\"La Vostra Llar\"},\"image\":{\"@id\":\"https:\/\/lavostrallar.com\/noticias\/#\/schema\/logo\/image\/\"},\"sameAs\":[\"https:\/\/www.facebook.com\/lavostra.llar\",\"https:\/\/x.com\/lavostrallar\",\"https:\/\/www.instagram.com\/lavostrallar\/\"]},{\"@type\":\"Person\",\"@id\":\"https:\/\/lavostrallar.com\/noticias\/#\/schema\/person\/4ab7cb0641227566101b1ac3e28df1af\",\"name\":\"lavostrallar Mataro\",\"image\":{\"@type\":\"ImageObject\",\"inLanguage\":\"es\",\"@id\":\"https:\/\/lavostrallar.com\/noticias\/#\/schema\/person\/image\/\",\"url\":\"https:\/\/secure.gravatar.com\/avatar\/86b4b894bca4159b4f9ef4a079a80034614117522c4cdc3e3c2fd02df3ff8d18?s=96&d=mm&r=g\",\"contentUrl\":\"https:\/\/secure.gravatar.com\/avatar\/86b4b894bca4159b4f9ef4a079a80034614117522c4cdc3e3c2fd02df3ff8d18?s=96&d=mm&r=g\",\"caption\":\"lavostrallar Mataro\"},\"sameAs\":[\"lavostrallar\"],\"url\":\"https:\/\/lavostrallar.com\/noticias\/author\/lavostrallar-mataro\/\"}]}<\/script>\n<!-- \/ Yoast SEO plugin. -->","yoast_head_json":{"title":"Carnaval en febrero en La Vostra Llar Matar\u00f3 - Noticias La Vostra Llar","description":"Colores, disfraces y mucha alegr\u00eda en el Carnaval de febrero en La Vostra Llar Matar\u00f3. Una jornada llena de risas y momentos inolvidables.","robots":{"index":"index","follow":"follow","max-snippet":"max-snippet:-1","max-image-preview":"max-image-preview:large","max-video-preview":"max-video-preview:-1"},"canonical":"https:\/\/lavostrallar.com\/noticias\/carnaval-en-el-mes-de-febrero-en-la-vostra-llar-mataro\/","og_locale":"es_ES","og_type":"article","og_title":"Carnaval en febrero en La Vostra Llar Matar\u00f3 - Noticias La Vostra Llar","og_description":"Colores, disfraces y mucha alegr\u00eda en el Carnaval de febrero en La Vostra Llar Matar\u00f3. Una jornada llena de risas y momentos inolvidables.","og_url":"https:\/\/lavostrallar.com\/noticias\/carnaval-en-el-mes-de-febrero-en-la-vostra-llar-mataro\/","og_site_name":"Noticias La Vostra Llar","article_publisher":"https:\/\/www.facebook.com\/lavostra.llar","article_published_time":"2023-01-30T15:36:53+00:00","article_modified_time":"2025-07-08T16:18:10+00:00","og_image":[{"width":2560,"height":1920,"url":"https:\/\/lavostrallar.com\/noticias\/wp-content\/uploads\/2023\/01\/1675088239717-scaled.jpg","type":"image\/jpeg"}],"author":"lavostrallar Mataro","twitter_card":"summary_large_image","twitter_creator":"@lavostrallar","twitter_site":"@lavostrallar","twitter_misc":{"Escrito por":"lavostrallar Mataro","Tiempo de lectura":"2 minutos"},"schema":{"@context":"https:\/\/schema.org","@graph":[{"@type":"Article","@id":"https:\/\/lavostrallar.com\/noticias\/carnaval-en-el-mes-de-febrero-en-la-vostra-llar-mataro\/#article","isPartOf":{"@id":"https:\/\/lavostrallar.com\/noticias\/carnaval-en-el-mes-de-febrero-en-la-vostra-llar-mataro\/"},"author":{"name":"lavostrallar Mataro","@id":"https:\/\/lavostrallar.com\/noticias\/#\/schema\/person\/4ab7cb0641227566101b1ac3e28df1af"},"headline":"Carnaval en febrero en La Vostra Llar Matar\u00f3","datePublished":"2023-01-30T15:36:53+00:00","dateModified":"2025-07-08T16:18:10+00:00","mainEntityOfPage":{"@id":"https:\/\/lavostrallar.com\/noticias\/carnaval-en-el-mes-de-febrero-en-la-vostra-llar-mataro\/"},"wordCount":435,"publisher":{"@id":"https:\/\/lavostrallar.com\/noticias\/#organization"},"image":{"@id":"https:\/\/lavostrallar.com\/noticias\/carnaval-en-el-mes-de-febrero-en-la-vostra-llar-mataro\/#primaryimage"},"thumbnailUrl":"https:\/\/lavostrallar.com\/noticias\/wp-content\/uploads\/2023\/01\/1675088239717-scaled.jpg","articleSection":["Noticias Matar\u00f3"],"inLanguage":"es"},{"@type":"WebPage","@id":"https:\/\/lavostrallar.com\/noticias\/carnaval-en-el-mes-de-febrero-en-la-vostra-llar-mataro\/","url":"https:\/\/lavostrallar.com\/noticias\/carnaval-en-el-mes-de-febrero-en-la-vostra-llar-mataro\/","name":"Carnaval en febrero en La Vostra Llar Matar\u00f3 - Noticias La Vostra Llar","isPartOf":{"@id":"https:\/\/lavostrallar.com\/noticias\/#website"},"primaryImageOfPage":{"@id":"https:\/\/lavostrallar.com\/noticias\/carnaval-en-el-mes-de-febrero-en-la-vostra-llar-mataro\/#primaryimage"},"image":{"@id":"https:\/\/lavostrallar.com\/noticias\/carnaval-en-el-mes-de-febrero-en-la-vostra-llar-mataro\/#primaryimage"},"thumbnailUrl":"https:\/\/lavostrallar.com\/noticias\/wp-content\/uploads\/2023\/01\/1675088239717-scaled.jpg","datePublished":"2023-01-30T15:36:53+00:00","dateModified":"2025-07-08T16:18:10+00:00","description":"Colores, disfraces y mucha alegr\u00eda en el Carnaval de febrero en La Vostra Llar Matar\u00f3. Una jornada llena de risas y momentos inolvidables.","breadcrumb":{"@id":"https:\/\/lavostrallar.com\/noticias\/carnaval-en-el-mes-de-febrero-en-la-vostra-llar-mataro\/#breadcrumb"},"inLanguage":"es","potentialAction":[{"@type":"ReadAction","target":["https:\/\/lavostrallar.com\/noticias\/carnaval-en-el-mes-de-febrero-en-la-vostra-llar-mataro\/"]}]},{"@type":"ImageObject","inLanguage":"es","@id":"https:\/\/lavostrallar.com\/noticias\/carnaval-en-el-mes-de-febrero-en-la-vostra-llar-mataro\/#primaryimage","url":"https:\/\/lavostrallar.com\/noticias\/wp-content\/uploads\/2023\/01\/1675088239717-scaled.jpg","contentUrl":"https:\/\/lavostrallar.com\/noticias\/wp-content\/uploads\/2023\/01\/1675088239717-scaled.jpg","width":2560,"height":1920},{"@type":"BreadcrumbList","@id":"https:\/\/lavostrallar.com\/noticias\/carnaval-en-el-mes-de-febrero-en-la-vostra-llar-mataro\/#breadcrumb","itemListElement":[{"@type":"ListItem","position":1,"name":"Portada","item":"https:\/\/lavostrallar.com\/noticias\/"},{"@type":"ListItem","position":2,"name":"Carnaval en febrero en La Vostra Llar Matar\u00f3"}]},{"@type":"WebSite","@id":"https:\/\/lavostrallar.com\/noticias\/#website","url":"https:\/\/lavostrallar.com\/noticias\/","name":"La Vostra Llar","description":"La Vostra Llar gestiona resid\u00e8ncies geri\u00e0triques des de 1987 amb la missi\u00f3 d\u2019oferir assist\u00e8ncia personalitzada per estimular, acollir i atendre les persones grans amb qualsevol grau de depend\u00e8ncia.","publisher":{"@id":"https:\/\/lavostrallar.com\/noticias\/#organization"},"potentialAction":[{"@type":"SearchAction","target":{"@type":"EntryPoint","urlTemplate":"https:\/\/lavostrallar.com\/noticias\/?s={search_term_string}"},"query-input":{"@type":"PropertyValueSpecification","valueRequired":true,"valueName":"search_term_string"}}],"inLanguage":"es"},{"@type":"Organization","@id":"https:\/\/lavostrallar.com\/noticias\/#organization","name":"La Vostra Llar","url":"https:\/\/lavostrallar.com\/noticias\/","logo":{"@type":"ImageObject","inLanguage":"es","@id":"https:\/\/lavostrallar.com\/noticias\/#\/schema\/logo\/image\/","url":"https:\/\/lavostrallar.com\/noticias\/wp-content\/uploads\/2021\/12\/logo_lavostrallar.png","contentUrl":"https:\/\/lavostrallar.com\/noticias\/wp-content\/uploads\/2021\/12\/logo_lavostrallar.png","width":217,"height":109,"caption":"La Vostra Llar"},"image":{"@id":"https:\/\/lavostrallar.com\/noticias\/#\/schema\/logo\/image\/"},"sameAs":["https:\/\/www.facebook.com\/lavostra.llar","https:\/\/x.com\/lavostrallar","https:\/\/www.instagram.com\/lavostrallar\/"]},{"@type":"Person","@id":"https:\/\/lavostrallar.com\/noticias\/#\/schema\/person\/4ab7cb0641227566101b1ac3e28df1af","name":"lavostrallar Mataro","image":{"@type":"ImageObject","inLanguage":"es","@id":"https:\/\/lavostrallar.com\/noticias\/#\/schema\/person\/image\/","url":"https:\/\/secure.gravatar.com\/avatar\/86b4b894bca4159b4f9ef4a079a80034614117522c4cdc3e3c2fd02df3ff8d18?s=96&d=mm&r=g","contentUrl":"https:\/\/secure.gravatar.com\/avatar\/86b4b894bca4159b4f9ef4a079a80034614117522c4cdc3e3c2fd02df3ff8d18?s=96&d=mm&r=g","caption":"lavostrallar Mataro"},"sameAs":["lavostrallar"],"url":"https:\/\/lavostrallar.com\/noticias\/author\/lavostrallar-mataro\/"}]}},"_links":{"self":[{"href":"https:\/\/lavostrallar.com\/noticias\/wp-json\/wp\/v2\/posts\/22943","targetHints":{"allow":["GET"]}}],"collection":[{"href":"https:\/\/lavostrallar.com\/noticias\/wp-json\/wp\/v2\/posts"}],"about":[{"href":"https:\/\/lavostrallar.com\/noticias\/wp-json\/wp\/v2\/types\/post"}],"author":[{"embeddable":true,"href":"https:\/\/lavostrallar.com\/noticias\/wp-json\/wp\/v2\/users\/8"}],"replies":[{"embeddable":true,"href":"https:\/\/lavostrallar.com\/noticias\/wp-json\/wp\/v2\/comments?post=22943"}],"version-history":[{"count":2,"href":"https:\/\/lavostrallar.com\/noticias\/wp-json\/wp\/v2\/posts\/22943\/revisions"}],"predecessor-version":[{"id":22963,"href":"https:\/\/lavostrallar.com\/noticias\/wp-json\/wp\/v2\/posts\/22943\/revisions\/22963"}],"wp:featuredmedia":[{"embeddable":true,"href":"https:\/\/lavostrallar.com\/noticias\/wp-json\/wp\/v2\/media\/22944"}],"wp:attachment":[{"href":"https:\/\/lavostrallar.com\/noticias\/wp-json\/wp\/v2\/media?parent=22943"}],"wp:term":[{"taxonomy":"category","embeddable":true,"href":"https:\/\/lavostrallar.com\/noticias\/wp-json\/wp\/v2\/categories?post=22943"},{"taxonomy":"post_tag","embeddable":true,"href":"https:\/\/lavostrallar.com\/noticias\/wp-json\/wp\/v2\/tags?post=22943"}],"curies":[{"name":"wp","href":"https:\/\/api.w.org\/{rel}","templated":true}]}}